{"id":4410,"date":"2025-03-14T11:22:36","date_gmt":"2025-03-14T10:22:36","guid":{"rendered":"https:\/\/monde25.info\/index.php\/2025\/03\/14\/reveille-toi-roumanie-george-simion-et-ana-maria-gavrila-en-quete-dun-reveil-electoral-enfant-de-la-societe-sott-net\/"},"modified":"2025-03-14T11:22:36","modified_gmt":"2025-03-14T10:22:36","slug":"reveille-toi-roumanie-george-simion-et-ana-maria-gavrila-en-quete-dun-reveil-electoral-enfant-de-la-societe-sott-net","status":"publish","type":"post","link":"https:\/\/monde25.info\/index.php\/2025\/03\/14\/reveille-toi-roumanie-george-simion-et-ana-maria-gavrila-en-quete-dun-reveil-electoral-enfant-de-la-societe-sott-net\/","title":{"rendered":"R\u00e9veille-toi, Roumanie ! George Simion et Ana Maria Gavril\u0103 en qu\u00eate d&rsquo;un r\u00e9veil \u00e9lectoral \u2014 Enfant de la Soci\u00e9t\u00e9 \u2014 Sott.net"},"content":{"rendered":"<p> <br \/>\n<\/p>\n<div>\n      Depuis l&rsquo;annulation controvers\u00e9e des \u00e9lections pr\u00e9sidentielles roumaines de d\u00e9cembre 2024, la Roumanie traverse une crise d\u00e9mocratique majeure.<br \/>\n<\/p>\n<div class=\"article-image-large to-center\"><a target=\"_blank\" href=\"https:\/\/fr.sott.net\/image\/s36\/724663\/full\/IMAGE_ARTICLE_78_.jpg\" target=\"_blank\" title=\"\u00a9 France-Soir\"><img decoding=\"async\" src=\"https:\/\/fr.sott.net\/image\/s36\/724663\/large\/IMAGE_ARTICLE_78_.jpg\" alt=\"Roumanie \u00e9lections\" title=\"Cliquer pour agrandir\"\/><\/a><\/p>\n<p><span class=\"tiny\">\u00a9 France-Soir<\/span><span class=\"caption\">R\u00e9veille-toi, Roumanie ! George Simion et Ana Maria Gavril\u0103 d\u00e9fient l\u2019ombre d\u2019un coup d\u2019\u00e9tat \u00e9lectoral.<\/span><\/p>\n<\/div>\n<p>Le candidat ind\u00e9pendant C\u0103lin Georgescu, qui avait remport\u00e9 le premier tour avec 22,9 % des voix, a vu sa victoire annul\u00e9e par la Cour constitutionnelle roumaine (CCR) en raison d&rsquo;all\u00e9gations d&rsquo;ing\u00e9rence russe, notamment via une campagne TikTok financ\u00e9e ill\u00e9galement par des acteurs \u00e9trangers.<\/p>\n<p><span class=\"BoldGrey\">Une crise d\u00e9mocratique en Roumanie<\/span><\/p>\n<p>Cette d\u00e9cision, soutenue par des rapports d\u00e9classifi\u00e9s du Conseil supr\u00eame de d\u00e9fense nationale roumain (CSAT), a soulev\u00e9 des accusations d&rsquo;un \u00ab <em>coup d&rsquo;\u00c9tat<\/em> \u00bb orchestr\u00e9 par une \u00e9lite politique et un \u00ab deep state \u00bb pour emp\u00eacher une voix souverainiste et patriote d&rsquo;acc\u00e9der au pouvoir.<\/p>\n<p>Le 9 mars 2025, le Bureau \u00e9lectoral central (BEC) a rejet\u00e9 la candidature de Georgescu pour les nouvelles \u00e9lections pr\u00e9sidentielles pr\u00e9vues les 4 et 18 mai 2025, invoquant des raisons techniques et juridiques. Cette d\u00e9cision, critiqu\u00e9e comme arbitraire et politis\u00e9e, a d\u00e9clench\u00e9 une vague de protestations massives \u00e0 Bucarest et dans d&rsquo;autres villes, ainsi qu&rsquo;une mobilisation sans pr\u00e9c\u00e9dent des soutiens de Georgescu, y compris des membres de l&rsquo;Alliance pour l&rsquo;Union des Roumains (AUR) et du Parti des Jeunes (POT). La CCR a d\u00e9cid\u00e9 n\u00e9gativement sur l&rsquo;appel de Georgescu projetant la n\u00e9cessit\u00e9 de trouver un nouveau candidat pour remplacer Georgescu.<\/p>\n<p>Cette s\u00e9quence d&rsquo;\u00e9v\u00e9nements a aliment\u00e9 un sentiment de d\u00e9fiance envers les institutions d\u00e9mocratiques roumaines, avec des accusations de manipulation par un syst\u00e8me judiciaire corrompu et des pressions externes, notamment de l&rsquo;Union europ\u00e9enne (UE) et de l&rsquo;OTAN, pour maintenir un statu quo prooccidental. Ce jour, ce sont deux candidats, Ana Maria Gavril\u0103 (POT) et George Simion (AUR) qui ont d\u00e9cid\u00e9 de se pr\u00e9senter &#8211; Il y a urgence afin qu&rsquo;ils obtiennent les signatures n\u00e9cessaires pour \u00eatre sur les listes \u00e9lectorales.<\/p>\n<p><span class=\"BoldGrey\">Qui est George Simion ?<\/span><\/p>\n<p>George Simion, 38 ans, est une figure cl\u00e9 de la politique roumaine, leader et pr\u00e9sident de l&rsquo;Alliance pour l&rsquo;Union des Roumains (AUR), un parti souverainiste et nationaliste fond\u00e9 en 2019. Ancien candidat ind\u00e9pendant aux \u00e9lections europ\u00e9ennes de 2019, o\u00f9 il a obtenu 1,3 % des voix, Simion s&rsquo;est impos\u00e9 comme une voix de l&rsquo;opposition souverainiste, d\u00e9fendant l&rsquo;unit\u00e9 des Roumains, notamment en Transnistrie et en Moldavie, et critiquant l&rsquo;influence de l&rsquo;UE et de l&rsquo;OTAN. Lors des \u00e9lections pr\u00e9sidentielles de 2024, il avait termin\u00e9 quatri\u00e8me avec 13,9 % des voix, avant d&rsquo;apporter son soutien \u00e0 C\u0103lin Georgescu pour le second tour, qui n&rsquo;a jamais eu lieu en raison de l&rsquo;annulation.<\/p>\n<p>Simion est \u00e9galement vice-pr\u00e9sident du groupe des Conservateurs et R\u00e9formistes europ\u00e9ens (ECR) au Parlement europ\u00e9en. Il est per\u00e7u comme un leader charismatique, mais controvers\u00e9, accus\u00e9 par certains d&rsquo;avoir des sympathies prorusses, bien qu&rsquo;il se positionne comme un patriote roumain d\u00e9fendant la souverainet\u00e9 nationale.<\/p>\n<p><span class=\"BoldGrey\">Qui est Ana Maria Gavril\u0103 ?<\/span><\/p>\n<p>Ana Maria Gavril\u0103, n\u00e9e le 15 octobre 1983, est une politicienne roumaine et pr\u00e9sidente du Parti des Jeunes (POT), qu&rsquo;elle a fond\u00e9 en 2023. Ancienne membre de l&rsquo;AUR jusqu&rsquo;en 2021, elle si\u00e8ge \u00e0 la Chambre des d\u00e9put\u00e9s depuis 2020. \u00c2g\u00e9e de 41 ans, Gavril\u0103 est une alli\u00e9e cl\u00e9 de Georgescu et de Simion, partageant leurs id\u00e9aux souverainistes et leur opposition \u00e0 l&rsquo;establishment politique roumain. Elle est consid\u00e9r\u00e9e comme une figure montante du mouvement nationaliste, bien que son parti, POT, soit plus petit et moins influent que l&rsquo;AUR.<\/p>\n<p><span class=\"BoldGrey\">Pourquoi se pr\u00e9sentent-ils ?<\/span><\/p>\n<p>George Simion et Ana Maria Gavril\u0103 ont d\u00e9cid\u00e9 de se pr\u00e9senter aux \u00e9lections pr\u00e9sidentielles de mai 2025 \u00e0 la demande de C\u0103lin Georgescu, apr\u00e8s le rejet de sa candidature par le BEC. Simion a d\u00e9clar\u00e9 dans une vid\u00e9o diffus\u00e9e le 12 mars 2025 par Mario Nawfal sur X : \u00ab <em>Le peuple roumain a \u00e9t\u00e9 priv\u00e9 de sa d\u00e9mocratie. Apr\u00e8s l&rsquo;annulation frauduleuse des \u00e9lections de d\u00e9cembre 2024, nous aurions d\u00fb revenir \u00e0 un second tour \u00e9quitable. Mais, non, le coup d&rsquo;\u00c9tat a continu\u00e9.<\/em> \u00bb Il affirme que leur candidature vise \u00e0 garantir une repr\u00e9sentation du mouvement souverainiste et \u00e0 emp\u00eacher le \u00ab <em>syst\u00e8me<\/em> \u00bb de museler les voix patriotiques. [<em>La vid\u00e9o traduite en fran\u00e7ais est disponible sur l&rsquo;article de France-soir &#8211; NdE<\/em>]<br \/>\n<br \/>Si leurs candidatures sont valid\u00e9es, le candidat le mieux plac\u00e9 dans les sondages poursuivra la course. Leur objectif commun est de \u00ab <em>restaurer la libert\u00e9, la d\u00e9mocratie et les droits de C\u0103lin Georgescu<\/em> \u00bb, comme l&rsquo;a soulign\u00e9 Simion, tout en luttant contre ce qu&rsquo;ils per\u00e7oivent comme une dictature judiciaire et une ing\u00e9rence \u00e9trang\u00e8re.<\/p>\n<p><span class=\"BoldGrey\">Quelles sont les conditions pour qu&rsquo;ils soient \u00e9ligibles ?<\/span><\/p>\n<p>Pour \u00eatre \u00e9ligibles, George Simion et Ana Maria Gavril\u0103 doivent remplir les conditions constitutionnelles roumaines pour la pr\u00e9sidence : \u00eatre citoyens roumains, avoir au moins 35 ans, r\u00e9sider en Roumanie, et ne pas avoir \u00e9t\u00e9 condamn\u00e9s pour des crimes graves. De plus, ils doivent recueillir un nombre minimum de signatures d&rsquo;\u00e9lecteurs (200 000 signatures d&rsquo;ici au 19 mars 2025, selon Simion) et obtenir l&rsquo;approbation du BEC et, le cas \u00e9ch\u00e9ant, de la CCR. La mobilisation actuelle, d\u00e9crite par Simion comme \u00ab <em>incroyable<\/em> \u00bb, montre des files d&rsquo;attente pour signer, mais la menace d&rsquo;une disqualification par les autorit\u00e9s reste omnipr\u00e9sente.<\/p>\n<p><span class=\"BoldGrey\">Quels engagements prennent-ils ?<\/span><\/p>\n<p>Dans son message, George Simion s&rsquo;engage \u00e0 \u00ab <em>restaurer la libert\u00e9 et les droits de C\u0103lin Georgescu<\/em> \u00bb en tant que futur pr\u00e9sident de la Roumanie. Il promet de d\u00e9fendre la souverainet\u00e9 nationale, de lutter contre l&rsquo;influence de l&rsquo;\u00ab <em>\u00c9tat profond<\/em> \u00bb et des institutions internationales per\u00e7ues comme oppressives, et de garantir des \u00e9lections libres sous supervision internationale, comme le revendique \u00e9galement le candidat Anton Pisaroglu. Simion et Gavril\u0103 s&rsquo;inscrivent dans une vision souverainiste, appelant \u00e0 une mobilisation massive des Roumains, tant \u00e0 l&rsquo;int\u00e9rieur qu&rsquo;\u00e0 l&rsquo;ext\u00e9rieur du pays, pour d\u00e9fendre la d\u00e9mocratie.<\/p>\n<p><span class=\"BoldGrey\">La mobilisation du peuple : le message urgent de George Simion<\/span><\/p>\n<p>George Simion a lanc\u00e9 un appel d\u00e9sesp\u00e9r\u00e9 \u00e0 la mobilisation dans sa vid\u00e9o : \u00ab <em>Nous devons recueillir 200 000 signatures d&rsquo;ici vendredi [14 mars 2025], mais les choses avancent comme jamais auparavant, avec une mobilisation incroyable. Les gens attendent en file pour signer. La bataille est de s&rsquo;assurer qu&rsquo;ils ne me bannissent pas &#8211; la derni\u00e8re date pour cela est le 19 mars, mercredi prochain.<\/em> \u00bb Cette course contre-la-montre illustre l&rsquo;urgence de la situation et la d\u00e9termination des souverainistes \u00e0 contrer les d\u00e9cisions du BEC et de la CCR.<\/p>\n<p><span class=\"BoldGrey\">R\u00e9actions en Roumanie<\/span><\/p>\n<p>En Roumanie, les r\u00e9actions sont marqu\u00e9es par la col\u00e8re et la mobilisation. Des milliers de manifestants, notamment des supporters de Georgescu, de l&rsquo;AUR et de POT, ont affront\u00e9 la police \u00e0 Bucarest apr\u00e8s le rejet de la candidature de Georgescu, provoquant des violences et des arrestations. Les r\u00e9seaux sociaux, notamment X, sont en \u00e9bullition, avec des accusations d&rsquo;un \u00ab <em>coup d&rsquo;\u00c9tat<\/em> \u00bb et des appels \u00e0 la r\u00e9sistance. Les partis d&rsquo;opposition et les citoyens ordinaires d\u00e9noncent une d\u00e9rive autoritaire, tandis que le gouvernement et les institutions maintiennent leur position, affirmant respecter la l\u00e9galit\u00e9.<\/p>\n<p><span class=\"BoldGrey\">R\u00e9actions internationales<\/span><\/p>\n<p>Sur la sc\u00e8ne internationale, le groupe des Conservateurs et R\u00e9formistes europ\u00e9ens (ECR) a condamn\u00e9 le blocage de Georgescu, qualifiant cette d\u00e9cision d&rsquo;\u00ab <em>attaque flagrante contre la d\u00e9mocratie<\/em> \u00bb. Cependant, l&rsquo;Union europ\u00e9enne et la France, notamment le pr\u00e9sident Emmanuel Macron, sont rest\u00e9s silencieux face \u00e0 cette crise. Cette absence de r\u00e9action a suscit\u00e9 des critiques acerbes, notamment de la part des souverainistes roumains, <strong>qui y voient une complicit\u00e9 implicite avec les \u00e9lites pro-UE et pro-OTAN<\/strong>. Aux \u00c9tats-Unis, certains observateurs, comme des utilisateurs de X, ont exprim\u00e9 leur surprise face au manque de r\u00e9action de l&rsquo;administration Trump, bien que des figures comme Mario Nawfal aient relay\u00e9 l&rsquo;information \u00e0 une audience mondiale.<\/p>\n<p><span class=\"BoldGrey\">L&rsquo;impact sur la d\u00e9mocratie occidentale<\/span><\/p>\n<p>La crise roumaine a des r\u00e9percussions potentielles sur la d\u00e9mocratie occidentale. Si les accusations d&rsquo;ing\u00e9rence russe et de manipulation \u00e9lectorale sont fond\u00e9es, elles soulignent la vuln\u00e9rabilit\u00e9 des d\u00e9mocraties face aux campagnes de d\u00e9sinformation et aux pressions g\u00e9opolitiques, notamment de la Russie. Cependant, le blocage de Georgescu et la r\u00e9pression des voix souverainistes sont per\u00e7us par beaucoup comme une atteinte aux principes d\u00e9mocratiques fondamentaux, tels que le droit de vote et la libert\u00e9 d&rsquo;expression. Cet \u00e9pisode pourrait inspirer des mouvements similaires dans d&rsquo;autres pays europ\u00e9ens, alimentant les tensions entre souverainistes et \u00e9lites globalistes, et mena\u00e7ant la stabilit\u00e9 de l&rsquo;UE et de l&rsquo;OTAN.<\/p>\n<p><span class=\"BoldGrey\">Le premier verset de l&rsquo;hymne roumain<\/span><\/p>\n<p>Pour conclure, rappelons le premier verset de l&rsquo;hymne national roumain, \u00ab De\u0219teapt\u0103-te, rom\u00e2ne ! \u00bb (R\u00e9veille-toi, Roumain !), qui r\u00e9sonne avec la mobilisation actuelle :<br \/>\n<br \/>\u00ab De\u0219teapt\u0103-te, rom\u00e2ne, din somnul de moarte, \u00cen care te-ad\u00e2ncir\u0103 barbarii de tirani ! \u00bb\n<\/p>\n<blockquote class=\"typ2\">\n<p>\u00ab R\u00e9veille-toi, Roumain, du sommeil de la mort,<br \/>\n<br \/>Dans lequel t&rsquo;ont plong\u00e9 les barbares tyrans ! \u00bb<\/p>\n<\/blockquote>\n<p> <strong><br \/>\n<br \/>George Simion et Ana Maria Gavril\u0103 sont bien d\u00e9termin\u00e9s \u00e0 r\u00e9veiller les Roumains de ce sommeil de la mort \u00e9lectorale du candidat favori C\u00e2lin Georgescu dans lequel l&rsquo;ont plong\u00e9 les magistrats roumains &#8211; Coupable avant d&rsquo;\u00eatre jug\u00e9.<\/strong>\n\t\t<\/div>\n<p><br \/>\n<br \/><a href=\"https:\/\/fr.sott.net\/article\/44269-Reveille-toi-Roumanie-George-Simion-et-Ana-Maria-Gavrila-en-quete-d-un-reveil-electoral\" target=\"_blank\"\">Source link <\/a><\/p>\n","protected":false},"excerpt":{"rendered":"<p>Depuis l&rsquo;annulation controvers\u00e9e des \u00e9lections pr\u00e9sidentielles roumaines de d\u00e9cembre 2024, la Roumanie traverse une crise d\u00e9mocratique majeure. \u00a9 France-SoirR\u00e9veille-toi, Roumanie ! George Simion et Ana Maria Gavril\u0103 d\u00e9fient l\u2019ombre d\u2019un&hellip; <\/p>\n","protected":false},"author":1,"featured_media":4411,"comment_status":"open","ping_status":"open","sticky":false,"template":"","format":"standard","meta":{"footnotes":""},"categories":[1],"tags":[],"class_list":["post-4410","post","type-post","status-publish","format-standard","has-post-thumbnail","hentry","category-non-classe"],"_links":{"self":[{"href":"https:\/\/monde25.info\/index.php\/wp-json\/wp\/v2\/posts\/4410","targetHints":{"allow":["GET"]}}],"collection":[{"href":"https:\/\/monde25.info\/index.php\/wp-json\/wp\/v2\/posts"}],"about":[{"href":"https:\/\/monde25.info\/index.php\/wp-json\/wp\/v2\/types\/post"}],"author":[{"embeddable":true,"href":"https:\/\/monde25.info\/index.php\/wp-json\/wp\/v2\/users\/1"}],"replies":[{"embeddable":true,"href":"https:\/\/monde25.info\/index.php\/wp-json\/wp\/v2\/comments?post=4410"}],"version-history":[{"count":0,"href":"https:\/\/monde25.info\/index.php\/wp-json\/wp\/v2\/posts\/4410\/revisions"}],"wp:featuredmedia":[{"embeddable":true,"href":"https:\/\/monde25.info\/index.php\/wp-json\/wp\/v2\/media\/4411"}],"wp:attachment":[{"href":"https:\/\/monde25.info\/index.php\/wp-json\/wp\/v2\/media?parent=4410"}],"wp:term":[{"taxonomy":"category","embeddable":true,"href":"https:\/\/monde25.info\/index.php\/wp-json\/wp\/v2\/categories?post=4410"},{"taxonomy":"post_tag","embeddable":true,"href":"https:\/\/monde25.info\/index.php\/wp-json\/wp\/v2\/tags?post=4410"}],"curies":[{"name":"wp","href":"https:\/\/api.w.org\/{rel}","templated":true}]}}