{"id":4414,"date":"2025-03-14T13:35:43","date_gmt":"2025-03-14T12:35:43","guid":{"rendered":"https:\/\/monde25.info\/index.php\/2025\/03\/14\/pourquoi-la-loi-anti-fast-fashion-est-retardee\/"},"modified":"2025-03-14T13:35:43","modified_gmt":"2025-03-14T12:35:43","slug":"pourquoi-la-loi-anti-fast-fashion-est-retardee","status":"publish","type":"post","link":"https:\/\/monde25.info\/index.php\/2025\/03\/14\/pourquoi-la-loi-anti-fast-fashion-est-retardee\/","title":{"rendered":"Pourquoi la loi anti-fast-fashion est retard\u00e9e"},"content":{"rendered":"<p> <br \/>\n<\/p>\n<div>\n<p>    <span class=\"date\">14 mars 2025  \u00e0 10h27<\/span><\/p>\n<p>    <span class=\"date_modif\">Mis \u00e0 jour le 14 mars 2025 \u00e0 11h08<\/span>      <\/p>\n<p class=\"duree_lecture\">\n        Dur\u00e9e de lecture : 6 minutes\n      <\/p>\n<\/p><\/div>\n<div>\n<p><i>Mise \u00e0 jour\u00a0: le 14\u00a0mars 2025, la d\u00e9put\u00e9e <a target=\"_blank\" href=\"https:\/\/www.linkedin.com\/posts\/anne-c%C3%A9cile-violland-62a24840_modedurable-modedurable-actionclimatique-activity-7306207476855578624-1G_k\/?utm_source=share&amp;utm_medium=member_desktop&amp;rcm=ACoAAAGDy4IBIX_X9hwK_2F4bjNOUi3Gm6DPn9I\" class=\"spip_out\" rel=\"external\">Anne-C\u00e9cile Violland<\/a> a annonc\u00e9 que la loi avait \u00e9t\u00e9 remise au calendrier du S\u00e9nat, le 19\u00a0mai.<\/i><\/p>\n<hr class=\"spip\"\/>\n<p>C\u2019est une disparition inqui\u00e9tante. Un an apr\u00e8s <a target=\"_blank\" href=\"https:\/\/reporterre.net\/L-Assemblee-nationale-dit-oui-a-une-regulation-de-la-fast-fashion\">son adoption \u00e0 l\u2019unanimit\u00e9 par les d\u00e9put\u00e9s<\/a>, la proposition de loi visant \u00e0 r\u00e9duire les effets environnementaux de l\u2019industrie textile \u2014 dite <i>\u00ab<small class=\"fine d-inline\">\u00a0<\/small>anti-fast-fashion<small class=\"fine d-inline\">\u00a0<\/small>\u00bb<\/i> \u2014 <a target=\"_blank\" href=\"https:\/\/reporterre.net\/Le-Senat-oublie-la-loi-sur-la-fast-fashion\">n\u2019est toujours pas pass\u00e9e devant les s\u00e9nateurs<\/a>. Le texte pr\u00e9voit notamment des amendes pour p\u00e9naliser les produits extr\u00eamement polluants, de r\u00e9compenser les entreprises vertueuses et d\u2019interdire la publicit\u00e9 pour <i>\u00ab<small class=\"fine d-inline\">\u00a0<\/small>l\u2019ultra-fast-fashion<small class=\"fine d-inline\">\u00a0<\/small>\u00bb<\/i>. Alors que le S\u00e9nat devait l\u2019examiner \u00e0 partir du 26\u00a0mars, la proposition de loi ne figure finalement pas \u00e0 l\u2019agenda et le gouvernement ne l\u2019a pas inscrite \u00e0 l\u2019ordre du jour du Palais Bourbon. O\u00f9 est-elle pass\u00e9e<small class=\"fine d-inline\">\u00a0<\/small>?<\/p>\n<p>Ce retard s\u2019explique par de multiples causes, dont la frilosit\u00e9 du gouvernement et le lobbying des marques de <i>\u00ab<small class=\"fine d-inline\">\u00a0<\/small>mode jetable<small class=\"fine d-inline\">\u00a0<\/small>\u00bb<\/i> type Shein, qui a embauch\u00e9 d\u2019anciennes figures politiques comme Christophe Castaner.<\/p>\n<p>La <a target=\"_blank\" href=\"https:\/\/stopfastfashion.fr\/\" class=\"spip_out\" rel=\"external\">coalition Stop <i>fast-fashion<\/i><\/a>, \u00e0 laquelle participent Les Amis de la Terre, Emma\u00fcs France et six autres <span class=\"caps\">ONG<\/span>, compte bien la faire sortir des tiroirs. Elles ont d\u00e9pos\u00e9 10 tonnes de d\u00e9chets textiles devant le S\u00e9nat vendredi 14\u00a0mars au matin. <i>\u00ab<small class=\"fine d-inline\">\u00a0<\/small>On a besoin d\u2019une image forte pour interpeller les pouvoirs publics, cette loi qui serait une premi\u00e8re mondiale permettrait de lutter contre un syst\u00e8me de production d\u00e9l\u00e9t\u00e8re, \u00e0 la fois pour <a target=\"_blank\" href=\"https:\/\/reporterre.net\/Dix-ans-apres-l-effondrement-du-Rana-Plaza-la-fast-fashion-toujours-coupable\">la sant\u00e9 des travailleurs<\/a> et l\u2019environnement<small class=\"fine d-inline\">\u00a0<\/small>\u00bb<\/i>, indique Tarek Daher, d\u00e9l\u00e9gu\u00e9 g\u00e9n\u00e9ral d\u2019Emma\u00fcs France. Il rappelle qu\u2019<i>\u00ab<small class=\"fine d-inline\">\u00a0<\/small>avec 150\u00a0milliards de v\u00eatements produits chaque ann\u00e9e, l\u2019industrie textile mondialis\u00e9e repr\u00e9sente 10<small class=\"fine d-inline\">\u00a0<\/small>% des \u00e9missions de gaz \u00e0 effet de serre mondiales, c\u2019est plus que le trafic a\u00e9rien et maritime r\u00e9uni<small class=\"fine d-inline\">\u00a0<\/small>\u00bb<\/i>.<\/p>\n<h2 class=\"spip\">Shein mobilise ses r\u00e9seaux <\/h2>\n<p>Le texte, port\u00e9 par la d\u00e9put\u00e9e (Horizons) Anne-C\u00e9cile Violland et soutenu par Christophe B\u00e9chu puis Agn\u00e8s Pannier-Runacher \u2014 actuelle ministre de la Transition \u00e9cologique \u2014 semblait pourtant faire consensus. <i>\u00ab<small class=\"fine d-inline\">\u00a0<\/small>C\u2019est les montagnes russes, l\u2019examen par les d\u00e9put\u00e9s est all\u00e9 tr\u00e8s vite, mais la dissolution de l\u2019Assembl\u00e9e nationale puis la chute du gouvernement Barnier a ralenti le processus<small class=\"fine d-inline\">\u00a0<\/small>\u00bb<\/i>, constate Tarek Daher.<\/p>\n<p>Selon Jacques Fernique, s\u00e9nateur \u00e9cologiste du Haut-Rhin, c\u2019est surtout <i>\u00ab<small class=\"fine d-inline\">\u00a0<\/small>au niveau de Matignon que \u00e7a coin\u00e7ait. Fran\u00e7ois Bayrou estime que la loi n\u2019offrirait pas de gain politique car elle int\u00e9resserait seulement les bobos parisiens<small class=\"fine d-inline\">\u00a0<\/small>\u00bb<\/i>. Apr\u00e8s une r\u00e9union minist\u00e9rielle mercredi 12\u00a0mars, le Premier ministre aurait chang\u00e9 d\u2019avis. <i>\u00ab<small class=\"fine d-inline\">\u00a0<\/small>La situation se profile mieux, si tout va bien, la proposition de loi anti-fast-fashion devrait \u00eatre inscrite \u00e0 l\u2019ordre du jour au S\u00e9nat fin mai, l\u2019objectif est qu\u2019elle soit vot\u00e9e avant l\u2019\u00e9t\u00e9<small class=\"fine d-inline\">\u00a0<\/small>\u00bb<\/i>, pr\u00e9cise le s\u00e9nateur.<\/p>\n<p>Le retard dans le calendrier pourrait aussi \u00eatre li\u00e9 aux pressions des industriels de la <i>\u00ab<small class=\"fine d-inline\">\u00a0<\/small>fast-fashion<small class=\"fine d-inline\">\u00a0<\/small>\u00bb<\/i>. On a ainsi vu Christophe Castaner (ministre de l\u2019Int\u00e9rieur entre 2018 et 2020), <a target=\"_blank\" href=\"https:\/\/reporterre.net\/Christophe-Castaner-conseiller-chez-Shein-la-mode-francaise-outree\">embauch\u00e9 par Shein<\/a>, d\u00e9fendre la marque dans les m\u00e9dias, bien qu\u2019il se <a target=\"_blank\" href=\"https:\/\/www.lefigaro.fr\/societes\/shein-comment-castaner-defend-son-choix-de-travailler-pour-le-geant-chinois-de-la-fast-fashion-20250112\" class=\"spip_out\" rel=\"external\">d\u00e9fende d\u2019avoir \u00e9t\u00e9 embauch\u00e9 pour faire du lobbying<\/a>.<\/p>\n<p>En janvier, l\u2019ancien ministre s\u2019est, par exemple, oppos\u00e9 \u00e0 la cr\u00e9ation d\u2019une taxe visant \u00e0 freiner Shein. Selon lui, <i>\u00ab<small class=\"fine d-inline\">\u00a0<\/small>on est en train d\u2019inventer une <span class=\"caps\">TVA<\/span> sur les produits des plus pauvres<small class=\"fine d-inline\">\u00a0<\/small>\u00bb<\/i>. Une initiative qu\u2019il estime <i>\u00ab<small class=\"fine d-inline\">\u00a0<\/small>assez d\u00e9gueulasse<small class=\"fine d-inline\">\u00a0<\/small>\u00bb<\/i>.<\/p>\n<p>Le g\u00e9ant chinois a aussi recrut\u00e9 Nicole Guedj (secr\u00e9taire d\u2019\u00c9tat aux Droits des victimes sous la pr\u00e9sidence de Jacques Chirac) ainsi que l\u2019ex-patron de la F\u00e9d\u00e9ration fran\u00e7aise des assurances, Bernard Spitz, en d\u00e9cembre 2024. Leurs postes\u00a0: conseillers au sein du comit\u00e9 de responsabilit\u00e9 soci\u00e9tale de Shein.<\/p>\n<p>Le m\u00e9dia sp\u00e9cialis\u00e9 dans la seconde-main <a target=\"_blank\" href=\"https:\/\/www.cm-cm.fr\/post\/lobbying-contre-la-loi-anti-fast-fashion-shein-s-entoure-des-reseaux-de-bollore\" class=\"spip_out\" rel=\"external\">cm-cm<\/a> a r\u00e9v\u00e9l\u00e9 que l\u2019entreprise chinoise avait aussi contact\u00e9 plusieurs d\u00e9put\u00e9s lors de l\u2019examen du texte en mars 2024  pour leur proposer une rencontre avec le directeur des affaires publiques de la marque, dans le cadre des d\u00e9bats sur la <i>\u00ab<small class=\"fine d-inline\">\u00a0<\/small>fast-fashion<small class=\"fine d-inline\">\u00a0<\/small>\u00bb<\/i>.<\/p>\n<h2 class=\"spip\">Le jeu d\u2019\u00e9quilibriste des marques fran\u00e7aises <\/h2>\n<p>Le groupe Shein n\u2019est pas le seul \u00e0 scruter la proposition de loi anti-<i>fast-fashion<\/i>. Plusieurs enseignes fran\u00e7aises ont int\u00e9r\u00eat \u00e0 ralentir le processus d\u2019adoption. Objectif\u00a0: r\u00e9duire son p\u00e9rim\u00e8tre d\u2019application. <i>\u00ab<small class=\"fine d-inline\">\u00a0<\/small>\u00c0 l\u2019origine, le texte devait viser des marques d\u2019ultra fast fashion \u00e9trang\u00e8res comme Shein ou Temu<\/i>, indique Pierre Condamine, charg\u00e9 de campagne surproduction aux Amis de la Terre. <i>Mais la loi pourrait finalement concerner des marques fran\u00e7aises comme Decathlon ou Kiabi.<small class=\"fine d-inline\">\u00a0<\/small>\u00bb<\/i> C\u2019est un jeu d\u2019\u00e9quilibriste\u00a0: faire en sorte que la loi soit s\u00e9v\u00e8re pour les g\u00e9ants \u00e9trangers mais qu\u2019elle ne s\u2019applique pas au secteur fran\u00e7ais.<\/p>\n<p>Pour savoir qui sera cibl\u00e9, tout va d\u00e9pendre du seuil sur le nombre de r\u00e9f\u00e9rences propos\u00e9es chaque jour par les marques sur les sites. Alors que Shein proposerait 8\u00a0000 r\u00e9f\u00e9rences nouvelles par jour selon ses d\u00e9tracteurs, il est difficile de conna\u00eetre le nombre pour Decathlon par exemple. <i>\u00ab<small class=\"fine d-inline\">\u00a0<\/small>La coalition Stop <i>fast-fashion<\/i> plaide pour un seuil de 10\u00a0000 r\u00e9f\u00e9rences par an qui soit fix\u00e9 directement dans la loi et non pas dans un d\u00e9cret afin d\u2019\u00e9viter  que l\u2019ambition ne soit r\u00e9duite par la suite<small class=\"fine d-inline\">\u00a0<\/small>\u00bb<\/i>, explique Pierre Condamine.<\/p>\n<p>Second \u00e9l\u00e9ment qui inqui\u00e8te le secteur de l\u2019habillement fran\u00e7ais\u00a0: la mise en place d\u2019un bonus malus fond\u00e9 sur <a target=\"_blank\" href=\"https:\/\/reporterre.net\/Vers-l-affichage-du-cout-de-nos-vetements-pour-l-environnement\">l\u2019affichage environnemental textile<\/a>. Des p\u00e9nalit\u00e9s financi\u00e8res seront appliqu\u00e9es aux v\u00eatements \u00e0 fortes cons\u00e9quences environnementales. Ce bonus sera calcul\u00e9 \u00e0 partir de plusieurs crit\u00e8res comme les \u00e9missions de gaz \u00e0 effet de serre et la consommation d\u2019eau n\u00e9cessaires pour la production du v\u00eatement mais aussi sa durabilit\u00e9. Il s\u2019agit ici du nombre de r\u00e9f\u00e9rences commercialis\u00e9es, la dur\u00e9e de commercialisation moyenne d\u2019une pi\u00e8ce, ou encore le fait d\u2019inciter le consommateur \u00e0 r\u00e9parer et prendre soin du produit.<\/p>\n<p>Enfin, un autre secteur de la mode qui n\u2019a pas int\u00e9r\u00eat \u00e0 ce que la loi anti-<i>fast-fashion<\/i> soit trop s\u00e9v\u00e8re envers Shein et Temu est le secteur du luxe, pr\u00e9sume Pierre Condamine. <i>\u00ab<small class=\"fine d-inline\">\u00a0<\/small>On peut supposer que les groupes de luxe comme <span class=\"caps\">LVMH<\/span> qui ont beaucoup de clients en Chine ne veulent pas voir en retour des mesures de r\u00e9torsion de la Chine contre leurs produits.<small class=\"fine d-inline\">\u00a0<\/small>\u00bb<\/i><\/p>\n<aside class=\"boite_encarts\">\n<div class=\"encart encart_gris noprint\">\n<p><strong>Puisque vous \u00eates l\u00e0&#8230;<\/strong><\/p>\n<p>&#8230; nous avons un petit service \u00e0 vous demander.<br class=\"autobr\"\/><br \/>\nEntre la pr\u00e9sence d\u2019un climatosceptique \u00e0 la t\u00eate de la premi\u00e8re puissance mondiale, un gouvernement fran\u00e7ais qui flirte avec l\u2019extr\u00eame-droite, et les catastrophes climatiques qui s\u2019enchainent&#8230; Faire vivre l\u2019\u00e9cologie dans le d\u00e9bat public est un enjeu crucial.<\/p>\n<p>Personne ne modifie ce que nous publions. Nous n\u2019avons ni actionnaire, ni propri\u00e9taire milliardaire \u2014 seulement une \u00e9quipe d\u2019irr\u00e9ductibles journalistes, pleine de d\u00e9termination.<\/p>\n<p>Nous avons la conviction que l\u2019urgence \u00e9cologique est l\u2019enjeu majeur de notre \u00e9poque. Et comme plus de 2 millions de lectrices et lecteurs chaque mois, vous partagez sans doute cette conviction&#8230;<\/p>\n<p><strong>Depuis 12 ans, nous publions des articles de qualit\u00e9 sur l\u2019\u00e9cologie, en acc\u00e8s libre et sans publicit\u00e9, pour tous.<\/strong><br class=\"autobr\"\/><br \/>\nMais ce travail demande beaucoup de temps et de ressources.<\/p>\n<p>Alors, si vous en avez les moyens, sachez qu\u2019un don, m\u00eame d\u20191\u20ac, est un acte de soutien fort pour l\u2019\u00e9cologie et le journalisme ind\u00e9pendant.<br class=\"autobr\"\/><br \/>\n(Et \u00e7a vous prendra moins de temps que la lecture de ce texte).<\/p>\n<p><strong>Si vous le pouvez, choisissez un soutien mensuel. Merci.<\/strong><\/p>\n<p><a target=\"_blank\" href=\"https:\/\/reporterre.net\/dons\" class=\"bt_soutenir\">Je soutiens <i>Reporterre<\/i><\/a><\/p>\n<\/p><\/div>\n<div class=\"encart encart_vert noprint montre_1023\">\n<div class=\"infolettre-form-container noprint\">\n<p>Abonnez-vous \u00e0 la lettre d\u2019info de Reporterre<\/p>\n<\/div><\/div>\n<\/aside>\n<aside class=\"boite_apresarticle encart_note\">\n<h4>Apr\u00e8s cet article<\/h4>\n<p>      <a target=\"_blank\" href=\"https:\/\/reporterre.net\/La-fast-fashion-menace-l-industrie-francaise-du-textile\" class=\"lien_article\">\n      <picture class=\"vignette_gauche\"><source type=\"image\/webp\" srcset=\"https:\/\/reporterre.net\/local\/cache-vignettes\/L450xH300\/modevite-8087b.jpg@.webp?1737368391\"><img decoding=\"async\" src=\"https:\/\/reporterre.net\/local\/cache-vignettes\/L450xH300\/modevite-8087b.jpg?1737368391\" width=\"450\" height=\"300\" alt=\"\" class=\"marge12\" loading=\"lazy\"\/><br \/>\n<\/source><\/picture>\n<p class=\"libelle\">\n<p>      Quotidien\n    <\/p>\n<p class=\"titre pol20\">La fast-fashion menace l\u2019industrie fran\u00e7aise du textile<\/p>\n<p>      <\/a><br \/>\n    <\/aside>\n<aside class=\"boite_complement texte\">\n<p>      <!-- zone_forum --><br \/>\n          <\/aside>\n<aside class=\"boite_lireaussi noprint\">\n<\/aside>\n<aside class=\"colonne\">\n<div class=\"article_info cache_1023 noprint\">\n<p>    <span class=\"date\">14 mars 2025  \u00e0 10h27<\/span><\/p>\n<p>    <span class=\"date_modif\">Mis \u00e0 jour le 14 mars 2025 \u00e0 11h08<\/span>      <\/p>\n<p class=\"duree_lecture\">\n        Dur\u00e9e de lecture : 6 minutes\n      <\/p>\n<\/p><\/div>\n<div class=\"bloc_infolettre\">\n<div class=\"infolettre-form-container noprint\">\n<p>Abonnez-vous \u00e0 la lettre d\u2019info de Reporterre<\/p>\n<\/div><\/div>\n<\/aside>\n<div id=\"galerie\">\n  <img decoding=\"async\" src=\"\" class=\"principale\" id=\"principale\"\/><\/p>\n<p id=\"legende\">legende<\/p>\n<\/div>\n<footer class=\"noprint\">\n<\/footer>\n<\/div>\n<p><br \/>\n<br \/><a href=\"https:\/\/reporterre.net\/Pourquoi-la-loi-anti-fast-fashion-est-retardee\" target=\"_blank\"\">Source link <\/a><\/p>\n","protected":false},"excerpt":{"rendered":"<p>14 mars 2025 \u00e0 10h27 Mis \u00e0 jour le 14 mars 2025 \u00e0 11h08 Dur\u00e9e de lecture : 6 minutes Mise \u00e0 jour\u00a0: le 14\u00a0mars 2025, la d\u00e9put\u00e9e Anne-C\u00e9cile Violland&hellip; <\/p>\n","protected":false},"author":1,"featured_media":4415,"comment_status":"open","ping_status":"open","sticky":false,"template":"","format":"standard","meta":{"footnotes":""},"categories":[1],"tags":[],"class_list":["post-4414","post","type-post","status-publish","format-standard","has-post-thumbnail","hentry","category-non-classe"],"_links":{"self":[{"href":"https:\/\/monde25.info\/index.php\/wp-json\/wp\/v2\/posts\/4414","targetHints":{"allow":["GET"]}}],"collection":[{"href":"https:\/\/monde25.info\/index.php\/wp-json\/wp\/v2\/posts"}],"about":[{"href":"https:\/\/monde25.info\/index.php\/wp-json\/wp\/v2\/types\/post"}],"author":[{"embeddable":true,"href":"https:\/\/monde25.info\/index.php\/wp-json\/wp\/v2\/users\/1"}],"replies":[{"embeddable":true,"href":"https:\/\/monde25.info\/index.php\/wp-json\/wp\/v2\/comments?post=4414"}],"version-history":[{"count":0,"href":"https:\/\/monde25.info\/index.php\/wp-json\/wp\/v2\/posts\/4414\/revisions"}],"wp:featuredmedia":[{"embeddable":true,"href":"https:\/\/monde25.info\/index.php\/wp-json\/wp\/v2\/media\/4415"}],"wp:attachment":[{"href":"https:\/\/monde25.info\/index.php\/wp-json\/wp\/v2\/media?parent=4414"}],"wp:term":[{"taxonomy":"category","embeddable":true,"href":"https:\/\/monde25.info\/index.php\/wp-json\/wp\/v2\/categories?post=4414"},{"taxonomy":"post_tag","embeddable":true,"href":"https:\/\/monde25.info\/index.php\/wp-json\/wp\/v2\/tags?post=4414"}],"curies":[{"name":"wp","href":"https:\/\/api.w.org\/{rel}","templated":true}]}}