{"id":4416,"date":"2025-03-14T14:08:46","date_gmt":"2025-03-14T13:08:46","guid":{"rendered":"https:\/\/monde25.info\/index.php\/2025\/03\/14\/jose-repare-des-vetements-pour-les-familles-precaires\/"},"modified":"2025-03-14T14:08:46","modified_gmt":"2025-03-14T13:08:46","slug":"jose-repare-des-vetements-pour-les-familles-precaires","status":"publish","type":"post","link":"https:\/\/monde25.info\/index.php\/2025\/03\/14\/jose-repare-des-vetements-pour-les-familles-precaires\/","title":{"rendered":"Jos\u00e9 r\u00e9pare des v\u00eatements pour les familles pr\u00e9caires"},"content":{"rendered":"<p> <br \/>\n<\/p>\n<div>\n<h4><strong>Il y a trois ans, Jos\u00e9 Man\u00e7o a fond\u00e9 l\u2019association \u201cLes Fringues Store Associatif\u201d dans le but de r\u00e9cup\u00e9rer des produits invendus, comme des v\u00eatements, du mat\u00e9riel scolaire et des produits d\u2019hygi\u00e8ne, afin de les donner aux familles monoparentales en situation de pr\u00e9carit\u00e9. Pour en savoir plus, nous avons \u00e9chang\u00e9 avec lui autour de ce projet solidaire et \u00e9cologique.<\/strong><\/h4>\n<p><span style=\"font-weight: 400;\"><strong>Jos\u00e9 Man\u00e7o<\/strong>, 51 ans, est mari\u00e9 et p\u00e8re de trois enfants. Depuis tout petit, il est <strong>passionn\u00e9 par la mode.<\/strong> Il a commenc\u00e9 sa carri\u00e8re \u00e0 l\u2019\u00e2ge de 16 ans, en d\u00e9crochant un contrat d\u2019apprentissage en qualit\u00e9 d\u2019\u00e9talagiste d\u00e9corateur pour<strong> la maison de luxe Mac Douglas. <\/strong><\/span><\/p>\n<p><span style=\"font-weight: 400;\">Pendant six ans, il a \u00e9volu\u00e9 et gravi les \u00e9chelons, avant de devenir <strong>responsable d\u2019identit\u00e9 visuelle de plusieurs marques, comme Naf Naf, Chevignon et Kaporal<\/strong>. Aujourd\u2019hui, Jos\u00e9 Man\u00e7o <strong>enseigne la distribution et le merchandising \u00e0 l\u2019\u00e9cole P.P.A.<\/strong> (Paris P\u00f4le Alternance) tout en continuant \u00e0 se former dans la mode afin d\u2019\u00eatre <strong>dipl\u00f4m\u00e9 dans l\u2019\u00e9conomie sociale et solidaire.\u00a0<\/strong><\/span><\/p>\n<p><iframe loading=\"lazy\" title=\"Les Fringues store associatif : un bel exemple de solidarit\u00e9\" width=\"1110\" height=\"624\" src=\"https:\/\/www.youtube.com\/embed\/jt82BJHTNUs?feature=oembed\" frameborder=\"0\" allow=\"accelerometer; autoplay; clipboard-write; encrypted-media; gyroscope; picture-in-picture; web-share\" referrerpolicy=\"strict-origin-when-cross-origin\" allowfullscreen><\/iframe><\/p>\n<p><span style=\"font-weight: 400;\">Bien qu\u2019il soit passionn\u00e9 par son m\u00e9tier, Jos\u00e9 Man\u00e7o a connu <strong>les d\u00e9rives de l\u2019industrie textile<\/strong> avec l\u2019arriv\u00e9e de la<a target=\"_blank\" href=\"https:\/\/mrmondialisation.org\/accro-a-la-mode-on-accepte-lhorreur-pour-un-sac-tendance\/\"> <strong>fast-fashion<\/strong>,<\/a> ce fl\u00e9au qui pousse les consommateurs \u00e0 <strong>surconsommer et \u00e0 jeter davantage.\u00a0<\/strong><\/span><\/p>\n<blockquote>\n<p><em><span style=\"font-weight: 400;\"><strong>\u00ab\u00a0j\u2019en ai eu ras-le-bol de tout ce g\u00e2chis\u00a0\u00bb<\/strong><\/span><\/em><\/p>\n<\/blockquote>\n<p><em><span style=\"font-weight: 400;\">\u201cDepuis tout petit, j\u2019ai toujours voulu travailler dans la mode. <strong>Ma passion c\u2019\u00e9tait la mode<\/strong>, j\u2019avais trouv\u00e9 ma voie. Mais au bout de toutes ces ann\u00e9es, <strong>j\u2019en ai eu ras-le-bol de tout ce g\u00e2chis<\/strong>. Cela fait 33 ans que je suis dans la mode donc <strong>j\u2019ai connu l\u2019arriv\u00e9e de toutes ces marques de fast fashion comme Zara, Mango<\/strong>\u2026 Puis j\u2019ai v\u00e9cu l\u2019arriv\u00e9e de Primark, et <strong>j\u2019ai \u00e9t\u00e9 vraiment d\u00e9go\u00fbt\u00e9\u201d,<\/strong> nous a-t-il confi\u00e9.\u00a0<\/span><\/em><\/p>\n<h2><strong>Lutter contre la surconsommation et la pauvret\u00e9<\/strong><\/h2>\n<p><span style=\"font-weight: 400;\">Chaque ann\u00e9e, selon <a target=\"_blank\" href=\"https:\/\/www.oxfamfrance.org\/agir-oxfam\/impact-de-la-mode-consequences-sociales-environnementales\/\">OXFAM<\/a>, <strong>plus de 100 milliards de v\u00eatements sont vendus dans le monde<\/strong> et en<strong> Europe, 4 millions de tonnes de d\u00e9chets vestimentaires sont jet\u00e9s.<\/strong>\u00a0\u00c0 contrario, selon les donn\u00e9es de la <a target=\"_blank\" href=\"https:\/\/www.banquealimentaire.org\/etudes-profils-2023-qui-sont-les-personnes-accueillies-laide-alimentaire\">Banque alimentaire<\/a>, <strong>71% des foyers b\u00e9n\u00e9ficiaires vivent sous le seuil de pauvret\u00e9<\/strong>. Un manque qui emp\u00eache les familles de trouver des v\u00eatements et du mat\u00e9riel adapt\u00e9s pour leurs enfants.\u00a0<\/span><\/p>\n<p><span style=\"font-weight: 400;\">Face \u00e0 ce constat, Jos\u00e9 Man\u00e7o a eu une id\u00e9e : celle de cr\u00e9er une association dans le but<strong> de r\u00e9cup\u00e9rer les invendus et de les donner aux familles monoparentales dans le besoin.<\/strong> S\u2019il a eu ce projet, c\u2019est parce qu\u2019il est <strong>lui-m\u00eame issu d\u2019une famille monoparentale<\/strong> et qu\u2019il <strong>a connu la pauvret\u00e9<\/strong> d\u00e8s son enfance.\u00a0<\/span><\/p>\n<p><em><span style=\"font-weight: 400;\">\u201cC\u2019est un projet que j\u2019ai depuis une dizaine d\u2019ann\u00e9es. Je suis issu d\u2019une famille monoparentale tr\u00e8s pauvre. Suite au d\u00e9c\u00e8s de mon p\u00e8re, <strong>ma m\u00e8re a d\u00fb s\u2019occuper de mes fr\u00e8res et moi<\/strong>. Du jour au lendemain, <strong>nous sommes tomb\u00e9s dans la pr\u00e9carit\u00e9<\/strong>. Ma m\u00e8re a d\u00fb trouver un emploi mais elle n\u2019avait personne pour nous garder et n\u2019avait pas beaucoup d\u2019argent\u201d, nous a confi\u00e9 Jos\u00e9 Man\u00e7o.\u00a0<\/span><\/em><\/p>\n<figure id=\"attachment_715180\" aria-describedby=\"caption-attachment-715180\" style=\"width: 1024px\" class=\"wp-caption alignnone\"><img fetchpriority=\"high\" decoding=\"async\" class=\"wp-image-715180 size-medium\" src=\"https:\/\/mrmondialisation.org\/wp-content\/uploads\/2025\/02\/fringuesstore1-1024x1024.jpg\" alt=\"\" width=\"1024\" height=\"1024\" srcset=\"https:\/\/mrmondialisation.org\/wp-content\/uploads\/2025\/02\/fringuesstore1-1024x1024.jpg 1024w, https:\/\/mrmondialisation.org\/wp-content\/uploads\/2025\/02\/fringuesstore1-150x150.jpg 150w, https:\/\/mrmondialisation.org\/wp-content\/uploads\/2025\/02\/fringuesstore1-768x768.jpg 768w, https:\/\/mrmondialisation.org\/wp-content\/uploads\/2025\/02\/fringuesstore1-696x696.jpg 696w, https:\/\/mrmondialisation.org\/wp-content\/uploads\/2025\/02\/fringuesstore1-1068x1068.jpg 1068w, https:\/\/mrmondialisation.org\/wp-content\/uploads\/2025\/02\/fringuesstore1-420x420.jpg 420w, https:\/\/mrmondialisation.org\/wp-content\/uploads\/2025\/02\/fringuesstore1.jpg 1300w\" sizes=\"(max-width: 1024px) 100vw, 1024px\"\/><figcaption id=\"caption-attachment-715180\" class=\"wp-caption-text\">Jos\u00e9 Man\u00e7o a cr\u00e9\u00e9 une association pour donner les v\u00eatements invendus aux familles monoparentales en situation de pr\u00e9carit\u00e9. Photo publi\u00e9e avec l\u2019autorisation de Jos\u00e9 Man\u00e7o.<\/figcaption><\/figure>\n<p><span style=\"font-weight: 400;\">Mais Jos\u00e9 Man\u00e7o n\u2019est pas tomb\u00e9 amoureux de la mode par hasard. Sa m\u00e8re, <strong>couturi\u00e8re de m\u00e9tier<\/strong>, lui a \u00e9galement transmis sa passion.<\/span><\/p>\n<blockquote>\n<p><strong><em>\u201cMa m\u00e8re avait l\u2019habitude de r\u00e9cup\u00e9rer des v\u00eatements dans les poubelles et de les r\u00e9parer\u00a0\u00bb<\/em><\/strong><\/p>\n<\/blockquote>\n<p><em><span style=\"font-weight: 400;\">\u201cMa m\u00e8re avait l\u2019habitude de <strong>r\u00e9cup\u00e9rer des v\u00eatements dans les poubelles et de les r\u00e9parer<\/strong>, ce qui faisait qu\u2019on \u00e9tait toujours bien habill\u00e9s. Il y a une cinquantaine d\u2019ann\u00e9es de cela, <strong>les v\u00eatements n\u2019\u00e9taient pas de la m\u00eame qualit\u00e9 qu\u2019aujourd\u2019hui<\/strong>. C\u2019\u00e9taient des v\u00eatements faits avec des mati\u00e8res naturelles, qui perduraient dans le temps. <strong>Ils passaient de g\u00e9n\u00e9ration en g\u00e9n\u00e9ration<\/strong>, d\u2019un enfant \u00e0 l\u2019autre. <strong>C\u2019\u00e9tait \u00e7a \u00e0 l\u2019\u00e9poque, on r\u00e9cup\u00e9rait, on raccommodait.\u201d<\/strong><\/span><\/em><\/p>\n<div class=\"td-a-rec td-a-rec-id-content_inline  tdi_1 td_block_template_1\">\n<span class=\"td-adspot-title\">&#8211; Pour une information libre ! &#8211;<\/span><a target=\"_blank\" href=\"https:\/\/fr.tipeee.com\/mr-mondialisation\" class=\"tipeee-project-small\">Soutenir Mr Japanization sur Tipeee<\/a>\n<\/div>\n<h2><strong>Des dons aux familles monoparentales\u00a0<\/strong><\/h2>\n<p><span style=\"font-weight: 400;\">Suite \u00e0 l\u2019adoption de la <a target=\"_blank\" href=\"https:\/\/mrmondialisation.org\/textiles-comment-les-recycler-et-reduire-notre-consommation\/\"><strong>loi AGEC<\/strong> <\/a>(loi anti-gaspillage pour une \u00e9conomie circulaire), qui <strong>interdit aux fabricants, distributeurs et sites de vente en ligne de d\u00e9truire les textiles<\/strong>, Jos\u00e9 Man\u00e7o a donc fond\u00e9 <a target=\"_blank\" href=\"https:\/\/lesfringuesstoreassociatif.com\/\">\u201cLes Fringues Store Associatif\u201d<\/a> situ\u00e9e\u00a0\u00e0 Creil, dans l\u2019Oise. <\/span><\/p>\n<p><span style=\"font-weight: 400;\">S\u2019il s\u2019est implant\u00e9 \u00e0 cet endroit, c\u2019est avant tout parce que <strong>Creil est la 11\u00e8me ville la plus pauvre de France<\/strong>, et que son agglom\u00e9ration est la deuxi\u00e8me ville la plus pauvre du pays. Sur le territoire, <strong>38% de la population vit sous le seuil de pauvret\u00e9<\/strong> et est confront\u00e9e \u00e0 <strong>des difficult\u00e9s pour se nourrir et s\u2019habiller.<\/strong> Au total, <strong>800 familles monoparentales<\/strong> sont recens\u00e9es dans l\u2019agglom\u00e9ration.<\/span><\/p>\n<p><em><span style=\"font-weight: 400;\">\u201cJe me suis dit que j\u2019allais monter <strong>un projet social, \u00e9cologique et d\u2019insertion professionnelle<\/strong> autour de cette loi. Il y a une tranche de la population qui est en grande pr\u00e9carit\u00e9, qui est exactement la m\u00eame depuis 50 ans : <strong>les familles monoparentales.<\/strong>\u00a0Je me suis dit : <strong>\u201cComme on jette, moi je vais r\u00e9cup\u00e9rer.\u201d <\/strong>\u201d<\/span><\/em><\/p>\n<figure id=\"attachment_715184\" aria-describedby=\"caption-attachment-715184\" style=\"width: 1024px\" class=\"wp-caption alignnone\"><img loading=\"lazy\" decoding=\"async\" class=\"wp-image-715184 size-medium\" src=\"https:\/\/mrmondialisation.org\/wp-content\/uploads\/2025\/02\/fringuesstores3-1024x1024.jpg\" alt=\"\" width=\"1024\" height=\"1024\" srcset=\"https:\/\/mrmondialisation.org\/wp-content\/uploads\/2025\/02\/fringuesstores3-1024x1024.jpg 1024w, https:\/\/mrmondialisation.org\/wp-content\/uploads\/2025\/02\/fringuesstores3-150x150.jpg 150w, https:\/\/mrmondialisation.org\/wp-content\/uploads\/2025\/02\/fringuesstores3-768x768.jpg 768w, https:\/\/mrmondialisation.org\/wp-content\/uploads\/2025\/02\/fringuesstores3-696x696.jpg 696w, https:\/\/mrmondialisation.org\/wp-content\/uploads\/2025\/02\/fringuesstores3-1068x1068.jpg 1068w, https:\/\/mrmondialisation.org\/wp-content\/uploads\/2025\/02\/fringuesstores3-420x420.jpg 420w, https:\/\/mrmondialisation.org\/wp-content\/uploads\/2025\/02\/fringuesstores3.jpg 1300w\" sizes=\"auto, (max-width: 1024px) 100vw, 1024px\"\/><figcaption id=\"caption-attachment-715184\" class=\"wp-caption-text\">Jos\u00e9 Man\u00e7o collecte les v\u00eatements invendus pour les enfants \u00e2g\u00e9s de 0 \u00e0 12 ans. Photo publi\u00e9e avec l\u2019autorisation de Jos\u00e9 Man\u00e7o.<\/figcaption><\/figure>\n<h2><strong>Une cha\u00eene solidaire bien rod\u00e9e<\/strong><\/h2>\n<p><span style=\"font-weight: 400;\">Les trois axes de l\u2019association sont les suivants : <strong>aider, ins\u00e9rer et upcycler.<\/strong> Dans un premier temps, les membres de l\u2019association <strong>r\u00e9cup\u00e8rent des v\u00eatements, du mat\u00e9riel scolaire et des produits d\u2019hygi\u00e8ne invendus<\/strong> afin de les redonner aux familles monoparentales dans une boutique baptis\u00e9e <a target=\"_blank\" href=\"https:\/\/lesfringuesstoreassociatif.com\/store-associatif\"><strong>\u201cLe Store Associatif\u201d<\/strong>. <\/a><\/span><\/p>\n<p><span style=\"font-weight: 400;\">Ces dons sont faits par des grandes enseignes comme <strong>Carrefour, Intermarch\u00e9 ou Decathlon.<\/strong> Les articles r\u00e9cup\u00e9r\u00e9s par l\u2019association sont destin\u00e9s aux enfants \u00e2g\u00e9s de 0 \u00e0 12 ans. Chaque mois, <strong>plus d\u2019une tonne d\u2019invendus<\/strong> est r\u00e9cup\u00e9r\u00e9e par l\u2019association, et <strong>86% des v\u00eatements r\u00e9colt\u00e9s sont redonn\u00e9s aux familles<\/strong>.\u00a0<\/span><\/p>\n<p><span style=\"font-weight: 400;\">Le \u00ab\u00a0Store Associatif\u00a0\u00bb est une <strong>boutique d\u00e9di\u00e9e aux familles monoparentales<\/strong>, dans laquelle les m\u00e8res de famille peuvent trouver tout ce qu\u2019il faut pour r\u00e9pondre aux besoins de leurs enfants. <\/span><\/p>\n<p><span style=\"font-weight: 400;\">Elles peuvent \u00e9galement <strong>\u00e9changer avec des experts<\/strong>, comme des pu\u00e9ricultrices, des sages-femmes, des infirmi\u00e8res, des p\u00e9diatres et des assistantes sociales, pour recevoir des conseils. Si besoin, les membres de l\u2019association <strong>aident les familles sur leurs difficult\u00e9s au quotidien<\/strong> et les <strong>redirigent vers des structures sociales adapt\u00e9es.<\/strong><\/span><\/p>\n<blockquote>\n<p><span style=\"font-weight: 400;\"><em><strong>\u00ab\u00a0Je voulais cr\u00e9er un endroit qui permettrait aux familles de reprendre de la dignit\u00e9\u201d<\/strong><\/em><\/span><\/p>\n<\/blockquote>\n<p><span style=\"font-weight: 400;\"><em>\u201cJe ne voulais pas donner les v\u00eatements dans un hangar, \u00e0 m\u00eame le sol. Je me suis dit que j\u2019allais monter <strong>une boutique avec tous les codes<\/strong> : les petits cintres, les meubles, les mannequins\u2026 <strong>Je voulais cr\u00e9er un endroit qui permettrait aux familles de reprendre de la dignit\u00e9\u201d<\/strong><\/em>, a expliqu\u00e9 Jos\u00e9 Man\u00e7o.<\/span><\/p>\n<figure id=\"attachment_715181\" aria-describedby=\"caption-attachment-715181\" style=\"width: 1024px\" class=\"wp-caption alignnone\"><img loading=\"lazy\" decoding=\"async\" class=\"wp-image-715181 size-medium\" src=\"https:\/\/mrmondialisation.org\/wp-content\/uploads\/2025\/02\/fringuesstores2-1024x1024.jpg\" alt=\"\" width=\"1024\" height=\"1024\" srcset=\"https:\/\/mrmondialisation.org\/wp-content\/uploads\/2025\/02\/fringuesstores2-1024x1024.jpg 1024w, https:\/\/mrmondialisation.org\/wp-content\/uploads\/2025\/02\/fringuesstores2-150x150.jpg 150w, https:\/\/mrmondialisation.org\/wp-content\/uploads\/2025\/02\/fringuesstores2-768x768.jpg 768w, https:\/\/mrmondialisation.org\/wp-content\/uploads\/2025\/02\/fringuesstores2-696x696.jpg 696w, https:\/\/mrmondialisation.org\/wp-content\/uploads\/2025\/02\/fringuesstores2-1068x1068.jpg 1068w, https:\/\/mrmondialisation.org\/wp-content\/uploads\/2025\/02\/fringuesstores2-420x420.jpg 420w, https:\/\/mrmondialisation.org\/wp-content\/uploads\/2025\/02\/fringuesstores2.jpg 1300w\" sizes=\"auto, (max-width: 1024px) 100vw, 1024px\"\/><figcaption id=\"caption-attachment-715181\" class=\"wp-caption-text\">Le \u00ab\u00a0Store Associatif\u00a0\u00bb donne aux familles monoparentales tout ce dont les enfants ont besoin. Photo publi\u00e9e avec l\u2019autorisation de Jos\u00e9 Man\u00e7o.<\/figcaption><\/figure>\n<h2><strong>L\u2019insertion professionnelle par la couture et la r\u00e9paration<\/strong><\/h2>\n<p><span style=\"font-weight: 400;\">Les <strong>v\u00eatements d\u00e9fectueux<\/strong>, auxquels il manque des boutons ou des fermetures, sont <strong>r\u00e9par\u00e9s et redonn\u00e9s gratuitement par l\u2019association.<\/strong> Ceux qui sont trop ab\u00eem\u00e9s sont <strong>upcycl\u00e9s<\/strong>, ce qui signifie que les pi\u00e8ces en bon \u00e9tat sont r\u00e9cup\u00e9r\u00e9es afin de <strong>cr\u00e9er un nouveau produit.<\/strong> C\u2019est gr\u00e2ce \u00e0 l\u2019upcycling qu\u2019un vieux jean trouv\u00e9 peut \u00eatre transform\u00e9 en sac. <\/span><\/p>\n<p><span style=\"font-weight: 400;\">En plus de cela, <strong>des retouches<\/strong> peuvent \u00eatre effectu\u00e9es sur les v\u00eatements comme des ourlets, des changements de fermeture \u00e9clair ou encore des broderies. Les produits upcycl\u00e9s sont ensuite vendus dans la boutique des \u00ab\u00a0Fringues Store Associatif\u00a0\u00bb, situ\u00e9e dans le centre commercial de Saint-Maximin, et <strong>l\u2019argent gagn\u00e9 revient enti\u00e8rement \u00e0 l\u2019association.\u00a0<\/strong><\/span><\/p>\n<figure id=\"attachment_715179\" aria-describedby=\"caption-attachment-715179\" style=\"width: 1024px\" class=\"wp-caption alignnone\"><img loading=\"lazy\" decoding=\"async\" class=\"wp-image-715179 size-medium\" src=\"https:\/\/mrmondialisation.org\/wp-content\/uploads\/2025\/02\/fringuesstore-1024x1024.jpg\" alt=\"\" width=\"1024\" height=\"1024\" srcset=\"https:\/\/mrmondialisation.org\/wp-content\/uploads\/2025\/02\/fringuesstore-1024x1024.jpg 1024w, https:\/\/mrmondialisation.org\/wp-content\/uploads\/2025\/02\/fringuesstore-150x150.jpg 150w, https:\/\/mrmondialisation.org\/wp-content\/uploads\/2025\/02\/fringuesstore-768x768.jpg 768w, https:\/\/mrmondialisation.org\/wp-content\/uploads\/2025\/02\/fringuesstore-696x696.jpg 696w, https:\/\/mrmondialisation.org\/wp-content\/uploads\/2025\/02\/fringuesstore-1068x1068.jpg 1068w, https:\/\/mrmondialisation.org\/wp-content\/uploads\/2025\/02\/fringuesstore-420x420.jpg 420w, https:\/\/mrmondialisation.org\/wp-content\/uploads\/2025\/02\/fringuesstore.jpg 1300w\" sizes=\"auto, (max-width: 1024px) 100vw, 1024px\"\/><figcaption id=\"caption-attachment-715179\" class=\"wp-caption-text\">Les membres de l\u2019association r\u00e9parent et upcyclent les v\u00eatements ab\u00eem\u00e9s. Photo publi\u00e9e avec l\u2019autorisation de Jos\u00e9 Man\u00e7o.<\/figcaption><\/figure>\n<p><span style=\"font-weight: 400;\">Pour r\u00e9parer ces v\u00eatements, <strong>Jos\u00e9 Man\u00e7o favorise le r\u00e9emploi.<\/strong> Gr\u00e2ce \u00e0 son agr\u00e9ment de chantier d\u2019insertion, il aide les personnes tr\u00e8s \u00e9loign\u00e9es du march\u00e9 du travail \u00e0 <strong>se r\u00e9ins\u00e9rer socialement et professionnellement.<\/strong> <\/span><\/p>\n<p><span style=\"font-weight: 400;\">En partenariat avec l\u2019\u00e9cole de la deuxi\u00e8me chance de Creil, il travaille avec des <strong>jeunes \u00e2g\u00e9s de 16 \u00e0 25 ans en d\u00e9crochage scolaire, en situation de handicap ou en sortie de prison<\/strong>, mais aussi des <strong>femmes SDF, en situation de pr\u00e9carit\u00e9 ou demandeuses d\u2019asile<\/strong>.<\/span><\/p>\n<blockquote>\n<p><span style=\"font-weight: 400;\"><strong>\u00ab\u00a0100% des personnes ins\u00e9r\u00e9es au sein de l\u2019association ont r\u00e9ussi \u00e0 retrouver un emploi ou une formation par la suite\u00a0\u00bb.\u00a0<\/strong><\/span><\/p>\n<\/blockquote>\n<p><span style=\"font-weight: 400;\">Sur place, ces personnes apprennent \u00e0 <strong>g\u00e9rer une boutique<\/strong> (faire des vitrines, habiller des mannequins, ranger le magasin, r\u00e9ceptionner le stock, accueillir les clients), mais aussi les <strong>m\u00e9tiers de la couture.<\/strong>\u00a0<\/span><\/p>\n<p><span style=\"font-weight: 400;\">En plus de cela, des <strong>ateliers<\/strong> sont organis\u00e9s plusieurs fois par mois au sein du \u00ab\u00a0Store Associatif\u00a0\u00bb autour de la couture, la broderie, le dessin ou la cuisine, <strong>pour favoriser les rencontres. <\/strong><\/span><\/p>\n<p><span style=\"font-weight: 400;\">Des <strong>ateliers de sensibilisation autour des d\u00e9chets<\/strong> sont \u00e9galement disponibles dans la boutique du centre commercial. <strong>Gratuits et ouverts \u00e0 tous<\/strong>, ces ateliers permettent au grand public d\u2019apprendre \u00e0 <strong>r\u00e9parer les v\u00eatements au lieu de les jeter<\/strong>, et de profiter d\u2019un moment convivial autour de la r\u00e9paration et de la couture.\u00a0<\/span><\/p>\n<h2><strong>Des projets pour l\u2019association\u00a0<\/strong><\/h2>\n<p><span style=\"font-weight: 400;\">Au fil du temps, Jos\u00e9 Man\u00e7o a obtenu plusieurs labels : celui de <strong>\u201ccollecteur de textiles\u201d<\/strong> et de <strong>\u201cr\u00e9parateur textile\u201d.<\/strong>\u00a0<\/span><\/p>\n<p><span style=\"font-weight: 400;\">De novembre 2023 \u00e0 octobre 2024, <strong>87% des textiles collect\u00e9s ont \u00e9t\u00e9 donn\u00e9s \u00e0 plus de 200 familles monoparentales<\/strong> en grande pr\u00e9carit\u00e9 et <strong>4 680 pi\u00e8ces ont \u00e9t\u00e9 fabriqu\u00e9es \u00e0 partir de textiles d\u00e9fectueux.\u00a0<\/strong><\/span><\/p>\n<p><span style=\"font-weight: 400;\">Aujourd\u2019hui, Jos\u00e9 Man\u00e7o envisage l\u2019avenir sereinement pour son association. Depuis d\u00e9but f\u00e9vrier, des <strong>ateliers gratuits <\/strong>sont organis\u00e9s chaque jour dans la boutique, <strong>sur la r\u00e9paration et l\u2019upcycling<\/strong>, pour apprendre aux volontaires \u00e0 cr\u00e9er un tote bag ou une pochette avec de vieux v\u00eatements. Par la suite, Jos\u00e9 Man\u00e7o aimerait <strong>d\u00e9ployer son association dans d\u2019autres villes de France<\/strong>, notamment dans les zones o\u00f9 la pr\u00e9carit\u00e9 est importante, pour <strong>aider encore plus de familles dans le besoin.<\/strong><\/span><\/p>\n<p>Les suivre sur <a target=\"_blank\" href=\"https:\/\/www.instagram.com\/lesfringuesstoreassociatif\/\">Instagram<\/a> ou les soutenir sur leur <a target=\"_blank\" href=\"https:\/\/lesfringuesstoreassociatif.com\/shop\">site internet.\u00a0<\/a><\/p>\n<p style=\"text-align: right;\"><em>\u2013 Lisa Guinot<\/em><\/p>\n<div class=\"td-a-rec td-a-rec-id-content_bottom  tdi_2 td_block_template_1\">\n<span class=\"td-adspot-title\">&#8211; Cet article gratuit et ind\u00e9pendant existe gr\u00e2ce \u00e0 vous &#8211;<\/span><\/p>\n<div class=\"td-all-devices\">\n    <a target=\"_blank\" href=\"https:\/\/mrmondialisation.org\/donation\/\" title=\"Faire_un_don\"><img decoding=\"async\" class=\"donationArticle\" src=\"https:\/\/mrmondialisation.org\/wp-content\/uploads\/2022\/12\/220405-flikalicious-final.jpg\" alt=\"Donation\"\/><\/a>\n<\/div>\n<\/div><\/div>\n<p><script async defer src=\"https:\/\/platform.instagram.com\/en_US\/embeds.js\"><\/script><br \/>\n<br \/><br \/>\n<br \/><a href=\"https:\/\/mrmondialisation.org\/jose-repare-vetements-familles-precaires\/\" target=\"_blank\"\">Source link <\/a><\/p>\n","protected":false},"excerpt":{"rendered":"<p>Il y a trois ans, Jos\u00e9 Man\u00e7o a fond\u00e9 l\u2019association \u201cLes Fringues Store Associatif\u201d dans le but de r\u00e9cup\u00e9rer des produits invendus, comme des v\u00eatements, du mat\u00e9riel scolaire et des&hellip; <\/p>\n","protected":false},"author":1,"featured_media":4417,"comment_status":"open","ping_status":"open","sticky":false,"template":"","format":"standard","meta":{"footnotes":""},"categories":[1],"tags":[],"class_list":["post-4416","post","type-post","status-publish","format-standard","has-post-thumbnail","hentry","category-non-classe"],"_links":{"self":[{"href":"https:\/\/monde25.info\/index.php\/wp-json\/wp\/v2\/posts\/4416","targetHints":{"allow":["GET"]}}],"collection":[{"href":"https:\/\/monde25.info\/index.php\/wp-json\/wp\/v2\/posts"}],"about":[{"href":"https:\/\/monde25.info\/index.php\/wp-json\/wp\/v2\/types\/post"}],"author":[{"embeddable":true,"href":"https:\/\/monde25.info\/index.php\/wp-json\/wp\/v2\/users\/1"}],"replies":[{"embeddable":true,"href":"https:\/\/monde25.info\/index.php\/wp-json\/wp\/v2\/comments?post=4416"}],"version-history":[{"count":0,"href":"https:\/\/monde25.info\/index.php\/wp-json\/wp\/v2\/posts\/4416\/revisions"}],"wp:featuredmedia":[{"embeddable":true,"href":"https:\/\/monde25.info\/index.php\/wp-json\/wp\/v2\/media\/4417"}],"wp:attachment":[{"href":"https:\/\/monde25.info\/index.php\/wp-json\/wp\/v2\/media?parent=4416"}],"wp:term":[{"taxonomy":"category","embeddable":true,"href":"https:\/\/monde25.info\/index.php\/wp-json\/wp\/v2\/categories?post=4416"},{"taxonomy":"post_tag","embeddable":true,"href":"https:\/\/monde25.info\/index.php\/wp-json\/wp\/v2\/tags?post=4416"}],"curies":[{"name":"wp","href":"https:\/\/api.w.org\/{rel}","templated":true}]}}