{"id":442,"date":"2024-11-19T06:45:35","date_gmt":"2024-11-19T05:45:35","guid":{"rendered":"https:\/\/monde25.info\/index.php\/2024\/11\/19\/un-second-foyer-detecte-dans-le-var\/"},"modified":"2024-11-19T06:45:35","modified_gmt":"2024-11-19T05:45:35","slug":"un-second-foyer-detecte-dans-le-var","status":"publish","type":"post","link":"https:\/\/monde25.info\/index.php\/2024\/11\/19\/un-second-foyer-detecte-dans-le-var\/","title":{"rendered":"un second foyer d\u00e9tect\u00e9 dans le Var"},"content":{"rendered":"<p> <br \/>\n<\/p>\n<div style=\"position:relative;\">\n        <picture><source type=\"image\/webp\" srcset=\"https:\/\/reporterre.net\/local\/cache-gd2\/fb\/c8fdf309659d0b2eaa3c0f4465991c.jpg@.webp?1731945628\"><img loading=\"lazy\" decoding=\"async\" src=\"https:\/\/reporterre.net\/local\/cache-gd2\/fb\/c8fdf309659d0b2eaa3c0f4465991c.jpg?1731945628\" width=\"720\" height=\"480\" alt=\"Fourmis \u00e9lectriques invasives\u00a0: un second foyer d\u00e9tect\u00e9 dans le Var\" class=\"image_logo voir_logo\"\/><\/p>\n<p><\/source><\/picture>\n<p class=\"legende_logo\">La fourmi \u00e9lectrique ne mesure qu&rsquo;1,5 mm, mais son nombre et sa piq\u00fbre sont assez puissants pour amenuiser la biodiversit\u00e9 de for\u00eats enti\u00e8res.  <span class=\"copyright_logo\">&#8211; \u00a9 AntWeb.org \/ CC BY-SA 3.0 &#8211; April Nobile \/ \u00a9 AntWeb.org \/ CC BY-SA 3.0 ; montage Reporterre<\/span><\/p>\n<p class=\"legende_logo_480\">La fourmi \u00e9lectrique ne mesure qu&rsquo;1,5 mm, mais son nombre et sa piq\u00fbre sont assez puissants pour amenuiser la biodiversit\u00e9 de for\u00eats enti\u00e8res.  <span class=\"copyright_logo\">&#8211; \u00a9 AntWeb.org \/ CC BY-SA 3.0 &#8211; April Nobile \/ \u00a9 AntWeb.org \/ CC BY-SA 3.0 ; montage Reporterre<\/span><\/p>\n<\/p><\/div>\n<div>\n        <span class=\"date\">18 novembre 2024  \u00e0 17h00<\/span><\/p>\n<p class=\"duree_lecture\">\n        Dur\u00e9e de lecture : 2 minutes\n      <\/p>\n<\/p><\/div>\n<div>\n<p>Son millim\u00e8tre et demi de longueur n\u2019emp\u00eache pas <i>Wasmannia auropunctata<\/i> d\u2019\u00eatre l\u2019une des esp\u00e8ces les plus envahissantes au monde. D\u00e9tect\u00e9e pour la premi\u00e8re fois en France en 2022 \u00e0 Toulon dans le Var, la fourmi \u00e9lectrique a \u00e9t\u00e9 rep\u00e9r\u00e9e dans un second foyer \u00e0 La Croix-Valmer, <a target=\"_blank\" href=\"https:\/\/www.radiofrance.fr\/franceinter\/podcasts\/l-info-de-france-inter\/l-info-de-france-inter-3492801\" class=\"spip_out\" rel=\"external\">rapporte France Inter<\/a>. Ces deux infestations ne semblent toutefois pas directement li\u00e9es. Insecte jaune orang\u00e9 originaire d\u2019Am\u00e9rique du Sud, il inflige des piq\u00fbres rappelant des d\u00e9charges \u00e9lectriques, ce qui lui a valu son nom.<\/p>\n<p>D\u00e9j\u00e0 pr\u00e9sente sur plusieurs continents, la fourmi \u00e9lectrique profite du commerce international, notamment de plantes ornementales, pour s\u2019\u00e9tendre. Sa capacit\u00e9 d\u2019adaptation au climat m\u00e9diterran\u00e9en renforce son potentiel invasif. Son mode de reproduction facilite \u00e9galement son expansion\u00a0: les reines et les m\u00e2les se reproduisent par parth\u00e9nogen\u00e8se, une forme de clonage, transmettant int\u00e9gralement leur patrimoine g\u00e9n\u00e9tique, tandis que leurs g\u00e8nes combin\u00e9s donnent naissance \u00e0 des ouvri\u00e8res, qui bien que st\u00e9riles, assurent le fonctionnement des colonies.<\/p>\n<h2 class=\"spip\">Une menace pour la biodiversit\u00e9<\/h2>\n<p>Malgr\u00e9 sa taille, la fourmi \u00e9lectrique se montre extr\u00eamement agressive et constitue une menace pour la biodiversit\u00e9. Elle peut d\u00e9cimer des populations d\u2019insectes et d\u00e9s\u00e9quilibrer les cha\u00eenes alimentaires, comme constat\u00e9 en Nouvelle-Cal\u00e9donie. Dans les zones infest\u00e9es, sa pr\u00e9dation est telle que les insectes et les animaux disparaissent, d\u00e9rang\u00e9s ou directement \u00e9limin\u00e9s par celle-ci.<\/p>\n<p>Class\u00e9e depuis 2022 parmi les esp\u00e8ces exotiques envahissantes pr\u00e9occupantes pour l\u2019Union europ\u00e9enne, la fourmi \u00e9lectrique ne peut \u00eatre l\u00e9galement import\u00e9e, transport\u00e9e ou rel\u00e2ch\u00e9e dans la nature. Pourtant, la lutte contre sa prolif\u00e9ration reste complexe, notamment en raison de sa r\u00e9sistance aux fourmicides utilis\u00e9s en Europe et \u00e0 la difficult\u00e9 de d\u00e9tecter ses colonies, compos\u00e9es non pas d\u2019une grande fourmili\u00e8re mais de plusieurs nids interconnect\u00e9s.<\/p>\n<aside class=\"boite_encarts\">\n<div class=\"encart encart_gris noprint\">\n<p><strong>Il est de retour.<\/strong><\/p>\n<p>Dans quelques semaines, Donald Trump se r\u00e9-installera \u00e0 la Maison Blanche.<\/p>\n<p>Un milliardaire, pour qui le r\u00e9chauffement climatique est \u00ab<small class=\"fine d-inline\">\u00a0<\/small>un canular<small class=\"fine d-inline\">\u00a0<\/small>\u00bb, sera \u00e0 la t\u00eate de la plus grande puissance mondiale.<\/p>\n<p>Dans une d\u00e9cennie cruciale pour l\u2019\u00e9cologie, nous ne pouvons pas nous permettre de perdre plus de temps.<\/p>\n<p>La soci\u00e9t\u00e9 civile doit continuer de se soulever, de se mobiliser et de faire pression sur les puissants.<\/p>\n<p>Mais pour agir, il faut savoir.<\/p>\n<p><strong>Depuis 11 ans, nous publions des articles de qualit\u00e9 sur l\u2019\u00e9cologie, en acc\u00e8s libre et sans publicit\u00e9, pour tous.<\/strong><\/p>\n<p>Nous avons la conviction que l\u2019urgence \u00e9cologique est l\u2019enjeu majeur de notre \u00e9poque.<br class=\"autobr\"\/><br \/>\n Et comme plus de 2 millions de lectrices et lecteurs chaque mois, vous partagez sans doute cette conviction&#8230;<\/p>\n<p>Alors si vous en avez les moyens, sachez qu\u2019un don, m\u00eame d\u20191\u20ac, est un acte de soutien fort pour l\u2019\u00e9cologie et le journalisme ind\u00e9pendant.<br class=\"autobr\"\/><br \/>\n (Et \u00e7a vous prendra moins de temps que la lecture de ce texte).<\/p>\n<p><strong>Si vous le pouvez, choisissez un soutien mensuel. Merci.<\/strong><\/p>\n<p><a target=\"_blank\" href=\"https:\/\/reporterre.net\/dons\" class=\"bt_soutenir\">Je soutiens <i>Reporterre<\/i><\/a><\/p>\n<\/p><\/div>\n<div class=\"encart encart_vert noprint montre_1023\">\n<div class=\"infolettre-form-container noprint\">\n<p>Abonnez-vous \u00e0 la lettre d\u2019info de Reporterre<\/p>\n<\/div><\/div>\n<\/aside>\n<aside class=\"boite_apresarticle encart_note\">\n<h4>Apr\u00e8s cet article<\/h4>\n<p>      <a target=\"_blank\" href=\"https:\/\/reporterre.net\/Une-fourmi-invasive-et-agressive-debarque-a-Strasbourg\" class=\"lien_article\">\n      <picture class=\"vignette_gauche\"><source type=\"image\/webp\" srcset=\"https:\/\/reporterre.net\/local\/cache-gd2\/b4\/7e457a9a7a31cb12c763b1a49304e1.jpg@.webp?1730183391\"><img decoding=\"async\" src=\"https:\/\/reporterre.net\/local\/cache-gd2\/b4\/7e457a9a7a31cb12c763b1a49304e1.jpg?1730183391\" width=\"450\" height=\"300\" alt=\"\" class=\"marge12\" loading=\"lazy\"\/><br \/>\n<\/source><\/picture>\n<p class=\"libelle\">\n<p>      Animaux\n    <\/p>\n<p class=\"titre pol20\">Une fourmi invasive et agressive d\u00e9barque \u00e0 Strasbourg<\/p>\n<p>      <\/a><br \/>\n    <\/aside>\n<aside class=\"boite_complement texte\">\n<p>      <!-- zone_forum --><br \/>\n          <\/aside>\n<aside class=\"boite_lireaussi noprint\">\n<\/aside>\n<aside class=\"colonne\">\n<div class=\"article_info cache_1023 noprint\">\n        <span class=\"date\">18 novembre 2024  \u00e0 17h00<\/span><\/p>\n<p class=\"duree_lecture\">\n        Dur\u00e9e de lecture : 2 minutes\n      <\/p>\n<\/p><\/div>\n<div class=\"bloc_infolettre\">\n<div class=\"infolettre-form-container noprint\">\n<p>Abonnez-vous \u00e0 la lettre d\u2019info de Reporterre<\/p>\n<\/div><\/div>\n<\/aside>\n<div id=\"galerie\">\n  <img decoding=\"async\" src=\"\" class=\"principale\" id=\"principale\"\/><\/p>\n<p id=\"legende\">legende<\/p>\n<\/div>\n<footer class=\"noprint\">\n<\/footer>\n<\/div>\n<p><br \/>\n<br \/><a href=\"https:\/\/reporterre.net\/Fourmis-electriques-invasives-un-second-foyer-detecte-dans-le-Var\" target=\"_blank\"\">Source link <\/a><\/p>\n","protected":false},"excerpt":{"rendered":"<p>La fourmi \u00e9lectrique ne mesure qu&rsquo;1,5 mm, mais son nombre et sa piq\u00fbre sont assez puissants pour amenuiser la biodiversit\u00e9 de for\u00eats enti\u00e8res. &#8211; \u00a9 AntWeb.org \/ CC BY-SA 3.0&hellip; <\/p>\n","protected":false},"author":1,"featured_media":443,"comment_status":"open","ping_status":"open","sticky":false,"template":"","format":"standard","meta":{"footnotes":""},"categories":[1],"tags":[],"class_list":["post-442","post","type-post","status-publish","format-standard","has-post-thumbnail","hentry","category-non-classe"],"_links":{"self":[{"href":"https:\/\/monde25.info\/index.php\/wp-json\/wp\/v2\/posts\/442","targetHints":{"allow":["GET"]}}],"collection":[{"href":"https:\/\/monde25.info\/index.php\/wp-json\/wp\/v2\/posts"}],"about":[{"href":"https:\/\/monde25.info\/index.php\/wp-json\/wp\/v2\/types\/post"}],"author":[{"embeddable":true,"href":"https:\/\/monde25.info\/index.php\/wp-json\/wp\/v2\/users\/1"}],"replies":[{"embeddable":true,"href":"https:\/\/monde25.info\/index.php\/wp-json\/wp\/v2\/comments?post=442"}],"version-history":[{"count":0,"href":"https:\/\/monde25.info\/index.php\/wp-json\/wp\/v2\/posts\/442\/revisions"}],"wp:featuredmedia":[{"embeddable":true,"href":"https:\/\/monde25.info\/index.php\/wp-json\/wp\/v2\/media\/443"}],"wp:attachment":[{"href":"https:\/\/monde25.info\/index.php\/wp-json\/wp\/v2\/media?parent=442"}],"wp:term":[{"taxonomy":"category","embeddable":true,"href":"https:\/\/monde25.info\/index.php\/wp-json\/wp\/v2\/categories?post=442"},{"taxonomy":"post_tag","embeddable":true,"href":"https:\/\/monde25.info\/index.php\/wp-json\/wp\/v2\/tags?post=442"}],"curies":[{"name":"wp","href":"https:\/\/api.w.org\/{rel}","templated":true}]}}