{"id":4426,"date":"2025-03-14T16:53:59","date_gmt":"2025-03-14T15:53:59","guid":{"rendered":"https:\/\/monde25.info\/index.php\/2025\/03\/14\/lirruption-de-lia-au-travail-necessite-une-vigilance-imperative\/"},"modified":"2025-03-14T16:53:59","modified_gmt":"2025-03-14T15:53:59","slug":"lirruption-de-lia-au-travail-necessite-une-vigilance-imperative","status":"publish","type":"post","link":"https:\/\/monde25.info\/index.php\/2025\/03\/14\/lirruption-de-lia-au-travail-necessite-une-vigilance-imperative\/","title":{"rendered":"L\u2019irruption de l\u2019IA au travail n\u00e9cessite une vigilance imp\u00e9rative"},"content":{"rendered":"<p> <br \/>\n<\/p>\n<div>\n<p class=\"dropcap-wrapper\"><span aria-hidden=\"true\" data-nosnippet=\"\"><span class=\"dropcap\">L\u2019<\/span>intelligence<\/span><span class=\"screen-reader-only\">L\u2019intelligence<\/span> artificielle, elles et eux l\u2019ont d\u00e9j\u00e0 prise de plein fouet dans leur environnement professionnel. Le 10 f\u00e9vrier dernier, \u00e0 quelques centaines de m\u00e8tres du lieu parisien o\u00f9 se tenait le tr\u00e8s officiel <a target=\"_blank\" href=\"https:\/\/www.mediapart.fr\/journal\/france\/120225\/ia-le-grand-sommet-de-la-dissonance-cognitive\">sommet pour l\u2019IA<\/a> voulu par Emmanuel Macron, une poign\u00e9e de salari\u00e9\u00b7es \u00e9taient r\u00e9uni\u00b7es au th\u00e9\u00e2tre de la Concorde (VIII<sup>e<\/sup> arrondissement), \u00e0 l\u2019appel du philosophe \u00c9ric Sadin, pour t\u00e9moigner de ce que l\u2019irruption des <i>chatbots <\/i>de l\u2019IA g\u00e9n\u00e9rative et autres process automatis\u00e9s fait \u00e0 leur travail.<\/p>\n<p><i>\u00ab\u00a0L\u2019IA, on en d\u00e9couvre partout, il est impossible de la quantifier, on fait tout pour nous cacher les informations<\/i>, a t\u00e9moign\u00e9 Marie Vairon, secr\u00e9taire g\u00e9n\u00e9rale de la f\u00e9d\u00e9ration Sud PTT \u00e0 La Poste. <i>Les syndicats et les postiers ne sont pas du tout inform\u00e9s et consult\u00e9s.\u00a0\u00bb<\/i><\/p>\n<p>Depuis 2016, l\u2019entreprise publique d\u00e9veloppe et exp\u00e9rimente de nombreux projets li\u00e9s \u00e0 l\u2019intelligence artificielle, de \u00ab\u00a0Pop IA\u00a0\u00bb qui g\u00e8re depuis 2023 les plannings des guichetiers et guicheti\u00e8res, \u00e0 Lucy, le robot conversationnel qui r\u00e9pond tous les ans depuis trois ans \u00e0 des centaines de milliers d\u2019appels identifi\u00e9s comme simples, notamment ceux des client\u00b7es interrogeant le solde de leur compte bancaire.<\/p>\n<figure class=\"media media--image format-100-pcent _align:left orientation-landscape\" data-js=\"media\"><figcaption class=\"legend\">\n                                        <span class=\"legend-author\"> \u00a9\u00a0Illustration Simon Toupet \/ Mediapart<\/span><br \/>\n                    <\/figcaption><template data-template-media-modal=\"\"><br \/>\n    <button type=\"button\" class=\"media-modal-opener\"><br \/>\n        <svg xmlns=\"http:\/\/www.w3.org\/2000\/svg\" class=\"icon\" aria-hidden=\"true\" focusable=\"false\" height=\"16\" width=\"16\" viewbox=\"0 0 32 32\">  <path fill-rule=\"evenodd\" d=\"M7 25v-6.75h1.5V25H7Z\" clip-rule=\"evenodd\"\/>  <path fill-rule=\"evenodd\" d=\"M7 23.5h6.75V25H7v-1.5Z\" clip-rule=\"evenodd\"\/>  <path fill-rule=\"evenodd\" d=\"M13.894 19.166 8.061 25 7 23.94l5.834-5.834 1.06 1.06ZM25 7v6.75h-1.5V7H25Z\" clip-rule=\"evenodd\"\/>  <path fill-rule=\"evenodd\" d=\"M25 8.5h-6.75V7H25v1.5Z\" clip-rule=\"evenodd\"\/>  <path fill-rule=\"evenodd\" d=\"M18.106 12.834 23.939 7 25 8.06l-5.834 5.834-1.06-1.06Z\" clip-rule=\"evenodd\"\/><\/svg><br \/>\n        <span>Agrandir l\u2019image : Illustration 1<\/span><br \/>\n    <\/button><\/p>\n<p><\/template><br \/>\n<\/figure>\n<p><i>\u00ab\u00a0Aujourd\u2019hui, une IA sait comment est compos\u00e9e ma famille, si je suis une bonne vendeuse, si j\u2019ai \u00e9t\u00e9 sanctionn\u00e9e pendant ma carri\u00e8re\u2026 sans que j\u2019en sois aucunement inform\u00e9e\u00a0\u00bb<\/i>, a point\u00e9 la syndicaliste, pour qui <i>\u00ab\u00a0l\u2019intelligence artificielle est pr\u00e9sente partout dans le groupe\u00a0\u00bb<\/i>, La Poste \u00e9tant <i>\u00ab\u00a0un laboratoire, qui utilise les postiers et les posti\u00e8res comme une exp\u00e9rimentation\u00a0\u00bb<\/i>.<\/p>\n<p>Autre service public, autre femme s\u2019alarmant de la mani\u00e8re dont on lui demande de travailler. Sandrine Larizza, de la CGT France Travail, a dit sa conviction que les <i>\u00ab\u00a0machines\u00a0\u00bb<\/i> sont l\u00e0 pour faire <i>\u00ab\u00a0travailler de plus en plus vite, avec de moins en moins de moyens\u00a0\u00bb<\/i>.<\/p>\n<p>D\u00e9but f\u00e9vrier, France Travail <a target=\"_blank\" href=\"https:\/\/www.francetravail.org\/accueil\/communiques\/pole-emploi-se-dote-dune-charte-pour-une-utilisation-ethique-de-lintelligence-artificielle.html?type=article\" target=\"_blank\" rel=\"noopener\">a annonc\u00e9<\/a> le d\u00e9ploiement de deux outils \u00e9labor\u00e9s par la start-up fran\u00e7aise Mistral AI. Le premier est un robot conversationnel destin\u00e9 \u00e0 aider les conseillers \u00e0 r\u00e9diger leurs \u00e9changes \u00e9crits avec les demandeurs d\u2019emploi, le second se charge de pr\u00e9s\u00e9lectionner des candidat\u00b7es susceptibles de correspondre \u00e0 une offre d\u2019emploi, et de les contacter par SMS <i>\u00ab\u00a0afin de les questionner sur leur int\u00e9r\u00eat\u00a0\u00bb<\/i>.<\/p>\n<p><i>\u00ab\u00a0\u00c0 chaque fois qu\u2019un outil technologique ou qu\u2019un algorithme arrive, ce sont des mesures archa\u00efques d\u2019organisation du travail qui arrivent<\/i>, a d\u00e9nonc\u00e9 la syndicaliste, tr\u00e8s applaudie dans la salle comble.<i> On fait des microt\u00e2ches \u00e0 la cha\u00eene, on vit une industrialisation de nos m\u00e9tiers.\u00a0\u00bb<\/i><\/p>\n<h2 data-mediapart-role=\"subheading\" class=\"subheading\">M\u00e9tiers menac\u00e9s<\/h2>\n<p>La vague, qui d\u00e9marre timidement dans le monde du travail fran\u00e7ais (l\u2019OCDE <a target=\"_blank\" href=\"https:\/\/www.oecd.org\/fr\/themes\/transformation-numerique.html\">juge<\/a> que notre pays est l\u2019un des derniers pour la p\u00e9n\u00e9tration de cette technologie dans ses entreprises), a de bonnes chances de se poursuivre dans le service public. Dans sa d\u00e9claration de politique g\u00e9n\u00e9rale le 14 janvier, le premier ministre Fran\u00e7ois Bayrou n\u2019a-t-il pas <a target=\"_blank\" href=\"https:\/\/www.vie-publique.fr\/discours\/296842-francois-bayrou-14012025-declaration-politique-generale-l\" target=\"_blank\" rel=\"noopener\">appel\u00e9 de ses v\u0153ux<\/a> <i>\u00ab\u00a0le d\u00e9ploiement de l\u2019intelligence artificielle dans nos services publics\u00a0\u00bb\u00a0<\/i>?<\/p>\n<aside data-mediapart-role=\"read-also\" class=\"read-also\" aria-label=\"\u00c0 lire aussi\">\n<header>\n    <svg xmlns=\"http:\/\/www.w3.org\/2000\/svg\" class=\"icon color:ui-alert\" aria-hidden=\"true\" focusable=\"false\" height=\"16\" width=\"16\" viewbox=\"0 0 32 32\">  <path fill-rule=\"evenodd\" d=\"M18.332 5.257a1 1 0 0 1 1.413.074l9 10a1 1 0 0 1 0 1.338l-9 10a1 1 0 0 1-1.487-1.338L25.756 17H4.001a1 1 0 1 1 0-2h21.755l-7.498-8.331a1 1 0 0 1 .075-1.412Z\" clip-rule=\"evenodd\"\/><\/svg><\/p>\n<p>\u00c0 lire aussi<\/p>\n<\/header>\n<article>\n            <a target=\"_blank\" data-smarttag=\"\" data-smarttag-name=\"a_lire_aussi\" data-smarttag-chapter1=\"recirculation\" data-smarttag-chapter2=\"corps_article\" data-smarttag-level2=\"9\" data-smarttag-type=\"navigation\" href=\"https:\/\/www.mediapart.fr\/journal\/economie-et-social\/090225\/l-intelligence-artificielle-boite-noire-au-succes-fulgurant-et-aux-limites-vertigineuses\"><br \/>\n                                                            <span class=\"media-container hidden@until-lg\" style=\"--aspect-ratio: 1.5; --media-src-lg: url('https:\/\/static.mediapart.fr\/etmagine\/read_also\/files\/2025\/02\/07\/250207-img-l-intelligence-artificielle-boite-noire-au-succes-fulgurant-et-aux-limites-vertigineuses-1.jpg');\"><br \/>\n                        <\/span><br \/>\n                                                    <span>L\u2019intelligence artificielle, bo\u00eete noire au succ\u00e8s fulgurant et aux limites vertigineuses<\/span><br \/>\n            <\/a><\/p>\n<\/article>\n<\/aside>\n<p>Dans une tribune au <i>Journal du dimanche, <\/i>la ministre du travail Astrid Panosyan-Bouvet a pour sa part <a target=\"_blank\" href=\"https:\/\/www.lejdd.fr\/economie\/intelligence-artificielle-la-ministre-du-travail-exhorte-les-entreprises-a-passer-a-laction-154744\">exhort\u00e9<\/a> les entreprises \u00e0 plonger dans le grand bain, jugeant qu\u2019<i>\u00ab\u00a0en mati\u00e8re de comp\u00e9titivit\u00e9, d\u2019emploi et de travail, le vrai risque de l\u2019IA est que nous passions \u00e0 c\u00f4t\u00e9\u00a0\u00bb<\/i>, applaudissant une <i>\u00ab\u00a0innovation de rupture [qui] concerne tous les secteurs\u00a0\u00bb<\/i>.<\/p>\n<p>Et cela, malgr\u00e9 les tr\u00e8s nombreuses limites de l\u2019IA g\u00e9n\u00e9rative, dont le mod\u00e8le s\u2019est impos\u00e9 dans le d\u00e9bat public et la conscience publique depuis l\u2019apparition de ChatGPT fin 2022\u00a0: co\u00fbt \u00e9cologique d\u00e9sastreux, erreurs consubstantielles au mod\u00e8le probabiliste qu\u2019utilisent ces <i>bots<\/i>, exploitation de travailleurs et travailleuses pr\u00e9caires des pays du Sud global pour nourrir et corriger les algorithmes.<\/p>\n<p>Pour certains, <i>\u00ab\u00a0l\u2019innovation\u00a0\u00bb <\/i>s\u2019est d\u00e9j\u00e0 brutalement impos\u00e9e. Au th\u00e9\u00e2tre de la Concorde, la traductrice Pauline Tardieu-Collinet, du collectif <a target=\"_blank\" href=\"https:\/\/enchairetenos.org\/\" target=\"_blank\" rel=\"noopener\">En chair et en os<\/a>, a t\u00e9moign\u00e9 du bouleversement d\u00e9j\u00e0 \u00e0 l\u2019\u0153uvre dans son m\u00e9tier. <i>\u00ab\u00a0<\/i><i>De plus en plus de contrats ne proposent plus de traduire, mais de faire de la post-\u00e9dition\u00a0\u00bb<\/i>, c\u2019est-\u00e0-dire la r\u00e9vision, fastidieuse et porteuse de perte de sens, d\u2019une traduction automatique.<\/p>\n<p><i>\u00ab\u00a0On est d\u00e9poss\u00e9d\u00e9s de nos savoir-faire, du sens de notre travail et de notre responsabilit\u00e9\u00a0\u00bb<\/i>, a d\u00e9plor\u00e9 la professionnelle. Les doubleurs du collectif <a target=\"_blank\" href=\"https:\/\/www.instagram.com\/touchepasmavf\/?hl=fr\" target=\"_blank\" rel=\"noopener\">Touche pas \u00e0 ma VF<\/a> ne disent pas autre chose, eux dont le remplacement par des voix de synth\u00e8se est d\u00e9j\u00e0 lanc\u00e9 dans certaines productions audiovisuelles.<\/p>\n<p>Les journalistes sont \u00e9galement concern\u00e9s. Le contre-sommet \u00e9tait coorganis\u00e9 par \u00c9ric Barbier, journaliste \u00e0 <i>L\u2019Est r\u00e9publicain<\/i> et l\u2019un des responsables nationaux du Syndicat national des journalistes. Le groupe de presse Ebra, qui a aval\u00e9 tous les quotidiens r\u00e9gionaux de l\u2019Est de la France, <a target=\"_blank\" href=\"https:\/\/www.ebra.fr\/actualites\/2024\/10\/03\/l-ia-dans-les-redactions\" target=\"_blank\" rel=\"noopener\">exp\u00e9rimente d\u00e9j\u00e0<\/a> avec ChatGPT, qu\u2019il charge de relire, de corriger et de titrer certains contenus.<\/p>\n<p><i>\u00ab\u00a0On n\u2019a pas demand\u00e9 leur avis aux journalistes\u00a0\u00bb<\/i>, a d\u00e9nonc\u00e9 \u00c9ric Barbier, qui rappelle que les journalistes charg\u00e9s de ce r\u00f4le sont <i>\u00ab<\/i>\u00a0<i>en train de programmer [leur] propre obsolescence en utilisant cet outil\u00a0\u00bb<\/i>.<\/p>\n<p><i>\u00ab\u00a0Comment ne pas voir qu\u2019en tant que paradigme industriel, l\u2019IA a d\u2019ores et d\u00e9j\u00e0 des cons\u00e9quences d\u00e9sastreuses\u00a0?\u00a0\u00bb<\/i>, <a target=\"_blank\" href=\"https:\/\/hiatus.ooo\/\" target=\"_blank\" rel=\"noopener\">interpelle<\/a> le collectif Hiatus, qui regroupe nombre d\u2019acteurs de la soci\u00e9t\u00e9 civile, comme la LDH, La Quadrature du Net, Attac\u2026 <i>\u00ab\u00a0De l\u2019agriculture aux m\u00e9tiers artistiques en passant par bien d\u2019autres secteurs professionnels, elle amplifie le processus de d\u00e9qualification et de d\u00e9possession vis-\u00e0-vis de l\u2019outil de travail, tout en renfor\u00e7ant le contr\u00f4le manag\u00e9rial\u00a0\u00bb<\/i>, attaque le manifeste.<\/p>\n<h2 data-mediapart-role=\"subheading\" class=\"subheading\">Erreurs \u00e0 r\u00e9p\u00e9tition<\/h2>\n<p>Certaines professions sont donc en danger, et le savent. D\u2019autres ne sont touch\u00e9es que de tr\u00e8s loin, malgr\u00e9 les discours volontaristes de plus en plus pr\u00e9gnants. <i>\u00ab\u00a0Identifier les r\u00e9els cas d\u2019usage est un vrai enjeu, la cartographie est difficile car les r\u00e9alit\u00e9s sont tr\u00e8s diverses selon les secteurs\u00a0\u00bb<\/i>, souligne aupr\u00e8s de Mediapart Odile Chagny, \u00e9conomiste sp\u00e9cialis\u00e9e dans la transformation num\u00e9rique et le dialogue social \u00e0 l\u2019Institut de recherches \u00e9conomiques et sociales (Ires, le think tank des syndicats).<\/p>\n<p>En 2013, l\u2019\u00e9tude<i> <\/i>\u00ab\u00a0Frey et Osborne\u00a0\u00bb r\u00e9alis\u00e9e par deux chercheurs de l\u2019universit\u00e9 britannique d\u2019Oxford est <a target=\"_blank\" href=\"https:\/\/oms-www.files.svdcdn.com\/production\/downloads\/academic\/The_Future_of_Employment.pdf\" target=\"_blank\" rel=\"noopener\">devenue c\u00e9l\u00e8bre<\/a> parce qu\u2019elle annon\u00e7ait que 47\u00a0% des emplois am\u00e9ricains risquaient d\u2019\u00eatre automatis\u00e9s \u00e0 terme. On en est encore loin. <i>\u00ab\u00a0Il est tr\u00e8s compliqu\u00e9 d\u2019anticiper les \u00e9volutions. On nous annon\u00e7ait la fin des radiologues, par exemple, et puis on s\u2019est rendu compte que l\u2019interpr\u00e9tation des images, c\u2019est seulement 20\u00a0% de leur activit\u00e9 et que le reste n\u2019est pas automatisable\u00a0\u00bb<\/i>, explique Nicolas Blanc, secr\u00e9taire national \u00e0 la transition \u00e9conomique de la CFE-CGC.<\/p>\n<figure data-mediapart-role=\"quote\" class=\"quote\">\n<blockquote>\n<p>Dans certaines entreprises, ce ne sont plus les services des ressources humaines qui s\u00e9lectionnent les bons profils mais des intelligences artificielles qui s\u2019en occupent.<\/p>\n<\/blockquote><figcaption>La chercheuse Pierrette Howayeck<\/figcaption><\/figure>\n<p>Dans le monde du travail, on d\u00e9nombre des initiatives plus ou moins \u00e9parses. Dans la banque et l\u2019assurance, l\u2019IA est sollicit\u00e9e pour le \u00ab\u00a0<i>scoring<\/i>\u00a0\u00bb des client\u00b7es \u00e0 venir et pour trier ou cat\u00e9goriser les flots de messages \u00e0 traiter dans les relations avec les assur\u00e9\u00b7es. Chez les d\u00e9veloppeurs et d\u00e9veloppeuses informatiques, l\u2019assistance \u00e0 l\u2019\u00e9criture ou \u00e0 la correction de code est d\u00e9j\u00e0 une r\u00e9alit\u00e9.<\/p>\n<p><i>\u00ab\u00a0Dans certaines entreprises, ce ne sont plus les services des ressources humaines qui s\u00e9lectionnent les bons profils, mais des intelligences artificielles qui s\u2019en occupent\u00a0\u00bb<\/i>, a aussi rapport\u00e9 le 7 f\u00e9vrier, lors <a target=\"_blank\" href=\"https:\/\/www.mediapart.fr\/journal\/france\/090225\/ia-le-contre-sommet-des-ecologistes-sonne-l-alarme\">d\u2019un autre contre-sommet<\/a>, la chercheuse Pierrette Howayeck, qui vient de soutenir sa th\u00e8se sur la mani\u00e8re dont les syndicats abordent cette nouveaut\u00e9.<\/p>\n<p>Dans le secteur public, c\u2019est depuis fin 2017 que les initiatives se multiplient, avec la cr\u00e9ation du fonds pour la transformation de l\u2019action publique. La Direction g\u00e9n\u00e9rale des finances publiques a ainsi utilis\u00e9 l\u2019IA pour \u00e9tablir des profils types de fraudeurs ou d\u00e9tecter des piscines non d\u00e9clar\u00e9es. Elle tente aussi de mettre en place un agent conversationnel convaincant pour \u00e9changer avec les particuliers propri\u00e9taires ou r\u00e9pondre aux questions concernant les rescrits fiscaux. Au minist\u00e8re de l\u2019int\u00e9rieur, on l\u2019utilise pour le contr\u00f4le de gestion et l\u2019assistance \u00e0 des missions administratives.<\/p>\n<h2 data-mediapart-role=\"subheading\" class=\"subheading\">Le spectre de la \u00ab\u00a0Shadow AI\u00a0\u00bb<\/h2>\n<p>Pourtant, la technologie est parfois loin d\u2019\u00eatre m\u00fbre, voire simplement convaincante. Dans le m\u00e9dia <i>Acteurs publics<\/i>, Odile Chagny <a target=\"_blank\" href=\"https:\/\/acteurspublics.fr\/articles\/odile-chagny-une-mise-en-oeuvre-vertueuse-de-lia-ne-peut-se-faire-sans-les-travailleurs\" target=\"_blank\" rel=\"noopener\">explique<\/a> que seuls 17\u00a0% des dossiers s\u00e9lectionn\u00e9s par l\u2019IA comme fraudeurs fiscaux potentiels concernaient effectivement des erreurs volontaires. L\u2019introduction de l\u2019IA se traduit donc souvent pour les travailleurs et travailleuses par l\u2019apparition de fastidieuses v\u00e9rifications des r\u00e9sultats et par une r\u00e9elle perte d\u2019autonomie.<\/p>\n<p>Dans les entreprises, les approches restent tr\u00e8s diverses, analyse Matthieu Trubert, ing\u00e9nieur chez Microsoft et<b> <\/b>coanimateur du collectif Num\u00e9rique pour l\u2019Ugict-CGT (le syndicat CGT des cadres).<b> <\/b><i>\u00ab\u00a0Au pire, c\u2019est une esp\u00e8ce de gadget inutilisable car non int\u00e9gr\u00e9 au travail r\u00e9el, ou au contraire une bo\u00eete noire \u00e0 laquelle on n\u2019a pas acc\u00e8s et qui d\u00e9livre des donn\u00e9es qu\u2019on ne ma\u00eetrise pas\u00a0\u00bb<\/i>, d\u00e9taille le sp\u00e9cialiste.<\/p>\n<p>Mais au mieux<i>, \u00ab\u00a0on a affaire \u00e0 un outil bien interfac\u00e9 avec les autres outils professionnels et int\u00e9gr\u00e9s au process de production, et o\u00f9 l\u2019humain garde la ma\u00eetrise de ce qui entre et de ce qui sort de la machine\u00a0\u00bb<\/i>.<\/p>\n<p>Pour le responsable syndical, il y a tout de m\u00eame un risque, m\u00eame dans les meilleures configurations possibles\u00a0: <i>\u00ab\u00a0\u00c0 la longue, on peut perdre le recul et l\u2019esprit critique n\u00e9cessaires pour \u00e9valuer la pertinence de ce qui sort de cet outil. Il devient alors une sorte d\u2019oracle, qu\u2019on consulte sans le questionner.\u00a0\u00bb<\/i><\/p>\n<p><i>\u00ab\u00a0Oracle\u00a0\u00bb<\/i>, c\u2019est pr\u00e9cis\u00e9ment le mot qu\u2019emploie lui aussi Nicolas Blanc, de la CFE-CGC, pour d\u00e9crire l\u2019utilisation de l\u2019IA g\u00e9n\u00e9rative qu\u2019il voit se r\u00e9pandre\u00a0: on interroge ChatGPT et ses clones comme un banal moteur de recherche, sans conscience du co\u00fbt \u00e9cologique et social qui y est rattach\u00e9. Dans <a target=\"_blank\" href=\"https:\/\/blogs.mediapart.fr\/nicolas-blanc-cfe-cgc\/blog\/070325\/utiliser-chatgpt-comme-utilisait-loracle-antique-0\" target=\"_blank\" rel=\"noopener\">un billet de blog<\/a> du Club de Mediapart, il exhorte \u00e0 ne pas <i>\u00ab\u00a0continuer \u00e0 utiliser ces outils de fa\u00e7on aussi inutile si nous souhaitons en faire un usage responsable et surtout durable\u00a0\u00bb<\/i>.<\/p>\n<p>Il est vrai qu\u2019un peu partout, les salari\u00e9\u00b7es utilisent discr\u00e8tement les outils existants pour les assister dans leur travail\u00a0: r\u00e9daction de courriels, \u00e9laboration de pr\u00e9sentation, traduction, prise de notes\u2026 C\u2019est la \u00ab\u00a0<i>shadow AI<\/i>\u00a0\u00bb (IA clandestine), dont certains \u00e9valuent l\u2019utilisation \u00e0 20\u00a0% des employ\u00e9\u00b7es de bureau et cadres. Certaines grandes entreprises du num\u00e9rique ont d\u2019ailleurs <a target=\"_blank\" href=\"https:\/\/www.businessinsider.com\/chatgpt-companies-issued-bans-restrictions-openai-ai-amazon-apple-2023-7\" target=\"_blank\" rel=\"noopener\">interdit<\/a> cette pratique \u00e0 leurs troupes, face au risque non ma\u00eetris\u00e9 de fuites de donn\u00e9es internes confidentielles, qui peuvent se retrouver ingurgit\u00e9es par la machine, et donc stock\u00e9es pour une dur\u00e9e ind\u00e9termin\u00e9e dans sa m\u00e9moire.<\/p>\n<h2 data-mediapart-role=\"subheading\" class=\"subheading\">Discussions \u00e0 chaque \u00e9tape<\/h2>\n<p>D\u2019o\u00f9 la n\u00e9cessit\u00e9, selon les syndicats, de se saisir du sujet partout o\u00f9 cela est possible, quitte \u00e0 imposer la discussion \u00e0 l\u2019employeur. Et cela fait plusieurs ann\u00e9es que les organisations repr\u00e9sentant les salari\u00e9\u00b7es se sont mises en ordre de bataille.<\/p>\n<p>D\u00e8s le printemps 2021, Odile Chagny \u00e0 l\u2019Ires, la CFE-CGC et divers partenaires, dont l\u2019U2P, l\u2019organisation patronale des artisans et ind\u00e9pendants, ont lanc\u00e9 <a target=\"_blank\" href=\"https:\/\/ires.fr\/projets\/secoia-deal-servir-la-confiance-dans-lia-par-le-dialogue\/\" target=\"_blank\" rel=\"noopener\">SeCoIA Deal<\/a>, un projet cofinanc\u00e9 par la Commission europ\u00e9enne pour \u00e9tudier les <i>\u00ab\u00a0d\u00e9fis\u00a0<\/i>\u00bb pos\u00e9s au dialogue social dans les entreprises par l\u2019intelligence artificielle.<\/p>\n<p>Puis un second projet plus large, <a target=\"_blank\" href=\"https:\/\/dial-ia.fr\/\" target=\"_blank\" rel=\"noopener\">Dialia<\/a>, a \u00e9t\u00e9 coordonn\u00e9 jusqu\u2019au printemps 2024 par Odile Chagny, avec la CFDT, la CGT, FO et la CFE-CGC. Il a abouti \u00e0 la formalisation d\u2019un cadre m\u00e9thodologique sur la mani\u00e8re de mener les discussions et n\u00e9gociations autour de la transformation-num\u00e9risation du travail.<\/p>\n<p>Le constat est commun, quel que soit le syndicat\u00a0: les repr\u00e9sentant\u00b7es du personnel sont g\u00e9n\u00e9ralement \u00e9cart\u00e9\u00b7es du processus de d\u00e9cision avant le d\u00e9ploiement des syst\u00e8mes d\u2019IA. Les employeurs sont bien souvent frileux \u00e0 l\u2019id\u00e9e de les associer \u00e0 toutes les \u00e9tapes de la prise de d\u00e9cision, angoiss\u00e9s par ce qui est per\u00e7u comme une lourdeur administrative ou comme un \u00e9teignoir mis sur la dynamique du \u00ab\u00a0progr\u00e8s\u00a0\u00bb.<\/p>\n<p>Par ailleurs, les d\u00e9tails des choix techniques sont tr\u00e8s souvent d\u00e9l\u00e9gu\u00e9s \u00e0 des cabinets de consultants ext\u00e9rieurs, accroissant le risque de cr\u00e9er une \u00ab\u00a0bo\u00eete noire\u00a0\u00bb dont personne dans l\u2019entreprise ne peut soulever le capot pour savoir comment elle fonctionne.<\/p>\n<figure data-mediapart-role=\"quote\" class=\"quote\">\n<blockquote>\n<p>Il y a un gros enjeu sur l\u2019incertitude et les erreurs produites par l\u2019outil dans ses r\u00e9sultats m\u00eame, qui peut entrer en r\u00e9sonance avec la conduite \u201cagile\u201d des projets en entreprise.<\/p>\n<\/blockquote><figcaption>Odile Chagny, chercheuse \u00e0 l\u2019Ires<\/figcaption><\/figure>\n<p><i>\u00ab\u00a0Le cycle de vie de l\u2019IA est diff\u00e9rent de celui des autres \u00e9volutions technologiques\u00a0: tout est tr\u00e8s incertain, l\u2019exp\u00e9rimentation est cl\u00e9 car on ne peut en mesurer les effets concrets dans une entreprise qu\u2019une fois que la technologie est lanc\u00e9e<\/i>, signale Nicolas Blanc.<i> Et c\u2019est donc d\u00e8s la phase d\u2019exp\u00e9rimentation que le dialogue social doit avoir lieu.\u00a0\u00bb<\/i><\/p>\n<p><i>\u00ab\u00a0Il y a un gros enjeu sur l\u2019incertitude et les erreurs produites par l\u2019outil dans ses r\u00e9sultats m\u00eame, qui peut entrer en r\u00e9sonance avec la conduite \u201cagile\u201d des projets en entreprise, porteuse elle aussi d\u2019incertitude<\/i>, estime de son c\u00f4t\u00e9 Odile Chagny. <i>Il y a donc des pr\u00e9cautions et des garde-fous majeurs \u00e0 mettre en place. Il faut notamment se permettre des retours en arri\u00e8re si les r\u00e9sultats esp\u00e9r\u00e9s ne sont pas l\u00e0.\u00a0\u00bb<\/i><\/p>\n<p>La chercheuse donne pour exemple vertueux, et fort rare pour le moment, <a target=\"_blank\" href=\"https:\/\/www.legifrance.gouv.fr\/acco\/id\/ACCOTEXT000050757514?dateSignature=&amp;init=true&amp;page=1&amp;query=axa+IA&amp;searchField=ALL&amp;tab_selection=acco\" target=\"_blank\" rel=\"noopener\">l\u2019accord<\/a> mit en place chez l\u2019assureur Axa fin 2024, qui pr\u00e9voit bien l\u2019association \u00e0 chaque \u00e9tape des \u00e9lue\u00b7es du personnel.<\/p>\n<p>Les syndicats esp\u00e8rent aussi pouvoir s\u2019appuyer sur une r\u00e9cente d\u00e9cision de justice\u00a0: le 14 f\u00e9vrier, le tribunal de Nanterre <a target=\"_blank\" href=\"https:\/\/www.dellien.com\/implementation-dintelligence-artificielle-ia-le-cse-doit-etre-consulte-en-amont-de-la-phase-pilote-en-conditions-reelles\/\" target=\"_blank\" rel=\"noopener\">a donn\u00e9 raison<\/a> aux \u00e9lu\u00b7es d\u2019une entreprise qui demandaient en r\u00e9f\u00e9r\u00e9 (la proc\u00e9dure d\u2019urgence) la suspension du<b> <\/b>d\u00e9ploiement en phase \u00ab\u00a0pilote\u00a0\u00bb de plusieurs outils d\u2019IA, pour lequel ils n\u2019avaient pas \u00e9t\u00e9 consult\u00e9s.<\/p>\n<p><i>\u00ab\u00a0Comme tout objet sociotechnique, l\u2019introduction de l\u2019IA dans les entreprises a des effets sociaux. Et on retrouve, de mani\u00e8re exacerb\u00e9e, toutes les questions qui touchent \u00e0 la transformation technologique du travail<\/i>, analyse Matthieu Trubert., mais aussi <i>l\u2019\u00e9ternelle question\u00a0: \u00e0 quel besoin l\u2019IA va-t-elle servir \u00e0 r\u00e9pondre\u00a0? S\u2019agit-il d\u2019obtenir des gains de productivit\u00e9, qui sont encore incertains\u00a0? Ou bien d\u2019am\u00e9liorer les conditions de travail\u00a0?\u00a0\u00bb<\/i><\/p>\n<\/p><\/div>\n<p><script async defer src=\"https:\/\/platform.instagram.com\/en_US\/embeds.js\"><\/script><br \/>\n<br \/><br \/>\n<br \/><a href=\"https:\/\/www.mediapart.fr\/journal\/economie-et-social\/140325\/l-irruption-de-l-ia-au-travail-necessite-une-vigilance-imperative\" target=\"_blank\"\">Source link <\/a><\/p>\n","protected":false},"excerpt":{"rendered":"<p>L\u2019intelligenceL\u2019intelligence artificielle, elles et eux l\u2019ont d\u00e9j\u00e0 prise de plein fouet dans leur environnement professionnel. Le 10 f\u00e9vrier dernier, \u00e0 quelques centaines de m\u00e8tres du lieu parisien o\u00f9 se tenait&hellip; <\/p>\n","protected":false},"author":1,"featured_media":4427,"comment_status":"open","ping_status":"open","sticky":false,"template":"","format":"standard","meta":{"footnotes":""},"categories":[1],"tags":[],"class_list":["post-4426","post","type-post","status-publish","format-standard","has-post-thumbnail","hentry","category-non-classe"],"_links":{"self":[{"href":"https:\/\/monde25.info\/index.php\/wp-json\/wp\/v2\/posts\/4426","targetHints":{"allow":["GET"]}}],"collection":[{"href":"https:\/\/monde25.info\/index.php\/wp-json\/wp\/v2\/posts"}],"about":[{"href":"https:\/\/monde25.info\/index.php\/wp-json\/wp\/v2\/types\/post"}],"author":[{"embeddable":true,"href":"https:\/\/monde25.info\/index.php\/wp-json\/wp\/v2\/users\/1"}],"replies":[{"embeddable":true,"href":"https:\/\/monde25.info\/index.php\/wp-json\/wp\/v2\/comments?post=4426"}],"version-history":[{"count":0,"href":"https:\/\/monde25.info\/index.php\/wp-json\/wp\/v2\/posts\/4426\/revisions"}],"wp:featuredmedia":[{"embeddable":true,"href":"https:\/\/monde25.info\/index.php\/wp-json\/wp\/v2\/media\/4427"}],"wp:attachment":[{"href":"https:\/\/monde25.info\/index.php\/wp-json\/wp\/v2\/media?parent=4426"}],"wp:term":[{"taxonomy":"category","embeddable":true,"href":"https:\/\/monde25.info\/index.php\/wp-json\/wp\/v2\/categories?post=4426"},{"taxonomy":"post_tag","embeddable":true,"href":"https:\/\/monde25.info\/index.php\/wp-json\/wp\/v2\/tags?post=4426"}],"curies":[{"name":"wp","href":"https:\/\/api.w.org\/{rel}","templated":true}]}}