{"id":4435,"date":"2025-03-14T20:49:39","date_gmt":"2025-03-14T19:49:39","guid":{"rendered":"https:\/\/monde25.info\/index.php\/2025\/03\/14\/le-president-climatosceptique-delaisse-les-habitants-face-aux-inondations\/"},"modified":"2025-03-14T20:49:39","modified_gmt":"2025-03-14T19:49:39","slug":"le-president-climatosceptique-delaisse-les-habitants-face-aux-inondations","status":"publish","type":"post","link":"https:\/\/monde25.info\/index.php\/2025\/03\/14\/le-president-climatosceptique-delaisse-les-habitants-face-aux-inondations\/","title":{"rendered":"le pr\u00e9sident climatosceptique d\u00e9laisse les habitants face aux inondations"},"content":{"rendered":"<p> <br \/>\n<\/p>\n<div>\n<p>    <span class=\"date\">14 mars 2025  \u00e0 18h15<\/span><\/p>\n<p class=\"duree_lecture\">\n        Dur\u00e9e de lecture : 4 minutes\n      <\/p>\n<\/p><\/div>\n<div>\n<p class=\"indication_lieu\">Buenos Aires (Argentine), correspondance<\/p>\n<p>Ils sont seuls et d\u00e9munis face aux al\u00e9as d\u2019une m\u00e9t\u00e9o de plus en plus capricieuse. Les habitants de Bah\u00eda Blanca, \u00e0 600\u00a0kilom\u00e8tres au sud de Buenos Aires, sont encore sous le choc. Une semaine apr\u00e8s les pr\u00e9cipitations record qui sont tomb\u00e9es sur la ville (pr\u00e8s d\u2019une ann\u00e9e de pluie en quelques heures), les personnes affect\u00e9es se serrent les coudes pour faire face aux cons\u00e9quences du drame et compenser les lacunes de l\u2019\u00c9tat. Les autorit\u00e9s parlent de seize morts. Un bilan qui pourrait s\u2019alourdir puisqu\u2019une centaine de personnes sont toujours port\u00e9es disparues.<\/p>\n<p>Dans l\u2019Argentine de Javier Milei, pr\u00e9sident d\u2019extr\u00eame droite, c\u2019est l\u2019auto-organisation qui prime. <i>\u00ab<small class=\"fine d-inline\">\u00a0<\/small>Je reviens de chez ma m\u00e8re, o\u00f9 il y avait 25\u00a0personnes que je ne connaissais pas en train d\u2019\u00e9vacuer sa maison.  L\u2019entraide entre riverains est impressionnante<\/i>, raconte \u00e0 <i>Reporterre<\/i> Paula Portero, 42\u00a0ans, employ\u00e9e dans le secteur des ressources humaines. <i>Partout, on observe des amas d\u2019une boue tr\u00e8s compacte et difficile \u00e0 d\u00e9placer, lourde comme du goudron<small class=\"fine d-inline\">\u00a0<\/small>!<small class=\"fine d-inline\">\u00a0<\/small>\u00bb<\/i><\/p>\n<blockquote class=\"spip\">\n<p>\u00ab<small class=\"fine d-inline\">\u00a0<\/small>Ma ville est compl\u00e8tement d\u00e9truite<small class=\"fine d-inline\">\u00a0<\/small>\u00bb<\/p>\n<\/blockquote>\n<p>Originaire de Bah\u00eda Blanca et r\u00e9sidente d\u2019Escobar (dans la banlieue nord de Buenos Aires), Paula s\u2019est rendue sur place d\u00e8s qu\u2019elle l\u2019a pu pour \u00e9pauler sa m\u00e8re, m\u00e9decin dans le centre de la ville, l\u2019une des zones affect\u00e9es par les inondations. Miracul\u00e9e, cette dame a pu sortir par le patio int\u00e9rieur de sa maison gr\u00e2ce \u00e0 l\u2019aide d\u2019un couple de voisins plus jeunes. <i>\u00ab<small class=\"fine d-inline\">\u00a0<\/small>Je suis encore sous le choc, ma m\u00e8re aurait pu y rester<\/i>, poursuit Paula, la voix \u00e9mue. <i>Ma ville est compl\u00e8tement d\u00e9truite\u2026 On dirait qu\u2019une guerre est pass\u00e9e par l\u00e0<small class=\"fine d-inline\">\u00a0<\/small>! Et maintenant, o\u00f9 est l\u2019\u00c9tat<small class=\"fine d-inline\">\u00a0<\/small>? Le pire, c\u2019est que Bah\u00eda Blanca est connue pour ses mauvaises infrastructures. C\u2019est une ville expos\u00e9e \u00e0 ce genre d\u2019\u00e9pisodes, d\u2019autant plus que c\u2019est une cuvette. En d\u00e9cembre 2023, d\u00e9j\u00e0, nous l\u2019avions \u00e9chapp\u00e9 belle.<small class=\"fine d-inline\">\u00a0<\/small>\u00bb<\/i><\/p>\n<h2 class=\"spip\">Un gouvernement climatod\u00e9nialiste<\/h2>\n<p>Cette ann\u00e9e-l\u00e0, pas moins de 180\u00a0mm \u00e9taient tomb\u00e9s en pr\u00e8s de trois jours \u2014 contre 311 en moins de dix heures cette fois-ci. Une temp\u00eate aux airs d\u2019avertissement pour les autorit\u00e9s. Sauf qu\u2019avec l\u2019arriv\u00e9e de Javier Milei au pouvoir, l\u2019heure n\u2019est plus \u00e0 la pr\u00e9vention\u00a0: de multiples subventions de l\u2019\u00c9tat ont \u00e9t\u00e9 r\u00e9duites ou supprim\u00e9es. Parmi les victimes de la tron\u00e7onneuse\u00a0: le service m\u00e9t\u00e9orologique (<span class=\"caps\">SNM<\/span>), qui a quand m\u00eame pu donner l\u2019alerte et anticiper les pr\u00e9cipitations. <i>\u00ab<small class=\"fine d-inline\">\u00a0<\/small>Le gouvernement de Milei nie l\u2019origine <abbr title=\"humaine\">anthropique<\/abbr> des changements climatiques. Ce n\u2019est donc pas surprenant que la r\u00e9ponse du gouvernement \u00e0 ce drame ait \u00e9t\u00e9 tardive et insuffisante<small class=\"fine d-inline\">\u00a0<\/small>\u00bb<\/i>, analyse Laura Rocha, pr\u00e9sidente de l\u2019<span class=\"caps\">ONG<\/span> Periodistas por el planeta (Les journalistes pour la plan\u00e8te).<\/p>\n<p>La premi\u00e8re repr\u00e9sentante du gouvernement \u00e0 se rendre sur place fut Patricia Bullrich, la ministre de la S\u00e9curit\u00e9, le 11\u00a0mars. Javier Milei, quant \u00e0 lui, s\u2019est content\u00e9 d\u2019une visite express (trois heures sur place) le jeudi 13\u00a0mars, concluant sa visite par une annonce. Celle de la cr\u00e9ation d\u2019un fonds national d\u2019aide pour Bah\u00eda Blanca, \u00e0 hauteur de 200 milliards de pesos (un peu plus de 170 millions d\u2019euros).<\/p>\n<div class=\"spip_document_89440 spip_document spip_documents spip_document_image spip_documents_center spip_document_center spip_document_avec_legende\" data-legende-len=\"144\" data-legende-lenx=\"xxx\">\n<figure class=\"spip_doc_inner\">\n      <picture><source type=\"image\/webp\" srcset=\"https:\/\/reporterre.net\/local\/cache-vignettes\/L1050xH700\/design_sans_titre_1_-3-e165c.jpg@.webp?1741971519\"><img decoding=\"async\" src=\"https:\/\/reporterre.net\/IMG\/jpg\/design_sans_titre_1_-3.jpg\" width=\"1200\" height=\"800\" loading=\"lazy\" alt=\"\"\/><br \/>\n    <\/source><\/picture><figcaption class=\"spip_doc_legende\">\n<p>Au moins 16 personnes sont mortes et plus de 1 000 habitants ont \u00e9t\u00e9 \u00e9vacu\u00e9s apr\u00e8s qu\u2019une temp\u00eate a balay\u00e9 la ville portuaire.<br \/>\n<i>Images fournies<br \/>\n<\/i><\/p>\n<\/figcaption><\/figure>\n<\/p><\/div>\n<p>Pendant ce temps-l\u00e0, la journ\u00e9e \u00e9tait marqu\u00e9e, \u00e0 Buenos Aires, par la r\u00e9pression polici\u00e8re d\u2019une mobilisation de retrait\u00e9s qui protestaient contre la d\u00e9gradation de leur pouvoir d\u2019achat. <i>\u00ab<small class=\"fine d-inline\">\u00a0<\/small>Les fonds allou\u00e9s seront insuffisants. Cette annonce, c\u2019est du pur opportunisme. Avec \u00e7a, le gouvernement esp\u00e8re occulter la couverture m\u00e9diatique de la brutalit\u00e9 polici\u00e8re lors des manifestations de retrait\u00e9s<small class=\"fine d-inline\">\u00a0<\/small>\u00bb<\/i>, d\u00e9nonce Laura Rocha.<\/p>\n<p>Absent du d\u00e9bat gouvernemental, le d\u00e9r\u00e8glement climatique fait bien partie des sujets de pr\u00e9occupation du Conicet, l\u2019\u00e9quivalent argentin du Centre national de la recherche scientifique (<span class=\"caps\">CNRS<\/span>). Pris pour cible par le pr\u00e9sident ultralib\u00e9ral \u2014 en particulier sa section sciences sociales <a target=\"_blank\" href=\"https:\/\/www.lepoint.fr\/economie\/pobreza-economia-medio-ambiente-mercosur-marcha-lgbt-javier-milei-en-dialogo-exclusivo-con-le-point-de-francia-05-02-2025-2581683_28.php\" class=\"spip_out\" rel=\"external\">accus\u00e9e de ne servir \u00e0 rien<\/a> \u2014 ce prestigieux centre de recherche avait r\u00e9alis\u00e9 une \u00e9tude alertant sur les risques encourus par la ville de Bah\u00eda Blanca.<\/p>\n<p><i>\u00ab<small class=\"fine d-inline\">\u00a0<\/small>Le principal probl\u00e8me de Bah\u00eda Blanca est le ph\u00e9nom\u00e8ne d\u2019engorgement. La ville se situe \u00e0 100\u00a0km au sud d\u2019une zone montagneuse, d\u2019o\u00f9 d\u00e9coulent divers ruisseaux. Bah\u00eda Blanca est situ\u00e9e sur un estuaire, o\u00f9 se d\u00e9versent ces cours d\u2019eau<small class=\"fine d-inline\">\u00a0<\/small>\u00bb<\/i>, r\u00e9sume Paula Zapperi, docteure en g\u00e9ographie, chercheuse associ\u00e9e au Conicet, et autrice de la th\u00e8se sur la ville abondamment cit\u00e9e par les m\u00e9dias ces jours-ci.<\/p>\n<p><i>\u00ab<small class=\"fine d-inline\">\u00a0<\/small>Heureusement, le vent de solidarit\u00e9 souffle fort et tout le monde pousse dans la m\u00eame direction<small class=\"fine d-inline\">\u00a0<\/small>\u00bb<\/i>, philosophe-t-elle. Avant de saluer l\u2019aide mat\u00e9rielle et le soutien envoy\u00e9 depuis Buenos Aires et d\u2019autres r\u00e9gions du pays, telles que Santa Fe et Mendoza, r\u00e9guli\u00e8rement affect\u00e9es par des \u00e9pisodes climatiques extr\u00eames.<\/p>\n<aside class=\"boite_encarts\">\n<div class=\"encart encart_gris noprint\">\n<p><strong>Puisque vous \u00eates l\u00e0&#8230;<\/strong><\/p>\n<p>&#8230; nous avons un petit service \u00e0 vous demander.<br class=\"autobr\"\/><br \/>\nEntre la pr\u00e9sence d\u2019un climatosceptique \u00e0 la t\u00eate de la premi\u00e8re puissance mondiale, un gouvernement fran\u00e7ais qui flirte avec l\u2019extr\u00eame-droite, et les catastrophes climatiques qui s\u2019enchainent&#8230; Faire vivre l\u2019\u00e9cologie dans le d\u00e9bat public est un enjeu crucial.<\/p>\n<p>Personne ne modifie ce que nous publions. Nous n\u2019avons ni actionnaire, ni propri\u00e9taire milliardaire \u2014 seulement une \u00e9quipe d\u2019irr\u00e9ductibles journalistes, pleine de d\u00e9termination.<\/p>\n<p>Nous avons la conviction que l\u2019urgence \u00e9cologique est l\u2019enjeu majeur de notre \u00e9poque. Et comme plus de 2 millions de lectrices et lecteurs chaque mois, vous partagez sans doute cette conviction&#8230;<\/p>\n<p><strong>Depuis 12 ans, nous publions des articles de qualit\u00e9 sur l\u2019\u00e9cologie, en acc\u00e8s libre et sans publicit\u00e9, pour tous.<\/strong><br class=\"autobr\"\/><br \/>\nMais ce travail demande beaucoup de temps et de ressources.<\/p>\n<p>Alors, si vous en avez les moyens, sachez qu\u2019un don, m\u00eame d\u20191\u20ac, est un acte de soutien fort pour l\u2019\u00e9cologie et le journalisme ind\u00e9pendant.<br class=\"autobr\"\/><br \/>\n(Et \u00e7a vous prendra moins de temps que la lecture de ce texte).<\/p>\n<p><strong>Si vous le pouvez, choisissez un soutien mensuel. Merci.<\/strong><\/p>\n<p><a target=\"_blank\" href=\"https:\/\/reporterre.net\/dons\" class=\"bt_soutenir\">Je soutiens <i>Reporterre<\/i><\/a><\/p>\n<\/p><\/div>\n<div class=\"encart encart_vert noprint montre_1023\">\n<div class=\"infolettre-form-container noprint\">\n<p>Abonnez-vous \u00e0 la lettre d\u2019info de Reporterre<\/p>\n<\/div><\/div>\n<\/aside>\n<aside class=\"boite_apresarticle encart_note\">\n<h4>Apr\u00e8s cet article<\/h4>\n<p>      <a target=\"_blank\" href=\"https:\/\/reporterre.net\/En-Argentine-des-inondations-d-ampleur-font-au-moins-16-morts\" class=\"lien_article\">\n      <picture class=\"vignette_gauche\"><source type=\"image\/webp\" srcset=\"https:\/\/reporterre.net\/https:\/\/reporterre.net\/local\/cache-vignettes\/L450xH300\/afp__20250308__36zl8hb__v1__highres__argentinaweatherfloods_1_-6dd21.jpg@.webp?1741794603\"><img decoding=\"async\" src=\"https:\/\/reporterre.net\/local\/cache-vignettes\/L450xH300\/afp__20250308__36zl8hb__v1__highres__argentinaweatherfloods_1_-6dd21.jpg?1741794603\" width=\"450\" height=\"300\" alt=\"\" class=\"marge12\" loading=\"lazy\"\/><br \/>\n<\/source><\/picture>\n<p class=\"libelle\">\n<p>      Monde\n    <\/p>\n<p class=\"titre pol20\">En Argentine, des inondations d\u2019ampleur font au moins 16 morts<\/p>\n<p>      <\/a><br \/>\n    <\/aside>\n<aside class=\"boite_complement texte\">\n<p>      <!-- zone_forum --><br \/>\n          <\/aside>\n<aside class=\"boite_lireaussi noprint\">\n<\/aside>\n<aside class=\"colonne\">\n<div class=\"article_info cache_1023 noprint\">\n<p>    <span class=\"date\">14 mars 2025  \u00e0 18h15<\/span><\/p>\n<p class=\"duree_lecture\">\n        Dur\u00e9e de lecture : 4 minutes\n      <\/p>\n<\/p><\/div>\n<div class=\"bloc_infolettre\">\n<div class=\"infolettre-form-container noprint\">\n<p>Abonnez-vous \u00e0 la lettre d\u2019info de Reporterre<\/p>\n<\/div><\/div>\n<\/aside>\n<div id=\"galerie\">\n  <img decoding=\"async\" src=\"\" class=\"principale\" id=\"principale\"\/><\/p>\n<p id=\"legende\">legende<\/p>\n<\/div>\n<footer class=\"noprint\">\n<\/footer>\n<\/div>\n<p><br \/>\n<br \/><a href=\"https:\/\/reporterre.net\/Argentine-le-president-climatosceptique-delaisse-les-habitants-face-aux-inondations\" target=\"_blank\"\">Source link <\/a><\/p>\n","protected":false},"excerpt":{"rendered":"<p>14 mars 2025 \u00e0 18h15 Dur\u00e9e de lecture : 4 minutes Buenos Aires (Argentine), correspondance Ils sont seuls et d\u00e9munis face aux al\u00e9as d\u2019une m\u00e9t\u00e9o de plus en plus capricieuse.&hellip; <\/p>\n","protected":false},"author":1,"featured_media":4436,"comment_status":"open","ping_status":"open","sticky":false,"template":"","format":"standard","meta":{"footnotes":""},"categories":[1],"tags":[],"class_list":["post-4435","post","type-post","status-publish","format-standard","has-post-thumbnail","hentry","category-non-classe"],"_links":{"self":[{"href":"https:\/\/monde25.info\/index.php\/wp-json\/wp\/v2\/posts\/4435","targetHints":{"allow":["GET"]}}],"collection":[{"href":"https:\/\/monde25.info\/index.php\/wp-json\/wp\/v2\/posts"}],"about":[{"href":"https:\/\/monde25.info\/index.php\/wp-json\/wp\/v2\/types\/post"}],"author":[{"embeddable":true,"href":"https:\/\/monde25.info\/index.php\/wp-json\/wp\/v2\/users\/1"}],"replies":[{"embeddable":true,"href":"https:\/\/monde25.info\/index.php\/wp-json\/wp\/v2\/comments?post=4435"}],"version-history":[{"count":0,"href":"https:\/\/monde25.info\/index.php\/wp-json\/wp\/v2\/posts\/4435\/revisions"}],"wp:featuredmedia":[{"embeddable":true,"href":"https:\/\/monde25.info\/index.php\/wp-json\/wp\/v2\/media\/4436"}],"wp:attachment":[{"href":"https:\/\/monde25.info\/index.php\/wp-json\/wp\/v2\/media?parent=4435"}],"wp:term":[{"taxonomy":"category","embeddable":true,"href":"https:\/\/monde25.info\/index.php\/wp-json\/wp\/v2\/categories?post=4435"},{"taxonomy":"post_tag","embeddable":true,"href":"https:\/\/monde25.info\/index.php\/wp-json\/wp\/v2\/tags?post=4435"}],"curies":[{"name":"wp","href":"https:\/\/api.w.org\/{rel}","templated":true}]}}