{"id":4445,"date":"2025-03-14T23:35:47","date_gmt":"2025-03-14T22:35:47","guid":{"rendered":"https:\/\/monde25.info\/index.php\/2025\/03\/14\/le-maire-de-marseille-retire-sa-delegation-a-son-adjoint-accuse-de-violences\/"},"modified":"2025-03-14T23:35:47","modified_gmt":"2025-03-14T22:35:47","slug":"le-maire-de-marseille-retire-sa-delegation-a-son-adjoint-accuse-de-violences","status":"publish","type":"post","link":"https:\/\/monde25.info\/index.php\/2025\/03\/14\/le-maire-de-marseille-retire-sa-delegation-a-son-adjoint-accuse-de-violences\/","title":{"rendered":"Le maire de Marseille retire sa d\u00e9l\u00e9gation \u00e0 son adjoint accus\u00e9 de violences"},"content":{"rendered":"<p> <br \/>\n<\/p>\n<div>\n<p class=\"dropcap-wrapper\"><span aria-hidden=\"true\" data-nosnippet=\"\"><span class=\"dropcap\">L<\/span>e<\/span><span class=\"screen-reader-only\">Le<\/span> 13 mars, au palais de justice de Marseille,\u00a0l\u2019\u00e9lu socialiste, adjoint aux sports de la ville, S\u00e9bastien Jibrayel partageait le box des pr\u00e9venus avec son p\u00e8re, l\u2019ancien d\u00e9put\u00e9 Henri Jibrayel, un boxeur pr\u00e9sident d\u2019association sportive, Mohammed\u00a0A. et un \u00e9lu conseiller d\u2019arrondissement, Lyece Choulak.<\/p>\n<p>Tous comparaissaient pour des violences volontaires en r\u00e9union entra\u00eenant une incapacit\u00e9 totale de travail (ITT) n\u2019exc\u00e9dant pas huit jours. <\/p>\n<p>Apr\u00e8s quarante-huit heures de garde \u00e0 vue, dans le cadre d\u2019une comparution imm\u00e9diate, l\u2019\u00e9lu devait s\u2019expliquer sur l\u2019agression, le 18 janvier, de deux militants de La France insoumise (LFI) tabass\u00e9s par Mohammed\u00a0A. en sa pr\u00e9sence et celle de son p\u00e8re. <a target=\"_blank\" href=\"https:\/\/www.mediapart.fr\/journal\/france\/110325\/un-adjoint-au-maire-de-marseille-place-en-garde-vue-pour-violences-volontaires-en-reunion\" target=\"_blank\" rel=\"noopener\">Comme nous l\u2019avions r\u00e9v\u00e9l\u00e9<\/a>, selon les images de vid\u00e9osurveillance et le t\u00e9moignage des victimes, S\u00e9bastien Jibrayel, loin d\u2019intervenir pour stopper ces violences, a encourag\u00e9 Mohammed\u00a0A. \u00e0 porter les coups sur les deux jeunes hommes.\u00a0<\/p>\n<figure class=\"media media--image format-100-pcent _align:center orientation-landscape\" data-js=\"media\"><figcaption class=\"legend\">\n            S\u00e9bastien Jibrayel et son p\u00e8re devant le tribunal correctionnel de Marseille, le 13 mars 2025.                            <span class=\"legend-author\"> \u00a9\u00a0Photo Gilles Bader \/ La Provence via MaxPPP<\/span><br \/>\n                    <\/figcaption><template data-template-media-modal=\"\"><br \/>\n    <button type=\"button\" class=\"media-modal-opener\"><br \/>\n        <svg xmlns=\"http:\/\/www.w3.org\/2000\/svg\" class=\"icon\" aria-hidden=\"true\" focusable=\"false\" height=\"16\" width=\"16\" viewbox=\"0 0 32 32\">  <path fill-rule=\"evenodd\" d=\"M7 25v-6.75h1.5V25H7Z\" clip-rule=\"evenodd\"\/>  <path fill-rule=\"evenodd\" d=\"M7 23.5h6.75V25H7v-1.5Z\" clip-rule=\"evenodd\"\/>  <path fill-rule=\"evenodd\" d=\"M13.894 19.166 8.061 25 7 23.94l5.834-5.834 1.06 1.06ZM25 7v6.75h-1.5V7H25Z\" clip-rule=\"evenodd\"\/>  <path fill-rule=\"evenodd\" d=\"M25 8.5h-6.75V7H25v1.5Z\" clip-rule=\"evenodd\"\/>  <path fill-rule=\"evenodd\" d=\"M18.106 12.834 23.939 7 25 8.06l-5.834 5.834-1.06-1.06Z\" clip-rule=\"evenodd\"\/><\/svg><br \/>\n        <span>Agrandir l\u2019image : Illustration 1<\/span><br \/>\n    <\/button><\/p>\n<p><\/template><br \/>\n<\/figure>\n<p><i>\u00ab\u00a0Mon client est impatient de pouvoir s\u2019expliquer sur les faits\u00a0\u00bb<\/i>, a lanc\u00e9 l\u2019avocat de S\u00e9bastien Jibrayel, Benjamin Liautaud, assurant qu\u2019aucun \u00e9l\u00e9ment ne mettait en cause son client tout en demandant, n\u00e9anmoins, un d\u00e9lai pour pr\u00e9parer sa d\u00e9fense. Parmi les quatre pr\u00e9venus, seul Mohammed\u00a0A. a reconnu les faits qu\u2019il dit <i>\u00ab\u00a0regretter\u00a0\u00bb<\/i>, demandant \u00e0 \u00eatre jug\u00e9 le jour m\u00eame.\u00a0<\/p>\n<p>Le tribunal a d\u00e9cid\u00e9 de renvoyer l\u2019affaire au 22 mai, et dans l\u2019attente de leur jugement,\u00a0de placer sous contr\u00f4le judiciaire l\u2019ensemble des pr\u00e9venus qui ont interdiction de rentrer en contact avec les victimes et entre eux. Cette derni\u00e8re obligation n\u2019\u00e9tant pas exig\u00e9e pour S\u00e9bastien Jibrayel et son p\u00e8re.<\/p>\n<p>Sans attendre le jugement, \u00e0 l\u2019issue de cette audience, le maire de Marseille, Beno\u00eet Payan (divers gauche), a annonc\u00e9\u00a0<i>\u00ab\u00a0prendre acte des charges retenues par la justice\u00a0\u00bb<\/i>\u00a0et\u00a0<i>\u00ab\u00a0sans pr\u00e9juger de l\u2019issue de la proc\u00e9dure\u00a0\u00bb<\/i>\u00a0et \u00e0 titre conservatoire, a retir\u00e9 \u00e0 S\u00e9bastien Jibrayel\u00a0<i>\u00ab\u00a0sa d\u00e9l\u00e9gation et l\u2019ensemble de ses responsabilit\u00e9s municipales\u00a0\u00bb<\/i>.<\/p>\n<p>Le maire rappelle que\u00a0<i>\u00ab\u00a0l\u2019exemplarit\u00e9 est une ligne de conduite indispensable \u00e0 l\u2019exercice des mandats publics. Les comportements violents contre les personnes doivent \u00eatre sanctionn\u00e9s sans compromis ni arrangements\u00a0\u00bb<\/i>.\u00a0\u00a0<\/p>\n<h2 data-mediapart-role=\"subheading\" class=\"subheading\">Un boxeur et trois politiques sur le banc<\/h2>\n<p>Sans aborder le fond de l\u2019affaire, l\u2019audience de jeudi a n\u00e9anmoins permis de conna\u00eetre davantage le profil des mis en cause. Le pr\u00e9sident Olivier Abram a questionn\u00e9 S\u00e9bastien Jibrayel sur son activit\u00e9, relevant, non sans \u00e9tonnement, qu\u2019il se pr\u00e9sentait en tant que <i>\u00ab\u00a0cadre de l\u2019\u00e9nergie\u00a0\u00bb<\/i>. Effectivement, l\u2019\u00e9lu est toujours employ\u00e9 en CDI, avec deux ou trois jours de mise \u00e0 disposition par l\u2019entreprise RTE, pour un salaire de 3\u00a0000 euros qui s\u2019ajoute \u00e0 ses indemnit\u00e9s de mandats, de 5\u00a0000 euros.\u00a0<\/p>\n<p>Le pr\u00e9sident pr\u00e9cise \u00e9galement qu\u2019il a \u00e9t\u00e9 victime r\u00e9cemment <a target=\"_blank\" href=\"https:\/\/marsactu.fr\/bref\/a-lestaque-une-manifestation-sur-les-nuisances-de-lactivite-portuaire-degenere\/\" target=\"_blank\" rel=\"noopener\">d\u2019une agression lors d\u2019une manifestation<\/a>. L\u00e0 encore en compagnie de son p\u00e8re. <i>\u00ab\u00a0C\u2019\u00e9tait il y a huit mois\u00a0\u00bb<\/i>, d\u00e9clare S\u00e9bastien Jibrayel, qui a port\u00e9 plainte pour ces faits, dont il d\u00e9clare avoir gard\u00e9 <i>\u00ab\u00a0un traumatisme\u00a0\u00bb<\/i>.<i>\u00a0<\/i><\/p>\n<p>Au pr\u00e9sident, qui en d\u00e9duit que<i> <\/i>l\u2019\u00e9lu <i>\u00ab\u00a0<\/i><i>compren[d] alors d\u2019autant mieux le traumatisme des victimes\u00a0\u00bb<\/i>\u00a0qui ont port\u00e9 plainte contre lui, impassible et sans m\u00eame regarder le magistrat, S\u00e9bastien Jibrayel r\u00e9pond, presque agressif, <i>\u00ab\u00a0on en reparlera\u00a0\u00bb<\/i>.<i>\u00a0<\/i><\/p>\n<aside data-mediapart-role=\"read-also\" class=\"read-also\" aria-label=\"\u00c0 lire aussi\">\n<header>\n    <svg xmlns=\"http:\/\/www.w3.org\/2000\/svg\" class=\"icon color:ui-alert\" aria-hidden=\"true\" focusable=\"false\" height=\"16\" width=\"16\" viewbox=\"0 0 32 32\">  <path fill-rule=\"evenodd\" d=\"M18.332 5.257a1 1 0 0 1 1.413.074l9 10a1 1 0 0 1 0 1.338l-9 10a1 1 0 0 1-1.487-1.338L25.756 17H4.001a1 1 0 1 1 0-2h21.755l-7.498-8.331a1 1 0 0 1 .075-1.412Z\" clip-rule=\"evenodd\"\/><\/svg><\/p>\n<p>\u00c0 lire aussi<\/p>\n<\/header>\n<article>\n            <a target=\"_blank\" data-smarttag=\"\" data-smarttag-name=\"a_lire_aussi\" data-smarttag-chapter1=\"recirculation\" data-smarttag-chapter2=\"corps_article\" data-smarttag-level2=\"9\" data-smarttag-type=\"navigation\" href=\"https:\/\/www.mediapart.fr\/journal\/france\/110325\/un-adjoint-au-maire-de-marseille-place-en-garde-vue-pour-violences-volontaires-en-reunion\"><br \/>\n                                <span>Un adjoint au maire de Marseille plac\u00e9 en garde \u00e0 vue pour violences volontaires en r\u00e9union<\/span><br \/>\n            <\/a><\/p>\n<\/article>\n<\/aside>\n<p>\u00c0 ses c\u00f4t\u00e9s, son p\u00e8re jouit aussi d\u2019une situation financi\u00e8re confortable avec une retraite de 5\u00a0000 euros, induite notamment de sa pension en tant qu\u2019ancien parlementaire et\u00a0<i>\u00ab\u00a0de ses trente-deux ans pass\u00e9s \u00e0 La Poste\u00a0\u00bb<\/i>, tient-il \u00e0 pr\u00e9ciser. R\u00e9guli\u00e8rement, pr\u00e9sent aux c\u00f4t\u00e9s de son fils ou dans la permanence politique du XVI<sup>e\u00a0<\/sup>arrondissement, Henri Jibrayel\u00a0<i>\u00ab\u00a0occupe bien ses journ\u00e9es\u00a0\u00bb<\/i>,\u00a0ainsi que le note le pr\u00e9sident.\u00a0<\/p>\n<p>\u00c0 ce jour, son casier judiciaire reste vierge,\u00a0<i>\u00ab\u00a0ce qui peut \u00e9tonner\u00a0\u00bb<\/i>, commente le magistrat, <a target=\"_blank\" href=\"https:\/\/www.mediapart.fr\/journal\/france\/020920\/face-la-menace-de-la-prison-ferme-l-ancien-depute-henri-jibrayel-se-depeint-en-elu-de-proximite\" target=\"_blank\" rel=\"noopener\">compte tenu des condamnations<\/a> de l\u2019ancien parlementaire pour d\u00e9tournement de fonds publics et abus de confiance, en premi\u00e8re instance et en appel. L\u2019explication\u00a0? C\u2019est que la Cour de cassation doit rendre sa d\u00e9cision \u00e0 la suite de son pourvoi.\u00a0<\/p>\n<p>\u00c0 ses c\u00f4t\u00e9s, Lyece Choulak, un ancien m\u00e9diateur, \u00e9lu en 2020 et si\u00e9geant en tant que conseiller \u00e0 la m\u00e9tropole, est \u00e9galement charg\u00e9 de mission pour\u00a0<i>\u00ab\u00a0\u00e9tudier les diff\u00e9rents rapports avant qu\u2019ils ne passent en commission\u00a0\u00bb<\/i>\u00a0au conseil d\u00e9partemental. De multiples casquettes qui lui permettent d\u2019avoir un salaire de plus de 4\u00a0000 euros. Le pr\u00e9sident note qu\u2019il est adjoint \u00e0 <i>\u00ab\u00a0la jeunesse et \u00e0 la pr\u00e9vention\u00a0\u00bb <\/i>pour la mairie de secteur du XV<sup>e<\/sup> et XVI<sup>e<\/sup>\u00a0arrondissement, dans les quartiers nord de Marseille.\u00a0<\/p>\n<p>Enfin, moins bien loti, le boxeur appara\u00eet comme la petite main de ce quatuor, pr\u00eate \u00e0 endosser l\u2019ensemble de la responsabilit\u00e9 de l\u2019agression. Avec un salaire de 1\u00a0650 euros pour un poste de chef \u00e9quipement incendie, il explique \u00eatre en passe de perdre son travail \u00e0 la suite d\u2019un accident qui l\u2019a rendu inapte. Son casier judiciaire n\u2019est quant \u00e0 lui pas vierge, d\u00e9j\u00e0 condamn\u00e9 en 2019 pour des violences. Il a par ailleurs \u00e9t\u00e9 convoqu\u00e9 devant le juge en 2024, pour des menaces sur son ex-conjointe.\u00a0<\/p>\n<p>Au cours des discussions, la question des risques de pression sur les victimes ne semble pas faire d\u00e9bat. Mais, ils pourraient se r\u00e9v\u00e9ler plus importants entre les pr\u00e9venus eux-m\u00eames. Si Mohammed\u00a0A. a port\u00e9 les coups, qui est venu le chercher pour le faire\u00a0? Qui l\u2019a encourag\u00e9 \u00e0 le faire\u00a0? Et \u00e0 quel point acceptera-t-il d\u2019en endosser la responsabilit\u00e9\u00a0?\u00a0<\/p>\n<p>Malgr\u00e9 la reconnaissance des faits et les regrets de Mohammed\u00a0A., le procureur, Nicolas Ruby, s\u2019oppose \u00e0 le juger le jour m\u00eame sans ses acolytes, ainsi qu\u2019il le souhaite.\u00a0<i>\u00ab\u00a0Il y a une sc\u00e8ne unique de violence dans un contexte particulier et le tribunal aura \u00e0 se prononcer sur le r\u00f4le des uns et des autres, sur les ordres et les pressions,\u00a0<\/i>explique le procureur<i>. Il n\u2019est pas envisageable de s\u00e9parer les uns des autres.\u00a0\u00bb\u00a0<\/i><\/p>\n<\/p><\/div>\n<p><br \/>\n<br \/><a href=\"https:\/\/www.mediapart.fr\/journal\/france\/140325\/l-adjoint-au-maire-de-marseille-implique-dans-des-violences-est-sanctionne-par-la-ville-dans-l-attente-de\" target=\"_blank\"\">Source link <\/a><\/p>\n","protected":false},"excerpt":{"rendered":"<p>LeLe 13 mars, au palais de justice de Marseille,\u00a0l\u2019\u00e9lu socialiste, adjoint aux sports de la ville, S\u00e9bastien Jibrayel partageait le box des pr\u00e9venus avec son p\u00e8re, l\u2019ancien d\u00e9put\u00e9 Henri Jibrayel,&hellip; <\/p>\n","protected":false},"author":1,"featured_media":4446,"comment_status":"open","ping_status":"open","sticky":false,"template":"","format":"standard","meta":{"footnotes":""},"categories":[1],"tags":[],"class_list":["post-4445","post","type-post","status-publish","format-standard","has-post-thumbnail","hentry","category-non-classe"],"_links":{"self":[{"href":"https:\/\/monde25.info\/index.php\/wp-json\/wp\/v2\/posts\/4445","targetHints":{"allow":["GET"]}}],"collection":[{"href":"https:\/\/monde25.info\/index.php\/wp-json\/wp\/v2\/posts"}],"about":[{"href":"https:\/\/monde25.info\/index.php\/wp-json\/wp\/v2\/types\/post"}],"author":[{"embeddable":true,"href":"https:\/\/monde25.info\/index.php\/wp-json\/wp\/v2\/users\/1"}],"replies":[{"embeddable":true,"href":"https:\/\/monde25.info\/index.php\/wp-json\/wp\/v2\/comments?post=4445"}],"version-history":[{"count":0,"href":"https:\/\/monde25.info\/index.php\/wp-json\/wp\/v2\/posts\/4445\/revisions"}],"wp:featuredmedia":[{"embeddable":true,"href":"https:\/\/monde25.info\/index.php\/wp-json\/wp\/v2\/media\/4446"}],"wp:attachment":[{"href":"https:\/\/monde25.info\/index.php\/wp-json\/wp\/v2\/media?parent=4445"}],"wp:term":[{"taxonomy":"category","embeddable":true,"href":"https:\/\/monde25.info\/index.php\/wp-json\/wp\/v2\/categories?post=4445"},{"taxonomy":"post_tag","embeddable":true,"href":"https:\/\/monde25.info\/index.php\/wp-json\/wp\/v2\/tags?post=4445"}],"curies":[{"name":"wp","href":"https:\/\/api.w.org\/{rel}","templated":true}]}}