{"id":4447,"date":"2025-03-15T00:41:37","date_gmt":"2025-03-14T23:41:37","guid":{"rendered":"https:\/\/monde25.info\/index.php\/2025\/03\/15\/pourquoi-lallemagne-a-besoin-dun-deuxieme-parapluie-nucleaire-les-moutons-enrages\/"},"modified":"2025-03-15T00:41:37","modified_gmt":"2025-03-14T23:41:37","slug":"pourquoi-lallemagne-a-besoin-dun-deuxieme-parapluie-nucleaire-les-moutons-enrages","status":"publish","type":"post","link":"https:\/\/monde25.info\/index.php\/2025\/03\/15\/pourquoi-lallemagne-a-besoin-dun-deuxieme-parapluie-nucleaire-les-moutons-enrages\/","title":{"rendered":"Pourquoi l\u2019Allemagne a besoin d\u2019un deuxi\u00e8me \u00abparapluie nucl\u00e9aire\u00bb \u2013 Les moutons enrag\u00e9s"},"content":{"rendered":"<p> <br \/>\n<\/p>\n<div>\n<p>Par <em>Philippe Rosenthal\u00a0<\/em> pour <a target=\"_blank\" href=\"http:\/\/www.observateur-continental.fr\/?module=articles&amp;action=view&amp;id=6724\" data-type=\"link\" data-id=\"http:\/\/www.observateur-continental.fr\/?module=articles&amp;action=view&amp;id=6724\">Observateur Continental<\/a><\/p>\n<div class=\"wp-block-image\">\n<figure class=\"aligncenter size-large is-resized\"><img fetchpriority=\"high\" decoding=\"async\" width=\"550\" height=\"330\" src=\"https:\/\/lesmoutonsenrages.fr\/wp-content\/uploads\/2025\/03\/image-57-550x330.png\" alt=\"\" class=\"wp-image-165884\" style=\"width:393px;height:auto\" srcset=\"https:\/\/lesmoutonsenrages.fr\/wp-content\/uploads\/2025\/03\/image-57-550x330.png 550w, https:\/\/lesmoutonsenrages.fr\/wp-content\/uploads\/2025\/03\/image-57-250x149.png 250w, https:\/\/lesmoutonsenrages.fr\/wp-content\/uploads\/2025\/03\/image-57-768x459.png 768w, https:\/\/lesmoutonsenrages.fr\/wp-content\/uploads\/2025\/03\/image-57-150x90.png 150w, https:\/\/lesmoutonsenrages.fr\/wp-content\/uploads\/2025\/03\/image-57.png 800w\" sizes=\"(max-width: 550px) 100vw, 550px\"\/><\/figure>\n<\/div>\n<p><strong>Le futur chancelier allemand, Friedrich Merz, va demander l\u2019extension du \u00abparapluie nucl\u00e9aire\u00bb de la France et de la Grande-Bretagne \u00e0 l\u2019Allemagne en raison du retrait des \u00c9tats-Unis d\u2019Europe et du conflit en Ukraine. Dans le m\u00eame temps, Berlin veut pr\u00e9server le bouclier am\u00e9ricain.<\/strong>\u00a0<\/p>\n<p>\u00abFriedrich Merz pr\u00e9conise l\u2019extension du parapluie nucl\u00e9aire fran\u00e7ais et britannique \u00e0 l\u2019Allemagne\u00bb, <a target=\"_blank\" href=\"https:\/\/www.euractiv.fr\/section\/defense\/news\/friedrich-merz-preconise-lextension-du-parapluie-nucleaire-francais-et-britannique-a-lallemagne\/\" target=\"_blank\" rel=\"noreferrer noopener\">stipule<\/a>\u00a0<em>Euractiv<\/em>. Selon le responsable politique, <a target=\"_blank\" href=\"https:\/\/www.bfmtv.com\/international\/europe\/allemagne\/allemagne-le-futur-chancelier-ouvert-a-l-elargissement-par-la-france-de-son-bouclier-nucleaire-en-europe_AN-202503090405.html\" target=\"_blank\" rel=\"noreferrer noopener\">il s\u2019agira<\/a>\u00a0d\u2019un ajout au bouclier nucl\u00e9aire am\u00e9ricain que Berlin \u2014 bien s\u00fbr \u2014 veut pr\u00e9server.\u00a0<\/p>\n<p>Merz a expliqu\u00e9 cette initiative en raison du changement de situation concernant la s\u00e9curit\u00e9 mondiale, pr\u00e9cisant que l\u2019Allemagne ne pourra pas poss\u00e9der ses propres armes nucl\u00e9aires. Il pr\u00e9voit de discuter de cette question lors des n\u00e9gociations de coalition entre le bloc CDU\/CSU et le Parti social-d\u00e9mocrate d\u2019Allemagne (SPD), <a target=\"_blank\" href=\"https:\/\/www.deutschlandfunk.de\/cdu-chef-friedrich-merz-nach-erfolgreichen-sondierungsgespraechen-mit-der-spd-100.html\" target=\"_blank\" rel=\"noreferrer noopener\">rapporte<\/a>\u00a0<em>Deutschlandfunk<\/em>.\u00a0<\/p>\n<p><span id=\"more-165883\"\/><\/p>\n<p>Plus t\u00f4t, l\u2019ancien dirigeant de BlackRock\u00a0<a target=\"_blank\" href=\"https:\/\/www.lesechos.fr\/monde\/europe\/en-allemagne-friedrich-merz-sera-le-candidat-de-la-droite-a-la-chancellerie-en-2025-2119502\" target=\"_blank\" rel=\"noreferrer noopener\">avait d\u00e9clar\u00e9<\/a> lors d\u2019une conf\u00e9rence de presse que l\u2019Europe devait agir rapidement pour am\u00e9liorer ses capacit\u00e9s de d\u00e9fense dans le cadre de la politique <em>America First<\/em> de la Maison Blanche. Friedrich Merz <a target=\"_blank\" href=\"https:\/\/www.leparisien.fr\/international\/allemagne-friedrich-merz-veut-se-preparer-au-pire-scenario-dans-les-relations-avec-les-etats-unis-24-02-2025-5H3D7J3QWZEARLR76VUNNTTTOQ.php\" target=\"_blank\" rel=\"noreferrer noopener\">a\u00a0martel\u00e9<\/a> vouloir se pr\u00e9parer au \u00abpire sc\u00e9nario\u00bb dans les relations transatlantiques en mati\u00e8re de d\u00e9fense, en constatant le retrait de l\u2019administration de Donald Trump de l\u2019Europe\u00bb concernant les obligations de d\u00e9fense mutuelle de l\u2019OTAN.\u00a0<\/p>\n<p>Auparavant, le pr\u00e9sident fran\u00e7ais, Emmanuel Macron, <a target=\"_blank\" href=\"http:\/\/www.observateur-continental.fr\/?module=articles&amp;action=view&amp;id=6710\">avait lanc\u00e9<\/a> l\u2019id\u00e9e d\u2019\u00e9tendre le \u00abparapluie\u00bb nucl\u00e9aire fran\u00e7ais aux pays de l\u2019UE qui ne disposent pas d\u2019armes nucl\u00e9aires. Donald Tusk, le Premier ministre polonais, <a target=\"_blank\" href=\"https:\/\/www.ifri.org\/fr\/presse-contenus-repris-sur-le-site\/les-armes-nucleaires-francaises-peuvent-elles-proteger-leurope\" target=\"_blank\" rel=\"noreferrer noopener\">s\u2019est r\u00e9jouit<\/a>\u00a0d\u2019une possible mise \u00e0 disposition pour toute l\u2019Europe.\u00a0<em>Observateur Continental<\/em>\u00a0ressort le fait que d\u00e8s 2020 Emmanuel Macron a invit\u00e9 ses partenaires europ\u00e9ens \u00e0 un dialogue strat\u00e9gique sur le r\u00f4le de l\u2019arme nucl\u00e9aire fran\u00e7aise. \u00abCette id\u00e9e d\u2019utiliser la dissuasion nucl\u00e9aire fran\u00e7aise a m\u00fbri du c\u00f4t\u00e9 de Berlin. Christian Lindner, l\u2019ex-pr\u00e9sident f\u00e9d\u00e9ral du Parti lib\u00e9ral-d\u00e9mocrate (FDP) \u2014 un parti fonci\u00e8rement guerrier appelant \u00e0 bombarder la Russie \u2014 a appel\u00e9 en f\u00e9vrier 2024 \u00e0 des discussions avec Macron sur la dissuasion nucl\u00e9aire\u00bb, avise\u00a0<em>Observateur Continenal.<\/em>\u00a0<\/p>\n<p>M\u00eame si le ministre lituanien des Affaires \u00e9trang\u00e8res, K\u0119stutis Budrys, a soutenu l\u2019initiative fran\u00e7aise,\u00a0<em>Observateur Continental\u00a0<\/em>rel\u00e8ve\u00a0<a target=\"_blank\" href=\"https:\/\/observateur-continental.fr\/?module=news&amp;action=view&amp;id=6718\">le refus<\/a> du gouvernement lituanien de \u00abtroquer l\u2019OTAN contre le bouclier nucl\u00e9aire fran\u00e7ais\u00bb.\u00a0<\/p>\n<p>Selon certaines estimations, la France ne dispose que de 290 ogives, tandis que la Russie en poss\u00e8de environ cinq mille. \u00abBien s\u00fbr, la puissance des charges thermonucl\u00e9aires combin\u00e9e au missile balistique strat\u00e9gique fran\u00e7ais M51 devrait \u00eatre suffisante pour d\u00e9truire les principales villes russes, y compris Moscou\u00bb, <a target=\"_blank\" href=\"https:\/\/theconversation.com\/french-nuclear-deterrence-for-europe-how-effective-could-it-be-against-russia-251512\" target=\"_blank\" rel=\"noreferrer noopener\">souligne<\/a>\u00a0<em>The Conversation<\/em>. \u00abMais en m\u00eame temps, la Russie n\u2019aurait besoin que de 200 secondes pour r\u00e9duire Paris en cendres\u00bb, affirme l\u2019article, pr\u00e9cisant qu\u2019\u00ab\u00e9tant donn\u00e9 la taille de la Russie\u00bb, il sera beaucoup plus facile d\u2019effacer la France de la carte du monde.\u00a0<\/p>\n<p>L\u2019Allemagne d\u2019aujourd\u2019hui a vraiment l\u2019intention de se lib\u00e9rer des entraves de l\u2019apr\u00e8s-guerre qui lui a interdit de poss\u00e9der une grande arm\u00e9e et la bombe atomique. Berlin veut \u2014 de nouveau \u2014 prendre la t\u00eate de la militarisation et du renouveau de l\u2019Europe et agir en tant qu\u2019\u00c9tat responsable de la s\u00e9curit\u00e9 r\u00e9gionale. Les \u00e9lites dirigeantes allemandes ont oubli\u00e9 les r\u00e9conciliations pass\u00e9es, la d\u00e9tente et la recherche de la paix. Ces derni\u00e8res, se trouvant au pouvoir politique, proclament aujourd\u2019hui haut et fort la n\u00e9cessit\u00e9 de se pr\u00e9parer \u00e0 la guerre avec la Russie.\u00a0<\/p>\n<p>Merz ne parle pas des armes nucl\u00e9aires de l\u2019Allemagne, mais est pr\u00eat \u00e0 cr\u00e9er une sorte d\u2019\u00aballiance militaire nucl\u00e9aire\u00bb avec la France, tant que Macron sera au pouvoir dans ce pays. Berlin lance un ballon d\u2019essai pour en obtenir plus, pouvant aller jusqu\u2019au partage du bouton rouge m\u00eame si les m\u00e9dias ne veulent pas se l\u2019avouer. Apr\u00e8s tout, les autorit\u00e9s allemandes ont\u00a0voulu <a target=\"_blank\" href=\"https:\/\/www.lefigaro.fr\/international\/2018\/11\/29\/01003-20181129ARTFIG00267-onu-berlin-reclame-un-siege-europeen-au-conseil-de-securite.php\" target=\"_blank\" rel=\"noreferrer noopener\">obtenir le si\u00e8ge<\/a> de la France \u00e0 l\u2019ONU.\u00a0<\/p>\n<p>Et, les politiciens de l\u2019AfD <a target=\"_blank\" href=\"https:\/\/www.spiegel.de\/politik\/deutschland\/afd-politiker-fordern-atomwaffen-fuer-deutschland-a-764a4fc0-48ac-49b5-a5e5-5241bbdbef46\" target=\"_blank\" rel=\"noreferrer noopener\">r\u00e9clament<\/a>\u00a0des armes nucl\u00e9aires pour l\u2019Allemagne. Du point de vue du responsable politique de la d\u00e9fense de l\u2019AfD, R\u00fcdiger Lucassen, \u00abl\u2019Allemagne a besoin de ses propres armes nucl\u00e9aires et d\u2019un service militaire obligatoire \u2014 \u00e9galement pour les femmes\u00bb et \u00abpour y parvenir, il faut modifier la Loi fondamentale le plus rapidement possible\u00bb.\u00a0<\/p>\n<p>La r\u00e9ussite de Merz \u00e0 devenir le commandant en chef \u2014 de facto \u2014 de l\u2019arm\u00e9e europ\u00e9enne d\u00e9pend des pays qui le soutiendront. Jusqu\u2019\u00e0 pr\u00e9sent, l\u2019id\u00e9e d\u2019une arm\u00e9e europ\u00e9enne est soutenue par la France, la Pologne, les pays baltes et les pays scandinaves. Trump aura aussi une influence sur la mise en \u0153uvre des initiatives allemandes.\u00a0<\/p>\n<p>Cela soul\u00e8ve la question: qui exactement prendra les d\u00e9cisions dans le \u00abtriumvirat nucl\u00e9aire\u00bb propos\u00e9 par Merz. Pour le moment, ni Londres ni Paris n\u2019accepteront de partager le droit de discuter de telles questions avec qui que ce soit. On peut, cependant, supposer que Berlin ait l\u2019ambition de discuter avec Londres et Paris de la possibilit\u00e9 de lancer une frappe nucl\u00e9aire dans le cas o\u00f9 seule l\u2019Allemagne serait en danger. Il pourrait \u00eatre question d\u2019\u00e9largir la formation conjointe des pilotes d\u2019avions dot\u00e9s d\u2019armes nucl\u00e9aires, ainsi que d\u2019augmenter le nombre d\u2019exercices nucl\u00e9aires conjoints. Cela signifie peut-\u00eatre aussi d\u00e9ployer des unit\u00e9s fran\u00e7aises de missiles en Allemagne, en plus des unit\u00e9s am\u00e9ricaines.\u00a0<\/p>\n<p>Le parapluie nucl\u00e9aire fran\u00e7ais ne pla\u00eet pas \u00e0 l\u2019establishment allemand. Pour lui, l\u2019Allemagne perdrait son r\u00f4le de leader de l\u2019Europe et deviendrait d\u00e9pendante de la France ou de la Grande-Bretagne d\u2019o\u00f9 l\u2019int\u00e9r\u00eat d\u2019obtenir le pouvoir sur le bouton rouge fran\u00e7ais. De plus, Paris et Berlin entretiennent encore un degr\u00e9 consid\u00e9rable de m\u00e9fiance mutuelle, mais il y a des responsables politiques fran\u00e7ais qui collaborent avec Berlin. L\u2019id\u00e9e de Macron d\u2019offrir la protection de la dissuasion nucl\u00e9aire de la France \u00e0 Berlin est un cas d\u2019\u00e9cole sur ce chemin.\u00a0<\/p>\n<p>Bref, Berlin construit sa strat\u00e9gie pour avoir sa bombe atomique et \u2014 pour le moment \u2014 souhaite garder la protection des \u00c9tats-Unis tout en testant jusqu\u2019o\u00f9 Emmanuel Macron ira pour donner \u00e0 Berlin le partage de la dissuasion nucl\u00e9aire fran\u00e7aise, voire m\u00eame \u00e0 obtenir le droit sur le bouton rouge. Verrons-nous un troc se faire sur ce point en \u00e9change du poste de pr\u00e9sident de l\u2019UE \u00e0 Macron?\u00a0<\/p>\n<p>Dans le contexte de contradictions militaro-politiques fondamentales avec la nouvelle administration am\u00e9ricaine, l\u2019Allemagne prend des mesures actives pour renforcer ses forces arm\u00e9es afin d\u2019\u00eatre pr\u00e9par\u00e9e \u00e0 une situation hypoth\u00e9tique dans laquelle Washington laisserait \u00e0 l\u2019avenir les Europ\u00e9ens se d\u00e9brouiller.\u00a0<\/p>\n<p>Berlin <a target=\"_blank\" href=\"https:\/\/www.bundeswehr.de\/de\/aktuelles\/meldungen\/bundeswehr-litauen-grosse-schritte-deutsche-kampfbrigade\" target=\"_blank\" rel=\"noreferrer noopener\">a\u00a0profit\u00e9<\/a> du conflit en Ukraine pour construire une base permanente de la Bundeswehr en Lituanie, \u00e0 proximit\u00e9 de ses anciens territoires du Reich allemand (K\u00f6nigsberg). Mais, Berlin, qui n\u2019a pas vraiment r\u00e9ussi \u00e0 r\u00e9\u00e9quiper ses forces arm\u00e9es conventionnelles, serait difficilement en mesure de trouver les fonds n\u00e9cessaires pour soutenir un hypoth\u00e9tique programme europ\u00e9en commun d\u2019armes nucl\u00e9aires, m\u00eame th\u00e9oriquement. Pour le moment, l\u2019Allemagne se heurte \u00e0 la r\u00e9alit\u00e9 \u00e9conomique et aussi \u00e0 la baisse de ses naissances, ces b\u00e9b\u00e9s qui ne porteront pas l\u2019uniforme allemand.\u00a0<\/p>\n<p><em>Philippe Rosenthal\u00a0<\/em><\/p>\n<p>Tous les articles, la tribune libre et commentaires sont sous la responsabilit\u00e9 de leurs auteurs. Les Moutons Enrag\u00e9s ne sauraient \u00eatre tenus responsables de leur contenu ou orientation.<\/p>\n<\/p><\/div>\n<p><br \/>\n<br \/><a href=\"https:\/\/lesmoutonsenrages.fr\/2025\/03\/14\/pourquoi-lallemagne-a-besoin-dun-deuxieme-parapluie-nucleaire\/\" target=\"_blank\"\">Source link <\/a><\/p>\n","protected":false},"excerpt":{"rendered":"<p>Par Philippe Rosenthal\u00a0 pour Observateur Continental Le futur chancelier allemand, Friedrich Merz, va demander l\u2019extension du \u00abparapluie nucl\u00e9aire\u00bb de la France et de la Grande-Bretagne \u00e0 l\u2019Allemagne en raison du&hellip; <\/p>\n","protected":false},"author":1,"featured_media":4448,"comment_status":"open","ping_status":"open","sticky":false,"template":"","format":"standard","meta":{"footnotes":""},"categories":[1],"tags":[],"class_list":["post-4447","post","type-post","status-publish","format-standard","has-post-thumbnail","hentry","category-non-classe"],"_links":{"self":[{"href":"https:\/\/monde25.info\/index.php\/wp-json\/wp\/v2\/posts\/4447","targetHints":{"allow":["GET"]}}],"collection":[{"href":"https:\/\/monde25.info\/index.php\/wp-json\/wp\/v2\/posts"}],"about":[{"href":"https:\/\/monde25.info\/index.php\/wp-json\/wp\/v2\/types\/post"}],"author":[{"embeddable":true,"href":"https:\/\/monde25.info\/index.php\/wp-json\/wp\/v2\/users\/1"}],"replies":[{"embeddable":true,"href":"https:\/\/monde25.info\/index.php\/wp-json\/wp\/v2\/comments?post=4447"}],"version-history":[{"count":0,"href":"https:\/\/monde25.info\/index.php\/wp-json\/wp\/v2\/posts\/4447\/revisions"}],"wp:featuredmedia":[{"embeddable":true,"href":"https:\/\/monde25.info\/index.php\/wp-json\/wp\/v2\/media\/4448"}],"wp:attachment":[{"href":"https:\/\/monde25.info\/index.php\/wp-json\/wp\/v2\/media?parent=4447"}],"wp:term":[{"taxonomy":"category","embeddable":true,"href":"https:\/\/monde25.info\/index.php\/wp-json\/wp\/v2\/categories?post=4447"},{"taxonomy":"post_tag","embeddable":true,"href":"https:\/\/monde25.info\/index.php\/wp-json\/wp\/v2\/tags?post=4447"}],"curies":[{"name":"wp","href":"https:\/\/api.w.org\/{rel}","templated":true}]}}