{"id":4463,"date":"2025-03-15T06:11:35","date_gmt":"2025-03-15T05:11:35","guid":{"rendered":"https:\/\/monde25.info\/index.php\/2025\/03\/15\/au-rn-jordan-bardella-trace-sa-ligne-et-crispe-en-interne\/"},"modified":"2025-03-15T06:11:35","modified_gmt":"2025-03-15T05:11:35","slug":"au-rn-jordan-bardella-trace-sa-ligne-et-crispe-en-interne","status":"publish","type":"post","link":"https:\/\/monde25.info\/index.php\/2025\/03\/15\/au-rn-jordan-bardella-trace-sa-ligne-et-crispe-en-interne\/","title":{"rendered":"Au RN, Jordan Bardella trace sa ligne et crispe en interne"},"content":{"rendered":"<p> <br \/>\n<\/p>\n<div>\n<p class=\"dropcap-wrapper\"><span aria-hidden=\"true\" data-nosnippet=\"\"><span class=\"dropcap\">J<\/span>ordan<\/span><span class=\"screen-reader-only\">Jordan<\/span> Bardella multiplie ouvertement les appels du pied \u00e0 l\u2019\u00e9lectorat de droite. \u00c0 rebours de la strat\u00e9gie de Marine Le Pen, qui a th\u00e9oris\u00e9 le fait de s\u2019adresser au plus grand nombre, le pr\u00e9sident du Rassemblement national (RN) focalise ses efforts sur les patrons et les retrait\u00e9s, avec l\u2019objectif assum\u00e9 de siphonner les voix du parti Les R\u00e9publicains (LR). Quitte \u00e0 crisper en interne, o\u00f9 certains tenants de la ligne \u00ab\u00a0mariniste\u00a0\u00bb s\u2019agacent, sous couvert d\u2019anonymat, des accents sarkozystes et lib\u00e9raux du jeune ambitieux. <\/p>\n<p>Dans son bureau du si\u00e8ge du RN, dans le XVI<sup>e<\/sup> arrondissement de Paris, l\u2019eurod\u00e9put\u00e9 aime entasser dossiers et livres, soigneusement plac\u00e9s pour \u00eatre visibles dans ses nombreuses vid\u00e9os destin\u00e9es aux r\u00e9seaux sociaux. En septembre 2023, celui qui s\u2019appr\u00eatait \u00e0 mener la liste du RN pour les \u00e9lections europ\u00e9ennes, avait fait <a target=\"_blank\" href=\"https:\/\/www.youtube.com\/watch?v=5XHEbjg7Enk\" target=\"_blank\" rel=\"noopener\">ses v\u0153ux de rentr\u00e9e<\/a> en installant bien en \u00e9vidence le dernier livre de Nicolas Sarkozy. <\/p>\n<p>Un clin d\u2019\u0153il appuy\u00e9 \u00e0 cet \u00e9lectorat qu\u2019il essaie de conqu\u00e9rir, et un hommage \u00e0 un ex-pr\u00e9sident de la R\u00e9publique dont il aime s\u2019inspirer. Quelques mois plus tard, la publication de son autobiographie aux \u00e9ditions Fayard, la m\u00eame maison qui avait publi\u00e9 l\u2019ouvrage de Nicolas Sarkozy, s\u2019est accompagn\u00e9e d\u2019une tourn\u00e9e de d\u00e9dicaces de plusieurs mois calqu\u00e9e sur celle de l\u2019ancien chef de l\u2019\u00c9tat. <i>\u00ab\u00a0<\/i><i>En cette rentr\u00e9e, je crois plus que jamais \u00e0 la n\u00e9cessit\u00e9 de convaincre les orphelins de la droite de nous rejoindre\u00a0\u00bb<\/i>,<i> <\/i>\u00e9crit-il dans <i>Ce que je cherche<\/i>.<\/p>\n<figure class=\"media media--image format-100-pcent _align:center orientation-landscape\" data-js=\"media\"><figcaption class=\"legend\">\n            Jordan Bardella et Marine le Pen lors des v\u0153ux de Jordan Bardella \u00e0 la presse. Paris, le 27 janvier 2025.                            <span class=\"legend-author\"> \u00a9\u00a0Photo Bastien Ohier \/ Hans Lucas via AFP<\/span><br \/>\n                    <\/figcaption><template data-template-media-modal=\"\"><br \/>\n    <button type=\"button\" class=\"media-modal-opener\"><br \/>\n        <svg xmlns=\"http:\/\/www.w3.org\/2000\/svg\" class=\"icon\" aria-hidden=\"true\" focusable=\"false\" height=\"16\" width=\"16\" viewbox=\"0 0 32 32\">  <path fill-rule=\"evenodd\" d=\"M7 25v-6.75h1.5V25H7Z\" clip-rule=\"evenodd\"\/>  <path fill-rule=\"evenodd\" d=\"M7 23.5h6.75V25H7v-1.5Z\" clip-rule=\"evenodd\"\/>  <path fill-rule=\"evenodd\" d=\"M13.894 19.166 8.061 25 7 23.94l5.834-5.834 1.06 1.06ZM25 7v6.75h-1.5V7H25Z\" clip-rule=\"evenodd\"\/>  <path fill-rule=\"evenodd\" d=\"M25 8.5h-6.75V7H25v1.5Z\" clip-rule=\"evenodd\"\/>  <path fill-rule=\"evenodd\" d=\"M18.106 12.834 23.939 7 25 8.06l-5.834 5.834-1.06-1.06Z\" clip-rule=\"evenodd\"\/><\/svg><br \/>\n        <span>Agrandir l\u2019image : Illustration 1<\/span><br \/>\n    <\/button><\/p>\n<p><\/template><br \/>\n<\/figure>\n<p>Dans ce m\u00eame livre, on trouve aussi plusieurs r\u00e9f\u00e9rences laudatrices \u00e0 l\u2019ancien pr\u00e9sident de la R\u00e9publique. <i>\u00ab\u00a0<\/i><i>L\u2019id\u00e9e de r\u00e9unir dans un m\u00eame \u00e9lan les Fran\u00e7ais issus de la classe populaire et une partie de la bourgeoisie conservatrice \u2013\u00a0comme Nicolas Sarkozy le fit en 2007\u00a0\u2013 est pertinente\u00a0\u00bb<\/i>,<i> <\/i>affirme-t-il, avant de rappeler, quelques pages plus loin, ce mot de Thierry Mariani, transfuge de LR ayant rejoint le RN\u00a0:<i> \u00ab\u00a0<\/i><i>Bardella me rappelle Nicolas Sarkozy au m\u00eame \u00e2ge\u2026\u00a0\u00bb<\/i><\/p>\n<p><i>\u00ab\u00a0Il faut esp\u00e9rer qu\u2019il ne finisse pas comme Sarkozy<\/i>, grince un proche de Marine Le Pen.<i> <\/i><i>Nicolas Sarkozy, c\u2019est un tr\u00e8s bon candidat, mais les tr\u00e8s bons candidats ne font pas forc\u00e9ment des tr\u00e8s bons pr\u00e9sidents.\u00a0\u00bb<\/i> Une mani\u00e8re de temp\u00e9rer les ambitions de l\u2019imp\u00e9trant, au moment m\u00eame o\u00f9 le prochain jugement de Marine Le Pen dans l\u2019affaire des assistants parlementaires <a target=\"_blank\" href=\"https:\/\/www.mediapart.fr\/journal\/politique\/141124\/proces-des-assistants-le-rn-entre-complotisme-double-discours-et-doutes-sur-l-avenir\">est dans toutes les t\u00eates<\/a>\u00a0: une condamnation \u00e0 une <a target=\"_blank\" href=\"https:\/\/www.mediapart.fr\/journal\/france\/131124\/proces-des-assistants-du-rn-le-parquet-reclame-l-ineligibilite-immediate-de-marine-le-pen\">peine d\u2019in\u00e9ligibilit\u00e9<\/a> avec ex\u00e9cution provisoire le 31 mars forcerait le RN \u00e0 se tourner vers un plan B pour la pr\u00e9sidentielle de 2027. <\/p>\n<h2 data-mediapart-role=\"subheading\" class=\"subheading\">Un plan B pro-business<\/h2>\n<p>En public, le sc\u00e9nario est rejet\u00e9 par Jordan Bardella, qui s\u2019attache \u00e0 r\u00e9p\u00e9ter d\u00e8s qu\u2019il en a l\u2019occasion qu\u2019il <i>\u00ab\u00a0<\/i><i>ne se met pas dans cette hypoth\u00e8se\u00a0\u00bb<\/i>. Tout simplement parce qu\u2019il consid\u00e8re que Marine Le Pen <i>\u00ab\u00a0<\/i><i>est totalement innocente\u00a0\u00bb<\/i>,<i> <\/i>a-t-il argu\u00e9 <a target=\"_blank\" href=\"https:\/\/www.youtube.com\/watch?v=2Sm9ehe9JTw\" target=\"_blank\" rel=\"noopener\">sur France Inter<\/a> le 10 mars. En marge du lancement de son autobiographie, la d\u00e9put\u00e9e avait pourtant adoub\u00e9 son dauphin\u00a0: <i>\u00ab\u00a0<\/i><i>M\u00eame si vous vous d\u00e9barrassez de Marine, vous ne pourrez pas vous d\u00e9barrasser de Jordan.\u00a0\u00bb <\/i><\/p>\n<p>Depuis la campagne des europ\u00e9ennes de 2024, il est un sujet sur lequel le pr\u00e9sident du parti d\u2019extr\u00eame droite tente de tracer son sillon\u00a0: l\u2019\u00e9conomie. Jordan Bardella rate rarement une occasion de vanter l\u2019entreprise, <i>\u00ab\u00a0<\/i><i>un collectif humain qui r\u00e9unit des talents et des id\u00e9es\u00a0\u00bb<\/i>, et met en sc\u00e8ne son admiration pour les grands patrons fran\u00e7ais, pour lesquels il veut <i>\u00ab\u00a0<\/i><i>organiser un vent de libert\u00e9 sur la croissance\u00a0\u00bb<\/i>.<\/p>\n<figure data-mediapart-role=\"quote\" class=\"quote\">\n<blockquote>\n<p>\u00c7a ne sert \u00e0 rien d\u2019aller faire le l\u00e8che-cul chez les patrons\u00a0: \u00e0 la fin, ils nous d\u00e9testent toujours.<\/p>\n<\/blockquote><figcaption>Un cadre du groupe RN<\/figcaption><\/figure>\n<p>En f\u00e9vrier, il se lance <a target=\"_blank\" href=\"https:\/\/www.bfmtv.com\/politique\/front-national\/fronde-des-grands-patrons-pour-jordan-bardella-francois-bayrou-et-eric-lombard-organisent-la-decroissance-et-le-suicide-de-la-france_VN-202502180287.html\" target=\"_blank\" rel=\"noopener\">sur BFMTV<\/a> dans un pan\u00e9gyrique de Bernard Arnault\u00a0: <i>\u00ab\u00a0<\/i><i>Quand du plus petit boulanger de la Marne \u00e0 Bernard Arnault, un dirigeant d\u2019entreprise, c\u2019est-\u00e0-dire quelqu\u2019un qui prend des risques, qui entreprend, qui investit, qui se l\u00e8ve parfois tr\u00e8s tr\u00e8s t\u00f4t, bien avant ses salari\u00e9s, vient dire\u00a0: \u201cC\u2019est un enfer fiscal et normatif de travailler et d\u2019investir en France\u201d, on ne peut pas \u00eatre sourd \u00e0 ce cri d\u2019alarme.\u00a0<\/i><i>\u00bb<\/i><\/p>\n<p>Un discours loin de celui du pr\u00e9sident d\u00e9l\u00e9gu\u00e9 du groupe RN, le d\u00e9put\u00e9 Jean-Philippe Tanguy, qui alertait sur ce point les militant\u00b7es dans une formation interne d\u00e9di\u00e9e \u00e0 l\u2019\u00e9conomie, organis\u00e9e une semaine plus t\u00f4t. <i>\u00ab\u00a0<\/i><i>Il ne faut pas \u00eatre dupe et toujours se m\u00e9fier des d\u00e9clarations de grands dirigeants d\u2019entreprise\u00a0\u00bb<\/i>, leur avait-il alors lanc\u00e9.<\/p>\n<aside data-mediapart-role=\"read-also\" class=\"read-also\" aria-label=\"\u00c0 lire aussi\">\n<header>\n    <svg xmlns=\"http:\/\/www.w3.org\/2000\/svg\" class=\"icon color:ui-alert\" aria-hidden=\"true\" focusable=\"false\" height=\"16\" width=\"16\" viewbox=\"0 0 32 32\">  <path fill-rule=\"evenodd\" d=\"M18.332 5.257a1 1 0 0 1 1.413.074l9 10a1 1 0 0 1 0 1.338l-9 10a1 1 0 0 1-1.487-1.338L25.756 17H4.001a1 1 0 1 1 0-2h21.755l-7.498-8.331a1 1 0 0 1 .075-1.412Z\" clip-rule=\"evenodd\"\/><\/svg><\/p>\n<p>\u00c0 lire aussi<\/p>\n<\/header>\n<article>\n            <a target=\"_blank\" data-smarttag=\"\" data-smarttag-name=\"a_lire_aussi\" data-smarttag-chapter1=\"recirculation\" data-smarttag-chapter2=\"corps_article\" data-smarttag-level2=\"9\" data-smarttag-type=\"navigation\" href=\"https:\/\/www.mediapart.fr\/journal\/economie-et-social\/200624\/le-patronat-se-prepare-collaborer-avec-le-rn\"><br \/>\n                                <span>Le patronat se pr\u00e9pare \u00e0 collaborer avec le RN<\/span><br \/>\n            <\/a><\/p>\n<\/article>\n<\/aside>\n<p>Pendant les europ\u00e9ennes puis les l\u00e9gislatives, Jordan Bardella avait <a target=\"_blank\" href=\"https:\/\/www.mediapart.fr\/journal\/economie-et-social\/190424\/au-medef-jordan-bardella-est-devenu-l-ami-du-capital\">multipli\u00e9 les rencontres<\/a> avec les organisations patronales, <a target=\"_blank\" href=\"https:\/\/www.mediapart.fr\/journal\/politique\/210324\/face-aux-patrons-l-operation-de-seduction-bancale-de-jordan-bardella\">avec un succ\u00e8s plus que mitig\u00e9<\/a>, dans une entreprise de s\u00e9duction qui avait laiss\u00e9 de marbre plusieurs cadres du RN.<i> <\/i><i>\u00ab\u00a0Sur l\u2019\u00e9conomie, Bardella veut faire plaisir<\/i>, grin\u00e7ait l\u2019un d\u2019entre eux aupr\u00e8s de Mediapart.<i> <\/i><i>Il a une fascination pour la r\u00e9ussite des entrepreneurs. Bon, \u00e7a le regarde. \u00c7a ne sert \u00e0 rien d\u2019aller faire le l\u00e8che-cul chez les patrons\u00a0: \u00e0 la fin, ils nous d\u00e9testent toujours.\u00a0\u00bb<\/i><\/p>\n<p>L\u2019entreprise de s\u00e9duction passe aussi par <a target=\"_blank\" href=\"https:\/\/www.mediapart.fr\/journal\/economie-et-social\/200624\/au-rn-un-programme-economique-fonde-sur-la-discrimination-et-la-repression\">des revirements programmatiques<\/a>, avec la volont\u00e9 d\u2019effacer une bonne fois pour toutes l\u2019\u00e9tiquette \u00ab\u00a0socialiste\u00a0\u00bb que les caciques de la droite s\u2019attachent \u00e0 coller au RN. L\u2019entreprise est coordonn\u00e9e par Fran\u00e7ois Durvye, conseiller \u00e9conomique du RN, patron du fonds d\u2019investissement Otium du milliardaire Pierre-\u00c9douard St\u00e9rin. <\/p>\n<p>Un temps conseiller de l\u2019ombre, Fran\u00e7ois Durvye s\u2019affiche d\u00e9sormais au grand jour aux c\u00f4t\u00e9s de Jordan Bardella et de Marine Le Pen \u2013\u00a0il n\u2019a pas souhait\u00e9 r\u00e9pondre aux questions de Mediapart. Et s\u2019attache \u00e0 rendre le programme \u00e9conomique du RN, coordonn\u00e9 par le souverainiste Jean-Philippe Tanguy, plus favorable aux grandes entreprises dont il se fait le relais. Au grand dam de ses contempteurs, qui s\u2019inqui\u00e8tent de cette influence grandissante. <i>\u00ab\u00a0C\u2019est du reaganisme pur, ces gens-l\u00e0 ne comptent que sur la croissance pour r\u00e9sorber la dette\u00a0\u00bb<\/i>,<i> <\/i>s\u2019est r\u00e9cemment agac\u00e9 Jean-Philippe Tanguy dans <i><a target=\"_blank\" href=\"https:\/\/www.lemonde.fr\/politique\/article\/2025\/02\/18\/pierre-edouard-sterin-et-francois-durvye-les-hommes-d-affaires-qui-aimantent-la-droite-et-le-rn_6551770_823448.html\" target=\"_blank\" rel=\"noopener\">Le Monde<\/a>.<\/i><i> <\/i><\/p>\n<h2 data-mediapart-role=\"subheading\" class=\"subheading\">Plus atlantiste que Marine Le Pen<\/h2>\n<p><i>\u00ab\u00a0Qu\u2019il y ait des influences diff\u00e9rentes, si \u00e0 la fin Marine tranche et que la ligne reste la m\u00eame, \u00e7a ne me d\u00e9range pas. Tout l\u2019enjeu est l\u00e0\u00a0\u00bb<\/i>, insiste aupr\u00e8s de Mediapart un proche de la pr\u00e9sidente du groupe RN. L\u2019influence de l\u2019ultralib\u00e9ral Pierre-\u00c9douard St\u00e9rin,<i> <\/i>par l\u2019interm\u00e9diaire de son bras droit Fran\u00e7ois Durvye, suscite d\u2019autres inqui\u00e9tudes\u00a0: <i>\u00ab\u00a0Ils r\u00eavent de nous transformer en conservateurs \u00e0 la Trump, mais, pour l\u2019instant, on est \u00e0 l\u2019oppos\u00e9 de ce qu\u2019ils pr\u00f4nent<\/i>, r\u00e9sume un d\u00e9put\u00e9<i>.<\/i><i> On n\u2019est ni lib\u00e9raux ni conservateurs.\u00a0\u00bb <\/i><a target=\"_blank\" href=\"https:\/\/www.youtube.com\/watch?v=28wDGPJuI3Y\" target=\"_blank\" rel=\"noopener\">Jeudi soir sur LCI<\/a>, Jordan Bardella a pourtant revendiqu\u00e9 vouloir cr\u00e9er un minist\u00e8re <i>\u00ab\u00a0de l\u2019efficacit\u00e9 gouvernementale\u00a0\u00bb <\/i>confi\u00e9 \u00e0 un chef d\u2019entreprise, sur le mod\u00e8le <a target=\"_blank\" href=\"https:\/\/www.mediapart.fr\/journal\/international\/130325\/aux-etats-unis-elon-musk-entre-dans-une-zone-de-turbulences\" target=\"_blank\" rel=\"noopener\">d\u2019Elon Musk<\/a>.\u00a0<i><br \/><\/i><\/p>\n<p>\u00c0 l\u2019international, Jordan Bardella trace l\u00e0 aussi sa ligne, en \u00e9quilibre pr\u00e9caire par rapport aux positions de Marine Le Pen. Plus atlantiste, il s\u2019\u00e9tait d\u00e9j\u00e0 d\u00e9marqu\u00e9 en f\u00e9vrier 2023 en d\u00e9non\u00e7ant dans <i><a target=\"_blank\" href=\"https:\/\/www.lopinion.fr\/politique\/jordan-bardella-il-y-a-eu-une-naivete-collective-a-legard-des-ambitions-de-vladimir-poutine\" target=\"_blank\" rel=\"noopener\">L\u2019Opinion<\/a><\/i> <i>\u00ab\u00a0<\/i><i>une na\u00efvet\u00e9 collective \u00e0 l\u2019\u00e9gard des ambitions de Vladimir Poutine\u00a0\u00bb<\/i>, avant d\u2019\u00eatre recadr\u00e9 <a target=\"_blank\" href=\"https:\/\/www.liberation.fr\/politique\/elections\/le-rn-et-la-russie-marine-le-pen-recadre-jordan-bardella-20230224_AGHL26LL65EWNFOM5OZ3EZ5OXU\/?redirected=1\" target=\"_blank\" rel=\"noopener\">deux jours plus tard<\/a> par Marine Le Pen, agac\u00e9e de cette libert\u00e9 prise avec la ligne officielle du parti. <\/p>\n<p>Le pr\u00e9sident du RN assume plus volontiers son appartenance au r\u00e9seau conservateur international, en participant par exemple au CPAC, raout annuel de l\u2019\u00e9cosyst\u00e8me trumpiste peu en phase avec le positionnement voulu par la triple candidate \u00e0 la pr\u00e9sidentielle. <i>\u00ab\u00a0<\/i><i>Une majorit\u00e9 de droite est possible au Parlement europ\u00e9en\u00a0\u00bb<\/i>, r\u00e9p\u00e8te-t-il \u00e0 Strasbourg, rejoignant la volont\u00e9 de la cheffe du gouvernement italien Giorgia Meloni de convaincre le Parti populaire europ\u00e9en (PPE) de franchir le Rubicon pour former une union des droites. Une strat\u00e9gie que Marine Le Pen a pourtant toujours m\u00e9pris\u00e9e, qualifiant volontiers cette ambition de <i>\u00ab\u00a0<\/i><i>ringarde et trop petite\u00a0\u00bb<\/i>.<\/p>\n<figure data-mediapart-role=\"quote\" class=\"quote\">\n<blockquote>\n<p>Quand on dit que quelque chose peut \u00eatre am\u00e9lior\u00e9, ou que quelque chose ne va pas, on vous r\u00e9pond\u00a0: \u201cTa gueule, on est \u00e0 30\u00a0%.\u201d<\/p>\n<\/blockquote><figcaption>Un proche de Marine Le Pen<\/figcaption><\/figure>\n<p><i>\u00ab\u00a0Je me reconnais, j\u2019inscris mes valeurs et ma r\u00e9flexion dans un ethos de droite\u00a0\u00bb<\/i>, affirmait encore Jordan Bardella d\u00e9but mars dans <i>La Revue des deux mondes<\/i>, quelques semaines apr\u00e8s un grand entretien dans <i><a target=\"_blank\" href=\"https:\/\/www.valeursactuelles.com\/clubvaleurs\/politique\/exclusif-jordan-bardella-avec-les-electeurs-de-droite-je-partage-lessentiel\" target=\"_blank\" rel=\"noopener\">Valeurs actuelles<\/a><\/i> en forme d\u2019appel du pied\u00a0: <i>\u00ab\u00a0<\/i><i>Avec les \u00e9lecteurs de droite, je partage l\u2019essentiel\u00a0\u00bb<\/i>, r\u00e9affirmait-il, vantant, outre des positions communes sur l\u2019immigration et la s\u00e9curit\u00e9, <i>\u00ab\u00a0<\/i><i>la volont\u00e9 de revaloriser le travail et de lib\u00e9rer nos entreprises\u00a0\u00bb<\/i>. <\/p>\n<p>Fin janvier, Marine Le Pen avait moins de bienveillance \u00e0 l\u2019\u00e9gard de ce camp politique, balayant d\u2019un m\u00e9prisant <i>\u00ab\u00a0<\/i><i>c\u2019est vraiment des trucs de droite, \u00e7a\u00a0\u00bb<\/i> une question d\u2019un journaliste <a target=\"_blank\" href=\"https:\/\/www.youtube.com\/watch?v=3XYfeuc7hQY\" target=\"_blank\" rel=\"noopener\">de LCI<\/a> sur la suppression de postes de fonctionnaires. <\/p>\n<p>Au RN, on vante volontiers aupr\u00e8s de la presse un positionnement strat\u00e9gique, visant \u00e0 conqu\u00e9rir un \u00e9lectorat diff\u00e9rent sans renier l\u2019identit\u00e9 politique du parti<i>\u00a0<\/i>d\u2019extr\u00eame droite.<i> \u00ab\u00a0Jordan Bardella n\u2019est pas un briseur de tabous, il est l\u00e0 pour aller sur des terrains o\u00f9 Marine Le Pen n\u2019a pas pu aller, parce qu\u2019elle a pass\u00e9 quinze ans \u00e0 consolider son socle\u00a0\u00bb<\/i>, tente de justifier un cadre, qui jure qu\u2019il ne faut y voir nulle concurrence ou entreprise de diff\u00e9renciation.<\/p>\n<p>Certains s\u2019inqui\u00e8tent pourtant de cette volont\u00e9 \u00e9mancipatrice, difficile \u00e0 remettre en question dans un mouvement vertical et verrouill\u00e9 qui surfe sur des succ\u00e8s \u00e9lectoraux. <i>\u00ab\u00a0<\/i><i>Quand tout va bien, c\u2019est tr\u00e8s difficile de s\u2019am\u00e9liorer, de progresser<\/i>, regrette un pilier du groupe RN.<i> <\/i><i>Quand on dit que quelque chose peut \u00eatre am\u00e9lior\u00e9, ou que quelque chose ne va pas, on vous r\u00e9pond\u00a0: \u201cTa gueule, on est \u00e0 30\u00a0%.\u201d Ce n\u2019est pas facile d\u2019\u00eatre constructif.\u00a0\u00bb<\/i><\/p>\n<\/p><\/div>\n<p><br \/>\n<br \/><a href=\"https:\/\/www.mediapart.fr\/journal\/politique\/140325\/au-rn-jordan-bardella-trace-sa-ligne-et-crispe-en-interne\" target=\"_blank\"\">Source link <\/a><\/p>\n","protected":false},"excerpt":{"rendered":"<p>JordanJordan Bardella multiplie ouvertement les appels du pied \u00e0 l\u2019\u00e9lectorat de droite. \u00c0 rebours de la strat\u00e9gie de Marine Le Pen, qui a th\u00e9oris\u00e9 le fait de s\u2019adresser au plus&hellip; <\/p>\n","protected":false},"author":1,"featured_media":4464,"comment_status":"open","ping_status":"open","sticky":false,"template":"","format":"standard","meta":{"footnotes":""},"categories":[1],"tags":[],"class_list":["post-4463","post","type-post","status-publish","format-standard","has-post-thumbnail","hentry","category-non-classe"],"_links":{"self":[{"href":"https:\/\/monde25.info\/index.php\/wp-json\/wp\/v2\/posts\/4463","targetHints":{"allow":["GET"]}}],"collection":[{"href":"https:\/\/monde25.info\/index.php\/wp-json\/wp\/v2\/posts"}],"about":[{"href":"https:\/\/monde25.info\/index.php\/wp-json\/wp\/v2\/types\/post"}],"author":[{"embeddable":true,"href":"https:\/\/monde25.info\/index.php\/wp-json\/wp\/v2\/users\/1"}],"replies":[{"embeddable":true,"href":"https:\/\/monde25.info\/index.php\/wp-json\/wp\/v2\/comments?post=4463"}],"version-history":[{"count":0,"href":"https:\/\/monde25.info\/index.php\/wp-json\/wp\/v2\/posts\/4463\/revisions"}],"wp:featuredmedia":[{"embeddable":true,"href":"https:\/\/monde25.info\/index.php\/wp-json\/wp\/v2\/media\/4464"}],"wp:attachment":[{"href":"https:\/\/monde25.info\/index.php\/wp-json\/wp\/v2\/media?parent=4463"}],"wp:term":[{"taxonomy":"category","embeddable":true,"href":"https:\/\/monde25.info\/index.php\/wp-json\/wp\/v2\/categories?post=4463"},{"taxonomy":"post_tag","embeddable":true,"href":"https:\/\/monde25.info\/index.php\/wp-json\/wp\/v2\/tags?post=4463"}],"curies":[{"name":"wp","href":"https:\/\/api.w.org\/{rel}","templated":true}]}}