{"id":4471,"date":"2025-03-15T10:02:39","date_gmt":"2025-03-15T09:02:39","guid":{"rendered":"https:\/\/monde25.info\/index.php\/2025\/03\/15\/et-la-roumanie-explose-reseau-international\/"},"modified":"2025-03-15T10:02:39","modified_gmt":"2025-03-15T09:02:39","slug":"et-la-roumanie-explose-reseau-international","status":"publish","type":"post","link":"https:\/\/monde25.info\/index.php\/2025\/03\/15\/et-la-roumanie-explose-reseau-international\/","title":{"rendered":"Et la Roumanie explose &#8211; R\u00e9seau International"},"content":{"rendered":"<p> <br \/>\n<\/p>\n<div>\n<p>par <strong>Andrea Marcigliano<\/strong><\/p>\n<p>Que se passe-t-il en Roumanie ? La question n\u2019est pas, loin s\u2019en faut, anodine, m\u00eame si nos m\u00e9dias et grands journaux ne parlent pratiquement jamais de ce qui se passe \u00e0 Bucarest et dans ses environs. Ou, au mieux, ils y font allusion, comme s\u2019il s\u2019agissait d\u2019un lointain pays de Clochemerles.<\/p>\n<p>Et, pourtant, la Roumanie n\u2019est pas seulement \u00e0 notre porte, toute proche, mais c\u2019est aussi un pays membre de l\u2019UE. Et c\u2019est l\u00e0 un fait que nous ne devrions jamais oublier. Parce que ce qui lui arrive peut nous aider \u00e0 mieux comprendre les comportements de cette Union europ\u00e9enne. Et, \u00e0 proportion \u00e9gale, \u00e0 comprendre aussi la situation dans laquelle se trouve l\u2019Italie.<\/p>\n<p>Donc, en Roumanie, il y a eu des \u00e9lections. Un vote qui fut parfaitement r\u00e9gulier, semble-t-il. Qui a conduit \u00e0 la victoire, certaine et indiscutable, de C\u00e2lin Georgescu. Un candidat ind\u00e9pendant, avec une exp\u00e9rience politique limit\u00e9e, mais un pass\u00e9 professionnel, en tant qu\u2019ing\u00e9nieur et expert en d\u00e9veloppement, tout \u00e0 fait respectable. Une exp\u00e9rience professionnelle, attention, qui fut forg\u00e9e \u00e9galement aux \u00c9tats-Unis et, surtout, aux Nations unies.<\/p>\n<p>Georgescu n\u2019a jamais \u00e9t\u00e9 communiste. Ni pro-russe. Certaines de ses d\u00e9clarations \u2013 qui lui ont valu pas mal de probl\u00e8mes \u2013 auraient laiss\u00e9 entrevoir une certaine, disons, \u00absympathie\u00bb pour la Garde de Fer et son ancien leader, Corneliu Zelea Codreanu.<\/p>\n<p>Cependant, lorsque, en novembre 2024, il a remport\u00e9, \u00e0 la surprise g\u00e9n\u00e9rale, les \u00e9lections politiques, surpassant les candidats proches de l\u2019Union europ\u00e9enne, il a \u00e9t\u00e9 imm\u00e9diatement accus\u00e9 d\u2019\u00eatre pro-russe. Et le r\u00e9sultat \u00e9lectoral a \u00e9t\u00e9, tout aussi rapidement, annul\u00e9. Par ordre explicite de la Commission Europ\u00e9enne.<\/p>\n<p>Comment \u00e7a ? Vous trouvez cela \u00e9trange, vous tombez des nues ? Eh bien, je suis d\u00e9sol\u00e9, mais les choses se sont pass\u00e9es exactement comme cela. Les r\u00e9sultats \u00e9lectoraux ont \u00e9t\u00e9 annul\u00e9s. Les \u00e9lections ont \u00e9t\u00e9 suspendues jusqu\u2019\u00e0 nouvel ordre. Et, enfin, il y a eu assignation \u00e0 r\u00e9sidence pour Georgescu, avec interdiction de participer \u00e0 la vie politique pendant six ans.<\/p>\n<p>Le tout sur ordre de Bruxelles. Ce ne sont pas des affirmations sans fondement, car plusieurs membres de la Commission europ\u00e9enne en ont t\u00e9moign\u00e9. Membres qui, rappelons-le, n\u2019ont jamais \u00e9t\u00e9 \u00e9lus ni choisis par aucun peuple, bien \u00e9videmment.<\/p>\n<p>Les \u00e9lections ont donc \u00e9t\u00e9 annul\u00e9es et report\u00e9es sine die. Quand les Roumains se seront mis dans la t\u00eate que la d\u00e9mocratie n\u2019a de valeur que si les gagnants sont des personnes redevables au pouvoir \u00e9conomique et politique qui se cache derri\u00e8re la Commission europ\u00e9enne.<\/p>\n<p>Sinon\u2026 \u00e7a ne compte pas, \u00e7a s\u2019annule, \u00e7a doit \u00eatre recommenc\u00e9.<\/p>\n<p>Mais voil\u00e0, le diable est tr\u00e8s dou\u00e9 pour faire des casseroles, mais, souvent si ce n\u2019est toujours, il oublie les couvercles.<\/p>\n<p>Et, ainsi, la Roumanie est en train d\u2019exploser. Des manifestations de rue, r\u00e9elles et massives, \u00e0 Bucarest et dans toutes les villes. Des manifestations en soutien \u00e0 Georgescu. Et, surtout, des revendications du droit du peuple roumain \u00e0 d\u00e9cider de son propre destin.<\/p>\n<p>C\u2019est, en r\u00e9sum\u00e9, ce qui se passe \u00e0 quelques centaines de kilom\u00e8tres de chez nous.<\/p>\n<p>Mais ne vous en faites pas\u2026 continuez \u00e0 suivre les journaux t\u00e9l\u00e9vis\u00e9s qui vous racontent \u00e0 quel point nous sommes d\u00e9mocratiques en Europe. Et combien il est agr\u00e9able de vivre dans ce paradis de r\u00e9cits d\u00e9biles.<\/p>\n<p>source : <a target=\"_blank\" href=\"https:\/\/electomagazine.it\/e-la-romania-esplode\/\" target=\"_blank\" rel=\"noopener\" title=\"\">Electo Magazine<\/a> via <a target=\"_blank\" href=\"http:\/\/euro-synergies.hautetfort.com\/archive\/2025\/03\/14\/et-la-roumanie-explose.html\" target=\"_blank\" rel=\"noopener\" title=\"\">Euro-Synergies<\/a><\/p>\n<div class=\"sharedaddy sd-block sd-like jetpack-likes-widget-wrapper jetpack-likes-widget-unloaded\" id=\"like-post-wrapper-237719536-447719-67d535087251a\" data-src=\"https:\/\/widgets.wp.com\/likes\/?ver=14.2.1#blog_id=237719536&amp;post_id=447719&amp;origin=reseauinternational.net&amp;obj_id=237719536-447719-67d535087251a&amp;n=1\" data-name=\"like-post-frame-237719536-447719-67d535087251a\" data-title=\"Aimer ou rebloguer\">\n<h3 class=\"sd-title\">J\u2019aime \u00e7a\u00a0:<\/h3>\n<p><span class=\"button\"><span>J\u2019aime<\/span><\/span> <span class=\"loading\">chargement\u2026<\/span><\/p>\n<p><span class=\"sd-text-color\"\/><a target=\"_blank\" class=\"sd-link-color\"\/><\/div>\n<p><meta itemscope=\"\" itemprop=\"mainEntityOfPage\" itemtype=\"https:\/\/schema.org\/WebPage\" itemid=\"https:\/\/reseauinternational.net\/et-la-roumanie-explose\/\"\/><meta itemprop=\"headline\" content=\"Et la Roumanie explose\"\/><span style=\"display: none;\" itemprop=\"author\" itemscope=\"\" itemtype=\"https:\/\/schema.org\/Person\"><meta itemprop=\"name\" content=\"R\u00e9seau International\"\/><\/span><span style=\"display: none;\" itemprop=\"image\" itemscope=\"\" itemtype=\"https:\/\/schema.org\/ImageObject\"><meta itemprop=\"url\" content=\"https:\/\/i0.wp.com\/reseauinternational.net\/wp-content\/uploads\/2025\/03\/Sans-titre-34-1.png?fit=800%2C467&amp;quality=100&amp;ssl=1\"\/><meta itemprop=\"width\" content=\"800\"\/><meta itemprop=\"height\" content=\"467\"\/><\/span><span style=\"display: none;\" itemprop=\"publisher\" itemscope=\"\" itemtype=\"https:\/\/schema.org\/Organization\"><span style=\"display: none;\" itemprop=\"logo\" itemscope=\"\" itemtype=\"https:\/\/schema.org\/ImageObject\"><meta itemprop=\"url\" content=\"https:\/\/reseauinternational.net\/wp-content\/uploads\/2022\/06\/Capture-de\u0301cran-2022-06-14-a\u0300-16.51.07.png\"\/><\/span><meta itemprop=\"name\" content=\"R\u00e9seau International\"\/><\/span><meta itemprop=\"datePublished\" content=\"2025-03-15T08:48:11+00:00\"\/><meta itemprop=\"dateModified\" content=\"2025-03-15T08:49:14+00:00\"\/><\/div>\n<p><br \/>\n<br \/><a href=\"https:\/\/reseauinternational.net\/et-la-roumanie-explose\/\" target=\"_blank\"\">Source link <\/a><\/p>\n","protected":false},"excerpt":{"rendered":"<p>par Andrea Marcigliano Que se passe-t-il en Roumanie ? La question n\u2019est pas, loin s\u2019en faut, anodine, m\u00eame si nos m\u00e9dias et grands journaux ne parlent pratiquement jamais de ce&hellip; <\/p>\n","protected":false},"author":1,"featured_media":4472,"comment_status":"open","ping_status":"open","sticky":false,"template":"","format":"standard","meta":{"footnotes":""},"categories":[1],"tags":[],"class_list":["post-4471","post","type-post","status-publish","format-standard","has-post-thumbnail","hentry","category-non-classe"],"_links":{"self":[{"href":"https:\/\/monde25.info\/index.php\/wp-json\/wp\/v2\/posts\/4471","targetHints":{"allow":["GET"]}}],"collection":[{"href":"https:\/\/monde25.info\/index.php\/wp-json\/wp\/v2\/posts"}],"about":[{"href":"https:\/\/monde25.info\/index.php\/wp-json\/wp\/v2\/types\/post"}],"author":[{"embeddable":true,"href":"https:\/\/monde25.info\/index.php\/wp-json\/wp\/v2\/users\/1"}],"replies":[{"embeddable":true,"href":"https:\/\/monde25.info\/index.php\/wp-json\/wp\/v2\/comments?post=4471"}],"version-history":[{"count":0,"href":"https:\/\/monde25.info\/index.php\/wp-json\/wp\/v2\/posts\/4471\/revisions"}],"wp:featuredmedia":[{"embeddable":true,"href":"https:\/\/monde25.info\/index.php\/wp-json\/wp\/v2\/media\/4472"}],"wp:attachment":[{"href":"https:\/\/monde25.info\/index.php\/wp-json\/wp\/v2\/media?parent=4471"}],"wp:term":[{"taxonomy":"category","embeddable":true,"href":"https:\/\/monde25.info\/index.php\/wp-json\/wp\/v2\/categories?post=4471"},{"taxonomy":"post_tag","embeddable":true,"href":"https:\/\/monde25.info\/index.php\/wp-json\/wp\/v2\/tags?post=4471"}],"curies":[{"name":"wp","href":"https:\/\/api.w.org\/{rel}","templated":true}]}}