{"id":4473,"date":"2025-03-15T10:36:02","date_gmt":"2025-03-15T09:36:02","guid":{"rendered":"https:\/\/monde25.info\/index.php\/2025\/03\/15\/ukraine-non-a-un-engrenage-infernal\/"},"modified":"2025-03-15T10:36:02","modified_gmt":"2025-03-15T09:36:02","slug":"ukraine-non-a-un-engrenage-infernal","status":"publish","type":"post","link":"https:\/\/monde25.info\/index.php\/2025\/03\/15\/ukraine-non-a-un-engrenage-infernal\/","title":{"rendered":"Ukraine : non \u00e0 un engrenage infernal !"},"content":{"rendered":"<p> <br \/>\n<\/p>\n<div>\n<p><span data-contrast=\"auto\">Il ne faut jamais jouer avec les principes fondamentaux de la R\u00e9publique et de la d\u00e9mocratie : quand un pr\u00e9sident de la R\u00e9publique est d\u00e9savou\u00e9 par le peuple, lors d&rsquo;un scrutin (l\u00e9gislatif ou r\u00e9f\u00e9rendaire) qu&rsquo;il a lui-m\u00eame provoqu\u00e9, il doit d\u00e9missionner, il doit partir. Faute de quoi, cela revient \u00e0 dire avec Chamfort que \u00ab\u00a0la souverainet\u00e9 r\u00e9side dans le peuple, mais qu&rsquo;il ne doit jamais l&rsquo;exercer\u00a0\u00bb. Alors, c&rsquo;est la d\u00e9mocratie confisqu\u00e9e.<\/span><span data-ccp-props=\"{&quot;134233117&quot;:false,&quot;134233118&quot;:false,&quot;335559738&quot;:0,&quot;335559739&quot;:0}\">\u00a0<\/span><\/p>\n<p><span data-contrast=\"auto\">Mais les jeux et calculs politiques ont \u00e9t\u00e9 plus forts que l&rsquo;int\u00e9r\u00eat national et, avec la complicit\u00e9 du personnel politique, M. Macron est toujours l\u00e0. Pour qualifier cette situation, M. Bayrou &#8211; Premier ministre autod\u00e9sign\u00e9 ! &#8211; a d\u00e9clar\u00e9, dans la longue interview qu&rsquo;il a donn\u00e9e au Figaro le 28 f\u00e9vrier : \u00ab\u00a0Nous ne sommes pas en cohabitation, mais en coresponsabilit\u00e9\u00a0\u00bb.<\/span><span data-ccp-props=\"{&quot;134233117&quot;:false,&quot;134233118&quot;:false,&quot;335559738&quot;:0,&quot;335559739&quot;:0}\">\u00a0<\/span><\/p>\n<p><span data-contrast=\"auto\">En coresponsabilit\u00e9 aujourd&rsquo;hui, comme M. Mitterrand en cohabitation jadis, il ne fallait pas s&rsquo;attendre \u00e0 ce que le pr\u00e9sident de la R\u00e9publique demeure \u00ab\u00a0inerte\u00a0\u00bb. La preuve nous en est dramatiquement fournie avec son allocution t\u00e9l\u00e9vis\u00e9e du 5 mars. Si Charles Pasqua se proposait en son temps de \u00ab\u00a0terroriser les terroristes\u00a0\u00bb, Emmanuel Macron vient tout simplement de terroriser une partie non n\u00e9gligeable du peuple fran\u00e7ais, je peux en attester.<\/span><span data-ccp-props=\"{&quot;134233117&quot;:false,&quot;134233118&quot;:false,&quot;335559738&quot;:0,&quot;335559739&quot;:0}\">\u00a0<\/span><\/p>\n<p><span data-contrast=\"auto\">\u00ab\u00a0La menace russe est l\u00e0 et nous touche\u00a0\u00bb, \u00ab\u00a0qui peut croire que la Russie d&rsquo;aujourd&rsquo;hui s&rsquo;arr\u00eatera \u00e0 l&rsquo;Ukraine ?\u00a0\u00bb, \u00ab\u00a0rester spectateur serait une folie\u00a0\u00bb, telles sont quelques-unes des formules entendues par le peuple fran\u00e7ais. Et si les mots ont un sens, si l&rsquo;on ne reste pas spectateur, cela signifie que l&rsquo;on devient acteur, et acteur d&rsquo;un conflit arm\u00e9 aux cons\u00e9quences incalculables quand les deux bellig\u00e9rants disposent de l&rsquo;arme nucl\u00e9aire. Ne serait-ce pas \u00ab\u00a0une folie\u00a0\u00bb, une vraie folie ?<\/span><span data-ccp-props=\"{&quot;134233117&quot;:false,&quot;134233118&quot;:false,&quot;335559738&quot;:0,&quot;335559739&quot;:0}\">\u00a0<\/span><\/p>\n<p><span data-contrast=\"auto\">A la fin de son intervention, le chef de l&rsquo;Etat (au demeurant d&rsquo;un Etat bien malade, la faute \u00e0 qui, apr\u00e8s bient\u00f4t 8 ans \u00e0 l&rsquo;Elys\u00e9e ?), a \u00e9voqu\u00e9 \u00ab\u00a0une certaine id\u00e9e de la v\u00e9rit\u00e9\u00a0\u00bb, et m\u00eame \u00ab\u00a0une certaine id\u00e9e de la libert\u00e9 d&rsquo;expression\u00a0\u00bb. Allons donc ! Lui seul sait. Quant \u00e0 la \u00ab\u00a0libert\u00e9 d&rsquo;expression\u00a0\u00bb, oser en parler quelques jours seulement apr\u00e8s l&rsquo;\u00e9limination de C8 des cha\u00eenes de la TNT, c&rsquo;est d&rsquo;un culot monstre et d&rsquo;un go\u00fbt douteux.<\/span><span data-ccp-props=\"{&quot;134233117&quot;:false,&quot;134233118&quot;:false,&quot;335559738&quot;:0,&quot;335559739&quot;:0}\">\u00a0<\/span><\/p>\n<p><span data-contrast=\"auto\"><strong>\u00ab\u00a0En m\u00eame temps\u00a0\u00bb, pour parler comme lui, nous assistons au retour des excommunications.\u00a0<\/strong><\/span><span data-ccp-props=\"{&quot;134233117&quot;:false,&quot;134233118&quot;:false,&quot;335559738&quot;:0,&quot;335559739&quot;:0}\"><strong>\u00a0<\/strong><\/span><\/p>\n<p><span data-contrast=\"auto\">Au temps du Covid, nous avons eu droit aux \u00ab\u00a0complotistes\u00a0\u00bb, mot cens\u00e9 disqualifier dans l&rsquo;opinion toutes celles et tous ceux qui mettaient en doute les choix d&rsquo;un pouvoir politique dans la main d&rsquo;un conseil scientifique mont\u00e9 de toutes pi\u00e8ces, voire \u00e0 l&#8217;emporte- pi\u00e8ce, pour la circonstance, et qui s&rsquo;est lourdement tromp\u00e9, il a fini par le reconna\u00eetre.<\/span><span data-ccp-props=\"{&quot;134233117&quot;:false,&quot;134233118&quot;:false,&quot;335559738&quot;:0,&quot;335559739&quot;:0}\">\u00a0<\/span><\/p>\n<p><span data-contrast=\"auto\">Avec la guerre en Ukraine, les opposants au discours officiel deviennent des d\u00e9faitistes, des d\u00e9serteurs, des tra\u00eetres en puissance, que sais-je encore ? M. Darmanin n&rsquo;a pas encore dit que nous sommes en guerre, et que quand nous sommes en guerre, il ne faut pas poser de questions ni cr\u00e9er des pol\u00e9miques, mais cela ne devrait pas tarder \u00e0 venir &#8230;<\/span><span data-ccp-props=\"{&quot;134233117&quot;:false,&quot;134233118&quot;:false,&quot;335559738&quot;:0,&quot;335559739&quot;:0}\">\u00a0<\/span><\/p>\n<p><span data-contrast=\"auto\">Certes, la situation internationale n&rsquo;est pas reluisante et la guerre en Ukraine, comme toute guerre, s&rsquo;est traduite par de trop nombreuses vies humaines bris\u00e9es ou abim\u00e9es (1 million de personnes, dit-on), et par des destructions massives.<\/span><span data-ccp-props=\"{&quot;134233117&quot;:false,&quot;134233118&quot;:false,&quot;335559738&quot;:0,&quot;335559739&quot;:0}\">\u00a0<\/span><\/p>\n<p><span data-contrast=\"auto\">Mais \u00e0 l&rsquo;heure o\u00f9 un chemin de paix para\u00eet heureusement se dessiner, et apr\u00e8s l&rsquo;\u00e9chec de sa diplomatie spectacle Tik Tok, \u00e9tait-ce le moment pour le chef de l&rsquo;Etat fran\u00e7ais de tenir un propos s&rsquo;apparentant fort, sinon \u00e0 une d\u00e9claration de guerre, du moins \u00e0 un encouragement \u00e0 une poursuite de la guerre par les Ukrainiens ?<\/span><span data-ccp-props=\"{&quot;134233117&quot;:false,&quot;134233118&quot;:false,&quot;335559738&quot;:0,&quot;335559739&quot;:0}\">\u00a0<\/span><\/p>\n<p><span data-contrast=\"auto\">Dans cette affaire, on a du mal \u00e0 suivre la pens\u00e9e macronienne. Au d\u00e9but, il dialogue avec Poutine, ce qu&rsquo;on ne saurait lui reprocher. Ensuite, il demande de \u00ab\u00a0respecter les int\u00e9r\u00eats de s\u00e9curit\u00e9 de la Russie\u00a0\u00bb. Et il finit par dire que \u00ab\u00a0la Russie ne doit pas gagner cette guerre\u00a0\u00bb. Comprenne qui pourra ! Diplomatie Tik Tok et paroles zig zag ne font pas une politique digne de la France.<\/span><span data-ccp-props=\"{&quot;134233117&quot;:false,&quot;134233118&quot;:false,&quot;335559738&quot;:0,&quot;335559739&quot;:0}\">\u00a0<\/span><\/p>\n<p><span data-contrast=\"auto\">Une France ind\u00e9pendante, dot\u00e9e d&rsquo;un pouvoir l\u00e9gitime et ne se trouvant pas menac\u00e9e de d\u00e9p\u00f4t de bilan, aurait d\u00fb prendre la t\u00eate du combat pour la paix sur un continent qui est le sien, le continent europ\u00e9en. Ce n&rsquo;est pas en Arabie saoudite qu&rsquo;auraient d\u00fb se tenir les pourparlers de paix entre Am\u00e9ricains et Ukrainiens, mais \u00e0 Paris.\u00a0<\/span><span data-ccp-props=\"{&quot;134233117&quot;:false,&quot;134233118&quot;:false,&quot;335559738&quot;:0,&quot;335559739&quot;:0}\">\u00a0<\/span><\/p>\n<p><span data-contrast=\"auto\">Dans la longue lettre qu&rsquo;il vient d&rsquo;adresser au pr\u00e9sident de la R\u00e9publique, parue dans Le Figaro du 13 mars, l&rsquo;ancien ministre Pierre Lellouche met en garde : \u00ab\u00a0Cette guerre, qui est d\u00e9j\u00e0 une calamit\u00e9 pour la France et pour l&rsquo;Europe, pourrait d\u00e9g\u00e9n\u00e9rer vers le pire, si de nouvelles erreurs de calcul devaient \u00eatre commises dans cette p\u00e9riode cruciale qui s&rsquo;est ouverte avec la conclusion prochaine d&rsquo;un cessez-le-feu parrain\u00e9 par Trump et Poutine &#8230;\u00a0\u00bb<\/span><span data-ccp-props=\"{&quot;134233117&quot;:false,&quot;134233118&quot;:false,&quot;335559738&quot;:0,&quot;335559739&quot;:0}\">\u00a0<\/span><\/p>\n<p><span data-contrast=\"auto\">Puisse le pouvoir y r\u00e9fl\u00e9chir, depuis l&rsquo;Elys\u00e9e jusqu&rsquo;au gouvernement et \u00e0 ses membres, y compris ceux qui juraient qu&rsquo;on ne les y prendrait pas, et qui sont bien heureux d&rsquo;y \u00eatre et bien silencieux.<\/span><span data-ccp-props=\"{&quot;134233117&quot;:false,&quot;134233118&quot;:false,&quot;335559738&quot;:0,&quot;335559739&quot;:0}\">\u00a0<\/span><\/p>\n<p><span data-contrast=\"auto\">Il est des moments o\u00f9 les int\u00e9r\u00eats de boutique et de carri\u00e8re, ainsi que la solidarit\u00e9 gouvernementale, doivent s&rsquo;effacer. Toutes celles et tous ceux qui sont aujourd&rsquo;hui au pouvoir, \u00ab\u00a0en coresponsabilit\u00e9\u00a0\u00bb, porteraient une lourde responsabilit\u00e9 devant les Fran\u00e7ais et devant l&rsquo;Histoire si \u00ab\u00a0le pire\u00a0\u00bb venait \u00e0 se produire.<\/span><span data-ccp-props=\"{&quot;134233117&quot;:false,&quot;134233118&quot;:false,&quot;335559738&quot;:0,&quot;335559739&quot;:0}\">\u00a0<\/span><\/p>\n<p><span data-contrast=\"auto\">Voici venu le temps des femmes et des hommes de caract\u00e8re, celles et ceux qui sont capables de se lever et de dire haut et fort : non \u00e0 un engrenage infernal !<\/span><span data-ccp-props=\"{&quot;134233117&quot;:false,&quot;134233118&quot;:false,&quot;335559738&quot;:0,&quot;335559739&quot;:0}\">\u00a0<\/span><\/p>\n<\/div>\n<p><script>(function(d, s, id) {  var js, fjs = d.getElementsByTagName(s)[0];  if (d.getElementById(id)) return;  js = d.createElement(s); js.id = id;  js.src = \"\/\/connect.facebook.net\/fr_FR\/sdk.js#xfbml=1&version=v2.3\";  fjs.parentNode.insertBefore(js, fjs);}(document, \"script\", \"facebook-jssdk\"));<\/script><br \/>\n<br \/><br \/>\n<br \/><a href=\"https:\/\/www.francesoir.fr\/opinions-tribunes\/ukraine-non-un-engrenage-infernal\" target=\"_blank\"\">Source link <\/a><\/p>\n","protected":false},"excerpt":{"rendered":"<p>Il ne faut jamais jouer avec les principes fondamentaux de la R\u00e9publique et de la d\u00e9mocratie : quand un pr\u00e9sident de la R\u00e9publique est d\u00e9savou\u00e9 par le peuple, lors d&rsquo;un&hellip; <\/p>\n","protected":false},"author":1,"featured_media":4474,"comment_status":"open","ping_status":"open","sticky":false,"template":"","format":"standard","meta":{"footnotes":""},"categories":[1],"tags":[],"class_list":["post-4473","post","type-post","status-publish","format-standard","has-post-thumbnail","hentry","category-non-classe"],"_links":{"self":[{"href":"https:\/\/monde25.info\/index.php\/wp-json\/wp\/v2\/posts\/4473","targetHints":{"allow":["GET"]}}],"collection":[{"href":"https:\/\/monde25.info\/index.php\/wp-json\/wp\/v2\/posts"}],"about":[{"href":"https:\/\/monde25.info\/index.php\/wp-json\/wp\/v2\/types\/post"}],"author":[{"embeddable":true,"href":"https:\/\/monde25.info\/index.php\/wp-json\/wp\/v2\/users\/1"}],"replies":[{"embeddable":true,"href":"https:\/\/monde25.info\/index.php\/wp-json\/wp\/v2\/comments?post=4473"}],"version-history":[{"count":0,"href":"https:\/\/monde25.info\/index.php\/wp-json\/wp\/v2\/posts\/4473\/revisions"}],"wp:featuredmedia":[{"embeddable":true,"href":"https:\/\/monde25.info\/index.php\/wp-json\/wp\/v2\/media\/4474"}],"wp:attachment":[{"href":"https:\/\/monde25.info\/index.php\/wp-json\/wp\/v2\/media?parent=4473"}],"wp:term":[{"taxonomy":"category","embeddable":true,"href":"https:\/\/monde25.info\/index.php\/wp-json\/wp\/v2\/categories?post=4473"},{"taxonomy":"post_tag","embeddable":true,"href":"https:\/\/monde25.info\/index.php\/wp-json\/wp\/v2\/tags?post=4473"}],"curies":[{"name":"wp","href":"https:\/\/api.w.org\/{rel}","templated":true}]}}