{"id":4479,"date":"2025-03-15T12:14:43","date_gmt":"2025-03-15T11:14:43","guid":{"rendered":"https:\/\/monde25.info\/index.php\/2025\/03\/15\/au-proces-du-point-raquel-garrido-et-alexis-corbiere-accusent-une-derive-systemique\/"},"modified":"2025-03-15T12:14:43","modified_gmt":"2025-03-15T11:14:43","slug":"au-proces-du-point-raquel-garrido-et-alexis-corbiere-accusent-une-derive-systemique","status":"publish","type":"post","link":"https:\/\/monde25.info\/index.php\/2025\/03\/15\/au-proces-du-point-raquel-garrido-et-alexis-corbiere-accusent-une-derive-systemique\/","title":{"rendered":"Au proc\u00e8s du \u00ab\u00a0Point\u00a0\u00bb, Raquel Garrido et Alexis Corbi\u00e8re accusent une d\u00e9rive \u00ab\u00a0syst\u00e9mique\u00a0\u00bb"},"content":{"rendered":"<p> <br \/>\n<\/p>\n<div>\n<p class=\"dropcap-wrapper\"><span aria-hidden=\"true\" data-nosnippet=\"\"><span class=\"dropcap\">P<\/span>resque<\/span><span class=\"screen-reader-only\">Presque<\/span> trois ans apr\u00e8s les faits, Raquel Garrido est encore tr\u00e8s \u00e9mue quand elle raconte l\u2019affaire du faux scoop du <i>Point<\/i> et ses r\u00e9percussions. Vendredi 14 mars, \u00e0 la barre du tribunal correctionnel de Paris \u2013\u00a0o\u00f9 s\u2019est ouvert le proc\u00e8s de l\u2019hebdomadaire, poursuivi pour diffamation publique par le couple qu\u2019elle forme avec Alexis Corbi\u00e8re\u00a0\u2013, elle n\u2019a pu contenir quelques larmes, comme son conjoint.<\/p>\n<p>Pour faire la d\u00e9monstration des mensonges contenus dans l\u2019article paru en juin 2022 sous le titre \u00ab\u00a0L\u2019employ\u00e9e sans-papiers de Raquel Garrido et Alexis Corbi\u00e8re\u00a0\u00bb, les accusant de maltraiter une femme de m\u00e9nage sans-papiers, les d\u00e9mentis n\u2019ont pas suffi. Il a fallu des contre-enqu\u00eates, <a target=\"_blank\" href=\"https:\/\/www.mediapart.fr\/journal\/france\/230622\/les-erreurs-et-incoherences-du-point-sur-les-deputes-garrido-corbiere\">dont celle de Mediapart<\/a>.<\/p>\n<p><i>\u00ab\u00a0On a tout montr\u00e9 parce qu\u2019on n\u2019avait pas le choix, il fallait donner des \u00e9l\u00e9ments factuels pour r\u00e9pondre \u00e0 cette ignominie. Mais il a fallu qu\u2019on sacrifie la vie priv\u00e9e de nos enfants. C\u2019est un arbitrage qui est tr\u00e8s difficile\u00a0\u00bb<\/i>, raconte-t-elle en se rem\u00e9morant l\u2019immense chamboulement provoqu\u00e9 par cette publication, qui imputait aussi au couple un contournement de la carte scolaire.<\/p>\n<figure class=\"media media--image format-100-pcent _align:center orientation-landscape\" data-js=\"media\"><figcaption class=\"legend\">\n            Alexis Corbi\u00e8re et Raquel Garrido le 14 mars au tribunal de Paris.                            <span class=\"legend-author\"> \u00a9\u00a0Photo Thomas Samson \/ AFP<\/span><br \/>\n                    <\/figcaption><template data-template-media-modal=\"\"><br \/>\n    <button type=\"button\" class=\"media-modal-opener\"><br \/>\n        <svg xmlns=\"http:\/\/www.w3.org\/2000\/svg\" class=\"icon\" aria-hidden=\"true\" focusable=\"false\" height=\"16\" width=\"16\" viewbox=\"0 0 32 32\">  <path fill-rule=\"evenodd\" d=\"M7 25v-6.75h1.5V25H7Z\" clip-rule=\"evenodd\"\/>  <path fill-rule=\"evenodd\" d=\"M7 23.5h6.75V25H7v-1.5Z\" clip-rule=\"evenodd\"\/>  <path fill-rule=\"evenodd\" d=\"M13.894 19.166 8.061 25 7 23.94l5.834-5.834 1.06 1.06ZM25 7v6.75h-1.5V7H25Z\" clip-rule=\"evenodd\"\/>  <path fill-rule=\"evenodd\" d=\"M25 8.5h-6.75V7H25v1.5Z\" clip-rule=\"evenodd\"\/>  <path fill-rule=\"evenodd\" d=\"M18.106 12.834 23.939 7 25 8.06l-5.834 5.834-1.06-1.06Z\" clip-rule=\"evenodd\"\/><\/svg><br \/>\n        <span>Agrandir l\u2019image : Illustration 1<\/span><br \/>\n    <\/button><\/p>\n<p><\/template><br \/>\n<\/figure>\n<p><i>\u00ab\u00a0J\u2019\u00e9tais encore na\u00eff, je me disais que \u00e7a ne pouvait pas venir d\u2019un grand hebdomadaire comme<\/i> Le Point. <i>On \u00e9tait abasourdis. \u00c0 ce moment-l\u00e0, vous ne trouvez pas d\u2019amis. On se retrouve isol\u00e9s, humili\u00e9s\u00a0\u00bb<\/i>, a relat\u00e9 un peu plus tard Alexis Corbi\u00e8re.<\/p>\n<h2 data-mediapart-role=\"subheading\" class=\"subheading\">Le scandale poursuit sur son erre<\/h2>\n<p>L\u2019article du journaliste Aziz Zemouri, qui a quitt\u00e9 la r\u00e9daction depuis, avait \u00e9t\u00e9 largement diffus\u00e9 sur les r\u00e9seaux sociaux avec le surtitre \u00ab\u00a0Exclusif\u00a0\u00bb et repris massivement par les adversaires politiques du couple. Raquel Garrido et Alexis Corbi\u00e8re venaient alors tout juste d\u2019\u00eatre \u00e9lu\u00b7es d\u00e9put\u00e9\u00b7es.<\/p>\n<p>\u00c0 peine 24 heures apr\u00e8s sa diffusion, le directeur du <i>Point<\/i> \u00c9tienne Gernelle avait annonc\u00e9 sa suppression. Une d\u00e9cision exceptionnelle qu\u2019il avait justifi\u00e9e par des <i>\u00ab\u00a0v\u00e9rifications compl\u00e9mentaires\u00a0\u00bb<\/i> r\u00e9v\u00e9lant des <i>\u00ab\u00a0erreurs et manquements \u00e0 la prudence\u00a0\u00bb<\/i>. Il avait pr\u00e9sent\u00e9 ses <i>\u00ab\u00a0excuses plates et sinc\u00e8res\u00a0\u00bb<\/i> \u00e0 Raquel Garrido et Alexis Corbi\u00e8re.<\/p>\n<p>Trois ans plus tard, sur le r\u00e9seau social X, <i>\u00ab\u00a0\u00e7a n\u2019a pas disparu\u00a0\u00bb<\/i>, rapporte Raquel Garrido, qui dit encore recevoir r\u00e9guli\u00e8rement des messages lui intimant de <i>\u00ab\u00a0payer [s]a femme de m\u00e9nage\u00a0\u00bb<\/i>. Mais ni le directeur de la publication du <i>Point<\/i>\u00a0ni Aziz Zemouri n\u2019avaient fait le d\u00e9placement \u00e0 l\u2019audience vendredi.<\/p>\n<figure data-mediapart-role=\"quote\" class=\"quote\">\n<blockquote>\n<p>Je crains un peu qu\u2019on finisse gouvern\u00e9s par des mythocrates. Le dernier rempart contre eux, ce sont les journalistes qui font leur travail.<\/p>\n<\/blockquote><figcaption>Raquel Garrido<\/figcaption><\/figure>\n<p>Raquel Garrido s\u2019est dite <i>\u00ab\u00a0bless\u00e9e\u00a0\u00bb<\/i> par cette absence, notamment celle d\u2019\u00c9tienne Gernelle qui, en tant que directeur de la publication, est <i>\u00ab\u00a0le pr\u00e9venu pour le d\u00e9lit principal\u00a0\u00bb<\/i>. Alexis Corbi\u00e8re a choisi d\u2019ironiser \u00e0 ce sujet en raillant la ligne \u00e9ditoriale de l\u2019hebdomadaire\u00a0: <i>\u00ab\u00a0Quand on d\u00e9fend le patronat, on se comporte comme un patron jusqu\u2019au bout, m\u00eame face aux difficult\u00e9s.\u00a0\u00bb<\/i><\/p>\n<p>Tout au long de leurs interventions, les \u00e9poux ont insist\u00e9 sur le discr\u00e9dit jet\u00e9 non seulement sur <i>Le Point<\/i> mais plus g\u00e9n\u00e9ralement sur le m\u00e9tier de journaliste lorsque de telles enqu\u00eates sont publi\u00e9es, en tordant la d\u00e9ontologie. <i>\u00ab\u00a0Je crains un peu qu\u2019on finisse gouvern\u00e9s par des mythocrates, en mythocratie. Le dernier rempart contre eux, ce sont les journalistes qui font leur travail\u00a0\u00bb<\/i>, a d\u00e9clar\u00e9 Raquel Garrido.<\/p>\n<p>Alexis Corbi\u00e8re a rappel\u00e9 que <i>Le Point<\/i>, propri\u00e9t\u00e9 du milliardaire Fran\u00e7ois Pinault, re\u00e7oit chaque ann\u00e9e une coquette somme de <a target=\"_blank\" href=\"https:\/\/blogs.mediapart.fr\/edwy-plenel\/blog\/110923\/le-scandale-persistant-des-aides-la-presse\">subventions publiques<\/a>. <i>\u00ab\u00a0C\u2019est donc un d\u00e9bat d\u2019int\u00e9r\u00eat g\u00e9n\u00e9ral. La presse de qualit\u00e9 est un droit que les citoyens doivent d\u00e9fendre\u00a0\u00bb<\/i>, a-t-il observ\u00e9. Pour le couple, le peu d\u2019efforts faits par la direction du <i>Point<\/i> pour v\u00e9rifier les informations de son journaliste s\u2019inscrit dans la <i>\u00ab\u00a0trumpisation du d\u00e9bat public\u00a0\u00bb<\/i>.<\/p>\n<h2 data-mediapart-role=\"subheading\" class=\"subheading\">Une \u00ab\u00a0fabrique du faux\u00a0\u00bb<\/h2>\n<p>L\u2019avocat du couple, M<sup>e<\/sup> Xavier Sauvignet, partage cette analyse\u00a0: <i>\u00ab\u00a0Pour <\/i>Le Point<i>, \u00e0 gauche, il y a toujours un c\u00f4t\u00e9 cour et un c\u00f4t\u00e9 jardin. C\u2019est leur lecture du monde et d\u00e8s qu\u2019un article la sert, comme ici avec ce scandale absolu, c\u2019est du pain b\u00e9nit pour la direction. Cela valide une orientation id\u00e9ologique.\u00a0\u00bb \u00ab\u00a0C\u2019est l\u2019aspect syst\u00e9mique de cette r\u00e9daction\u00a0\u00bb<\/i>, a critiqu\u00e9 Alexis Corbi\u00e8re, taclant aussi la <i>\u00ab\u00a0course au buzz\u00a0\u00bb<\/i> dans laquelle s\u2019inscrit l\u2019hebdomadaire.\u00a0<\/p>\n<p>M<sup>e<\/sup> Xavier Sauvignet a d\u00e9nonc\u00e9 <i>\u00ab\u00a0une enqu\u00eate avec une source unique, frelat\u00e9e, qui arrive dans un calendrier suspect, o\u00f9 le contradictoire a \u00e9t\u00e9 une farce\u00a0\u00bb<\/i>, et r\u00e9clam\u00e9 aux pr\u00e9venus 30\u00a0000 euros au titre du pr\u00e9judice et 8\u00a0000 euros au titre des frais de justice.<\/p>\n<figure data-mediapart-role=\"quote\" class=\"quote\">\n<blockquote>\n<p>L\u2019information \u00e9tait terriblement fausse.<\/p>\n<\/blockquote><figcaption>Renaud Le Guhenec, avocat du \u00ab\u00a0Point\u00a0\u00bb<\/figcaption><\/figure>\n<p>Dans cette affaire, Aziz Zemouri a, selon les mots d\u2019\u00c9tienne Gernelle, fait l\u2019objet d\u2019un <i>\u00ab\u00a0enfumage externe\u00a0\u00bb<\/i>. <i>Lib\u00e9ration<\/i> a <a target=\"_blank\" href=\"https:\/\/www.liberation.fr\/societe\/police-justice\/derriere-la-pseudo-affaire-garrido-corbiere-linfluence-pressante-de-jean-christophe-lagarde-20221111_Y3YWIOJDTFFRBKSCFONDUPIOSA\/?redirected=1&amp;redirected=1\" target=\"_blank\" rel=\"noopener\">r\u00e9v\u00e9l\u00e9<\/a> l\u2019implication de l\u2019ex-policier Noam Anouar et de l\u2019entourage de Jean-Christophe Lagarde (UDI). Aziz Zemouri a d\u00e9pos\u00e9 plainte \u00e0 ce sujet, une enqu\u00eate est ouverte.<\/p>\n<p>Son avocat, M<sup>e<\/sup> David-Olivier Kaminski, a d\u00e9fendu sa bonne foi, estimant qu\u2019il n\u2019y avait vu <i>\u00ab\u00a0que du feu\u00a0\u00bb\u00a0<\/i>: <i>\u00ab\u00a0Si on doit faire l\u2019anatomie de cette affaire, c\u2019est une fabrique du faux, de la manipulation, de la man\u0153uvre frauduleuse. C\u2019est ce qui est totalement in\u00e9dit. M\u00eame les meilleurs se font avoir.\u00a0\u00bb<\/i><\/p>\n<p>Mais comme l\u2019a relat\u00e9 Mediapart, l\u2019<i>\u00ab\u00a0accident industriel\u00a0\u00bb <\/i>de ce faux scoop n\u2019est pas isol\u00e9\u00a0: les archives du <i>Point<\/i> <a target=\"_blank\" href=\"https:\/\/www.mediapart.fr\/journal\/france\/010722\/garrido-corbiere-le-point-un-journal-accro-aux-fausses-infos\">montrent<\/a> les tr\u00e8s nombreuses informations erron\u00e9es publi\u00e9es par Aziz Zemouri, mais aussi par d\u2019autres journalistes de cette r\u00e9daction, et presque jamais modifi\u00e9es.<\/p>\n<aside data-mediapart-role=\"read-also\" class=\"read-also\" aria-label=\"\u00c0 lire aussi\">\n<header>\n    <svg xmlns=\"http:\/\/www.w3.org\/2000\/svg\" class=\"icon color:ui-alert\" aria-hidden=\"true\" focusable=\"false\" height=\"16\" width=\"16\" viewbox=\"0 0 32 32\">  <path fill-rule=\"evenodd\" d=\"M18.332 5.257a1 1 0 0 1 1.413.074l9 10a1 1 0 0 1 0 1.338l-9 10a1 1 0 0 1-1.487-1.338L25.756 17H4.001a1 1 0 1 1 0-2h21.755l-7.498-8.331a1 1 0 0 1 .075-1.412Z\" clip-rule=\"evenodd\"\/><\/svg><\/p>\n<p>\u00c0 lire aussi<\/p>\n<\/header>\n<article>\n            <a target=\"_blank\" data-smarttag=\"\" data-smarttag-name=\"a_lire_aussi\" data-smarttag-chapter1=\"recirculation\" data-smarttag-chapter2=\"corps_article\" data-smarttag-level2=\"9\" data-smarttag-type=\"navigation\" href=\"https:\/\/www.mediapart.fr\/journal\/france\/081222\/faux-scoop-du-point-sur-garrido-corbiere-un-accident-industriel-ecrit-d-avance\"><br \/>\n                                <span>Faux scoop du \u00ab\u00a0Point\u00a0\u00bb sur Garrido-Corbi\u00e8re : un \u00ab\u00a0accident industriel\u00a0\u00bb \u00e9crit d\u2019avance <\/span><br \/>\n            <\/a><\/p>\n<\/article>\n<\/aside>\n<p>Dans son plaidoyer, l\u2019avocat du <i>Point<\/i>, M<sup>e<\/sup> Renaud Le Gunehec, a fait le dos rond face \u00e0 ce qu\u2019il qualifie d\u2019<i>\u00ab\u00a0accident journalistique lourd\u00a0\u00bb.<\/i> <i>\u00ab\u00a0J\u2019attendais cette audience avec une certaine r\u00e9signation depuis deux ans et demi\u00a0\u00bb<\/i>, a-t-il dit.<\/p>\n<p><i>\u00ab\u00a0L\u2019exercice est peu banal et tr\u00e8s peu confortable, il oblige \u00e0 beaucoup de modestie. L\u2019information \u00e9tait terriblement fausse. Personne ne contesterait qu\u2019elle f\u00fbt diffamatoire. Elle a \u00e9t\u00e9 retir\u00e9e en moins de 24 heures avec des excuses, des mots d\u00e9nu\u00e9s d\u2019ambigu\u00eft\u00e9\u00a0\u00bb,<\/i> a-t-il ajout\u00e9, avant de conclure en souhaitant que la 17<sup>e<\/sup> chambre d\u00e9lib\u00e8re en faisant <i>\u00ab\u00a0abstraction de certains \u00e9l\u00e9ments de d\u00e9corum\u00a0\u00bb<\/i>. L\u2019avocat n\u2019a gu\u00e8re go\u00fbt\u00e9 les allusions \u00e0 Trump.<\/p>\n<p><i>\u00ab\u00a0Y a-t-il eu un manquement \u00e0 la prudence, et une enqu\u00eate insuffisamment s\u00e9rieuse\u00a0?\u00a0\u00bb <\/i>C\u2019est \u00e0 cette question que, selon le procureur Herv\u00e9 T\u00e9tier, les juges doivent d\u00e9sormais r\u00e9pondre. Il a requis de condamner Aziz Zemouri et le directeur du <i>Point<\/i>, sans pr\u00e9ciser \u00e0 quelle peine. Le d\u00e9lib\u00e9r\u00e9 sera rendu le 12 mai.<\/p>\n<\/p><\/div>\n<p><br \/>\n<br \/><a href=\"https:\/\/www.mediapart.fr\/journal\/politique\/150325\/au-proces-du-point-raquel-garrido-et-alexis-corbiere-accusent-une-derive-systemique\" target=\"_blank\"\">Source link <\/a><\/p>\n","protected":false},"excerpt":{"rendered":"<p>PresquePresque trois ans apr\u00e8s les faits, Raquel Garrido est encore tr\u00e8s \u00e9mue quand elle raconte l\u2019affaire du faux scoop du Point et ses r\u00e9percussions. Vendredi 14 mars, \u00e0 la barre&hellip; <\/p>\n","protected":false},"author":1,"featured_media":4480,"comment_status":"open","ping_status":"open","sticky":false,"template":"","format":"standard","meta":{"footnotes":""},"categories":[1],"tags":[],"class_list":["post-4479","post","type-post","status-publish","format-standard","has-post-thumbnail","hentry","category-non-classe"],"_links":{"self":[{"href":"https:\/\/monde25.info\/index.php\/wp-json\/wp\/v2\/posts\/4479","targetHints":{"allow":["GET"]}}],"collection":[{"href":"https:\/\/monde25.info\/index.php\/wp-json\/wp\/v2\/posts"}],"about":[{"href":"https:\/\/monde25.info\/index.php\/wp-json\/wp\/v2\/types\/post"}],"author":[{"embeddable":true,"href":"https:\/\/monde25.info\/index.php\/wp-json\/wp\/v2\/users\/1"}],"replies":[{"embeddable":true,"href":"https:\/\/monde25.info\/index.php\/wp-json\/wp\/v2\/comments?post=4479"}],"version-history":[{"count":0,"href":"https:\/\/monde25.info\/index.php\/wp-json\/wp\/v2\/posts\/4479\/revisions"}],"wp:featuredmedia":[{"embeddable":true,"href":"https:\/\/monde25.info\/index.php\/wp-json\/wp\/v2\/media\/4480"}],"wp:attachment":[{"href":"https:\/\/monde25.info\/index.php\/wp-json\/wp\/v2\/media?parent=4479"}],"wp:term":[{"taxonomy":"category","embeddable":true,"href":"https:\/\/monde25.info\/index.php\/wp-json\/wp\/v2\/categories?post=4479"},{"taxonomy":"post_tag","embeddable":true,"href":"https:\/\/monde25.info\/index.php\/wp-json\/wp\/v2\/tags?post=4479"}],"curies":[{"name":"wp","href":"https:\/\/api.w.org\/{rel}","templated":true}]}}