{"id":4485,"date":"2025-03-15T15:32:35","date_gmt":"2025-03-15T14:32:35","guid":{"rendered":"https:\/\/monde25.info\/index.php\/2025\/03\/15\/non-la-cop30-na-pas-commande-une-autoroute-dans-la-foret-amazonienne\/"},"modified":"2025-03-15T15:32:35","modified_gmt":"2025-03-15T14:32:35","slug":"non-la-cop30-na-pas-commande-une-autoroute-dans-la-foret-amazonienne","status":"publish","type":"post","link":"https:\/\/monde25.info\/index.php\/2025\/03\/15\/non-la-cop30-na-pas-commande-une-autoroute-dans-la-foret-amazonienne\/","title":{"rendered":"Non, la COP30 n\u2019a pas command\u00e9 une autoroute dans la for\u00eat amazonienne"},"content":{"rendered":"<p> <br \/>\n<\/p>\n<div style=\"position:relative;\">\n        <picture><source type=\"image\/webp\" srcset=\"https:\/\/reporterre.net\/local\/cache-vignettes\/L720xH480\/20647_05c6384a-009c-5062-396b-3f5d6f0bea3f-3a965.jpg@.webp?1742033412\"><img loading=\"lazy\" decoding=\"async\" src=\"https:\/\/reporterre.net\/local\/cache-vignettes\/L720xH480\/20647_05c6384a-009c-5062-396b-3f5d6f0bea3f-3a965.jpg?1742033412\" width=\"720\" height=\"480\" alt=\"Non, la &lt;span class=&quot;caps&quot;&gt;COP30&lt;\/span&gt; n'a pas command\u00e9 une autoroute dans la for\u00eat amazonienne\" class=\"image_logo voir_logo\"\/><\/p>\n<p><\/source><\/picture>\n<p class=\"legende_logo\">Les travaux de l&rsquo;\u00abAvenue de la libert\u00e9\u00bb, l&rsquo;autoroute de la r\u00e9gion de Bel\u00e9m construite par l&rsquo;\u00c9tat du Par\u00e1, en ao\u00fbt 2024. <span class=\"copyright_logo\">&#8211; Pedro Guerreiro \/ Ag\u00eancia Par\u00e1<\/span><\/p>\n<p class=\"legende_logo_480\">Les travaux de l&rsquo;\u00abAvenue de la libert\u00e9\u00bb, l&rsquo;autoroute de la r\u00e9gion de Bel\u00e9m construite par l&rsquo;\u00c9tat du Par\u00e1, en ao\u00fbt 2024. <span class=\"copyright_logo\">&#8211; Pedro Guerreiro \/ Ag\u00eancia Par\u00e1<\/span><\/p>\n<\/p><\/div>\n<div>\n        <span class=\"date\">15 mars 2025  \u00e0 11h19<\/span><\/p>\n<p class=\"duree_lecture\">\n        Dur\u00e9e de lecture : 2 minutes\n      <\/p>\n<\/p><\/div>\n<div>\n<p><i>Reporterre,<\/i> ainsi que d\u2019autres m\u00e9dias, a <a target=\"_blank\" href=\"https:\/\/reporterre.net\/Le-Bresil-construit-une-autoroute-dans-la-foret-amazonienne-pour-la-COP30\">relay\u00e9<\/a> une <a target=\"_blank\" href=\"https:\/\/www.bbc.co.uk\/news\/articles\/c9vy191rgn1o.amp\" class=\"spip_out\" rel=\"external\">information de la <span class=\"caps\">BBC<\/span><\/a> affirmant que le Br\u00e9sil avait d\u00e9cid\u00e9 de construire une autoroute \u00e0 quatre voies dans la for\u00eat amazonienne, pour faciliter l\u2019acc\u00e8s \u00e0 Bel\u00e9m, o\u00f9 se tiendra la 30<sup class=\"typo_exposants\">e<\/sup> \u00e9dition de la Conf\u00e9rence des Nations unies sur le climat, du 10 au 21\u00a0novembre.<\/p>\n<p>Or, si la construction a bien commenc\u00e9, le projet n\u2019avait pas \u00e9t\u00e9 imagin\u00e9 par l\u2019\u00c9tat br\u00e9silien pour l\u2019\u00e9v\u00e9nement. Il \u00e9tait dans les tuyaux <a target=\"_blank\" href=\"https:\/\/www1.folha.uol.com.br\/ambiente\/2025\/03\/a-estrada-construida-para-a-cop30-em-belem-que-vai-desmatar-a-amazonia.shtml\" class=\"spip_out\" rel=\"external\">depuis 2012<\/a>, soit avant que le Br\u00e9sil ne soit retenu pour accueillir la <span class=\"caps\">COP30<\/span>, <a target=\"_blank\" href=\"https:\/\/www.lesechos.fr\/monde\/enjeux-internationaux\/climat-lonu-choisit-lamazonie-au-bresil-pour-organiser-la-cop-30-en-2025-1947100\" class=\"spip_out\" rel=\"external\">cette d\u00e9cision datant de mai 2023<\/a>.<\/p>\n<p>Le Secr\u00e9tariat extraordinaire pour la <span class=\"caps\">COP30<\/span> <a target=\"_blank\" href=\"https:\/\/cop30.br\/en\/news-about-cop30-amazonia\/note-on-the-report-about-construction-works-on-avenida-liberdade-in-belem\" class=\"spip_out\" rel=\"external\">a publi\u00e9 un communiqu\u00e9<\/a> le 13\u00a0mars, d\u00e9clarant que le projet <i>\u00ab<small class=\"fine d-inline\">\u00a0<\/small>ne rel\u00e8ve pas de la responsabilit\u00e9 du gouvernement f\u00e9d\u00e9ral<\/i> [l\u2019\u00c9tat central br\u00e9silien] <i>et ne fait pas partie des 33 projets d\u2019infrastructure pr\u00e9vus pour la <span class=\"caps\">COP30<\/span><small class=\"fine d-inline\">\u00a0<\/small>\u00bb<\/i>. Il d\u00e9plore que des articles de presse aient <i>\u00ab<small class=\"fine d-inline\">\u00a0<\/small>sugg\u00e9r\u00e9 \u00e0 tort un lien entre le projet de construction et les actions du gouvernement f\u00e9d\u00e9ral dans la pr\u00e9paration de la conf\u00e9rence<small class=\"fine d-inline\">\u00a0<\/small>\u00bb<\/i>.<\/p>\n<p>S\u2019il est erron\u00e9 d\u2019affirmer que le trac\u00e9 de l\u2019autoroute a \u00e9t\u00e9 pens\u00e9 pour faciliter l\u2019acc\u00e8s \u00e0 l\u2019\u00e9v\u00e9nement onusien, le projet \u00e9tait toutefois d\u00e9laiss\u00e9 pour des raisons environnementales, rappelle <a target=\"_blank\" href=\"https:\/\/www1.folha.uol.com.br\/ambiente\/2025\/03\/a-estrada-construida-para-a-cop30-em-belem-que-vai-desmatar-a-amazonia.shtml\" class=\"spip_out\" rel=\"external\">le m\u00e9dia br\u00e9silien <i>Folha<\/i><\/a>. Ce n\u2019est que le 15\u00a0juin 2024, soit plus d\u2019un an apr\u00e8s la d\u00e9signation de Bel\u00e9m comme si\u00e8ge de la <span class=\"caps\">COP<\/span>, que le gouvernement de l\u2019\u00c9tat du Par\u00e1 (le Br\u00e9sil est un \u00c9tat f\u00e9d\u00e9ral) a autoris\u00e9 la construction de l\u2019autoroute, pour une livraison pr\u00e9vue en novembre 2025 \u2013 au moment de la <span class=\"caps\">COP30<\/span>.<\/p>\n<p>En f\u00e9vrier 2025, dans un communiqu\u00e9 <a target=\"_blank\" href=\"https:\/\/www.rfi.fr\/br\/podcasts\/planeta-verde\/20250220-floresta-desmatada-para-abrir-avenida-obras-em-bel%C3%A9m-para-a-cop30-falham-na-sustentabilidade\" class=\"spip_out\" rel=\"external\">envoy\u00e9 au m\u00e9dia <span class=\"caps\">RFI<\/span><\/a>, le secr\u00e9tariat \u00e0 la communication de l\u2019\u00c9tat du Par\u00e1 d\u00e9clarait toutefois que tous leurs projets, dont cette autoroute, visaient <i>\u00ab<small class=\"fine d-inline\">\u00a0<\/small>non seulement \u00e0 qualifier la capitale du Par\u00e1 pour l\u2019\u00e9v\u00e9nement [la <span class=\"caps\">COP30<\/span>], mais aussi \u00e0 garantir des am\u00e9liorations pour les personnes qui vivent, travaillent ou visitent la r\u00e9gion m\u00e9tropolitaine de Bel\u00e9m<small class=\"fine d-inline\">\u00a0<\/small>\u00bb<\/i>.<\/p>\n<aside class=\"boite_encarts\">\n<div class=\"encart encart_gris noprint\">\n<p><strong>Puisque vous \u00eates l\u00e0&#8230;<\/strong><\/p>\n<p>&#8230; nous avons un petit service \u00e0 vous demander.<br class=\"autobr\"\/><br \/>\nEntre la pr\u00e9sence d\u2019un climatosceptique \u00e0 la t\u00eate de la premi\u00e8re puissance mondiale, un gouvernement fran\u00e7ais qui flirte avec l\u2019extr\u00eame-droite, et les catastrophes climatiques qui s\u2019enchainent&#8230; Faire vivre l\u2019\u00e9cologie dans le d\u00e9bat public est un enjeu crucial.<\/p>\n<p>Personne ne modifie ce que nous publions. Nous n\u2019avons ni actionnaire, ni propri\u00e9taire milliardaire \u2014 seulement une \u00e9quipe d\u2019irr\u00e9ductibles journalistes, pleine de d\u00e9termination.<\/p>\n<p>Nous avons la conviction que l\u2019urgence \u00e9cologique est l\u2019enjeu majeur de notre \u00e9poque. Et comme plus de 2 millions de lectrices et lecteurs chaque mois, vous partagez sans doute cette conviction&#8230;<\/p>\n<p><strong>Depuis 12 ans, nous publions des articles de qualit\u00e9 sur l\u2019\u00e9cologie, en acc\u00e8s libre et sans publicit\u00e9, pour tous.<\/strong><br class=\"autobr\"\/><br \/>\nMais ce travail demande beaucoup de temps et de ressources.<\/p>\n<p>Alors, si vous en avez les moyens, sachez qu\u2019un don, m\u00eame d\u20191\u20ac, est un acte de soutien fort pour l\u2019\u00e9cologie et le journalisme ind\u00e9pendant.<br class=\"autobr\"\/><br \/>\n(Et \u00e7a vous prendra moins de temps que la lecture de ce texte).<\/p>\n<p><strong>Si vous le pouvez, choisissez un soutien mensuel. Merci.<\/strong><\/p>\n<p><a target=\"_blank\" href=\"https:\/\/reporterre.net\/dons\" class=\"bt_soutenir\">Je soutiens <i>Reporterre<\/i><\/a><\/p>\n<\/p><\/div>\n<div class=\"encart encart_vert noprint montre_1023\">\n<div class=\"infolettre-form-container noprint\">\n<p>Abonnez-vous \u00e0 la lettre d\u2019info de Reporterre<\/p>\n<\/div><\/div>\n<\/aside>\n<aside class=\"boite_apresarticle encart_note\">\n<h4>Apr\u00e8s cet article<\/h4>\n<p>      <a target=\"_blank\" href=\"https:\/\/reporterre.net\/Deforestation-l-Amazonie-a-atteint-son-point-de-bascule\" class=\"lien_article\">\n      <picture class=\"vignette_gauche\"><source type=\"image\/webp\" srcset=\"https:\/\/reporterre.net\/local\/cache-vignettes\/L450xH300\/arton26253-18324.jpg@.webp?1737370335\"><img decoding=\"async\" src=\"https:\/\/reporterre.net\/local\/cache-vignettes\/L450xH300\/arton26253-18324.jpg?1737370335\" width=\"450\" height=\"300\" alt=\"\" class=\"marge12\" loading=\"lazy\"\/><br \/>\n<\/source><\/picture>\n<p class=\"libelle\">\n<p>      For\u00eats tropicales\n    <\/p>\n<p class=\"titre pol20\">D\u00e9forestation\u00a0: l\u2019Amazonie a atteint son point de bascule<\/p>\n<p>      <\/a><br \/>\n    <\/aside>\n<aside class=\"boite_complement texte\">\n<p>      <!-- zone_forum --><br \/>\n          <\/aside>\n<aside class=\"boite_lireaussi noprint\">\n<\/aside>\n<aside class=\"colonne\">\n<div class=\"article_info cache_1023 noprint\">\n        <span class=\"date\">15 mars 2025  \u00e0 11h19<\/span><\/p>\n<p class=\"duree_lecture\">\n        Dur\u00e9e de lecture : 2 minutes\n      <\/p>\n<\/p><\/div>\n<div class=\"bloc_infolettre\">\n<div class=\"infolettre-form-container noprint\">\n<p>Abonnez-vous \u00e0 la lettre d\u2019info de Reporterre<\/p>\n<\/div><\/div>\n<\/aside>\n<div id=\"galerie\">\n  <img decoding=\"async\" src=\"\" class=\"principale\" id=\"principale\"\/><\/p>\n<p id=\"legende\">legende<\/p>\n<\/div>\n<footer class=\"noprint\">\n<\/footer>\n<\/div>\n<p><br \/>\n<br \/><a href=\"https:\/\/reporterre.net\/Non-la-COP30-n-a-pas-commande-une-autoroute-dans-la-foret-amazonienne\" target=\"_blank\"\">Source link <\/a><\/p>\n","protected":false},"excerpt":{"rendered":"<p>Les travaux de l&rsquo;\u00abAvenue de la libert\u00e9\u00bb, l&rsquo;autoroute de la r\u00e9gion de Bel\u00e9m construite par l&rsquo;\u00c9tat du Par\u00e1, en ao\u00fbt 2024. &#8211; Pedro Guerreiro \/ Ag\u00eancia Par\u00e1 Les travaux de&hellip; <\/p>\n","protected":false},"author":1,"featured_media":4486,"comment_status":"open","ping_status":"open","sticky":false,"template":"","format":"standard","meta":{"footnotes":""},"categories":[1],"tags":[],"class_list":["post-4485","post","type-post","status-publish","format-standard","has-post-thumbnail","hentry","category-non-classe"],"_links":{"self":[{"href":"https:\/\/monde25.info\/index.php\/wp-json\/wp\/v2\/posts\/4485","targetHints":{"allow":["GET"]}}],"collection":[{"href":"https:\/\/monde25.info\/index.php\/wp-json\/wp\/v2\/posts"}],"about":[{"href":"https:\/\/monde25.info\/index.php\/wp-json\/wp\/v2\/types\/post"}],"author":[{"embeddable":true,"href":"https:\/\/monde25.info\/index.php\/wp-json\/wp\/v2\/users\/1"}],"replies":[{"embeddable":true,"href":"https:\/\/monde25.info\/index.php\/wp-json\/wp\/v2\/comments?post=4485"}],"version-history":[{"count":0,"href":"https:\/\/monde25.info\/index.php\/wp-json\/wp\/v2\/posts\/4485\/revisions"}],"wp:featuredmedia":[{"embeddable":true,"href":"https:\/\/monde25.info\/index.php\/wp-json\/wp\/v2\/media\/4486"}],"wp:attachment":[{"href":"https:\/\/monde25.info\/index.php\/wp-json\/wp\/v2\/media?parent=4485"}],"wp:term":[{"taxonomy":"category","embeddable":true,"href":"https:\/\/monde25.info\/index.php\/wp-json\/wp\/v2\/categories?post=4485"},{"taxonomy":"post_tag","embeddable":true,"href":"https:\/\/monde25.info\/index.php\/wp-json\/wp\/v2\/tags?post=4485"}],"curies":[{"name":"wp","href":"https:\/\/api.w.org\/{rel}","templated":true}]}}