{"id":4495,"date":"2025-03-15T18:17:38","date_gmt":"2025-03-15T17:17:38","guid":{"rendered":"https:\/\/monde25.info\/index.php\/2025\/03\/15\/precarisees-et-criminalisees-la-double-peine-des-meres-isolees\/"},"modified":"2025-03-15T18:17:38","modified_gmt":"2025-03-15T17:17:38","slug":"precarisees-et-criminalisees-la-double-peine-des-meres-isolees","status":"publish","type":"post","link":"https:\/\/monde25.info\/index.php\/2025\/03\/15\/precarisees-et-criminalisees-la-double-peine-des-meres-isolees\/","title":{"rendered":"Pr\u00e9caris\u00e9es et criminalis\u00e9es\u00a0: la double peine des m\u00e8res isol\u00e9es"},"content":{"rendered":"<p> <br \/>\n<\/p>\n<div>\n<p class=\"dropcap-wrapper\"><span aria-hidden=\"true\" data-nosnippet=\"\"><span class=\"dropcap\">L<\/span>es<\/span><span class=\"screen-reader-only\">Les<\/span> m\u00e8res seules arborent pl\u00e9thore de visages, positifs ou n\u00e9gatifs selon les circonstances. Elles sont h\u00e9ro\u00efques car elles se d\u00e9brouillent seules pour \u00e9lever leurs enfants, tout en conjuguant leurs vies professionnelle et familiale. Elles ont \u00e9t\u00e9 pl\u00e9biscit\u00e9es lorsqu\u2019elles ont investi les ronds-points tout au d\u00e9but de la r\u00e9volte des \u00ab\u00a0gilets jaunes\u00a0\u00bb, o\u00f9 elles racontaient les fins de mois qui arrivaient trop t\u00f4t et la vie \u00e0 l\u2019euro pr\u00e8s. Parfois, au contraire, elles sont jug\u00e9es irresponsables lorsqu\u2019elles d\u00e9tournent pr\u00e9tendument l\u2019allocation de rentr\u00e9e scolaire pour s\u2019offrir <a target=\"_blank\" href=\"https:\/\/www.mediapart.fr\/journal\/france\/150921\/ecrans-plats-ou-impayes-de-cantine-le-fantasme-des-pauvres-irresponsables\" target=\"_blank\" rel=\"noopener\">des \u00e9crans plats<\/a> ou des t\u00e9l\u00e9phones dernier cri, ou lorsqu\u2019elles laisseraient \u00ab\u00a0filer\u00a0\u00bb leurs enfants vers le narcotrafic. Des pol\u00e9miques r\u00e9currentes p\u00e9tries de m\u00e9pris et d\u2019infantilisation \u00e0 l\u2019\u00e9gard des plus pauvres.<\/p>\n<p>La m\u00e8re de <a target=\"_blank\" href=\"https:\/\/www.mediapart.fr\/journal\/france\/dossier\/apres-la-mort-de-nahel-la-revolte-et-la-repression-des-quartiers-populaires\" target=\"_blank\" rel=\"noopener\">Nahel Merzouk<\/a>, tu\u00e9 par un policier \u00e0 Nanterre \u00e0 l\u2019\u00e9t\u00e9 2023, a elle aussi \u00e9t\u00e9 vilipend\u00e9e de toutes parts pour n\u2019avoir pas mieux \u00e9duqu\u00e9 son fils. Des accusations qui se sont \u00e9tendues \u00e0 toutes les m\u00e8res de familles des quartiers populaires lors des r\u00e9voltes cons\u00e9cutives \u00e0 la mort du jeune homme de 17 ans.<\/p>\n<p>La r\u00e9pression a \u00e9t\u00e9 terrible. 60\u00a0% des 1\u00a0180 mineurs jug\u00e9s \u00e0 cette p\u00e9riode vivaient dans une famille monoparentale, d\u2019apr\u00e8s le minist\u00e8re de la justice. Les m\u00e8res de ces enfants ont \u00e9t\u00e9 menac\u00e9es par le gouvernement d\u2019une suspension des allocations familiales, de sanctions et de r\u00e9parations financi\u00e8res pour les d\u00e9gradations occasionn\u00e9es.<\/p>\n<figure class=\"media media--image format-100-pcent _align:left orientation-landscape\" data-js=\"media\"><figcaption class=\"legend\">\n                                        <span class=\"legend-author\"> \u00a9\u00a0Les Liens qui lib\u00e8rent<\/span><br \/>\n                    <\/figcaption><template data-template-media-modal=\"\"><br \/>\n    <button type=\"button\" class=\"media-modal-opener\"><br \/>\n        <svg xmlns=\"http:\/\/www.w3.org\/2000\/svg\" class=\"icon\" aria-hidden=\"true\" focusable=\"false\" height=\"16\" width=\"16\" viewbox=\"0 0 32 32\">  <path fill-rule=\"evenodd\" d=\"M7 25v-6.75h1.5V25H7Z\" clip-rule=\"evenodd\"\/>  <path fill-rule=\"evenodd\" d=\"M7 23.5h6.75V25H7v-1.5Z\" clip-rule=\"evenodd\"\/>  <path fill-rule=\"evenodd\" d=\"M13.894 19.166 8.061 25 7 23.94l5.834-5.834 1.06 1.06ZM25 7v6.75h-1.5V7H25Z\" clip-rule=\"evenodd\"\/>  <path fill-rule=\"evenodd\" d=\"M25 8.5h-6.75V7H25v1.5Z\" clip-rule=\"evenodd\"\/>  <path fill-rule=\"evenodd\" d=\"M18.106 12.834 23.939 7 25 8.06l-5.834 5.834-1.06-1.06Z\" clip-rule=\"evenodd\"\/><\/svg><br \/>\n        <span>Agrandir l\u2019image : Illustration 1<\/span><br \/>\n    <\/button><\/p>\n<p><\/template><br \/>\n<\/figure>\n<p>Cette stigmatisation manifeste a \u00e9t\u00e9 le d\u00e9clic pour le journaliste ind\u00e9pendant Selim Derkaoui, contributeur du <i>Monde diplomatique<\/i>, de <i>Frustration<\/i> ou de Mediapart. Il a d\u00e9cid\u00e9 d\u2019enqu\u00eater sur les pr\u00e9jug\u00e9s \u00e0 l\u2019\u0153uvre envers les m\u00e8res isol\u00e9es dans un livre intitul\u00e9 <i>Laisse pas tra\u00eener ton fils. Comment l\u2019\u00c9tat criminalise les m\u00e8res seules <\/i>(\u00e9d. Les Liens qui lib\u00e8rent). Un livre salutaire qui a le m\u00e9rite de balayer toutes les probl\u00e9matiques qui entravent la vie des m\u00e8res seules et de les replacer dans une perspective politique. Une d\u00e9marche d\u00e9j\u00e0 entreprise en septembre 2024 par la journaliste et autrice Johanna Luyssen <a target=\"_blank\" href=\"https:\/\/www.payot-rivages.fr\/payot\/livre\/m%C3%A8res-solos-9782228936545\" target=\"_blank\" rel=\"noopener\">dans son ouvrage<\/a> <i>M\u00e8res solos. Le combat invisible<\/i> (Payot).<\/p>\n<p>Pour sa part, Selim Derkaoui a souhait\u00e9 creuser ce sujet des m\u00e8res isol\u00e9es parce qu\u2019il englobe toutes les probl\u00e9matiques de la soci\u00e9t\u00e9, de l\u2019aide sociale \u00e0 l\u2019enfance au handicap, en passant par les violences de genre, sexistes et sexuelles, mais aussi le logement et le syst\u00e8me des allocations. Il explique \u00e0 Mediapart\u00a0: <i>\u00ab\u00a0Ces femmes endossent une charge mentale administrative consid\u00e9rable, plus dure et plus forte au regard de leur situation \u00e9conomique et sociale de base.\u00a0\u00bb <\/i>Mais elles p\u00e2tissent souvent d\u2019une image n\u00e9gative, surtout lorsqu\u2019elles sont racis\u00e9es. Aux \u00c9tats-Unis, il existe la figure repoussoir de la <i>\u00ab<\/i>\u00a0<i>welfare queen\u00a0\u00bb<\/i>, cette m\u00e8re seule afro-am\u00e9ricaine install\u00e9e dans un quartier d\u00e9favoris\u00e9 qui serait <i>\u00ab\u00a0un parasite social\u00a0\u00bb. \u00ab\u00a0C\u2019est vraiment la m\u00eame logique en France\u00a0\u00bb<\/i>, affirme l&rsquo;auteur.<\/p>\n<h2 data-mediapart-role=\"subheading\" class=\"subheading\">M\u00e8res isol\u00e9es jusqu\u2019\u00e0 la mort<\/h2>\n<p>Selim Derkaoui souligne le fait qu\u2019en France aujourd\u2019hui, une famille sur quatre est monoparentale. 82\u00a0% de ces familles monoparentales sont constitu\u00e9es de m\u00e8res qui \u00e9l\u00e8vent seules leurs enfants, dont elles ont la garde exclusive. Pour cette raison, l\u2019auteur n\u2019utilise pas l\u2019expression \u00ab\u00a0famille monoparentale\u00a0\u00bb, car cette notion masque la dimension profond\u00e9ment genr\u00e9e de cette probl\u00e9matique.<\/p>\n<p>L\u2019auteur rappelle aussi que 35\u00a0% de ces familles sont pauvres, selon l\u2019Insee, soit une proportion 2,5 fois plus \u00e9lev\u00e9e que dans l\u2019ensemble de la population. Ces m\u00e8res occupent \u00e9galement les emplois les moins r\u00e9mun\u00e9rateurs. Les chiffres donn\u00e9s par l\u2019auteur sont \u00e9loquents, m\u00eame si, paradoxalement, <i>\u00ab\u00a0pour les femmes ais\u00e9es, la s\u00e9paration peut \u00eatre synonyme d\u2019accroissement et de bien-\u00eatre\u00a0\u00bb<\/i>,<i> <\/i>affirment Arthur Heim et Alexandra Galitzine, \u00e9conomiste et politologue, cit\u00e9s dans l\u2019ouvrage.<\/p>\n<aside data-mediapart-role=\"read-also\" class=\"read-also\" aria-label=\"\u00c0 lire aussi\">\n<header>\n    <svg xmlns=\"http:\/\/www.w3.org\/2000\/svg\" class=\"icon color:ui-alert\" aria-hidden=\"true\" focusable=\"false\" height=\"16\" width=\"16\" viewbox=\"0 0 32 32\">  <path fill-rule=\"evenodd\" d=\"M18.332 5.257a1 1 0 0 1 1.413.074l9 10a1 1 0 0 1 0 1.338l-9 10a1 1 0 0 1-1.487-1.338L25.756 17H4.001a1 1 0 1 1 0-2h21.755l-7.498-8.331a1 1 0 0 1 .075-1.412Z\" clip-rule=\"evenodd\"\/><\/svg><\/p>\n<p>\u00c0 lire aussi<\/p>\n<\/header>\n<article>\n            <a target=\"_blank\" data-smarttag=\"\" data-smarttag-name=\"a_lire_aussi\" data-smarttag-chapter1=\"recirculation\" data-smarttag-chapter2=\"corps_article\" data-smarttag-level2=\"9\" data-smarttag-type=\"navigation\" href=\"https:\/\/www.mediapart.fr\/journal\/france\/061224\/l-algorithme-de-l-assurance-maladie-accuse-de-cibler-les-femmes-pauvres-avec-enfants\"><br \/>\n                                <span>L\u2019algorithme de l\u2019assurance-maladie accus\u00e9 de cibler les femmes pauvres avec enfants<\/span><br \/>\n            <\/a><\/p>\n<\/article>\n<article>\n            <a target=\"_blank\" data-smarttag=\"\" data-smarttag-name=\"a_lire_aussi\" data-smarttag-chapter1=\"recirculation\" data-smarttag-chapter2=\"corps_article\" data-smarttag-level2=\"9\" data-smarttag-type=\"navigation\" href=\"https:\/\/www.mediapart.fr\/journal\/france\/190924\/dans-les-administrations-met-la-tete-sous-l-eau-aux-plus-pauvres-denonce-atd-quart-monde\"><br \/>\n                                <span>Dans les administrations, \u00ab\u00a0on met la t\u00eate sous l\u2019eau aux plus pauvres\u00a0\u00bb, d\u00e9nonce ATD Quart monde<\/span><br \/>\n            <\/a><\/p>\n<\/article>\n<\/aside>\n<p>Les m\u00e8res isol\u00e9es doivent composer avec de nombreux obstacles. Le premier \u00e9tant l\u2019administration. La maltraitance institutionnelle est commune dans ce r\u00e9gime d\u00e9crit ironiquement comme <i>\u00ab\u00a0Caf-ka\u00efen\u00a0\u00bb<\/i>.<\/p>\n<p>Le droit \u00e0 l\u2019intimit\u00e9 leur est presque d\u00e9ni\u00e9\u00a0; se remettre en couple repr\u00e9sente un danger et risque de leur faire perdre des droits. Selim Derkaoui cite Sarah Lebailly, fondatrice de la Collective des m\u00e8res isol\u00e9es et d\u00e9sormais membre du groupe Les M\u00e8res d\u00e9ters, qu\u2019elle a cofond\u00e9, dans un mouvement pluriel d&rsquo;auto-organisation.<\/p>\n<p>Pour elle, face \u00e0 l\u2019administration, <i>\u00ab\u00a0quand on [vous le] demande, il n\u2019y a qu\u2019une seule r\u00e9ponse \u00e0 avoir\u00a0: \u201cOn est m\u00e8re isol\u00e9e jusqu\u2019\u00e0 la mort, point final\u201d\u00a0\u00bb. <\/i>En effet, selon elle, ce sont les hommes qui ont con\u00e7u les lois, et ils consid\u00e8rent que <i>\u00ab\u00a0les femmes n\u2019ont pas \u00e0 refaire leur vie\u00a0\u00bb. <\/i>Sans compter qu\u2019il faut prouver qu\u2019on a bel et bien la garde des enfants aupr\u00e8s des imp\u00f4ts, afin de d\u00e9jouer le soup\u00e7on de la <i>\u00ab\u00a0fraude\u00a0\u00bb. <\/i><\/p>\n<p><i>\u00ab\u00a0Ces femmes vont subir une suspicion institutionnelle plus forte que pour les autres<\/i>,<i> <\/i>explique encore Selim Derkaoui, <i>tout simplement parce que ces institutions sont pens\u00e9es par des hommes blancs bourgeois. Ces m\u00e9canismes sont li\u00e9s \u00e0 leur mani\u00e8re d\u2019envisager les femmes seules. Ils penseront toujours que certaines se remettent en couple pour augmenter leur quotient familial. Ce sont tous ces a priori l\u00e0 que les agents vont ex\u00e9cuter au quotidien. Et, par cons\u00e9quent, le contr\u00f4le va \u00eatre encore plus agressif, mais aussi plus r\u00e9current.\u00a0\u00bb <\/i><\/p>\n<p>En ce sens, l\u2019association La Quadrature du Net a d\u00e9nonc\u00e9 la propension de la Caisse nationale d\u2019allocations familiales (Cnam) \u00e0 cibler les femmes seules pour les contr\u00f4les gr\u00e2ce \u00e0 ses algorithmes.<\/p>\n<h2 data-mediapart-role=\"subheading\" class=\"subheading\">Une histoire personnelle<\/h2>\n<p>L\u2019auteur a observ\u00e9 de pr\u00e8s les emb\u00fbches rencontr\u00e9es par les m\u00e8res seules. Il distille au fil des pages sa propre histoire d\u2019enfant d\u2019immigr\u00e9s des quartiers populaires et celle de sa m\u00e8re, qui l\u2019a \u00e9lev\u00e9 avec ses deux s\u0153urs. La question des p\u00e8res absents est aussi une donn\u00e9e cruciale et un carburant in\u00e9puisable des chansons de rap, comme lorsque le rappeur Booba clame en 2010\u00a0: <i>\u00ab\u00a0\u00c9lev\u00e9 par une lionne, pas besoin de paternel.\u00a0\u00bb<\/i><\/p>\n<p>Pour Selim Derkaoui, la monoparentalit\u00e9 dans les quartiers populaires s\u2019arrime \u00e0 divers facteurs comme l&rsquo;immigration, la colonisation, les morts pr\u00e9coces dues \u00e0 des m\u00e9tiers pr\u00e9caires et dangereux, mais aussi les d\u00e9faillances de l\u2019offre scolaire qui emp\u00eachent les \u00e9tudes. Un sujet qu\u2019il faut, selon lui, repolitiser. <i>\u00ab\u00a0\u00c9videmment que les morts imputables au travail sont de plus en plus nombreuses, comme les familles touch\u00e9es par le ch\u00f4mage ou les discriminations. Forc\u00e9ment, cela va avoir des cons\u00e9quences sur le couple, et notamment dans les familles des milieux populaires. Cela va exacerber l\u2019anxi\u00e9t\u00e9 et les tensions en leur sein.\u00a0\u00bb<\/i>\u00a0<\/p>\n<p>Son p\u00e8re, souligne-t-il, ne s\u2019est jamais d\u00e9rob\u00e9 et a toujours vers\u00e9 une pension alimentaire, <i>\u00ab\u00a0une somme importante, proportionnelle \u00e0 [leurs] besoins et [\u00e0] son petit Smic\u00a0\u00bb<\/i>, \u00e9crit Selim Derkaoui. Ce qui est loin d\u2019\u00eatre le cas pour toutes les m\u00e8res seules. Et l\u00e0 encore, l\u2019\u00c9tat n\u2019est presque d\u2019aucune utilit\u00e9 pour permettre \u00e0 ces femmes de r\u00e9cup\u00e9rer leur d\u00fb. Elles doivent \u00eatre conciliantes avec leur ex-conjoint, et lorsque celui-ci se soustrait \u00e0 son obligation, elles peuvent se tourner vers l\u2019Agence de recouvrement et d\u2019interm\u00e9diation des pensions alimentaires (l\u2019Aripa), lanc\u00e9e en 2017, qui regroupe plusieurs d\u00e9partements.<\/p>\n<p>Seulement, regrette Selim Derkaoui, le syst\u00e8me n\u2019est pas suffisamment performant. <i>\u00ab\u00a0Il ne repr\u00e9sente qu\u2019une goutte d\u2019eau face \u00e0 la quantit\u00e9 d\u2019impay\u00e9s recens\u00e9s en France.\u00a0\u00bb <\/i>Certaines m\u00e8res sont contraintes alors de saisir la justice, avec les risques que cela comporte. Les pensions, une somme modique parfois, sont fiscalis\u00e9es pour les femmes, d\u00e9ductibles des imp\u00f4ts pour les hommes.<\/p>\n<p>Et contre tout cela, le pouvoir fait si peu. Selim Derkaoui \u00e9voque un Emmanuel Macron en visite en Kanaky, en janvier 2024, qui semble \u00e9branl\u00e9 de d\u00e9couvrir <i>\u00ab\u00a0un continent d\u00e9laiss\u00e9, celui des m\u00e8res c\u00e9libataires qui \u00e9l\u00e8vent seules leurs enfants\u00a0\u00bb.<\/i> Quelques jours plus tard, changement de discours. Il pointera en creux les m\u00e8res isol\u00e9es en d\u00e9clarant\u00a0: <i>\u00ab\u00a0Il faut r\u00e9engager les familles\u00a0\u00bb<\/i>,<i> <\/i>comme si elles ne l\u2019\u00e9taient pas.<\/p>\n<p>Car les rares fois o\u00f9 ces familles sont \u00e9voqu\u00e9es, note l\u2019auteur, c\u2019est lorsqu\u2019il s\u2019agit de les punir de leurs <a target=\"_blank\" href=\"https:\/\/www.mediapart.fr\/journal\/france\/171223\/la-commission-sur-la-parentalite-commence-sur-de-mauvais-rails\" target=\"_blank\" rel=\"noopener\">manquements,<\/a> r\u00e9els ou suppos\u00e9s, en les mena\u00e7ant de les sanctionner financi\u00e8rement ou de leur couper leurs allocations familiales. Pour l\u2019auteur, la r\u00e9forme de la justice des mineur\u00b7es voulue <a target=\"_blank\" href=\"https:\/\/www.mediapart.fr\/journal\/france\/130225\/justice-des-mineurs-le-train-de-la-surenchere-lance-l-assemblee-nationale\" target=\"_blank\" rel=\"noopener\">par Gabriel Attal<\/a> s\u2019inscrit dans cette droite ligne.<\/p>\n<aside data-mediapart-role=\"read-also\" class=\"read-also\" aria-label=\"\u00c0 lire aussi\">\n<header>\n    <svg xmlns=\"http:\/\/www.w3.org\/2000\/svg\" class=\"icon color:ui-alert\" aria-hidden=\"true\" focusable=\"false\" height=\"16\" width=\"16\" viewbox=\"0 0 32 32\">  <path fill-rule=\"evenodd\" d=\"M18.332 5.257a1 1 0 0 1 1.413.074l9 10a1 1 0 0 1 0 1.338l-9 10a1 1 0 0 1-1.487-1.338L25.756 17H4.001a1 1 0 1 1 0-2h21.755l-7.498-8.331a1 1 0 0 1 .075-1.412Z\" clip-rule=\"evenodd\"\/><\/svg><\/p>\n<p>\u00c0 lire aussi<\/p>\n<\/header>\n<article>\n            <a target=\"_blank\" data-smarttag=\"\" data-smarttag-name=\"a_lire_aussi\" data-smarttag-chapter1=\"recirculation\" data-smarttag-chapter2=\"corps_article\" data-smarttag-level2=\"9\" data-smarttag-type=\"navigation\" href=\"https:\/\/www.mediapart.fr\/journal\/france\/240223\/les-meres-isolees-appellent-l-aide-et-s-organisent\"><br \/>\n                                <span>Les m\u00e8res isol\u00e9es appellent \u00e0 l\u2019aide et s\u2019organisent<\/span><br \/>\n            <\/a><\/p>\n<\/article>\n<article>\n            <a target=\"_blank\" data-smarttag=\"\" data-smarttag-name=\"a_lire_aussi\" data-smarttag-chapter1=\"recirculation\" data-smarttag-chapter2=\"corps_article\" data-smarttag-level2=\"9\" data-smarttag-type=\"navigation\" href=\"https:\/\/www.mediapart.fr\/journal\/economie-et-social\/030223\/l-etat-participe-rendre-les-femmes-dependantes-de-leur-conjoint\"><br \/>\n                                <span>L\u2019\u00c9tat participe \u00e0 rendre les femmes d\u00e9pendantes de leur conjoint<\/span><br \/>\n            <\/a><\/p>\n<\/article>\n<\/aside>\n<p>Selim Derkaoui consid\u00e8re qu\u2019apporter une r\u00e9ponse politique globale \u2013\u00a0au-del\u00e0 de la seule initiative <a target=\"_blank\" href=\"https:\/\/www.mediapart.fr\/journal\/france\/220524\/les-meres-isolees-ne-veulent-plus-seulement-survivre\" target=\"_blank\" rel=\"noopener\">d\u2019un d\u00e9put\u00e9<\/a>, glisse-t-il\u00a0\u2013 remettrait en cause l\u2019ordre social d\u2019une mani\u00e8re trop radicale. Car il faudrait agir\u00a0\u2013 la liste n\u2019est pas exhaustive \u2013 sur le logement, les salaires, l\u2019\u00c9ducation nationale, r\u00e9former la Caf et France Travail, abroger les r\u00e9formes du RSA et de l\u2019assurance-ch\u00f4mage qui ont fragilis\u00e9 ces femmes, lutter contre les violences conjugales ou encore sanctionner les cas de racisme \u00e0 l\u2019embauche et pour l\u2019acc\u00e8s au logement\u2026\u00a0<\/p>\n<p>\u00a0<i>\u00ab\u00a0Les lendemains meilleurs des m\u00e8res isol\u00e9es seront ceux de notre soci\u00e9t\u00e9 tout enti\u00e8re\u00a0\u00bb<\/i>, \u00e9crit Selim Derkaoui.<\/p>\n<\/p><\/div>\n<p><br \/>\n<br \/><a href=\"https:\/\/www.mediapart.fr\/journal\/france\/150325\/precarisees-et-criminalisees-la-double-peine-des-meres-isolees\" target=\"_blank\"\">Source link <\/a><\/p>\n","protected":false},"excerpt":{"rendered":"<p>LesLes m\u00e8res seules arborent pl\u00e9thore de visages, positifs ou n\u00e9gatifs selon les circonstances. Elles sont h\u00e9ro\u00efques car elles se d\u00e9brouillent seules pour \u00e9lever leurs enfants, tout en conjuguant leurs vies&hellip; <\/p>\n","protected":false},"author":1,"featured_media":4496,"comment_status":"open","ping_status":"open","sticky":false,"template":"","format":"standard","meta":{"footnotes":""},"categories":[1],"tags":[],"class_list":["post-4495","post","type-post","status-publish","format-standard","has-post-thumbnail","hentry","category-non-classe"],"_links":{"self":[{"href":"https:\/\/monde25.info\/index.php\/wp-json\/wp\/v2\/posts\/4495","targetHints":{"allow":["GET"]}}],"collection":[{"href":"https:\/\/monde25.info\/index.php\/wp-json\/wp\/v2\/posts"}],"about":[{"href":"https:\/\/monde25.info\/index.php\/wp-json\/wp\/v2\/types\/post"}],"author":[{"embeddable":true,"href":"https:\/\/monde25.info\/index.php\/wp-json\/wp\/v2\/users\/1"}],"replies":[{"embeddable":true,"href":"https:\/\/monde25.info\/index.php\/wp-json\/wp\/v2\/comments?post=4495"}],"version-history":[{"count":0,"href":"https:\/\/monde25.info\/index.php\/wp-json\/wp\/v2\/posts\/4495\/revisions"}],"wp:featuredmedia":[{"embeddable":true,"href":"https:\/\/monde25.info\/index.php\/wp-json\/wp\/v2\/media\/4496"}],"wp:attachment":[{"href":"https:\/\/monde25.info\/index.php\/wp-json\/wp\/v2\/media?parent=4495"}],"wp:term":[{"taxonomy":"category","embeddable":true,"href":"https:\/\/monde25.info\/index.php\/wp-json\/wp\/v2\/categories?post=4495"},{"taxonomy":"post_tag","embeddable":true,"href":"https:\/\/monde25.info\/index.php\/wp-json\/wp\/v2\/tags?post=4495"}],"curies":[{"name":"wp","href":"https:\/\/api.w.org\/{rel}","templated":true}]}}