{"id":4503,"date":"2025-03-15T22:08:42","date_gmt":"2025-03-15T21:08:42","guid":{"rendered":"https:\/\/monde25.info\/index.php\/2025\/03\/15\/george-simion-le-flambeau-du-souverainisme-roumain-candidat-a-la-presidentielle-une-interview-exclusive-avec-france-soir\/"},"modified":"2025-03-15T22:08:42","modified_gmt":"2025-03-15T21:08:42","slug":"george-simion-le-flambeau-du-souverainisme-roumain-candidat-a-la-presidentielle-une-interview-exclusive-avec-france-soir","status":"publish","type":"post","link":"https:\/\/monde25.info\/index.php\/2025\/03\/15\/george-simion-le-flambeau-du-souverainisme-roumain-candidat-a-la-presidentielle-une-interview-exclusive-avec-france-soir\/","title":{"rendered":"George Simion, le flambeau du souverainisme roumain candidat \u00e0 la pr\u00e9sidentielle : une interview exclusive avec France-Soir"},"content":{"rendered":"<p> <br \/>\n<\/p>\n<div>\n<p>Ce samedi 15 mars 2025, <em>France-Soir <\/em>a eu l\u2019opportunit\u00e9 d\u2019interviewer <a target=\"_blank\" href=\"https:\/\/edition.francesoir.fr\/politique-monde\/roumanie-george-simion-depose-sa-candidature-la-presidentielle-roumaine\" target=\"_blank\">George Simion, leader de l\u2019Alliance pour l\u2019unit\u00e9 des Roumains (AUR)<\/a>, quelques heures seulement apr\u00e8s qu\u2019il a d\u00e9pos\u00e9 sa candidature \u00e0 l\u2019\u00e9lection pr\u00e9sidentielle roumaine. Cet \u00e9v\u00e9nement marque un tournant dans la crise d\u00e9mocratique qui secoue le pays depuis des mois. Alors que la Cour constitutionnelle roumaine (CCR) a d\u00e9finitivement \u00e9cart\u00e9 C\u0103lin Georgescu de la course \u00e9lectorale en rejetant son appel, Simion a pris le relais avec une rapidit\u00e9 fulgurante, recueillant 600 000 signatures en moins de 48 heures \u2013 un exploit qui t\u00e9moigne d\u2019une mobilisation populaire sans pr\u00e9c\u00e9dent.<\/p>\n<p>Dans cet entretien exclusif en fran\u00e7ais, George Simion revient sur l\u2019\u00e9lan massif de soutien des Roumains, sur les accusations d\u2019ing\u00e9rence visant les r\u00e9seaux sociaux comme TikTok \u2013 utilis\u00e9es diff\u00e9remment en France par Emmanuel Macron sans controverse \u2013, et sa relation avec C\u0103lin Georgescu, dont il a repris le flambeau \u00e0 la demande expresse. Il aborde \u00e9galement les attaques des m\u00e9dias dominants, qui le qualifient de nationaliste anti-europ\u00e9en, et clarifie sa vision de l\u2019Union europ\u00e9enne. Enfin, il \u00e9voque les enjeux plus larges de cette \u00e9lection, qu\u2019il voit comme un rempart contre l\u2019\u00e9rosion des droits citoyens, et les strat\u00e9gies qu\u2019il compte d\u00e9ployer pour \u00e9viter le sort de son pr\u00e9d\u00e9cesseur.<\/p>\n<p><iframe style=\"left:0;position:absolute;top:0;\" width=\"100%\" height=\"100%\" frameborder=\"0\" allow=\"accelerometer; autoplay; encrypted-media; gyroscope; picture-in-picture\" allowfullscreen=\"true\" referrerpolicy=\"unsafe-url\" class=\"lazyload\" data-src=\"https:\/\/app.videas.fr\/embed\/media\/287e67e7-a61c-4f35-aab9-753620b8a27a\/\"><\/iframe><\/p>\n<p>\u00a0<\/p>\n<p>La crise d\u00e9mocratique en Roumanie est souvent per\u00e7ue comme une manifestation d&rsquo;un probl\u00e8me plus large affectant de nombreux pays, o\u00f9 les droits des citoyens semblent menac\u00e9s par une gouvernance supra-nationale qui pourrait ne pas avoir leurs int\u00e9r\u00eats au c\u0153ur de ses pr\u00e9occupations. Georges Simion <strong>exprime son inqui\u00e9tude face \u00e0 cette dynamique. <\/strong>Selon lui,\u00a0<\/p>\n<blockquote>\n<p>\u00ab les \u00e9lections roumaines repr\u00e9sentent un rempart essentiel contre un \u00ab empire technocratique \u00bb o\u00f9 des bureaucrates non \u00e9lus cherchent \u00e0 \u00e9liminer les candidats souverainistes et \u00e0 r\u00e9duire l&rsquo;opposition au silence. \u00bb<\/p>\n<\/blockquote>\n<p>Simion consid\u00e8re que ces \u00e9lections <strong>sont cruciales pour la pr\u00e9servation de la d\u00e9mocratie v\u00e9ritable<\/strong>, <strong>o\u00f9 chaque citoyen a le droit fondamental de choisir ses dirigeants<\/strong>. Il souligne que la lutte concerne un principe fondamental, celui de la d\u00e9mocratie, et non pas une simple question de personnes. Simion semble d\u00e9termin\u00e9 \u00e0 d\u00e9fendre ces principes face \u00e0 ce qu&rsquo;il per\u00e7oit comme des attaques contre la souverainet\u00e9 nationale et la libert\u00e9 d\u00e9mocratique.<\/p>\n<p>Cette interview, r\u00e9alis\u00e9e dans un climat de tension politique extr\u00eame, offre un \u00e9clairage unique sur les aspirations d\u2019un homme qui se pr\u00e9sente comme le d\u00e9fenseur d\u2019une Roumanie souveraine, face \u00e0 une crise qui d\u00e9passe les fronti\u00e8res nationales.<\/p>\n<\/div>\n<p><script>(function(d, s, id) {  var js, fjs = d.getElementsByTagName(s)[0];  if (d.getElementById(id)) return;  js = d.createElement(s); js.id = id;  js.src = \"\/\/connect.facebook.net\/fr_FR\/sdk.js#xfbml=1&version=v2.3\";  fjs.parentNode.insertBefore(js, fjs);}(document, \"script\", \"facebook-jssdk\"));<\/script><br \/>\n<br \/><br \/>\n<br \/><a href=\"https:\/\/www.francesoir.fr\/politique-monde\/george-simion-le-flambeau-du-souverainisme-roumain-candidat-la-presidentielle-une\" target=\"_blank\"\">Source link <\/a><\/p>\n","protected":false},"excerpt":{"rendered":"<p>Ce samedi 15 mars 2025, France-Soir a eu l\u2019opportunit\u00e9 d\u2019interviewer George Simion, leader de l\u2019Alliance pour l\u2019unit\u00e9 des Roumains (AUR), quelques heures seulement apr\u00e8s qu\u2019il a d\u00e9pos\u00e9 sa candidature \u00e0&hellip; <\/p>\n","protected":false},"author":1,"featured_media":4504,"comment_status":"open","ping_status":"open","sticky":false,"template":"","format":"standard","meta":{"footnotes":""},"categories":[1],"tags":[],"class_list":["post-4503","post","type-post","status-publish","format-standard","has-post-thumbnail","hentry","category-non-classe"],"_links":{"self":[{"href":"https:\/\/monde25.info\/index.php\/wp-json\/wp\/v2\/posts\/4503","targetHints":{"allow":["GET"]}}],"collection":[{"href":"https:\/\/monde25.info\/index.php\/wp-json\/wp\/v2\/posts"}],"about":[{"href":"https:\/\/monde25.info\/index.php\/wp-json\/wp\/v2\/types\/post"}],"author":[{"embeddable":true,"href":"https:\/\/monde25.info\/index.php\/wp-json\/wp\/v2\/users\/1"}],"replies":[{"embeddable":true,"href":"https:\/\/monde25.info\/index.php\/wp-json\/wp\/v2\/comments?post=4503"}],"version-history":[{"count":0,"href":"https:\/\/monde25.info\/index.php\/wp-json\/wp\/v2\/posts\/4503\/revisions"}],"wp:featuredmedia":[{"embeddable":true,"href":"https:\/\/monde25.info\/index.php\/wp-json\/wp\/v2\/media\/4504"}],"wp:attachment":[{"href":"https:\/\/monde25.info\/index.php\/wp-json\/wp\/v2\/media?parent=4503"}],"wp:term":[{"taxonomy":"category","embeddable":true,"href":"https:\/\/monde25.info\/index.php\/wp-json\/wp\/v2\/categories?post=4503"},{"taxonomy":"post_tag","embeddable":true,"href":"https:\/\/monde25.info\/index.php\/wp-json\/wp\/v2\/tags?post=4503"}],"curies":[{"name":"wp","href":"https:\/\/api.w.org\/{rel}","templated":true}]}}