{"id":4509,"date":"2025-03-15T23:47:46","date_gmt":"2025-03-15T22:47:46","guid":{"rendered":"https:\/\/monde25.info\/index.php\/2025\/03\/15\/covid-19-lhommage-vole-aux-morts-et-aux-endeuilles\/"},"modified":"2025-03-15T23:47:46","modified_gmt":"2025-03-15T22:47:46","slug":"covid-19-lhommage-vole-aux-morts-et-aux-endeuilles","status":"publish","type":"post","link":"https:\/\/monde25.info\/index.php\/2025\/03\/15\/covid-19-lhommage-vole-aux-morts-et-aux-endeuilles\/","title":{"rendered":"Covid-19\u00a0: l\u2019hommage vol\u00e9 aux morts et aux endeuill\u00e9s"},"content":{"rendered":"<p> <br \/>\n<\/p>\n<div>\n<p class=\"dropcap-wrapper\"><span aria-hidden=\"true\" data-nosnippet=\"\"><span class=\"dropcap\">Q<\/span>uand<\/span><span class=\"screen-reader-only\">Quand<\/span> les \u00c9tats-Unis ont d\u00e9pass\u00e9 le fun\u00e8bre et irr\u00e9el chiffre des 500\u00a0000 morts du covid, en f\u00e9vrier 2021, le pr\u00e9sident Joe Biden a prononc\u00e9 un discours de recueillement. Il a qualifi\u00e9 le moment de <i>\u00ab\u00a0d\u00e9chirant\u00a0\u00bb<\/i>\u00a0et demand\u00e9 aux Am\u00e9ricain\u00b7es de <i>\u00ab\u00a0r\u00e9sister \u00e0 la tentation de voir chaque vie comme une statistique\u00a0\u00bb<\/i>. Ce jour-l\u00e0, les drapeaux des b\u00e2timents f\u00e9d\u00e9raux \u00e9taient en berne et les cloches de la cath\u00e9drale nationale de Washington ont retenti 500 fois. \u00c0 ce jour, plus de 1\u00a0200\u00a0000 d\u2019\u00c9tats-Unien\u00b7nes sont d\u00e9c\u00e9d\u00e9\u00b7es des suites d\u2019un covid.<\/p>\n<p>En Grande-Bretagne, qui affiche un nombre record de morts par habitant\u00b7e en Europe, la gestion du covid par le gouvernement de Boris Johnson a fait l\u2019objet d\u2019une intense controverse. Le premier ministre a pass\u00e9 un tr\u00e8s mauvais moment lors d\u2019une <a target=\"_blank\" href=\"https:\/\/www.theguardian.com\/uk-news\/video\/2023\/dec\/06\/youre-not-sorry-johnsons-opening-statement-at-covid-inquiry-interrupted-by-hecklers-video\" target=\"_blank\" rel=\"noopener\">enqu\u00eate publique<\/a>, en d\u00e9cembre 2023\u00a0: il a d\u00fb rendre des comptes, notamment sur ses d\u00e9cisions tardives de confinement, mais aussi sur ses f\u00eates \u00e0 Downing Street, quand le reste de la population \u00e9tait confin\u00e9 \u00e0 domicile.<\/p>\n<p>Outre-Manche, l\u2019hommage aux morts est une initiative citoyenne\u00a0: une immense fresque de c\u0153urs rouges et roses court sur 500 m\u00e8tres sur les bords de la Tamise \u00e0 Londres, en face du palais de Westminster o\u00f9 si\u00e8ge le Parlement. Les c\u0153urs lessiv\u00e9s par le temps sont consciencieusement repeints par des familles endeuill\u00e9es. Et d\u2019autres sont et seront dessin\u00e9s, tant que le covid continuera \u00e0 tuer.<\/p>\n<figure class=\"media media--image format-100-pcent _align:center orientation-landscape\" data-js=\"media\"><figcaption class=\"legend\">\n            Le National Covid Memorial Wall, d\u00e9di\u00e9 \u00e0 celles et ceux qui ont perdu la vie \u00e0 cause du covid-19, le 23 d\u00e9cembre 2024 \u00e0 Londres.                            <span class=\"legend-author\"> \u00a9\u00a0Photo Ben Stansall \/ AFP<\/span><br \/>\n                    <\/figcaption><template data-template-media-modal=\"\"><br \/>\n    <button type=\"button\" class=\"media-modal-opener\"><br \/>\n        <svg xmlns=\"http:\/\/www.w3.org\/2000\/svg\" class=\"icon\" aria-hidden=\"true\" focusable=\"false\" height=\"16\" width=\"16\" viewbox=\"0 0 32 32\">  <path fill-rule=\"evenodd\" d=\"M7 25v-6.75h1.5V25H7Z\" clip-rule=\"evenodd\"\/>  <path fill-rule=\"evenodd\" d=\"M7 23.5h6.75V25H7v-1.5Z\" clip-rule=\"evenodd\"\/>  <path fill-rule=\"evenodd\" d=\"M13.894 19.166 8.061 25 7 23.94l5.834-5.834 1.06 1.06ZM25 7v6.75h-1.5V7H25Z\" clip-rule=\"evenodd\"\/>  <path fill-rule=\"evenodd\" d=\"M25 8.5h-6.75V7H25v1.5Z\" clip-rule=\"evenodd\"\/>  <path fill-rule=\"evenodd\" d=\"M18.106 12.834 23.939 7 25 8.06l-5.834 5.834-1.06-1.06Z\" clip-rule=\"evenodd\"\/><\/svg><br \/>\n        <span>Agrandir l\u2019image : Illustration 1<\/span><br \/>\n    <\/button><\/p>\n<p><\/template><br \/>\n<\/figure>\n<p>Sabrina Sellami, membre de deux associations de proches de victimes \u2013\u00a0<a target=\"_blank\" href=\"https:\/\/www.helloasso.com\/associations\/coeurvide19\" target=\"_blank\" rel=\"noopener\">C\u0153urVide19<\/a>, cite aussi l\u2019Italie ou l\u2019Espagne, <i>\u00ab\u00a0qui ont d\u00e9cr\u00e9t\u00e9 des journ\u00e9es de deuil national\u00a0\u00bb<\/i>. <\/p>\n<p>En France, c\u2019est le silence. <i>\u00ab\u00a0C\u2019est <\/i><i>compl\u00e8tement fou, on ne le comprend pas<\/i>, poursuit-elle. <i>Aux 100\u00a0000 morts, le pr\u00e9sident Macron n\u2019a fait qu\u2019un tweet\u00a0: \u201cNous n\u2019oublierons aucun nom, aucun visage\u201d\u2026\u00a0\u00bb<\/i> Et pour les cinq ans de la pand\u00e9mie, le minist\u00e8re de la sant\u00e9 indique que rien n\u2019est pr\u00e9vu. <\/p>\n<h2 data-mediapart-role=\"subheading\" class=\"subheading\">L\u2019hommage refus\u00e9<\/h2>\n<p>\u00c0 force de r\u00e9clamer une journ\u00e9e d\u2019hommage, Sabrina Sellami a pu rencontrer Bruno Roger-Petit, conseiller m\u00e9moire d\u2019Emmanuel Macron. L\u2019entretien n\u2019a rien donn\u00e9\u00a0: <i>\u00ab\u00a0S<\/i><i>\u2019ils rendaient hommage, ce serait reconna\u00eetre leurs torts\u00a0: le manque de masques, d\u2019anticipation, la mauvaise communication\u00a0? Pour nous, ce n\u2019est pas la question\u00a0<\/i><i>\u00bb<\/i>, estime celle dont le p\u00e8re, Nour Sellami, fut le \u00ab\u00a0patient z\u00e9ro\u00a0\u00bb \u00e0 Paris. <\/p>\n<p>D\u00e9tect\u00e9 six jours apr\u00e8s son hospitalisation, le 22 f\u00e9vrier 2020, \u00e0 l\u2019h\u00f4pital Tenon, il a contamin\u00e9 son fils Zerouk qui l\u2019a veill\u00e9. Tous deux sont d\u00e9c\u00e9d\u00e9s, seuls, priv\u00e9s des visites de leurs proches, puis ont \u00e9t\u00e9 enterr\u00e9s en catastrophe au cimeti\u00e8re de Thiais (Val-de-Marne)\u00a0: <i>\u00ab\u00a0Nous \u00e9tions dix. Les gardiens criaient, avec un hygiaphone\u00a0: <\/i><i>\u201cSortez, sortez, d\u2019autres attendent leur tour, d\u00e9p\u00eachez-vous\u00a0!&#8230;\u201d\u00a0\u00bb <\/i>Une terrible \u00e9preuve.<\/p>\n<figure class=\"media media--image format-100-pcent _align:center orientation-landscape\" data-js=\"media\"><figcaption class=\"legend\">\n            Nour et Zerouk Sellami.                            <span class=\"legend-author\"> \u00a9\u00a0Documents Mediapart<\/span><br \/>\n                    <\/figcaption><template data-template-media-modal=\"\"><br \/>\n    <button type=\"button\" class=\"media-modal-opener\"><br \/>\n        <svg xmlns=\"http:\/\/www.w3.org\/2000\/svg\" class=\"icon\" aria-hidden=\"true\" focusable=\"false\" height=\"16\" width=\"16\" viewbox=\"0 0 32 32\">  <path fill-rule=\"evenodd\" d=\"M7 25v-6.75h1.5V25H7Z\" clip-rule=\"evenodd\"\/>  <path fill-rule=\"evenodd\" d=\"M7 23.5h6.75V25H7v-1.5Z\" clip-rule=\"evenodd\"\/>  <path fill-rule=\"evenodd\" d=\"M13.894 19.166 8.061 25 7 23.94l5.834-5.834 1.06 1.06ZM25 7v6.75h-1.5V7H25Z\" clip-rule=\"evenodd\"\/>  <path fill-rule=\"evenodd\" d=\"M25 8.5h-6.75V7H25v1.5Z\" clip-rule=\"evenodd\"\/>  <path fill-rule=\"evenodd\" d=\"M18.106 12.834 23.939 7 25 8.06l-5.834 5.834-1.06-1.06Z\" clip-rule=\"evenodd\"\/><\/svg><br \/>\n        <span>Agrandir l\u2019image : Illustration 2<\/span><br \/>\n    <\/button><\/p>\n<p><\/template><br \/>\n<\/figure>\n<aside data-mediapart-role=\"read-also\" class=\"read-also\" aria-label=\"\u00c0 lire aussi\">\n<header>    <svg xmlns=\"http:\/\/www.w3.org\/2000\/svg\" class=\"icon color:ui-alert\" aria-hidden=\"true\" focusable=\"false\" height=\"16\" width=\"16\" viewbox=\"0 0 32 32\">  <path fill-rule=\"evenodd\" d=\"M18.332 5.257a1 1 0 0 1 1.413.074l9 10a1 1 0 0 1 0 1.338l-9 10a1 1 0 0 1-1.487-1.338L25.756 17H4.001a1 1 0 1 1 0-2h21.755l-7.498-8.331a1 1 0 0 1 .075-1.412Z\" clip-rule=\"evenodd\"\/><\/svg>    <\/p>\n<p>\u00c0 lire aussi<\/p>\n<\/header>\n<article>            <a target=\"_blank\" data-smarttag=\"\" data-smarttag-name=\"a_lire_aussi\" data-smarttag-chapter1=\"recirculation\" data-smarttag-chapter2=\"corps_article\" data-smarttag-level2=\"9\" data-smarttag-type=\"navigation\" href=\"https:\/\/www.mediapart.fr\/journal\/france\/140421\/covid-derriere-les-100-000-morts-la-procession-des-endeuilles\">                                <span>Covid: derri\u00e8re les 100 000 morts, la procession des endeuill\u00e9s<\/span>            <\/a>                    <\/article>\n<\/aside>\n<p><i>\u00ab\u00a0Personne <\/i><i>ne veut faire soci\u00e9t\u00e9 avec nous<\/i>, dit avec duret\u00e9 cette fille et s\u0153ur de victimes. <i>La dette n\u2019est pas pay\u00e9e, les victimes sont comme des fant\u00f4mes. <\/i><i>M\u00eame des drapeaux en berne, une seule journ\u00e9e, nous aurait suffi.\u00a0\u00bb<\/i><\/p>\n<p>Les endeuill\u00e9s fran\u00e7ais en viennent \u00e0 r\u00e9fl\u00e9chir par eux-m\u00eames \u00e0 des comm\u00e9morations. L\u2019association de Sabrina Sellami pr\u00e9pare une danse, en lien avec le th\u00e9\u00e2tre de Gennevilliers (Hauts-de-Seine). <\/p>\n<p>Claire Loupiac veut organiser une messe, ouverte \u00e0 tous et toutes sur les plateaux du Jura, pour honorer la m\u00e9moire de son mari, le docteur \u00c9ric Loupiac, et <i>\u00ab\u00a0de toutes les victimes\u00a0\u00bb<\/i>, pr\u00e9cise-t-elle. Pour tenter aussi, peut-\u00eatre, de soigner le traumatisme des fun\u00e9railles. <i>\u00ab\u00a0Pour ses obs\u00e8ques, il n\u2019y avait que nos enfants et moi. Je n\u2019ai m\u00eame pas pu passer la porte du cimeti\u00e8re. \u00c0 ce moment-l\u00e0, deux mois apr\u00e8s le d\u00e9but du confinement, les pr\u00e9cautions \u00e9taient devenues d\u00e9mesur\u00e9es. \u00c7<\/i><i>a rajoute \u00e0 la peine.\u00a0\u00bb<\/i><\/p>\n<p>L\u2019urgentiste de l\u2019h\u00f4pital de Lons-le-Saunier (Jura) est le seizi\u00e8me soignant mort du covid. Il a \u00e9t\u00e9 test\u00e9 positif le 17 mars. Il est d\u00e9c\u00e9d\u00e9 le 23 avril \u00e0 Marseille, en r\u00e9animation.<\/p>\n<h2 data-mediapart-role=\"subheading\" class=\"subheading\">\n<figure class=\"media media--image format-33-pcent _align:left orientation-portrait\" data-js=\"media\"><figcaption class=\"legend\">\n                                        <span class=\"legend-author\"> \u00a9\u00a0Capture d&rsquo;\u00e9cran \/ Mediapart<\/span><br \/>\n                    <\/figcaption><template data-template-media-modal=\"\"><br \/>\n    <button type=\"button\" class=\"media-modal-opener\"><br \/>\n        <svg xmlns=\"http:\/\/www.w3.org\/2000\/svg\" class=\"icon\" aria-hidden=\"true\" focusable=\"false\" height=\"16\" width=\"16\" viewbox=\"0 0 32 32\">  <path fill-rule=\"evenodd\" d=\"M7 25v-6.75h1.5V25H7Z\" clip-rule=\"evenodd\"\/>  <path fill-rule=\"evenodd\" d=\"M7 23.5h6.75V25H7v-1.5Z\" clip-rule=\"evenodd\"\/>  <path fill-rule=\"evenodd\" d=\"M13.894 19.166 8.061 25 7 23.94l5.834-5.834 1.06 1.06ZM25 7v6.75h-1.5V7H25Z\" clip-rule=\"evenodd\"\/>  <path fill-rule=\"evenodd\" d=\"M25 8.5h-6.75V7H25v1.5Z\" clip-rule=\"evenodd\"\/>  <path fill-rule=\"evenodd\" d=\"M18.106 12.834 23.939 7 25 8.06l-5.834 5.834-1.06-1.06Z\" clip-rule=\"evenodd\"\/><\/svg><br \/>\n        <span>Agrandir l\u2019image : Illustration 3<\/span><br \/>\n    <\/button><\/p>\n<p><\/template><br \/>\n<\/figure>\n<\/h2>\n<aside class=\"box\" data-js-expandable-box=\"\" aria-describedby=\"nugget_title\">\n<div class=\"box__content__wrapper\">\n<div class=\"box__content\">\n<p><i>\u00ab<span>\u00a0<\/span>D\u00e8s mars 2020, <\/i><i>il <\/i><i>m\u2019est <\/i><i>ap<\/i><i>paru n\u00e9cessaire de collecter des traces de ce moment particulier, v\u00e9cu par la moiti\u00e9 de la plan\u00e8te. Pas seulement les r\u00e9cits historiques, les moments h\u00e9ro\u00efques, <\/i><i>mais la m<\/i><i>\u00e9moire de tout un chacun<span>\u00a0<\/span>\u00bb<\/i>, explique <span>La\u00ebtitia Atlani-D<\/span><span>uault. Cette <\/span><span>anthropologue, directrice de recherche <\/span><span>et vice-pr\u00e9sidente de l\u2019un<\/span><span>iversit\u00e9 Paris-Cit\u00e9, <\/span><span>a cr\u00e9\u00e9<\/span><span> l\u2019Institut covid-19 Ad memoriam. <\/span><span>Avec d\u2019autres chercheurs et chercheuses, elle collecte depuis cinq ans des t\u00e9moignages du covid. Et elle les a restitu\u00e9s, de mani\u00e8re aussi repr\u00e9sentative que possible, dans un beau livre, \u00e0 para\u00eetre, intitul\u00e9<span>\u00a0<\/span>: <i>Covid-19 Ad memoriam. Fragments pour les m\u00e9moires<\/i> (La Documentation fran\u00e7aise). <\/span><\/p>\n<p><i><span>\u00ab<\/span><span><span>\u00a0<\/span><\/span><span><i>Il y a de<\/i>s <\/span><\/i><i><span>extraits <\/span><\/i><i><span>de t\u00e9moignages<\/span><\/i><i><span>, <\/span><\/i><i><span>d\u2019enfants, d\u2019adultes, de personnes \u00e2g\u00e9es, d\u2019<\/span><\/i><i><span>urbains <\/span><\/i><i><span>ou de<\/span><\/i><i><span> ruraux. <\/span><\/i><i><span>Il y a des r\u00e9cits de deuils, mais aussi de naissance pendant le confinement.<\/span><\/i><i> <\/i><i><span>Des personnes racontent leur covid long et leur sentiment d\u2019abandon. Mais il y a aussi des r\u00e9cits de<\/span><\/i><i><span> moments heureux<span>\u00a0<\/span>: <\/span><\/i><i><span>des familles se sont retrouv\u00e9es, des personnes ont fait le point sur leur vie et bifurqu\u00e9.<span>\u00a0<\/span>\u00bb<\/span><\/i><\/p>\n<p>Dans le livre, ces r\u00e9cits se croisent avec des photos d\u2019objets <i>\u00ab<span>\u00a0<\/span>en temps de pand\u00e9mie<span>\u00a0<\/span>\u00bb<\/i> collect\u00e9s par le Mucem de Marseille<span>\u00a0<\/span>: des attestations de sortie froiss\u00e9es, des masques faits soi-m\u00eame, etc. Plantu a \u00e9galement donn\u00e9 ses dessins en hommage aux soignant\u00b7es.<\/p>\n<p><span>L\u2019anthropologue organise une <a target=\"_blank\" href=\"https:\/\/u-paris.fr\/?mailpoet_router&amp;endpoint=view_in_browser&amp;action=view&amp;data=WzE0OTUsImFkMjJlZDE1ZDVhMSIsMCwwLDAsMV0\" target=\"_blank\" rel=\"noopener\">conf\u00e9rence<\/a>, ce lundi 17 mars, \u00e0 l\u2019universit\u00e9 Paris-Cit\u00e9, avec tous les acteurs et actrices de cette crise<span>\u00a0<\/span>: endeuill\u00e9\u00b7es, soignant\u00b7es, politiques, m\u00e9decins, haut\u00b7es fonctionnaires, etc. <\/span><i><span>\u00ab<span>\u00a0<\/span>J\u2019ai choisi un lieu universitaire, pour <\/span><\/i><i>que tout le monde s\u2019\u00e9coute et s\u2019entende, pour \u00e9viter des guerres m\u00e9morielles. <\/i><i>La question de la journ\u00e9e <\/i><i>d\u2019hommage <\/i><i>sera abord\u00e9e. Est-ce qu\u2019il en faut une<span>\u00a0<\/span>? <\/i><i>Il me semble que oui.<span>\u00a0<\/span>\u00bb<\/i><\/p>\n<\/p><\/div>\n<\/p><\/div>\n<p>            <template data-template-box=\"\">                            <\/template><\/aside>\n<h2 data-mediapart-role=\"subheading\" class=\"subheading\">Les plaintes rejet\u00e9es en justice<\/h2>\n<p>La plainte de Claire Loupiac, contre X, pour \u00ab\u00a0homicide involontaire, non-assistance \u00e0 personne en danger et omission de porter secours\u00a0\u00bb s\u2019est sold\u00e9e par un non-lieu en 2022. <i>\u00ab\u00a0Nous l\u2019avons tr\u00e8s mal v\u00e9cu avec mes enfants\u00a0\u00bb<\/i>, dit Claire Loupiac.<\/p>\n<p>Jusqu&rsquo;ici, toutes les plaintes ont \u00e9t\u00e9 rejet\u00e9es, en commen\u00e7ant par celles, devant la Cour de justice de la R\u00e9publique, contre les ministre de la sant\u00e9 qui se sont succ\u00e9d\u00e9\u00b7es pendant le covid, Agn\u00e8s Buzyn et Olivier V\u00e9ran, ainsi que contre le premier ministre \u00c9douard Philippe\u00a0: il n\u2019y a finalement eu aucune mise en examen, l\u2019enqu\u00eate devrait aboutir \u00e0 un non-lieu.<\/p>\n<figure class=\"media media--image format-100-pcent _align:center orientation-landscape\" data-js=\"media\"><figcaption class=\"legend\">\n            \u00c9ric Loupiac.                            <span class=\"legend-author\"> \u00a9\u00a0Document Mediapart<\/span><br \/>\n                    <\/figcaption><template data-template-media-modal=\"\"><br \/>\n    <button type=\"button\" class=\"media-modal-opener\"><br \/>\n        <svg xmlns=\"http:\/\/www.w3.org\/2000\/svg\" class=\"icon\" aria-hidden=\"true\" focusable=\"false\" height=\"16\" width=\"16\" viewbox=\"0 0 32 32\">  <path fill-rule=\"evenodd\" d=\"M7 25v-6.75h1.5V25H7Z\" clip-rule=\"evenodd\"\/>  <path fill-rule=\"evenodd\" d=\"M7 23.5h6.75V25H7v-1.5Z\" clip-rule=\"evenodd\"\/>  <path fill-rule=\"evenodd\" d=\"M13.894 19.166 8.061 25 7 23.94l5.834-5.834 1.06 1.06ZM25 7v6.75h-1.5V7H25Z\" clip-rule=\"evenodd\"\/>  <path fill-rule=\"evenodd\" d=\"M25 8.5h-6.75V7H25v1.5Z\" clip-rule=\"evenodd\"\/>  <path fill-rule=\"evenodd\" d=\"M18.106 12.834 23.939 7 25 8.06l-5.834 5.834-1.06-1.06Z\" clip-rule=\"evenodd\"\/><\/svg><br \/>\n        <span>Agrandir l\u2019image : Illustration 4<\/span><br \/>\n    <\/button><\/p>\n<p><\/template><br \/>\n<\/figure>\n<p>Mais depuis, Claire Loupiac a trouv\u00e9 d\u2019autres documents, qui attestent le haut niveau d\u2019information de son mari urgentiste et les nombreuses alertes qu\u2019il a lanc\u00e9es. <i>\u00ab\u00a0Mon mari regardait quotidiennement ce qu\u2019il se passait en Chine puis en Italie. Il a enregistr\u00e9 des \u00e9tudes sur son ordinateur, en a imprim\u00e9 certaines. Et il a cherch\u00e9 \u00e0<\/i><i> informer la population.\u00a0\u00bb<\/i><\/p>\n<p>Elle a retrouv\u00e9 une interview accord\u00e9e \u00e0 <i>La Voix du Jura<\/i> le 19 mars. \u00c9ric Loupiac y fustigeait <i>\u00ab\u00a0un gouvernement qui a failli en diminuant la capacit\u00e9 des h\u00f4pitaux\u00a0\u00bb<\/i>, ainsi que <i>\u00ab\u00a0l\u2019inco<\/i><i>ns\u00e9quence de tous ceux qui ont cru que ce coronavirus ne provoquait qu\u2019une g<\/i><i>rippette\u00a0\u00bb<\/i>. Il mettait d\u00e9j\u00e0 le doigt sur la principale faille de la gestion de la crise\u00a0: <i>\u00ab\u00a0On ne peut pas \u00eatre ef<\/i><i>fic<\/i><i>ace en ne d\u00e9tectant pas le virus\u00a0: en Franche-Comt\u00e9, les possibilit\u00e9s de d\u00e9tection sont de 46 jours. 46 pour toute la France-Comt\u00e9\u00a0!\u00a0\u00bb<\/i><\/p>\n<p>Et bien s\u00fbr, <i>\u00ab\u00a0il a r\u00e9clam\u00e9 tr\u00e8s vite des masques FFP2 pour les soignants\u00a0\u00bb<\/i>, rappelle sa veuve, les seuls masques \u00e0 pouvoir les prot\u00e9ger si les patientes et patients positifs au coronavirus ne sont pas masqu\u00e9\u00b7es.<\/p>\n<aside data-mediapart-role=\"read-also\" class=\"read-also\" aria-label=\"\u00c0 lire aussi\">\n<header>    <svg xmlns=\"http:\/\/www.w3.org\/2000\/svg\" class=\"icon color:ui-alert\" aria-hidden=\"true\" focusable=\"false\" height=\"16\" width=\"16\" viewbox=\"0 0 32 32\">  <path fill-rule=\"evenodd\" d=\"M18.332 5.257a1 1 0 0 1 1.413.074l9 10a1 1 0 0 1 0 1.338l-9 10a1 1 0 0 1-1.487-1.338L25.756 17H4.001a1 1 0 1 1 0-2h21.755l-7.498-8.331a1 1 0 0 1 .075-1.412Z\" clip-rule=\"evenodd\"\/><\/svg>    <\/p>\n<p>\u00c0 lire aussi<\/p>\n<\/header>\n<article>            <a target=\"_blank\" data-smarttag=\"\" data-smarttag-name=\"a_lire_aussi\" data-smarttag-chapter1=\"recirculation\" data-smarttag-chapter2=\"corps_article\" data-smarttag-level2=\"9\" data-smarttag-type=\"navigation\" href=\"https:\/\/www.mediapart.fr\/journal\/france\/050320\/coronavirus-dans-l-oise-ne-maitrise-plus-rien-du-tout\">                                                            <span class=\"media-container hidden@until-lg\" style=\"--aspect-ratio: 1.4894837476099; --media-src-lg: url('https:\/\/static.mediapart.fr\/etmagine\/read_also\/files\/2020\/03\/05\/crepy.jpg');\">                        <\/span>                                                    <span>Coronavirus: dans l\u2019Oise, \u00abon ne ma\u00eetrise plus rien du tout\u00bb<\/span>            <\/a>                    <\/article>\n<article>            <a target=\"_blank\" data-smarttag=\"\" data-smarttag-name=\"a_lire_aussi\" data-smarttag-chapter1=\"recirculation\" data-smarttag-chapter2=\"corps_article\" data-smarttag-level2=\"9\" data-smarttag-type=\"navigation\" href=\"https:\/\/www.mediapart.fr\/journal\/france\/080420\/tragedie-huis-clos-la-maison-de-retraite-de-mougins\">                                <span>Trag\u00e9die \u00e0 huis clos \u00e0 la maison de retraite de Mougins<\/span>            <\/a>                    <\/article>\n<\/aside>\n<p><i>\u00ab\u00a0Il n\u2019a pas compris que le confinement n\u2019ait pas \u00e9t\u00e9 d\u00e9cr\u00e9t\u00e9 le 26 f\u00e9vrier, quand le premier patient sans lien avec la Chine a \u00e9t\u00e9<\/i> <i>diagnostiqu\u00e9<\/i>,<i> <\/i>poursuit-elle. <i>\u00c0 ses yeux, en confinant le 17 mars avec trois semaines de retard, les autorit\u00e9s portent la responsabilit\u00e9 des 30\u00a0000 morts du d\u00e9but de l\u2019\u00e9pid\u00e9mie.\u00a0\u00bb<\/i><\/p>\n<p>Claire Loupiac vit les cinq ans du covid <i>\u00ab\u00a0comme si c\u2019\u00e9tait hier\u00a0\u00bb. \u00ab\u00a0Ma peine est toujours immense, rien ne pourra l\u2019\u00e9liminer. Je ne veux pas d\u2019 indemnit\u00e9s, la vie de mon mari n\u2019a pas de prix. Mais que la v\u00e9rit\u00e9 \u00e9clate, que les le\u00e7ons soient tir\u00e9es. Quand on voit les conditions de travail aux urgences, de plus en plus d\u00e9plorables\u2026\u00a0\u00bb<\/i><\/p>\n<p>Devant la justice, la veuve de l\u2019urgentiste s\u2019ent\u00eate\u00a0: elle a de nouveau port\u00e9 plainte, cette fois avec constitution de partie civile.<\/p>\n<p><i>\u00ab\u00a0C\u2019est la peur de tout le monde, que toutes les plaintes soient class\u00e9<\/i><i>es\u00a0\u00bb<\/i>, rench\u00e9rit Olivia Mokiejewski. Sa grand-m\u00e8re Hermine Bideaux est d\u00e9c\u00e9d\u00e9e en avril 2020, \u00e0 l\u2019Ehpad Bel-Air du groupe Korian, \u00e0 Clamart (Hauts-de-Seine). Cette journaliste a tr\u00e8s vite cr\u00e9\u00e9 une association, le <a target=\"_blank\" href=\"https:\/\/www.facebook.com\/groups\/236637157763385\/\">Collectif 9471<\/a>, soit le nombre de victimes du covid le jour de la cr\u00e9ation de l\u2019association. Celle-ci regroupe notamment des familles de victimes des Ehpad Korian de Clamart et de Mougins (Alpes-Maritimes) qui ont port\u00e9 plainte contre le groupe pour \u00ab\u00a0mise en danger de la vie d\u2019autrui et homicide involontaire\u00a0\u00bb.<\/p>\n<figure class=\"media media--image format-100-pcent _align:center orientation-landscape\" data-js=\"media\"><figcaption class=\"legend\">\n            Hermine Bideaux.                            <span class=\"legend-author\"> \u00a9\u00a0Document Mediapart<\/span><br \/>\n                    <\/figcaption><template data-template-media-modal=\"\"><br \/>\n    <button type=\"button\" class=\"media-modal-opener\"><br \/>\n        <svg xmlns=\"http:\/\/www.w3.org\/2000\/svg\" class=\"icon\" aria-hidden=\"true\" focusable=\"false\" height=\"16\" width=\"16\" viewbox=\"0 0 32 32\">  <path fill-rule=\"evenodd\" d=\"M7 25v-6.75h1.5V25H7Z\" clip-rule=\"evenodd\"\/>  <path fill-rule=\"evenodd\" d=\"M7 23.5h6.75V25H7v-1.5Z\" clip-rule=\"evenodd\"\/>  <path fill-rule=\"evenodd\" d=\"M13.894 19.166 8.061 25 7 23.94l5.834-5.834 1.06 1.06ZM25 7v6.75h-1.5V7H25Z\" clip-rule=\"evenodd\"\/>  <path fill-rule=\"evenodd\" d=\"M25 8.5h-6.75V7H25v1.5Z\" clip-rule=\"evenodd\"\/>  <path fill-rule=\"evenodd\" d=\"M18.106 12.834 23.939 7 25 8.06l-5.834 5.834-1.06-1.06Z\" clip-rule=\"evenodd\"\/><\/svg><br \/>\n        <span>Agrandir l\u2019image : Illustration 5<\/span><br \/>\n    <\/button><\/p>\n<p><\/template><br \/>\n<\/figure>\n<p>Olivia Mokiejewski n\u2019en revient pas<i> <\/i>que cinq ans apr\u00e8s, les familles n&rsquo;aient m\u00eame pas \u00e9t\u00e9 entendues.<i> \u00ab\u00a0Il y a une entrave \u00e0 la justice<\/i>,<i> <\/i>selon elle. <i>Pour mon dossier, une instruction judiciaire a \u00e9t\u00e9 ouverte. Mais depuis les deux premi\u00e8res expertises, favorables \u00e0 Korian mais entach\u00e9es de conflits d\u2019int\u00e9r\u00eats, il ne se passe rien. J\u2019ai propos\u00e9, en vain, un nouvel expert ind\u00e9pendant.\u00a0\u00bb <\/i>Des proc\u00e9dures ont abouti, au civil. <i>\u00ab\u00a0Des familles ont re\u00e7u des indemnit\u00e9s financi\u00e8res de Korian<\/i>, explique Olivia Mokiejewski. <i>Les gens ont au moins l\u2019impression d\u2019avoir \u00e9t\u00e9 un peu entendus\u2026\u00a0\u00bb<\/i><\/p>\n<p>Son association a \u00e9galement \u00e9crit plusieurs lettres \u00e0 des ministres, au pr\u00e9sident de la R\u00e9publique, pour r\u00e9clamer un hommage. <i>\u00ab\u00a0Est-ce que s\u2019il y en avait un, nos proches obtiendraient le statut de victimes\u00a0? Est-ce que cela pourrait avoir des cons\u00e9quences judiciaires\u00a0?\u00a0\u00bb<\/i>, s\u2019interroge Olivia Mokiejewski. Elle est gagn\u00e9e par le pessimisme\u00a0:<i> \u00ab\u00a0On est partis dans l\u2019oubli.\u00a0\u00bb<\/i> Puis elle se ressaisit\u00a0: <i>\u00ab\u00a0On a envie d\u2019aller jusqu\u2019au bout. C\u2019est un devoir pour l\u2019histoire.\u00a0\u00bb<\/i><\/p>\n<h2 data-mediapart-role=\"subheading\" class=\"subheading\">Une r\u00e9signation politique<\/h2>\n<p>Elle aussi raconte son traumatisme\u00a0: ne pas avoir pu \u00eatre aupr\u00e8s de sa grand-m\u00e8re dans ses derniers moments\u00a0; l\u2019avoir enterr\u00e9e dans les pires conditions.<i> \u00ab\u00a0On n\u2019a pas pu voir son corps, le cercueil a \u00e9t\u00e9 ferm\u00e9 \u00e0 l\u2019h\u00f4pital. Elle est sans doute dans une housse en plastique. J\u2019ai encore ce sentiment de ne m\u00eame pas \u00eatre s\u00fbre que c\u2019est ma grand-m\u00e8re qui est dans son cercueil.\u00a0\u00bb<\/i><\/p>\n<p><i>\u00ab\u00a0J\u2019ai encore pleur\u00e9 avec une amie aujourd\u2019hui<\/i>,<i> <\/i>commence par confier Patricia Kosits. <i>Depuis cinq ans, je d\u00e9ploie une \u00e9nergie consid\u00e9rable. Je me suis lev\u00e9e tous les matins. Avec mon gendre, on a sauv\u00e9 l\u2019entreprise. Je fais du sport, des activit\u00e9s. Mon mari Ottmar avait un mental tr\u00e8s fort, j\u2019essaie de lui faire honneur. Mais je ne parviens pas \u00e0 faire mon deuil, \u00e0 passer \u00e0 autre chose.\u00a0\u00bb<\/i><\/p>\n<p>Elle raconte l\u2019irruption du drame du covid dans sa vie. <i>\u00ab\u00a0\u00c0 5 heures du matin, le jour de sa mort, le 23 mars, on a appel\u00e9 les urgences parce qu\u2019Ottmar respirait tr\u00e8s mal. Ils ont refus\u00e9 de se d\u00e9placer. C\u2019est notre m\u00e9decin g\u00e9n\u00e9raliste qui a obtenu que le Samu se d\u00e9place. Mon mari a quitt\u00e9 la maison \u00e0 17 heures, sur ses pieds. Dans le fourgon du Samu, je lui ai dit au revoir, puis ils l\u2019ont intub\u00e9 devant chez nous. \u00c0 20\u00a0h\u00a005, il \u00e9tait mort. J\u2019ai tout de suite pens\u00e9\u00a0: \u201cJe ne m\u2019en remettrai pas.\u201d\u00a0\u00bb<\/i><\/p>\n<figure class=\"media media--image format-100-pcent _align:center orientation-landscape\" data-js=\"media\"><figcaption class=\"legend\">\n            Ottmar Kosits.                            <span class=\"legend-author\"> \u00a9\u00a0Document Mediapart<\/span><br \/>\n                    <\/figcaption><template data-template-media-modal=\"\"><br \/>\n    <button type=\"button\" class=\"media-modal-opener\"><br \/>\n        <svg xmlns=\"http:\/\/www.w3.org\/2000\/svg\" class=\"icon\" aria-hidden=\"true\" focusable=\"false\" height=\"16\" width=\"16\" viewbox=\"0 0 32 32\">  <path fill-rule=\"evenodd\" d=\"M7 25v-6.75h1.5V25H7Z\" clip-rule=\"evenodd\"\/>  <path fill-rule=\"evenodd\" d=\"M7 23.5h6.75V25H7v-1.5Z\" clip-rule=\"evenodd\"\/>  <path fill-rule=\"evenodd\" d=\"M13.894 19.166 8.061 25 7 23.94l5.834-5.834 1.06 1.06ZM25 7v6.75h-1.5V7H25Z\" clip-rule=\"evenodd\"\/>  <path fill-rule=\"evenodd\" d=\"M25 8.5h-6.75V7H25v1.5Z\" clip-rule=\"evenodd\"\/>  <path fill-rule=\"evenodd\" d=\"M18.106 12.834 23.939 7 25 8.06l-5.834 5.834-1.06-1.06Z\" clip-rule=\"evenodd\"\/><\/svg><br \/>\n        <span>Agrandir l\u2019image : Illustration 6<\/span><br \/>\n    <\/button><\/p>\n<p><\/template><br \/>\n<\/figure>\n<p><i>\u00ab\u00a0Il a \u00e9t\u00e9 enterr\u00e9 le 2 avril. Je n\u2019ai pas vu son corps. Il est tout nu avec une blouse d\u2019h\u00f4pital, dans une housse en plastique. Les pompes fun\u00e8bres nous ont dit que ce n\u2019\u00e9tait pas la peine de capitonner le cercueil. Moi j\u2019\u00e9tais confin\u00e9e. Je suis all\u00e9e toute seule au cimeti\u00e8re, en voiture. Il n\u2019y a pas eu de messe. Le cur\u00e9 est parti avant la fin, il avait peur. On \u00e9tait dix. Je n\u2019ai m\u00eame pas pu embrasser ma fille a\u00een\u00e9e, qui \u00e9tait enceinte.\u00a0\u00bb<\/i><\/p>\n<p>Ces deuils sont rendus plus difficiles encore par l\u2019absence d\u2019hommage, de reconnaissance par la justice des fautes politiques et sanitaires commises. Des familles ont perdu toute confiance, raconte Sabrina Sellam\u00a0: <i>\u00ab\u00a0D<\/i><i>ans l\u2019association, on \u00e9tait au d\u00e9part 300 familles. Puis des gens nous ont quitt\u00e9s, puisqu\u2019on n\u2019obtenait rien. Certains sont rentr\u00e9s dans le complotisme, ils ont tellement de chagrin. Et tout cela pousse les gens \u00e0 la r\u00e9signation politique.\u00a0\u00bb<\/i><\/p>\n<\/p><\/div>\n<p><br \/>\n<br \/><a href=\"https:\/\/www.mediapart.fr\/journal\/france\/150325\/covid-19-l-hommage-vole-aux-morts-et-aux-endeuilles\" target=\"_blank\"\">Source link <\/a><\/p>\n","protected":false},"excerpt":{"rendered":"<p>QuandQuand les \u00c9tats-Unis ont d\u00e9pass\u00e9 le fun\u00e8bre et irr\u00e9el chiffre des 500\u00a0000 morts du covid, en f\u00e9vrier 2021, le pr\u00e9sident Joe Biden a prononc\u00e9 un discours de recueillement. Il a&hellip; <\/p>\n","protected":false},"author":1,"featured_media":4510,"comment_status":"open","ping_status":"open","sticky":false,"template":"","format":"standard","meta":{"footnotes":""},"categories":[1],"tags":[],"class_list":["post-4509","post","type-post","status-publish","format-standard","has-post-thumbnail","hentry","category-non-classe"],"_links":{"self":[{"href":"https:\/\/monde25.info\/index.php\/wp-json\/wp\/v2\/posts\/4509","targetHints":{"allow":["GET"]}}],"collection":[{"href":"https:\/\/monde25.info\/index.php\/wp-json\/wp\/v2\/posts"}],"about":[{"href":"https:\/\/monde25.info\/index.php\/wp-json\/wp\/v2\/types\/post"}],"author":[{"embeddable":true,"href":"https:\/\/monde25.info\/index.php\/wp-json\/wp\/v2\/users\/1"}],"replies":[{"embeddable":true,"href":"https:\/\/monde25.info\/index.php\/wp-json\/wp\/v2\/comments?post=4509"}],"version-history":[{"count":0,"href":"https:\/\/monde25.info\/index.php\/wp-json\/wp\/v2\/posts\/4509\/revisions"}],"wp:featuredmedia":[{"embeddable":true,"href":"https:\/\/monde25.info\/index.php\/wp-json\/wp\/v2\/media\/4510"}],"wp:attachment":[{"href":"https:\/\/monde25.info\/index.php\/wp-json\/wp\/v2\/media?parent=4509"}],"wp:term":[{"taxonomy":"category","embeddable":true,"href":"https:\/\/monde25.info\/index.php\/wp-json\/wp\/v2\/categories?post=4509"},{"taxonomy":"post_tag","embeddable":true,"href":"https:\/\/monde25.info\/index.php\/wp-json\/wp\/v2\/tags?post=4509"}],"curies":[{"name":"wp","href":"https:\/\/api.w.org\/{rel}","templated":true}]}}