{"id":4517,"date":"2025-03-16T02:32:30","date_gmt":"2025-03-16T01:32:30","guid":{"rendered":"https:\/\/monde25.info\/index.php\/2025\/03\/16\/roumanie-george-simion-depose-sa-candidature-a-la-presidentielle-roumaine\/"},"modified":"2025-03-16T02:32:30","modified_gmt":"2025-03-16T01:32:30","slug":"roumanie-george-simion-depose-sa-candidature-a-la-presidentielle-roumaine","status":"publish","type":"post","link":"https:\/\/monde25.info\/index.php\/2025\/03\/16\/roumanie-george-simion-depose-sa-candidature-a-la-presidentielle-roumaine\/","title":{"rendered":"Roumanie\u00a0: George Simion d\u00e9pose sa candidature \u00e0 la pr\u00e9sidentielle roumaine"},"content":{"rendered":"<p> <br \/>\n<\/p>\n<div>\n<p>George Simion, n\u00e9 le 21 septembre 1986 \u00e0 Foc\u0219ani, est un homme politique roumain, leader de l\u2019Alliance pour l\u2019unit\u00e9 des Roumains (AUR), un parti d\u2019extr\u00eame droite qu\u2019il co-dirige depuis sa fondation en 2019. Dipl\u00f4m\u00e9 en histoire et fervent nationaliste, il s\u2019est fait conna\u00eetre par son militantisme pour l\u2019unification de la Roumanie et de la Moldavie, ainsi que par ses positions populistes et souverainistes. Admirateur revendiqu\u00e9 de Donald Trump, il pr\u00f4ne une \u00ab <em>Roumanie patriote<\/em> \u00bb, \u00ab\u00a0la Paix\u00a0\u00bb en s\u2019opposant \u00e0 l\u2019aide militaire \u00e0 l\u2019Ukraine, aux droits LGBTQIA+ et \u00e0 ce qu\u2019il appelle une Europe \u00ab <em>soumise \u00e0 Bruxelles<\/em> \u00bb. Simion <a target=\"_blank\" href=\"https:\/\/www.francesoir.fr\/videos-l-entretien-essentiel\/la-france-est-un-geant-qui-dort-alors-allez-enfant-de-la-patrie\">a \u00e9galement \u00e9t\u00e9 interview\u00e9 par <em>France-Soir<\/em><\/a>, le seul m\u00e9dia fran\u00e7ais \u00e0 l\u2019avoir rencontr\u00e9, o\u00f9 il a partag\u00e9 sa vision d\u2019une \u00ab <em>Europe des Nations<\/em> \u00bb inspir\u00e9e par Trump, critiquant l\u2019Union europ\u00e9enne comme un outil de \u00ab <em>mondialisme corrompu<\/em> \u00bb.<br \/>\u00a0<\/p>\n<p>C&rsquo;est par un tweet, qu&rsquo;il a annonc\u00e9 avoir d\u00e9pos\u00e9 sa candidature avec la promesse suivante :\u00a0<\/p>\n<blockquote>\n<p><span class=\"css-1jxf684 r-bcqeeo r-1ttztb7 r-qvutc0 r-poiln3\">Ma promesse est la suivante : <strong>Je ne trahirai pas le peuple roumain.\u00a0<\/strong><\/span><br \/><span class=\"css-1jxf684 r-bcqeeo r-1ttztb7 r-qvutc0 r-poiln3\">Nous avons besoin de gu\u00e9rison, d\u2019unit\u00e9 et de paix !\u00a0<\/span><br \/><span class=\"css-1jxf684 r-bcqeeo r-1ttztb7 r-qvutc0 r-poiln3\">Mon objectif est que mon pays revienne \u00e0 <\/span><a target=\"_blank\" class=\"css-1jxf684 r-bcqeeo r-1ttztb7 r-qvutc0 r-poiln3 r-1loqt21\" href=\"https:\/\/x.com\/hashtag\/democracy?src=hashtag_click\" dir=\"ltr\"><span class=\"r-18u37iz\">#democracy<\/span><\/a><span class=\"css-1jxf684 r-bcqeeo r-1ttztb7 r-qvutc0 r-poiln3\"> , \u00e0 <\/span><a target=\"_blank\" class=\"css-1jxf684 r-bcqeeo r-1ttztb7 r-qvutc0 r-poiln3 r-1loqt21\" href=\"https:\/\/x.com\/hashtag\/normality?src=hashtag_click\" dir=\"ltr\"><span class=\"r-18u37iz\">#normality<\/span><\/a><span class=\"css-1jxf684 r-bcqeeo r-1ttztb7 r-qvutc0 r-poiln3\"> , \u00e0 l\u2019\u00e9tat de droit !<\/span><\/p>\n<\/blockquote>\n<blockquote class=\"twitter-tweet\">\n<p lang=\"en\" dir=\"ltr\">\ud83c\uddf7\ud83c\uddf4I submitted today my <a target=\"_blank\" href=\"https:\/\/twitter.com\/hashtag\/candidacy?src=hash&amp;ref_src=twsrc%5Etfw\">#candidacy<\/a> files for the May 4 presidential elections.<\/p>\n<p>My promise is this: I will not betray the Romanian people.<br \/>We need healing, unity &amp; peace!<br \/>My goal is for my country to return to <a target=\"_blank\" href=\"https:\/\/twitter.com\/hashtag\/democracy?src=hash&amp;ref_src=twsrc%5Etfw\">#democracy<\/a>, to <a target=\"_blank\" href=\"https:\/\/twitter.com\/hashtag\/normality?src=hash&amp;ref_src=twsrc%5Etfw\">#normality<\/a>, to the rule of law!<\/p>\n<p>God bless <a target=\"_blank\" href=\"https:\/\/twitter.com\/hashtag\/Romania?src=hash&amp;ref_src=twsrc%5Etfw\">#Romania<\/a>! <a target=\"_blank\" href=\"https:\/\/t.co\/ss3BzI1FpU\">pic.twitter.com\/ss3BzI1FpU<\/a><\/p>\n<p>\u2014 \ud83c\uddf7\ud83c\uddf4 George Simion \ud83c\uddf2\ud83c\udde9 (@georgesimion) <a target=\"_blank\" href=\"https:\/\/twitter.com\/georgesimion\/status\/1900558936081608778?ref_src=twsrc%5Etfw\">March 14, 2025<\/a><\/p>\n<\/blockquote>\n<p>\u00a0<\/p>\n<p><strong>Pourquoi s\u2019est-il pr\u00e9sent\u00e9 ?<\/strong><\/p>\n<p>Simion a d\u00e9pos\u00e9 sa candidature le 14 mars 2025 pour l\u2019\u00e9lection pr\u00e9sidentielle roumaine pr\u00e9vue en mai, suite \u00e0 l\u2019exclusion de C\u0103lin Georgescu, un autre candidat patriote disqualifi\u00e9 pour des soup\u00e7ons d\u2019ing\u00e9rence russe malgr\u00e9 le fait qu\u2019il n\u2019y ait aucune preuve formelle ni condamnation. Georgescu est donc pr\u00e9sum\u00e9 coupable avant un \u00e9ventuel proc\u00e8s. Simion a d\u00e9cid\u00e9 de \u00ab <em>reprendre le flambeau<\/em> \u00bb \u00e0 la demande de Georgescu, affirmant vouloir d\u00e9fendre la \u00ab d\u00e9mocratie vol\u00e9e \u00bb et le mouvement souverainiste face \u00e0 un \u00ab <em>syst\u00e8me corrompu<\/em> \u00bb. Sa candidature vise \u00e0 capitaliser sur le m\u00e9contentement populaire et \u00e0 maintenir la dynamique nationaliste, comme en t\u00e9moigne un <a target=\"_blank\" href=\"https:\/\/x.com\/daily_romania\/status\/1900546003792474349\">tweet r\u00e9cent de Daily Romania<\/a> :<\/p>\n<blockquote class=\"twitter-tweet\">\n<p lang=\"en\" dir=\"ltr\">\ud83c\uddf7\ud83c\uddf4 George Simion submits his candidacy for the presidential elections at the electoral bureau of Romania<\/p>\n<p>Someone has already filed a complaint against Simion&rsquo;s candidacy, just 10 minutes after he submitted it<\/p>\n<p>The media is already forging new propaganda narratives against him <a target=\"_blank\" href=\"https:\/\/t.co\/2MlNg1cePX\">pic.twitter.com\/2MlNg1cePX<\/a><\/p>\n<p>\u2014 Daily Romania (@daily_romania) <a target=\"_blank\" href=\"https:\/\/twitter.com\/daily_romania\/status\/1900546003792474349?ref_src=twsrc%5Etfw\">March 14, 2025<\/a><\/p>\n<\/blockquote>\n<p>\u00a0<\/p>\n<p><strong>Qui l\u2019a soutenu ?<\/strong><\/p>\n<p>Simion b\u00e9n\u00e9ficie du soutien de l\u2019AUR, deuxi\u00e8me force au Parlement roumain, ainsi que des partisans de Georgescu, qui voient en lui une continuit\u00e9 du combat patriotique. Des figures comme Anamaria Gavril\u0103, du Parti de la jeunesse (POT), se sont ralli\u00e9es \u00e0 lui dans une strat\u00e9gie coordonn\u00e9e pour assurer une pr\u00e9sence souverainiste dans la course. \u00c0 l\u2019international, son discours patriote qui s\u2019inspire du MAGA (Make America Great Again) de Trump pourrait attirer des sympathies de la majorit\u00e9 am\u00e9ricaine aujourd\u2019hui repr\u00e9sent\u00e9e par le mouvement Trump qui a r\u00e9uni une immense majorit\u00e9 d\u2019Am\u00e9ricains. Cela inclut des soutiens historiques des D\u00e9mocrates, souvent d\u00e9\u00e7us par la politique belliciste et ses positions qui vont \u00e0 l\u2019encontre des Am\u00e9ricains.<\/p>\n<div><img decoding=\"async\" alt=\"Image\" width=\"1600\" height=\"1138\" loading=\"lazy\" class=\"lazyload\" src=\"https:\/\/pbs.twimg.com\/media\/GmAkQ-bWkAEP-ve?format=jpg&amp;name=large\"\/>\u00a0<\/div>\n<p><strong>R\u00e9actions positives \u00e0 sa candidature<\/strong><\/p>\n<p>Ses partisans saluent un \u00ab <em>retour de la voix du peuple<\/em> \u00bb, louant son charisme et son franc-parler. Sur les r\u00e9seaux sociaux, des messages comme \u00ab <em>George pr\u00e9sident !<\/em> \u00bb ou \u00ab <em>La Roumanie se r\u00e9veille<\/em> \u00bb refl\u00e8tent l\u2019enthousiasme d\u2019une base \u00e9lectorale lass\u00e9e des \u00e9lites pro-europ\u00e9ennes. Certains y voient une chance de renforcer la souverainet\u00e9 nationale face aux ing\u00e9rences per\u00e7ues de l\u2019UE et de l\u2019OTAN, comme le montre le soutien exprim\u00e9 dans les r\u00e9ponses au tweet de Daily Romania, avec des commentaires tels que \u00ab <em>Go Go George Simion !<\/em> \u00bb ou \u00ab <em>Simion est un bon homme avec un long chemin devant lui<\/em> \u00bb.<\/p>\n<p><strong>R\u00e9actions n\u00e9gatives et narratifs contre lui<\/strong><\/p>\n<p>Les opposants, notamment les pro-europ\u00e9ens, d\u00e9noncent une candidature \u00ab <em>populiste<\/em> \u00bb et \u00ab <em>dangereuse<\/em> \u00bb pour la stabilit\u00e9 roumaine. Le tweet de Daily Romania mentionne d\u00e9j\u00e0 une plainte d\u00e9pos\u00e9e contre sa candidature seulement 10 minutes apr\u00e8s son d\u00e9p\u00f4t, signalant une opposition rapide et organis\u00e9e. On l\u2019accuse sans preuve de liens pr\u00e9sum\u00e9s avec la Russie, un narratif qui risque de s\u2019amplifier, bien qu\u2019il le nie vigoureusement. Les m\u00e9dias mainstream risquent aussi de le pr\u00e9senter comme une menace \u00e0 la d\u00e9mocratie, en exag\u00e9rant son opposition aux institutions, comme le sugg\u00e8re le tweet qui parle de \u00ab <em>nouveaux narratifs de propagande<\/em> \u00bb forg\u00e9s contre lui.<\/p>\n<p><strong>Les autres candidats et les dates<\/strong><\/p>\n<p>La pr\u00e9sidentielle se tiendra les 4 et 18 mai 2025 (premier et second tours). Parmi les concurrents figurent Crin Antonescu (coalition pro-europ\u00e9enne), Nicu\u0219or Dan (maire ind\u00e9pendant de Bucarest), et potentiellement Diana \u0218o\u0219oac\u0103, une autre figure d\u2019extr\u00eame droite pro-Kremlin. Anamaria Gavril\u0103 reste une candidate de secours si Simion est bloqu\u00e9 par la Cour constitutionnelle.<\/p>\n<p>\u00a0<\/p>\n<p><strong>George Simion a d\u00e9pos\u00e9 sa candidature avec 600 000 signatures de soutien<\/strong><\/p>\n<p><span data-offset-key=\"dinpg-1-0\" data-text=\"true\">Lors du d\u00e9pot de candidature, il \u00e9tait accompagn\u00e9 de Mateusz Morawiecki, ancien Premier ministre polonais et actuel pr\u00e9sident de l&rsquo;ECR, t\u00e9moignant du soutien international croissant \u00e0 sa campagne. <\/span><span data-offset-key=\"fmnfp-1-0\" data-text=\"true\">La candidature de Simion s\u2019annonce comme un d\u00e9fi majeur pour l\u2019establishment politique roumain. Sources\u00a0: <\/span><span data-offset-key=\"fmnfp-2-0\" data-text=\"true\">@georgesimion<\/span><span data-offset-key=\"fmnfp-3-0\" data-text=\"true\">, <\/span><span data-offset-key=\"fmnfp-4-0\" data-text=\"true\">@FilosofiaPolti<\/span><span data-offset-key=\"fmnfp-5-0\" data-text=\"true\"> , Realitatea TV<\/span><\/p>\n<blockquote class=\"twitter-tweet\">\n<p lang=\"en\" dir=\"ltr\">\ud83d\udea8\ud83c\uddf7\ud83c\uddf4GEORGE SIMION FILES FOR ROMANIA\u2019S PRESIDENCY WITH 600,000 SIGNATURES<\/p>\n<p>George Simion, leader of AUR and Romania\u2019s second-largest party, has officially submitted his candidacy for the May 4 presidential election with 600,000 signatures of support.<\/p>\n<p>He was accompanied by Mateusz\u2026 <a target=\"_blank\" href=\"https:\/\/t.co\/VbxhjbTKRt\">https:\/\/t.co\/VbxhjbTKRt<\/a> <a target=\"_blank\" href=\"https:\/\/t.co\/K4iE1Gas5E\">pic.twitter.com\/K4iE1Gas5E<\/a><\/p>\n<p>\u2014 Mario Nawfal (@MarioNawfal) <a target=\"_blank\" href=\"https:\/\/twitter.com\/MarioNawfal\/status\/1900564063173914951?ref_src=twsrc%5Etfw\">March 14, 2025<\/a><\/p>\n<\/blockquote>\n<p>Lors de l<a target=\"_blank\" href=\"https:\/\/prezenta.roaep.ro\/prezidentiale24112024\/pv\/romania\/results\/\" target=\"_blank\">&lsquo;\u00e9lection pr\u00e9sidentielle annul\u00e9e de 2024, 18,02 millions de Roumains \u00e9taient inscrits sur les listes \u00e9lectorales avec 52,52% de suffrages exprim\u00e9s<\/a>.<\/p>\n<p><img decoding=\"async\" data-entity-uuid=\"10f1c509-a2cf-4b18-b580-36a8c80fadc9\" data-entity-type=\"file\" alt=\"Election 2024\" width=\"778\" height=\"320\" loading=\"lazy\" class=\"lazyload\" src=\"https:\/\/www.francesoir.fr\/sites\/default\/files\/inline-images\/image_139.png\"\/><br \/>Les votes se sont r\u00e9partis comme suit : 2,120 pour Georgescule candidat arriv\u00e9 en t\u00eate du premier tour, qui sera emp\u00each\u00e9 par la Cour Constitutionnelle Roumaine. Simion \u00e9tait arriv\u00e9 quatri\u00e8me avec 1,281 million des votes.<\/p>\n<p><img decoding=\"async\" data-entity-uuid=\"1697469d-3dc0-4d5b-bb4e-04299ecf030e\" data-entity-type=\"file\" alt=\"Roumanie elections pr\u00e9sidentielles\" width=\"775\" height=\"769\" loading=\"lazy\" class=\"lazyload\" src=\"https:\/\/www.francesoir.fr\/sites\/default\/files\/inline-images\/Capture%20d%27%C3%A9cran%202025-03-14%20173019.png\"\/>\u00a0<\/p>\n<p>\u00a0<\/p>\n<p><strong>A-t-il une chance de l\u2019emporter ?<\/strong><\/p>\n<p>George Simion dispose d\u2019atouts s\u00e9rieux pour transformer cette candidature en succ\u00e8s. Bien que son score au premier tour de novembre 2024 ait atteint 14 %, sa popularit\u00e9 a grimp\u00e9 depuis, port\u00e9e par une vague de m\u00e9contentement envers les \u00e9lites et un discours patriotique qui r\u00e9sonne aupr\u00e8s des Roumains lass\u00e9s des promesses non tenues. Avec le soutien de l\u2019AUR, seconde force parlementaire, et des partisans de C\u0103lin Georgescu (qui fr\u00f4lait les 40 % dans les sondages), il pourrait f\u00e9d\u00e9rer l\u2019\u00e9lectorat populaire. \u00a0D&rsquo;autant plus que les motifs invoqu\u00e9s par la CCR pour emp\u00eacher la candidature de Georgescu \u00ab <em>semblent insens\u00e9s <\/em>\u00bb tel que le d\u00e9crit la journaliste Iosefina Pascal :\u00a0<\/p>\n<blockquote class=\"twitter-tweet\">\n<p lang=\"en\" dir=\"ltr\">\ud83c\uddf7\ud83c\uddf4The reason for the Constitutional Court of Romania&rsquo;s decision to ban Calin Georgescu from running is simply insane<\/p>\n<p>First of all, decision no. 32\/2024 through which they canceled the elections doesn&rsquo;t contain any mention of Georgescu&rsquo;s name. So, how can it be applied to him\u2026 <a target=\"_blank\" href=\"https:\/\/t.co\/kbKXWklwWg\">pic.twitter.com\/kbKXWklwWg<\/a><\/p>\n<p>\u2014 iosefinapascal (@iosefinaoficial) <a target=\"_blank\" href=\"https:\/\/twitter.com\/iosefinaoficial\/status\/1900595674447810856?ref_src=twsrc%5Etfw\">March 14, 2025<\/a><\/p>\n<\/blockquote>\n<p>En cons\u00e9quence, <span class=\"css-1jxf684 r-bcqeeo r-1ttztb7 r-qvutc0 r-poiln3\">outre le fait que\u00a0Georgescu <\/span>soit <span class=\"r-b88u0q\">tenu pour coupable avant d&rsquo;avoir eu un proc\u00e8s \u00e9quitable,<\/span> les motifs pour emp\u00eacher sa candidature semblent davantage relever de choix politiques et d&rsquo;alliances que du Doit. Cela donnerait pleinement raison \u00e0 l&rsquo;engagement pris par Simion de vouloir restaurer l&rsquo;\u00c9tat de droit.<\/p>\n<p>Lors du d\u00e9p\u00f4t de sa candidature en f\u00e9vrier 2025, Georgescu l&rsquo;avait effectu\u00e9e avec 350 000 soutiens. Simion a presque doubl\u00e9 ce chiffre en 48 heures, ce qui marque une dynamique tr\u00e8s importante en sa faveur.<\/p>\n<p>La collecte des 200 000 signatures n\u00e9cessaires est donc largement d\u00e9pass\u00e9e, galvanis\u00e9e par une base militante tr\u00e8s active. S\u2019il parvient \u00e0 maintenir cette dynamique et \u00e0 \u00e9viter les pi\u00e8ges juridiques, Simion a de r\u00e9elles chances de se hisser au second tour, voire de l\u2019emporter face \u00e0 un adversaire pro-europ\u00e9en fragilis\u00e9 par la division. Son charisme et sa capacit\u00e9 \u00e0 mobiliser les foules pourraient faire de lui le prochain pr\u00e9sident roumain.\u00a0<\/p>\n<blockquote>\n<p>Sa victoire d\u00e9pendra de sa capacit\u00e9 \u00e0 unifier l\u2019\u00e9lectorat populaire et \u00e0 \u00e9viter une disqualification juridique. Il d\u00e9tient cependant plusieurs atouts de par son programme et les \u00e9v\u00e8nements de ces derniers jours pourraient mener \u00e0 cristalliser les Roumains m\u00e9contents de la crise d\u00e9mocratique dans laquelle leur pays a \u00e9t\u00e9 jet\u00e9.<\/p>\n<\/blockquote>\n<p>\u00a0<\/p>\n<\/div>\n<p><script async src=\"\/\/platform.twitter.com\/widgets.js\" charset=\"utf-8\"><\/script><script>(function(d, s, id) {  var js, fjs = d.getElementsByTagName(s)[0];  if (d.getElementById(id)) return;  js = d.createElement(s); js.id = id;  js.src = \"\/\/connect.facebook.net\/fr_FR\/sdk.js#xfbml=1&version=v2.3\";  fjs.parentNode.insertBefore(js, fjs);}(document, \"script\", \"facebook-jssdk\"));<\/script><br \/>\n<br \/><br \/>\n<br \/><a href=\"https:\/\/www.francesoir.fr\/politique-monde\/roumanie-george-simion-depose-sa-candidature-la-presidentielle-roumaine\" target=\"_blank\"\">Source link <\/a><\/p>\n","protected":false},"excerpt":{"rendered":"<p>George Simion, n\u00e9 le 21 septembre 1986 \u00e0 Foc\u0219ani, est un homme politique roumain, leader de l\u2019Alliance pour l\u2019unit\u00e9 des Roumains (AUR), un parti d\u2019extr\u00eame droite qu\u2019il co-dirige depuis sa&hellip; <\/p>\n","protected":false},"author":1,"featured_media":4518,"comment_status":"open","ping_status":"open","sticky":false,"template":"","format":"standard","meta":{"footnotes":""},"categories":[1],"tags":[],"class_list":["post-4517","post","type-post","status-publish","format-standard","has-post-thumbnail","hentry","category-non-classe"],"_links":{"self":[{"href":"https:\/\/monde25.info\/index.php\/wp-json\/wp\/v2\/posts\/4517","targetHints":{"allow":["GET"]}}],"collection":[{"href":"https:\/\/monde25.info\/index.php\/wp-json\/wp\/v2\/posts"}],"about":[{"href":"https:\/\/monde25.info\/index.php\/wp-json\/wp\/v2\/types\/post"}],"author":[{"embeddable":true,"href":"https:\/\/monde25.info\/index.php\/wp-json\/wp\/v2\/users\/1"}],"replies":[{"embeddable":true,"href":"https:\/\/monde25.info\/index.php\/wp-json\/wp\/v2\/comments?post=4517"}],"version-history":[{"count":0,"href":"https:\/\/monde25.info\/index.php\/wp-json\/wp\/v2\/posts\/4517\/revisions"}],"wp:featuredmedia":[{"embeddable":true,"href":"https:\/\/monde25.info\/index.php\/wp-json\/wp\/v2\/media\/4518"}],"wp:attachment":[{"href":"https:\/\/monde25.info\/index.php\/wp-json\/wp\/v2\/media?parent=4517"}],"wp:term":[{"taxonomy":"category","embeddable":true,"href":"https:\/\/monde25.info\/index.php\/wp-json\/wp\/v2\/categories?post=4517"},{"taxonomy":"post_tag","embeddable":true,"href":"https:\/\/monde25.info\/index.php\/wp-json\/wp\/v2\/tags?post=4517"}],"curies":[{"name":"wp","href":"https:\/\/api.w.org\/{rel}","templated":true}]}}