{"id":4523,"date":"2025-03-16T04:14:09","date_gmt":"2025-03-16T03:14:09","guid":{"rendered":"https:\/\/monde25.info\/index.php\/2025\/03\/16\/ce-que-le-covid-nous-a-fait\/"},"modified":"2025-03-16T04:14:09","modified_gmt":"2025-03-16T03:14:09","slug":"ce-que-le-covid-nous-a-fait","status":"publish","type":"post","link":"https:\/\/monde25.info\/index.php\/2025\/03\/16\/ce-que-le-covid-nous-a-fait\/","title":{"rendered":"Ce que le covid nous a fait"},"content":{"rendered":"<p> <br \/>\n<\/p>\n<div>\n<p class=\"dropcap-wrapper\"><span aria-hidden=\"true\" data-nosnippet=\"\"><span class=\"dropcap\">A<\/span>lors<\/span><span class=\"screen-reader-only\">Alors<\/span>, ce monde d\u2019apr\u00e8s\u00a0? Le m\u00eame, en pire\u00a0? Un autre, toujours plus inqui\u00e9tant\u00a0? Un retour en arri\u00e8re ou un bond en avant\u00a0? Cinq ans apr\u00e8s le grand confinement, quelles ont \u00e9t\u00e9 les cons\u00e9quences de l\u2019\u00e9pid\u00e9mie sur nos soci\u00e9t\u00e9s et nos intimit\u00e9s\u00a0?<\/p>\n<p>M\u00eame s\u2019il demeure d\u00e9licat de distinguer ce que le covid s\u2019est content\u00e9 de catalyser et ce qu\u2019il a vraiment fait basculer, que ce soit en termes d\u2019offensive r\u00e9actionnaire, de num\u00e9risation du monde, d\u2019individualisme ou de perte de confiance dans les institutions, il est clair que le sentiment de vertige que nous \u00e9prouvons face \u00e0 la marche du monde contemporain puise largement dans le tremblement de terre collectivement v\u00e9cu il y a cinq ans.\u00a0<\/p>\n<p>Pour le dire comme le philosophe Paul B. Preciado <a target=\"_blank\" href=\"https:\/\/www.liberation.fr\/idees-et-debats\/opinions\/make-america-trans-again-par-paul-b-preciado-20250203_7RDIMRB3SFESJGT7PHTNJFXGAQ\/\">dans un texte r\u00e9cent et puissant<\/a>,<i> \u00ab\u00a0la pand\u00e9mie a permis la num\u00e9risation des relations sociales et leur r\u00e9duction \u00e0 des relations \u00e9conomiques, la dissolution du sentiment d\u2019\u00eatre en soci\u00e9t\u00e9, l\u2019extension des formes num\u00e9riques de contr\u00f4le et de surveillance, mais aussi la diffusion \u00e0 grande \u00e9chelle de th\u00e9ories du complot\u00a0\u00bb<\/i>.<\/p>\n<figure class=\"media media--image format-100-pcent _align:center orientation-landscape\" data-js=\"media\"><figcaption class=\"legend\">\n            Un masque chirurgical g\u00eet sur le bitume d&rsquo;une rue de Brian\u00e7on, le 4 d\u00e9cembre 2022.                            <span class=\"legend-author\"> \u00a9\u00a0Photo Thibaut Durand \/Hans Lucas via AFP<\/span><br \/>\n                    <\/figcaption><template data-template-media-modal=\"\"><br \/>\n    <button type=\"button\" class=\"media-modal-opener\"><br \/>\n        <svg xmlns=\"http:\/\/www.w3.org\/2000\/svg\" class=\"icon\" aria-hidden=\"true\" focusable=\"false\" height=\"16\" width=\"16\" viewbox=\"0 0 32 32\">  <path fill-rule=\"evenodd\" d=\"M7 25v-6.75h1.5V25H7Z\" clip-rule=\"evenodd\"\/>  <path fill-rule=\"evenodd\" d=\"M7 23.5h6.75V25H7v-1.5Z\" clip-rule=\"evenodd\"\/>  <path fill-rule=\"evenodd\" d=\"M13.894 19.166 8.061 25 7 23.94l5.834-5.834 1.06 1.06ZM25 7v6.75h-1.5V7H25Z\" clip-rule=\"evenodd\"\/>  <path fill-rule=\"evenodd\" d=\"M25 8.5h-6.75V7H25v1.5Z\" clip-rule=\"evenodd\"\/>  <path fill-rule=\"evenodd\" d=\"M18.106 12.834 23.939 7 25 8.06l-5.834 5.834-1.06-1.06Z\" clip-rule=\"evenodd\"\/><\/svg><br \/>\n        <span>Agrandir l\u2019image : Illustration 1<\/span><br \/>\n    <\/button><\/p>\n<p><\/template><br \/>\n<\/figure>\n<p>Ces effets d\u2019une pand\u00e9mie mondiale demeurent in\u00e9galement r\u00e9partis et intenses selon les pays. Dans la r\u00e9cente campagne pour la pr\u00e9sidentielle aux \u00c9tats-Unis, l\u2019ombre port\u00e9e du covid \u00e9tait ainsi nettement plus sensible que lors de l\u2019\u00e9lection l\u00e9gislative fran\u00e7aise du d\u00e9but de l\u2019\u00e9t\u00e9 dernier.<\/p>\n<p>Ces cons\u00e9quences diff\u00e9renci\u00e9es sont, notamment, le produit de la fa\u00e7on dont celle-ci a \u00e9t\u00e9 g\u00e9r\u00e9e. La gouvernance du covid a modifi\u00e9 des perceptions g\u00e9opolitiques globales \u2013 par exemple la fa\u00e7on dont l\u2019Occident europ\u00e9en et am\u00e9ricain a pu faire figure de nouveau tiers-monde, en comparaison de pays asiatiques comme Ta\u00efwan ou la Cor\u00e9e du Sud\u00a0; ou la mani\u00e8re dont <i>\u00ab\u00a0le Nigeria ou le Cameroun \u00e9taient mieux pr\u00e9par\u00e9s que nous aux \u00e9pid\u00e9mies\u00a0\u00bb<\/i>, comme le disait \u00e0 l\u2019\u00e9poque, <a target=\"_blank\" href=\"https:\/\/www.mediapart.fr\/journal\/culture-idees\/200420\/le-nigeria-est-mieux-prepare-que-nous-aux-epidemies\">dans ces colonnes<\/a>, l\u2019historien Guillaume Lachenal.<\/p>\n<p>Elle a aussi mis en lumi\u00e8re et catalys\u00e9 des distinctions fines et profondes, par exemple \u00e0 l\u2019int\u00e9rieur du bloc scandinave o\u00f9 le Danemark, <a target=\"_blank\" href=\"https:\/\/www.lemonde.fr\/idees\/article\/2025\/03\/07\/arnaud-fontanet-epidemiologiste-le-danemark-est-un-des-pays-qui-a-le-mieux-gere-la-crise-due-au-covid-19_6577045_3232.html\">comme le rappelle<\/a> l\u2019\u00e9pid\u00e9miologiste Arnaud Fontanet, est parvenu, gr\u00e2ce \u00e0 des mesures pr\u00e9coces et \u00e0 une discipline collective ma\u00eetris\u00e9e, \u00e0 rendre la mortalit\u00e9 de sa population n\u00e9gligeable, tout en limitant la baisse de son activit\u00e9 \u00e9conomique, au contraire de son voisin su\u00e9dois.<\/p>\n<p>Chaque pays m\u00e9riterait un long format, \u00e0 la mani\u00e8re dont le <i><a target=\"_blank\" href=\"https:\/\/www.nytimes.com\/interactive\/2025\/03\/04\/opinion\/covid-impact-five-years-later.html\">New York Times<\/a> <\/i>s\u2019y est essay\u00e9 pour les \u00c9tats-Unis. Il demeure toutefois possible de rep\u00e9rer plusieurs basculements g\u00e9n\u00e9ralis\u00e9s, m\u00eame s\u2019ils n\u2019ont pas eu la m\u00eame puissance dans chaque partie du globe.<\/p>\n<h2 data-mediapart-role=\"subheading\" class=\"subheading\">La victoire de la technique sur la politique<\/h2>\n<p>La pand\u00e9mie a r\u00e9v\u00e9l\u00e9 que la confiance des soci\u00e9t\u00e9s dans leurs institutions politiques \u2013\u00a0de m\u00eame que la confiance des responsables politiques envers leurs population\u00a0\u2013 \u00e9tait in\u00e9galement distribu\u00e9e selon les pays.<\/p>\n<figure class=\"media media--image format-20-pcent _align:left orientation-portrait\" data-js=\"media\">\n<p>        <template data-template-media-modal=\"\"><br \/>\n    <button type=\"button\" class=\"media-modal-opener\"><br \/>\n        <svg xmlns=\"http:\/\/www.w3.org\/2000\/svg\" class=\"icon\" aria-hidden=\"true\" focusable=\"false\" height=\"16\" width=\"16\" viewbox=\"0 0 32 32\">  <path fill-rule=\"evenodd\" d=\"M7 25v-6.75h1.5V25H7Z\" clip-rule=\"evenodd\"\/>  <path fill-rule=\"evenodd\" d=\"M7 23.5h6.75V25H7v-1.5Z\" clip-rule=\"evenodd\"\/>  <path fill-rule=\"evenodd\" d=\"M13.894 19.166 8.061 25 7 23.94l5.834-5.834 1.06 1.06ZM25 7v6.75h-1.5V7H25Z\" clip-rule=\"evenodd\"\/>  <path fill-rule=\"evenodd\" d=\"M25 8.5h-6.75V7H25v1.5Z\" clip-rule=\"evenodd\"\/>  <path fill-rule=\"evenodd\" d=\"M18.106 12.834 23.939 7 25 8.06l-5.834 5.834-1.06-1.06Z\" clip-rule=\"evenodd\"\/><\/svg><br \/>\n        <span>Agrandir l\u2019image : Illustration 2<\/span><br \/>\n    <\/button><\/p>\n<p><\/template><br \/>\n<\/figure>\n<p>Dans <a target=\"_blank\" href=\"https:\/\/www.mediapart.fr\/journal\/culture-et-idees\/071023\/pourquoi-avons-nous-obei-des-chercheurs-decryptent-le-confinement\" target=\"_blank\" rel=\"noopener\">leur ouvrage<\/a> <i>L\u2019Attestation<\/i><i>. Une exp\u00e9rience d\u2019ob\u00e9issance de masse, printemps 2020<\/i>, publi\u00e9 aux \u00e9ditions Anamosa, le sociologue Th\u00e9o Boulakia et l\u2019historien Nicolas Mariot ont propos\u00e9 une d\u00e9marche comparatiste, fond\u00e9e sur des donn\u00e9es quantitatives et qualitatives nouvelles, pour comprendre <i>\u00ab\u00a0pourquoi, en contexte d\u2019incertitude, certains gouvernements ont choisi un enfermement g\u00e9n\u00e9ralis\u00e9, tandis que d\u2019autres s\u2019y sont \u00e9nergiquement refus\u00e9s\u00a0\u00bb<\/i>.<\/p>\n<p>Ils ont ainsi pu distinguer des pays ayant connu en 2020 un d\u00e9ficit de mortalit\u00e9 par rapport aux ann\u00e9es pr\u00e9c\u00e9dentes, tout en n\u2019ayant mis en place <i>\u00ab\u00a0aucune assignation \u00e0 domicile g\u00e9n\u00e9rale\u00a0\u00bb<\/i>, \u00e0 savoir le Danemark, la Lettonie, le Japon, Ta\u00efwan, la Mongolie, l\u2019Allemagne, la Finlande, la Cor\u00e9e du Sud, l\u2019Islande et la Slovaquie, et d\u2019autres <i>\u00ab\u00a0\u00e0 enfermement strict et situation sanitaire catastrophique\u00a0\u00bb<\/i>, comme le Kowe\u00eft, l\u2019\u00c9quateur et le P\u00e9rou. La France, l\u2019Espagne et l\u2019Italie ne venant pas loin derri\u00e8re\u2026<\/p>\n<p>Pour autant, quelles que soient les configurations institutionnelles et sanitaires nationales, c\u2019est l\u2019\u00e9difice politique de la plupart des pays qui a \u00e9t\u00e9 \u00e9branl\u00e9 par le covid. L\u2019\u00e9cume la plus visible de ce processus a \u00e9t\u00e9 double.<\/p>\n<p>D\u2019abord, la vague de d\u00e9gagisme \u00e9lectoral de nombreux dirigeants alors en poste, dont Donald Trump a paradoxalement \u00e9t\u00e9 une des premi\u00e8res victimes avant de revenir au pouvoir en s\u2019appuyant sur d\u2019autres effets de structure li\u00e9s \u00e0 la pand\u00e9mie.<\/p>\n<p>Ensuite, le reflux des grandes mobilisations sociales, alors que la d\u00e9cennie 2010-2020, des Printemps arabes aux mobilisations antiracistes aux \u00c9tats-Unis, en passant par le mouvement des \u00ab\u00a0gilets jaunes\u00a0\u00bb en France, avait atteint des records en la mati\u00e8re.<\/p>\n<aside data-mediapart-role=\"highlight\" class=\"highlight\">\n<p>Les \u00e9pid\u00e9mies laissent une \u00ab\u00a0cicatrice politique\u00a0\u00bb, notamment chez les plus jeunes.<\/p>\n<\/aside>\n<p>Mais la d\u00e9stabilisation \u2013\u00a0quand ce n\u2019est pas la destruction\u00a0\u2013 d\u2019une grande partie de la confiance politique n\u00e9cessaire pour relier les populations \u00e0 leurs institutions constitue une lame de fond autrement plus profonde et vertigineuse. Une perte de confiance d\u2019autant plus pr\u00e9occupante qu\u2019elle risque d\u2019\u00eatre durable, dans la mesure o\u00f9 elle a concern\u00e9 en premier lieu les nouvelles g\u00e9n\u00e9rations et model\u00e9 leur socialisation politique \u00e0 l\u2019\u00e2ge o\u00f9 l\u2019on se forge des visions du monde difficiles ensuite \u00e0 faire \u00e9voluer.<\/p>\n<p>Les scores in\u00e9dits r\u00e9alis\u00e9s par le Parti r\u00e9publicain parmi les jeunes, lors de l\u2019\u00e9lection pr\u00e9sidentielle am\u00e9ricaine de novembre 2024, sont une des expressions d\u2019un virage \u00e0 droite, voire \u00e0 l\u2019extr\u00eame droite de la jeunesse, qui se v\u00e9rifie ailleurs qu\u2019aux \u00c9tats-Unis, notamment en Allemagne, qui a forg\u00e9 pour cela le terme de <i>Rechtsruck<\/i>.<\/p>\n<p>Une <a target=\"_blank\" href=\"https:\/\/papers.ssrn.com\/sol3\/papers.cfm?abstract_id=3625190\" target=\"_blank\" rel=\"noopener\">\u00e9tude<\/a> de la London School of Economics men\u00e9e par trois chercheurs, Cevat G. Aksoy, Barry Eichengreen et Orkun Saka, a ainsi montr\u00e9, sur la base d\u2019enqu\u00eates Gallup de 2006 \u00e0 2018, que les \u00e9pid\u00e9mies laissaient une <i>\u00ab\u00a0cicatrice politique\u00a0\u00bb<\/i>, notamment chez les plus jeunes\u00a0: ces derniers affichant une confiance moindre dans leurs repr\u00e9sentant\u00b7es et dans les \u00e9lections apr\u00e8s de tels \u00e9v\u00e9nements.<\/p>\n<p>Un <a target=\"_blank\" href=\"https:\/\/www.theatlantic.com\/ideas\/archive\/2025\/02\/covid-youth-conservative-shift\/681705\/\" target=\"_blank\" rel=\"noopener\">article r\u00e9cent<\/a> de <i>The Atlantic<\/i> analyse cet effet des pand\u00e9mies sur les jeunes g\u00e9n\u00e9rations, en attribuant le virage \u00e0 droite d\u2019une forte partie d\u2019entre elles \u00e0 l\u2019effet d\u2019effritement de la confiance envers les autorit\u00e9s politiques et scientifiques que ces ph\u00e9nom\u00e8nes engendrent, mais aussi \u00e0 la r\u00e9duction drastique des contacts sociaux IRL (<i>In Real Life<\/i>, \u00ab\u00a0dans la vraie vie\u00a0\u00bb), qui ont accentu\u00e9 la s\u00e9paration et la diff\u00e9rence de v\u00e9cu entre les sexes, et grossi les rangs de communaut\u00e9s virtuelles masculines et souvent masculinistes.<\/p>\n<aside data-mediapart-role=\"highlight\" class=\"highlight\">\n<p>Men\u00e9 par Elon Musk, l\u2019accaparement par l\u2019intelligence artificielle des donn\u00e9es publiques remplace le traditionnel putsch t\u00e9l\u00e9vis\u00e9.<\/p>\n<\/aside>\n<p>Le sentiment pr\u00e9sent d\u2019un \u00e9branlement de la politique telle que nous l\u2019avons connue depuis des d\u00e9cennies, o\u00f9, sans id\u00e9alisation r\u00e9trospective, existaient des bases partageables en mati\u00e8re de rapport \u00e0 la v\u00e9rit\u00e9, d\u2019h\u00e9t\u00e9rog\u00e9n\u00e9it\u00e9 entre dictature et d\u00e9mocratie, ou de modes de relations diplomatiques, est d\u2019autant plus puissant qu\u2019il se double d\u2019une offensive qui pense pouvoir gouverner les soci\u00e9t\u00e9s et mener la marche du monde non plus par la d\u00e9lib\u00e9ration, la n\u00e9gociation et la d\u00e9l\u00e9gation, mais par une sorte de solutionnisme technique et technologique.<\/p>\n<p>La pointe avanc\u00e9e de cette id\u00e9ologie se situe dans la Silicon Valley, avec le ralliement des principaux magnats de la tech\u00a0au second mandat Trump, et en particulier le coup d\u2019\u00c9tat lent men\u00e9 par le milliardaire Elon Musk, lors duquel l\u2019accaparement par l\u2019intelligence artificielle des donn\u00e9es publiques remplace le traditionnel putsch t\u00e9l\u00e9vis\u00e9.<\/p>\n<p>Cette tentation de corriger, de d\u00e9tourner ou de remplacer le vote populaire par l\u2019action d\u2019experts et de technocrates existait certes avant la pand\u00e9mie, comme l\u2019ont attest\u00e9 les nombreux gouvernements \u00ab\u00a0techniques\u00a0\u00bb mis en place dans la foul\u00e9e de la d\u00e9b\u00e2cle financi\u00e8re de 2008. Mais ce \u00ab\u00a0grand remplacement\u00a0\u00bb de la d\u00e9mocratie par la technologie a pris une autre dimension avec le covid et dans le contexte \u00e9tats-unien.<\/p>\n<aside data-mediapart-role=\"read-also\" class=\"read-also\" aria-label=\"\u00c0 lire aussi\">\n<header>\n    <svg xmlns=\"http:\/\/www.w3.org\/2000\/svg\" class=\"icon color:ui-alert\" aria-hidden=\"true\" focusable=\"false\" height=\"16\" width=\"16\" viewbox=\"0 0 32 32\">  <path fill-rule=\"evenodd\" d=\"M18.332 5.257a1 1 0 0 1 1.413.074l9 10a1 1 0 0 1 0 1.338l-9 10a1 1 0 0 1-1.487-1.338L25.756 17H4.001a1 1 0 1 1 0-2h21.755l-7.498-8.331a1 1 0 0 1 .075-1.412Z\" clip-rule=\"evenodd\"\/><\/svg><\/p>\n<p>\u00c0 lire aussi<\/p>\n<\/header>\n<article>\n            <a target=\"_blank\" data-smarttag=\"\" data-smarttag-name=\"a_lire_aussi\" data-smarttag-chapter1=\"recirculation\" data-smarttag-chapter2=\"corps_article\" data-smarttag-level2=\"9\" data-smarttag-type=\"navigation\" href=\"https:\/\/www.mediapart.fr\/journal\/international\/170324\/la-droite-tech-contre-la-democratie-comment-la-silicon-valley-s-est-radicalisee\"><br \/>\n                                                            <span class=\"media-container hidden@until-lg\" style=\"--aspect-ratio: 1.5; --media-src-lg: url('https:\/\/static.mediapart.fr\/etmagine\/read_also\/files\/2024\/03\/11\/chronique-maya-kandel-droite-tech2.jpg');\"><br \/>\n                        <\/span><br \/>\n                                                    <span>La droite tech contre la d\u00e9mocratie\u00a0: comment la Silicon Valley s\u2019est radicalis\u00e9e<\/span><br \/>\n            <\/a><\/p>\n<\/article>\n<\/aside>\n<p>Les \u00c9tats-Unis sont le terreau \u00e0 la fois le plus radical et le plus avanc\u00e9 de ce mouvement de fond, parce que le pays combine les r\u00eaves solutionnistes, voire transhumanistes de la Silicon Valley (ainsi que ses moyens financiers infinis) avec la tradition d\u2019un libertarianisme qui s\u2019est r\u00e9cemment reconfigur\u00e9.<\/p>\n<p>L\u2019imaginaire dominant de celui-ci n\u2019est en effet plus celui, s\u00e9cessionniste, forg\u00e9 par l\u2019ouvrage <i>Atlas Shrugged <\/i>d\u2019<a target=\"_blank\" href=\"https:\/\/www.mediapart.fr\/journal\/international\/220711\/ayn-rand-l-egerie-du-tea-party\" target=\"_blank\" rel=\"noopener\">Ayn Rand<\/a>, qui imaginait les \u00ab\u00a0meilleurs\u00a0\u00bb se retirant d\u2019une soci\u00e9t\u00e9 ingrate et parasitaire pour contempler l\u2019\u00e9croulement de celle-ci depuis leur d\u00e9part.<\/p>\n<p>Les \u00ab\u00a0villes flottantes\u00a0\u00bb soustraites \u00e0 toute r\u00e9gulation \u00e9tatique, fantasm\u00e9es par quelqu\u2019un comme Peter Thiel, mentor de <a target=\"_blank\" href=\"https:\/\/www.mediapart.fr\/journal\/culture-et-idees\/090325\/l-esprit-critique-cinema-il-etait-une-fois-l-amerique\" target=\"_blank\" rel=\"noopener\">J.\u00a0D. Vance<\/a> et seul magnat de la Silicon Valley \u00e0 avoir soutenu Trump d\u00e8s 2016, ont laiss\u00e9 place, dans le libertarianisme \u00e9tats-unien contemporain, au choix de prendre le pouvoir d\u2019\u00c9tat pour d\u00e9truire la dimension r\u00e9gulatrice, sociale, \u00e9ducative ou \u00e9cologique de la puissance publique.<\/p>\n<p>Mais si ce remplacement de la d\u00e9mocratie par la technologie trouve son aboutissement le plus visible et le plus puissant aux \u00c9tats-Unis, il peut s\u2019appuyer sur un ph\u00e9nom\u00e8ne plus g\u00e9n\u00e9ral de mise en algorithmes de nos vies, propuls\u00e9e par la pand\u00e9mie et le confinement.<\/p>\n<p>Pour le dire comme le philosophe Paul B. Preciado dans <a target=\"_blank\" href=\"https:\/\/www.liberation.fr\/idees-et-debats\/opinions\/lautodafe-numerique-de-trump-et-de-musk-ou-leffacement-de-nos-existences-par-paul-b-preciado-20250228_PSIUVPB4O5G3VNAYU44CVSHADY\/\" target=\"_blank\" rel=\"noopener\">un autre texte<\/a>,\u00a0<i>\u00ab\u00a0la num\u00e9risation forc\u00e9e qui a eu lieu pendant la pand\u00e9mie\u00a0; la convergence num\u00e9rique de tout autre m\u00e9dia (\u00e9criture, impression, photographie, audio, vid\u00e9o, cin\u00e9ma, jeu vid\u00e9o, etc.) sur Internet\u00a0; le monopole des entreprises X-Meta-Amazon de Musk-Zuckerberg-Bezos, ainsi que sur les satellites qui rendent la communication possible\u00a0; et la g\u00e9n\u00e9ralisation du smartphone en tant qu\u2019organe politique greff\u00e9 sur le corps individuel sont <\/i>de facto<i> les conditions mat\u00e9rielles et techniques de l\u2019expansion du techno-fascisme contemporain\u00a0\u00bb<\/i>.<\/p>\n<p>Que des individualit\u00e9s num\u00e9ris\u00e9es aient largement remplac\u00e9 des citoyen\u00b7nes impliqu\u00e9\u00b7es se mesure sans doute aussi au fait que, faute de sentiment de participer \u00e0 un collectif \u00e9tatique et \u00e0 ses institutions politiques, les autres formes d\u2019appartenance \u2013\u00a0familiales, ethniques ou religieuses \u2013 ont connu un nouvel essor. Le covid aurait ainsi donn\u00e9 un coup d\u2019arr\u00eat \u00e0 des d\u00e9cennies de d\u00e9christianisation de la soci\u00e9t\u00e9 \u00e9tats-unienne, comme le montre par exemple <a target=\"_blank\" href=\"https:\/\/www.pewresearch.org\/religion\/2025\/02\/26\/decline-of-christianity-in-the-us-has-slowed-may-have-leveled-off\/\" target=\"_blank\" rel=\"noopener\">cette \u00e9tude<\/a> du Pew Research Center.<\/p>\n<h2 data-mediapart-role=\"subheading\" class=\"subheading\">Le succ\u00e8s de \u00ab\u00a0l\u2019intime conviction\u00a0\u00bb sur la v\u00e9rit\u00e9 de l\u2019information\u00a0<\/h2>\n<p>Cette individualisation, encod\u00e9e et d\u00e9sincarn\u00e9e, de notre rapport au monde n\u2019a pas eu seulement des effets sur les syst\u00e8mes politiques et le rapport aux institutions. Elle a d\u00e9truit des amiti\u00e9s, des couples, des relations professionnelles, en massacrant l\u2019id\u00e9e m\u00eame de r\u00e9alit\u00e9 partag\u00e9e et en accentuant la s\u00e9paration des univers, \u00e0 base d\u2019algorithmes ind\u00e9chiffrables et de bulles de filtres de plus en plus \u00e9tanches les unes aux autres\u2026<\/p>\n<p>Dans un des meilleurs romans de cette ann\u00e9e, <i>Bien-\u00eatre<\/i>, l\u2019\u00e9crivain \u00e9tats-unien Nathan Hill d\u00e9crit, sans jugement et au scalpel, la fa\u00e7on dont le p\u00e8re de son personnage principal est tomb\u00e9 dans une spirale infernale. <a target=\"_blank\" href=\"https:\/\/www.mediapart.fr\/journal\/culture-et-idees\/290924\/le-romancier-nathan-hill-je-ne-veux-pas-vivre-dans-une-bulle-ideologique\" target=\"_blank\" rel=\"noopener\">Interrog\u00e9<\/a> \u00e0 ce sujet par Mediapart, Nathal Hill d\u00e9veloppait\u00a0: <i>\u00ab\u00a0J\u2019ai fait l\u2019exp\u00e9rience tr\u00e8s p\u00e9nible de perdre des amis \u00e0 cause de diverses th\u00e9ories conspirationnistes sur Facebook. Des amis que je pensais raisonnables affichaient soudain, et croyaient, tout ce qu\u2019Internet peut d\u00e9verser comme ordures. Et j\u2019ai d\u00fb faire mon deuil, pour cela, de beaucoup de relations auxquelles je tenais. Je ne pouvais trouver meilleur exemple que d\u2019observer les effets d\u2019un algorithme cens\u00e9 \u00eatre neutre en termes de contenus.\u00a0\u00bb<\/i><\/p>\n<p>Dans un <a target=\"_blank\" href=\"https:\/\/www.thisamericanlife.org\/854\/ten-things-i-dont-want-to-hate-about-you\" target=\"_blank\" rel=\"noopener\">\u00e9pisode r\u00e9cent<\/a>, litt\u00e9ralement vertigineux, de l\u2019in\u00e9galable podcast \u00ab\u00a0This American Life\u00a0\u00bb, c\u2019est une histoire semblable, mais bien r\u00e9elle, qui est racont\u00e9e en montrant \u00e0 quel point m\u00eame la meilleure volont\u00e9 d\u2019un p\u00e8re et d\u2019un fils ne peut emp\u00eacher une famille d\u2019exploser sous les coups de boutoir des r\u00e9alit\u00e9s herm\u00e9tiques dans lesquelles ils ont \u00e9t\u00e9 projet\u00e9s.<\/p>\n<aside data-mediapart-role=\"highlight\" class=\"highlight\">\n<p>Complotisme et conspirationnisme ont radicalis\u00e9 et d\u00e9multipli\u00e9 l\u2019activisme de petits groupes.<\/p>\n<\/aside>\n<p>Sur fond d\u2019opacit\u00e9 sur les origines de la pand\u00e9mie, de mensonges des gouvernements sur leurs capacit\u00e9s de faire face au covid et de propension de l\u2019industrie pharmaceutique \u00e0 capitaliser des milliards sur la sant\u00e9 humaine, le complotisme et le conspirationnisme ont ainsi chang\u00e9 de dimension.<\/p>\n<p>Ils ont infus\u00e9 de fa\u00e7on beaucoup plus large dans des secteurs entiers de la soci\u00e9t\u00e9, rendant quasi caduque la fameuse assertion de la philosophe Hannah Arendt selon laquelle<i> \u00ab\u00a0la libert\u00e9 d\u2019opinion est une farce si l\u2019information sur les faits n\u2019est pas garantie et si ce ne sont pas les faits eux-m\u00eames qui font l\u2019objet du d\u00e9bat\u00a0\u00bb<\/i>.<\/p>\n<p>Et ils ont aussi radicalis\u00e9 et d\u00e9multipli\u00e9 l\u2019activisme de petits groupes, comme par exemple ceux qui d\u00e9non\u00e7aient voil\u00e0 quelques ann\u00e9es le port du masque \u00e0 l\u2019\u00e9cole et qui se consacrent d\u00e9sormais \u00e0 faire en sorte <a target=\"_blank\" href=\"https:\/\/www.lemonde.fr\/m-le-mag\/article\/2025\/03\/09\/aux-etats-unis-le-monde-du-livre-sous-les-assauts-de-la-censure-trumpienne_6577400_4500055.html\" target=\"_blank\" rel=\"noopener\">d\u2019exclure<\/a> des \u00e9coles et des biblioth\u00e8ques publiques les ouvrages qu\u2019ils jugent contraires \u00e0 leurs id\u00e9ologies.<\/p>\n<p>Dans un contexte de trauma mondial, o\u00f9 p\u00e8sent \u00e0 la fois le nombre sid\u00e9rant des morts et la difficult\u00e9 des deuils pendant la pand\u00e9mie du fait des mesures de distanciation sociale, la fragilisation du monde social et des personnes a constitu\u00e9 un terreau propice \u00e0 l\u2019\u00e8re de la post-v\u00e9rit\u00e9, mais \u00e9galement, en profitant de cette dynamique, \u00e0 l\u2019ouverture en grand des fen\u00eatres d\u2019Overton.<\/p>\n<p>Ce concept d\u00e9signe la fa\u00e7on de tirer le curseur de ce qui est acceptable ou non dans la sph\u00e8re publique, au point que l\u2019on essaye d\u00e9sormais de nous faire croire qu\u2019il serait pertinent de distinguer les extr\u00eames droites qui pratiquent et valident les saluts nazis de celles qui jugent que c\u2019est quand m\u00eame un peu excessif, \u00e0 l\u2019instar d\u2019un <a target=\"_blank\" href=\"https:\/\/www.mediapart.fr\/journal\/politique\/040325\/entre-silence-et-ambiguites-le-rn-face-l-offensive-trump\" target=\"_blank\" rel=\"noopener\">Jordan Bardella<\/a> annulant son discours \u00e0 la Conservative Political Action Conference (CPAC) apr\u00e8s le bras tendu de Steve Bannon, et ce bien que le parti qu\u2019il pr\u00e9side ait invit\u00e9 ce m\u00eame Steve Bannon en grande pompe quelques ann\u00e9es auparavant\u2026<\/p>\n<h2 data-mediapart-role=\"subheading\" class=\"subheading\">Le triomphe de l\u2019immunit\u00e9 sur la communaut\u00e9<\/h2>\n<p>Le plus important des effets du covid pourrait se r\u00e9sumer par une victoire par KO de \u00ab\u00a0l\u2019immunit\u00e9\u00a0\u00bb sur la \u00ab\u00a0communaut\u00e9\u00a0\u00bb dans la mani\u00e8re d\u2019organiser les soci\u00e9t\u00e9s \u2013 deux notions apparemment oppos\u00e9es qui traversent la philosophie morale et politique.<\/p>\n<p><i>\u00ab\u00a0Alors que les membres de la <\/i>communitas<i> se sentent li\u00e9s par une obligation de soin r\u00e9ciproque, celui qui se d\u00e9clare <\/i>immun<i> s\u2019en sent exon\u00e9r\u00e9, exempt\u00e9\u2009\u00bb<\/i>, <a target=\"_blank\" href=\"https:\/\/www.humanite.fr\/culture-et-savoir\/la-chronique-de-cynthia-fleury\/immunite-et-communaute-741705\" target=\"_blank\" rel=\"noopener\">\u00e9crit<\/a> ainsi le chercheur italien Robert Esposito. C\u2019est lui qui propose la formulation philosophique la plus aboutie de cette articulation <a target=\"_blank\" href=\"https:\/\/www.mediapart.fr\/journal\/culture-idees\/150421\/une-philosophie-de-l-immunite\" target=\"_blank\" rel=\"noopener\">dans son ouvrage<\/a> <i>Immunitas. Protection et n\u00e9gation de la vie<\/i>,<i> <\/i>initialement publi\u00e9 en 2002 et traduit en fran\u00e7ais en 2021. Dans la pr\u00e9face in\u00e9dite, le philosophe juge inad\u00e9quate <i>\u00ab\u00a0la r\u00e9ponse initialement formul\u00e9e par la philosophie face \u00e0 la pand\u00e9mie \u2013\u00a0la r\u00e9duisant, d\u2019un c\u00f4t\u00e9, \u00e0 un simple pr\u00e9texte \u00e0 de nouvelles exp\u00e9rimentations totalitaires\u00a0; y cherchant, de l\u2019autre, les signes pr\u00e9monitoires d\u2019un communisme \u00e0 venir\u00a0\u00bb<\/i>.<\/p>\n<figure class=\"media media--image format-20-pcent _align:left orientation-portrait\" data-js=\"media\">\n<p>        <template data-template-media-modal=\"\"><br \/>\n    <button type=\"button\" class=\"media-modal-opener\"><br \/>\n        <svg xmlns=\"http:\/\/www.w3.org\/2000\/svg\" class=\"icon\" aria-hidden=\"true\" focusable=\"false\" height=\"16\" width=\"16\" viewbox=\"0 0 32 32\">  <path fill-rule=\"evenodd\" d=\"M7 25v-6.75h1.5V25H7Z\" clip-rule=\"evenodd\"\/>  <path fill-rule=\"evenodd\" d=\"M7 23.5h6.75V25H7v-1.5Z\" clip-rule=\"evenodd\"\/>  <path fill-rule=\"evenodd\" d=\"M13.894 19.166 8.061 25 7 23.94l5.834-5.834 1.06 1.06ZM25 7v6.75h-1.5V7H25Z\" clip-rule=\"evenodd\"\/>  <path fill-rule=\"evenodd\" d=\"M25 8.5h-6.75V7H25v1.5Z\" clip-rule=\"evenodd\"\/>  <path fill-rule=\"evenodd\" d=\"M18.106 12.834 23.939 7 25 8.06l-5.834 5.834-1.06-1.06Z\" clip-rule=\"evenodd\"\/><\/svg><br \/>\n        <span>Agrandir l\u2019image : Illustration 3<\/span><br \/>\n    <\/button><\/p>\n<p><\/template><br \/>\n<\/figure>\n<p>Pour Robert Esposito, le <i>\u00ab\u00a0paradigme immunitaire\u00a0\u00bb<\/i> permet de mieux saisir nombre d\u2019enjeux contemporains aspir\u00e9s par la pand\u00e9mie de covid, autour de la dialectique entre risque et s\u00e9curit\u00e9, de <i>\u00ab\u00a0l\u2019obsession pour les fronti\u00e8res identitaires\u00a0\u00bb<\/i> ou de la <i>\u00ab\u00a0peur phobique de la contagion de la part d\u2019infiltr\u00e9s potentiels\u00a0\u00bb<\/i>\u2026 Une id\u00e9e reprise et prolong\u00e9e par l\u2019\u00e9crivain Alain Damasio dans <a target=\"_blank\" href=\"https:\/\/shs.cairn.info\/revue-du-crieur-2022-1-page-4?lang=fr\" target=\"_blank\" rel=\"noopener\">son texte<\/a> publi\u00e9 par <i>La Revue du crieur<\/i> et intitul\u00e9 \u00ab\u00a0Immunit\u00e9 partout, humanit\u00e9 nulle part\u00a0!\u00a0\u00bb.<\/p>\n<p>Ce triomphe des logiques immunitaires, qui pr\u00e9tendent prot\u00e9ger un corps social donn\u00e9 de ses ennemis int\u00e9rieurs comme de ses contaminations externes, \u00a0contre les logiques communautaires qui offriraient une autre vision de la protection collective, est aujourd\u2019hui incarn\u00e9 en priorit\u00e9 par la volont\u00e9 de durcir les fronti\u00e8res, qu\u2019elles soient migratoires ou de genre.<\/p>\n<figure data-mediapart-role=\"quote\" class=\"quote\">\n<blockquote>\n<p>La suspension de toute activit\u00e9 interpersonnelle fut un cours acc\u00e9l\u00e9r\u00e9 de libertarianisme.<\/p>\n<\/blockquote><figcaption>David Wallace-Wells, journaliste<\/figcaption><\/figure>\n<p>L\u2019immigration et la transidentit\u00e9 sont ainsi devenues des sujets politiques en expansion, et les carburants principaux des droites radicales, en d\u00e9calage total avec l\u2019absence de r\u00e9ponse aux vertiges in\u00e9galitaires et aux dangers \u00e9cologiques, pourtant mis en lumi\u00e8re par la pand\u00e9mie, qui minent les soci\u00e9t\u00e9s et leur avenir.<\/p>\n<p>En isolant tout le monde pendant le confinement mondialis\u00e9, le covid nous a transform\u00e9s, comme <a target=\"_blank\" href=\"https:\/\/www.nytimes.com\/interactive\/2025\/03\/04\/opinion\/covid-impact-five-years-later.html\" target=\"_blank\" rel=\"noopener\">l\u2019analyse<\/a> le journaliste David Wallace-Wells, en <i>\u00ab\u00a0hyper-individualistes\u00a0\u00bb.<\/i> M\u00eame si, au d\u00e9part, \u00e9crit-il, <i>\u00ab\u00a0la solidarit\u00e9 fut \u00e0 couper le souffle\u00a0\u00bb<\/i>, progressivement, la <i>\u00ab\u00a0suspension de toute activit\u00e9 interpersonnelle\u00a0\u00bb<\/i> autre que familiale a concr\u00e9tis\u00e9 <i>\u00ab\u00a0le dicton de Margaret Thatcher selon lequel la soci\u00e9t\u00e9 n\u2019existe pas, mais seulement les individus et les familles. Ce fut un cours acc\u00e9l\u00e9r\u00e9 de libertarianisme\u00a0\u2013\u00a0et de <a target=\"_blank\" href=\"https:\/\/www.cnrtl.fr\/definition\/solipsisme\" target=\"_blank\" rel=\"noopener\">solipsisme<\/a>\u00a0\u00bb<\/i>.<\/p>\n<h2 data-mediapart-role=\"subheading\" class=\"subheading\">L\u2019apoth\u00e9ose de l\u2019acc\u00e9l\u00e9ration<\/h2>\n<p>Subitement, en 2020, le monde a ralenti, les trajets polluants se sont drastiquement restreints, les avions ont d\u00e9sert\u00e9 les cieux, les animaux ont repris possession du territoire, la qualit\u00e9 de l\u2019air s\u2019est am\u00e9lior\u00e9e, la quantit\u00e9 de CO<sub>2<\/sub> rejet\u00e9 dans l\u2019atmosph\u00e8re a baiss\u00e9\u2026<\/p>\n<p>Le <a target=\"_blank\" href=\"https:\/\/www.mediapart.fr\/journal\/culture-idees\/310121\/bruno-latour-pense-le-confinement-comme-une-repetition-generale\" target=\"_blank\" rel=\"noopener\">livre<\/a> du regrett\u00e9 Bruno Latour\u00a0<i>O\u00f9 suis-je\u00a0? Le\u00e7ons du confinement \u00e0 l\u2019usage des terrestres<\/i> (Les Emp\u00eacheurs de penser en rond\/La D\u00e9couverte) avait alors tent\u00e9 de prendre la mesure du bouleversement de la condition humaine li\u00e9 \u00e0 cet \u00e9v\u00e9nement.<\/p>\n<p>Le philosophe y comparait le <i>\u00ab\u00a0terrestre\u00a0\u00bb<\/i> post-confinement \u00e0 Gregor Samsa, personnage de la c\u00e9l\u00e8bre nouvelle de Franz Kafka <i>La M\u00e9tamorphose<\/i>, qui se r\u00e9veille transform\u00e9 en insecte, embarrass\u00e9 dans le moindre de ses gestes, et tentant de comprendre ce qu\u2019il lui est arriv\u00e9. Pour Bruno Latour, il n\u2019\u00e9tait pas possible de se r\u00e9veiller comme un <i>\u00ab\u00a0humain \u00e0 l\u2019ancienne\u00a0\u00bb<\/i> qui aurait \u00e9t\u00e9 confin\u00e9 pour quelques semaines seulement et ne verrait ce moment que comme une simple parenth\u00e8se.<\/p>\n<figure class=\"media media--image format-20-pcent _align:left orientation-portrait\" data-js=\"media\">\n<\/figure>\n<p>Jugeant qu\u2019il \u00e9tait d\u00e9sormais in\u00e9vitable de d\u00e9cider sur quelle plan\u00e8te on voulait vivre, il rejetait comme inhabitables la plan\u00e8te \u00ab\u00a0Globalisation\u00a0\u00bb, qui continue d\u2019attirer celles et ceux qui esp\u00e8rent <i>\u00ab\u00a0pouvoir se moderniser \u00e0 l\u2019ancienne\u00a0\u00bb<\/i>,\u00a0la plan\u00e8te \u00ab\u00a0Exit\u00a0\u00bb, <i>\u00ab\u00a0habit\u00e9e par ceux qui ont trop bien compris les limites de la Terre, mais qui, pour cette raison, ont d\u00e9cid\u00e9 de la quitter au moins virtuellement en s\u2019inventant des bunkers hypermodernes sur Mars ou en Nouvelle-Z\u00e9lande\u00a0\u00bb<\/i>, et la plan\u00e8te \u00ab\u00a0Extracteurs\u00a0\u00bb, dont la position est <i>\u00ab\u00a0une violence extr\u00eame pour maintenir l\u2019occupation \u2013\u00a0qu\u2019il s\u2019agisse de colonies ou de p\u00e9trole, de terres rares ou de bas salaires\u00a0\u2013 et le rejet tout aussi violent de toute responsabilit\u00e9\u00a0\u00bb<\/i>.<\/p>\n<p>Force est malheureusement de constater que les \u00ab\u00a0Extracteurs\u00a0\u00bb sont sortis en pole position du confinement et que la pause mondiale li\u00e9e \u00e0 la pand\u00e9mie a, paradoxalement, conduit l\u2019humanit\u00e9 \u00e0 donner un violent coup d\u2019acc\u00e9l\u00e9rateur. Comme pour rel\u00e9guer au plus vite et au plus loin la possibilit\u00e9 d\u2019un monde qui ne soit plus fond\u00e9 sur la religion de la croissance, la pr\u00e9dation sur les terres rares et la fuite en avant dans l\u2019exploitation des ressources.<\/p>\n<p>Dans le sillage de la pand\u00e9mie, la plupart des pays riches ont ainsi connu une croissance si rapide qu\u2019elle a compens\u00e9 non seulement les pertes dues au <i>shutdown<\/i> de 2020, mais aussi celles dues \u00e0 la r\u00e9cession survenue plus d\u2019une d\u00e9cennie auparavant. Une croissance non seulement catastrophique pour le climat et l\u2019\u00e9cologie, mais <a target=\"_blank\" href=\"https:\/\/www.mediapart.fr\/journal\/international\/061124\/victoire-de-trump-les-democrates-victimes-de-l-illusion-de-la-croissance\" target=\"_blank\" rel=\"noopener\">illusoire<\/a> dans la mesure o\u00f9 les principaux fruits en demeurent confisqu\u00e9s par les d\u00e9ciles les plus riches de la population mondiale et o\u00f9 elle s\u2019accompagne d\u2019une inflation aux effets politiques d\u00e9l\u00e9t\u00e8res.<\/p>\n<p>Pour reprendre une formule du <a target=\"_blank\" href=\"https:\/\/www.nytimes.com\/interactive\/2025\/03\/04\/opinion\/covid-impact-five-years-later.html\" target=\"_blank\" rel=\"noopener\">grand format<\/a> que le <i>New York Times<\/i> a consacr\u00e9 \u00e0 la fa\u00e7on dont le covid a <i>\u00ab\u00a0remodel\u00e9\u00a0\u00bb<\/i> les \u00c9tats-Unis, nous n\u2019avons sans doute pas encore, de ce c\u00f4t\u00e9 comme de l\u2019autre de l\u2019Atlantique, <i>\u00ab\u00a0fait l\u2019inventaire de tout ce que nous avons perdu\u00a0\u00bb<\/i>.<\/p>\n<\/p><\/div>\n<p><br \/>\n<br \/><a href=\"https:\/\/www.mediapart.fr\/journal\/culture-et-idees\/150325\/ce-que-le-covid-nous-fait\" target=\"_blank\"\">Source link <\/a><\/p>\n","protected":false},"excerpt":{"rendered":"<p>AlorsAlors, ce monde d\u2019apr\u00e8s\u00a0? Le m\u00eame, en pire\u00a0? Un autre, toujours plus inqui\u00e9tant\u00a0? Un retour en arri\u00e8re ou un bond en avant\u00a0? Cinq ans apr\u00e8s le grand confinement, quelles ont&hellip; <\/p>\n","protected":false},"author":1,"featured_media":4524,"comment_status":"open","ping_status":"open","sticky":false,"template":"","format":"standard","meta":{"footnotes":""},"categories":[1],"tags":[],"class_list":["post-4523","post","type-post","status-publish","format-standard","has-post-thumbnail","hentry","category-non-classe"],"_links":{"self":[{"href":"https:\/\/monde25.info\/index.php\/wp-json\/wp\/v2\/posts\/4523","targetHints":{"allow":["GET"]}}],"collection":[{"href":"https:\/\/monde25.info\/index.php\/wp-json\/wp\/v2\/posts"}],"about":[{"href":"https:\/\/monde25.info\/index.php\/wp-json\/wp\/v2\/types\/post"}],"author":[{"embeddable":true,"href":"https:\/\/monde25.info\/index.php\/wp-json\/wp\/v2\/users\/1"}],"replies":[{"embeddable":true,"href":"https:\/\/monde25.info\/index.php\/wp-json\/wp\/v2\/comments?post=4523"}],"version-history":[{"count":0,"href":"https:\/\/monde25.info\/index.php\/wp-json\/wp\/v2\/posts\/4523\/revisions"}],"wp:featuredmedia":[{"embeddable":true,"href":"https:\/\/monde25.info\/index.php\/wp-json\/wp\/v2\/media\/4524"}],"wp:attachment":[{"href":"https:\/\/monde25.info\/index.php\/wp-json\/wp\/v2\/media?parent=4523"}],"wp:term":[{"taxonomy":"category","embeddable":true,"href":"https:\/\/monde25.info\/index.php\/wp-json\/wp\/v2\/categories?post=4523"},{"taxonomy":"post_tag","embeddable":true,"href":"https:\/\/monde25.info\/index.php\/wp-json\/wp\/v2\/tags?post=4523"}],"curies":[{"name":"wp","href":"https:\/\/api.w.org\/{rel}","templated":true}]}}