{"id":4531,"date":"2025-03-16T07:33:36","date_gmt":"2025-03-16T06:33:36","guid":{"rendered":"https:\/\/monde25.info\/index.php\/2025\/03\/16\/les-premiers-bourgeons-apparaissent-sur-les-arbres-et-cest-risque\/"},"modified":"2025-03-16T07:33:36","modified_gmt":"2025-03-16T06:33:36","slug":"les-premiers-bourgeons-apparaissent-sur-les-arbres-et-cest-risque","status":"publish","type":"post","link":"https:\/\/monde25.info\/index.php\/2025\/03\/16\/les-premiers-bourgeons-apparaissent-sur-les-arbres-et-cest-risque\/","title":{"rendered":"Les premiers bourgeons apparaissent sur les arbres, et c\u2019est risqu\u00e9"},"content":{"rendered":"<p> <br \/>\n<\/p>\n<div>\n<p>    <span class=\"date\">14 mars 2025  \u00e0 17h04<\/span><\/p>\n<p>    <span class=\"date_modif\">Mis \u00e0 jour le 15 mars 2025 \u00e0 08h44<\/span>      <\/p>\n<p class=\"duree_lecture\">\n        Dur\u00e9e de lecture : 4 minutes\n      <\/p>\n<\/p><\/div>\n<div>\n<p>Cet article est publi\u00e9 en partenariat avec la\u00a0<i><a target=\"_blank\" href=\"https:\/\/www.salamandre.org\/revue-salamandre\/?utm_source=site&amp;utm_medium=pub&amp;utm_content=marmottes&amp;utm_campaign=reporterre\" class=\"spip_out\" rel=\"external\">Revue Salamandre<\/a><\/i>.<\/p>\n<hr class=\"spip\"\/>\n<p>En ce mois de mars, des bourgeons sont d\u00e9j\u00e0 bien visibles sur certains arbres malgr\u00e9 les risques de gel\u00e9es. Yves Caraglio, botaniste \u00e0 l\u2019unit\u00e9 mixte de recherche botanique et bio-informatique de l\u2019architecture des plantes (Amap), \u00e0 Montpellier, explique les raisons qui poussent \u00e0 un d\u00e9bourrement pr\u00e9coce<span class=\"spip_note_ref\">\u00a0[<a target=\"_blank\" href=\"#nb1\" class=\"spip_note\" rel=\"appendix\" title=\"Le terme fait r\u00e9f\u00e9rence \u00e0 la bourre, un duvet v\u00e9g\u00e9tal fait de poils\u00a0(\u2026)\" id=\"nh1\">1<\/a>]<\/span>.<br class=\"autobr\"\/><br \/>\n<br class=\"autobr\"\/><br \/>\n<strong>La Salamandre \u2014 Pourquoi certains arbres d\u00e9bourrent-ils avant la fin de l\u2019hiver<small class=\"fine d-inline\">\u00a0<\/small>?<\/strong><\/p>\n<p><strong>Yves Caraglio \u2014<\/strong> C\u2019est pour partie le fruit d\u2019une longue histoire \u00e9volutive des diff\u00e9rentes esp\u00e8ces et de leur origine biog\u00e9ographique, chacune trouvant sa place dans les diff\u00e9rents \u00e9cosyst\u00e8mes et dans le calendrier saisonnier. Profiter avant les autres de la lumi\u00e8re grandissante avant que le feuillage ne se g\u00e9n\u00e9ralise peut \u00eatre un avantage. Ou, par exemple, synchroniser son r\u00e9veil avec l\u2019\u00e9mergence d\u2019un pollinisateur particulier.<\/p>\n<p>Cela a aussi des risques. Lorsque le d\u00e9bourrement a lieu, l\u2019\u00e9talement des feuilles commence et la circulation de la s\u00e8ve red\u00e9marre. Et comme les bourgeons prot\u00e8gent les \u00e9bauches foliaires du froid, si l\u2019hiver n\u2019a pas dit son dernier mot, les pi\u00e8ces florales et les jeunes pousses peuvent geler.<br class=\"autobr\"\/><br \/>\n<br class=\"autobr\"\/><br \/>\n<strong>Comment r\u00e9agit la plante \u00e0 cet al\u00e9a<small class=\"fine d-inline\">\u00a0<\/small>?<\/strong><\/p>\n<p>Elle doit mobiliser des cellules souches constitutives du m\u00e9rist\u00e8me<span class=\"spip_note_ref\">\u00a0[<a target=\"_blank\" href=\"#nb2\" class=\"spip_note\" rel=\"appendix\" title=\"Ensemble de cellules v\u00e9g\u00e9tales embryonnaires qui se divisent et assurent la\u00a0(\u2026)\" id=\"nh2\">2<\/a>]<\/span> pour remplacer les parties touch\u00e9es par le froid. Si ces perturbations se r\u00e9p\u00e8tent, elles vont induire une consommation \u00e9nerg\u00e9tique qui peut \u00e9puiser le sp\u00e9cimen.<\/p>\n<p>Dans certaines r\u00e9gions, des esp\u00e8ces comme les ch\u00eanes font naturellement plusieurs pousses sur une saison. Elles sont donc moins p\u00e9nalis\u00e9es par ces variations de temp\u00e9rature. Elles souffrent en revanche davantage du manque d\u2019eau et des s\u00e9cheresses. Les effets du <a target=\"_blank\" href=\"Qu-est-ce-que-le-rechauffement-climatique\">r\u00e9chauffement climatique<\/a> concernent aussi la production fruiti\u00e8re puisque les d\u00e9bourrements pr\u00e9coces restent \u00e0 la merci d\u2019un coup de gel jusqu\u2019en mai.<br class=\"autobr\"\/><br \/>\n<br class=\"autobr\"\/><br \/>\n<strong>Comment le v\u00e9g\u00e9tal s\u2019adapte-t-il \u00e0 ces variations<small class=\"fine d-inline\">\u00a0<\/small>?<\/strong><\/p>\n<p>Dans une population, il y a une variabilit\u00e9 qui permet de compenser ces effets. Les individus qui r\u00e9sistent mieux aux perturbations sont s\u00e9lectionn\u00e9s. Mais les arbres ont un cycle de vie et un laps de temps entre deux g\u00e9n\u00e9rations plus longs que ceux d\u2019une mouche par exemple, donc ce filtre g\u00e9n\u00e9tique prend du temps. Les gels ne sont toutefois pas syst\u00e9matiques chaque ann\u00e9e, les individus pr\u00e9coces se reproduisent et subsistent d\u00e8s lors aussi dans la population.<br class=\"autobr\"\/><br \/>\n<br class=\"autobr\"\/><br \/>\n<strong>\u00c0 quelle p\u00e9riode les bourgeons sont-ils form\u00e9s<small class=\"fine d-inline\">\u00a0<\/small>?<\/strong><\/p>\n<p>La plupart des plantes les pr\u00e9fabriquent \u00e0 la fin de l\u2019\u00e9t\u00e9 lorsque la photosynth\u00e8se procure une grande source d\u2019\u00e9nergie. Au tout d\u00e9but du printemps suivant, initier la croissance des feuilles et les \u00e9taler demandera beaucoup d\u2019\u00e9nergie et une conduction hydrique \u00e0 partir d\u2019eau interne. La fabrication anticip\u00e9e permet ainsi aux v\u00e9g\u00e9taux d\u2019\u00e9conomiser leurs ressources \u00e0 cette saison primordiale. Cela dit, durant l\u2019hiver, m\u00eame s\u2019il est en dormance, le bourgeon mature lentement et grossit, car il se produit quand m\u00eame des divisions cellulaires \u00e0 bas bruit.<\/p>\n<hr class=\"spip\"\/>\n<p>La <i>Revue Salamandre<\/i> est un magazine ind\u00e9pendant \u00e0 but non lucratif, qui r\u00e9v\u00e8le tous les deux mois la vie extraordinaire des animaux et des plantes sauvages qui vivent sur le pas de votre porte.\u00a0<a target=\"_blank\" href=\"https:\/\/boutique.salamandre.org\/offres-d-abonnements.rub-2\/?promo=report23&amp;utm_source=reporterre&amp;q52utm_medium=coupon_et_web&amp;utm_campaign=partenaire\" class=\"spip_out\" rel=\"external\">Abonnez-vous ici<\/a>.<\/p>\n<aside class=\"boite_encarts\">\n<div class=\"encart encart_gris noprint\">\n<p><strong>Puisque vous \u00eates l\u00e0&#8230;<\/strong><\/p>\n<p>&#8230; nous avons un petit service \u00e0 vous demander.<br class=\"autobr\"\/><br \/>\nEntre la pr\u00e9sence d\u2019un climatosceptique \u00e0 la t\u00eate de la premi\u00e8re puissance mondiale, un gouvernement fran\u00e7ais qui flirte avec l\u2019extr\u00eame-droite, et les catastrophes climatiques qui s\u2019enchainent&#8230; Faire vivre l\u2019\u00e9cologie dans le d\u00e9bat public est un enjeu crucial.<\/p>\n<p>Personne ne modifie ce que nous publions. Nous n\u2019avons ni actionnaire, ni propri\u00e9taire milliardaire \u2014 seulement une \u00e9quipe d\u2019irr\u00e9ductibles journalistes, pleine de d\u00e9termination.<\/p>\n<p>Nous avons la conviction que l\u2019urgence \u00e9cologique est l\u2019enjeu majeur de notre \u00e9poque. Et comme plus de 2 millions de lectrices et lecteurs chaque mois, vous partagez sans doute cette conviction&#8230;<\/p>\n<p><strong>Depuis 12 ans, nous publions des articles de qualit\u00e9 sur l\u2019\u00e9cologie, en acc\u00e8s libre et sans publicit\u00e9, pour tous.<\/strong><br class=\"autobr\"\/><br \/>\nMais ce travail demande beaucoup de temps et de ressources.<\/p>\n<p>Alors, si vous en avez les moyens, sachez qu\u2019un don, m\u00eame d\u20191\u20ac, est un acte de soutien fort pour l\u2019\u00e9cologie et le journalisme ind\u00e9pendant.<br class=\"autobr\"\/><br \/>\n(Et \u00e7a vous prendra moins de temps que la lecture de ce texte).<\/p>\n<p><strong>Si vous le pouvez, choisissez un soutien mensuel. Merci.<\/strong><\/p>\n<p><a target=\"_blank\" href=\"https:\/\/reporterre.net\/dons\" class=\"bt_soutenir\">Je soutiens <i>Reporterre<\/i><\/a><\/p>\n<\/p><\/div>\n<div class=\"encart encart_vert noprint montre_1023\">\n<div class=\"infolettre-form-container noprint\">\n<p>Abonnez-vous \u00e0 la lettre d\u2019info de Reporterre<\/p>\n<\/div><\/div>\n<\/aside>\n<aside class=\"boite_apresarticle encart_note\">\n<h4>Apr\u00e8s cet article<\/h4>\n<p>      <a target=\"_blank\" href=\"https:\/\/reporterre.net\/Comment-observer-les-marmottes-sans-les-deranger\" class=\"lien_article\">\n      <picture class=\"vignette_gauche\"><source type=\"image\/webp\" srcset=\"https:\/\/reporterre.net\/local\/cache-vignettes\/L450xH300\/ttz_8197-topaz-enhance-1x-sharpen-15882.jpg@.webp?1737379172\"><img decoding=\"async\" src=\"https:\/\/reporterre.net\/local\/cache-vignettes\/L450xH300\/ttz_8197-topaz-enhance-1x-sharpen-15882.jpg?1737379172\" width=\"450\" height=\"300\" alt=\"\" class=\"marge12\" loading=\"lazy\"\/><br \/>\n<\/source><\/picture>\n<p class=\"libelle\">\n<p>          Reportage \u2014<\/p>\n<p>      Nature\n    <\/p>\n<p class=\"titre pol20\">Cache-cache avec les marmottes dans le Vercors<\/p>\n<p>      <\/a><br \/>\n    <\/aside>\n<aside class=\"boite_complement texte\">\n<div class=\"encart_note\">\n<h4>Notes<\/h4>\n<div id=\"nb1\">\n<p><span class=\"spip_note_ref\">[<a target=\"_blank\" href=\"#nh1\" class=\"spip_note\" title=\"Notes 1\" rev=\"appendix\">1<\/a>]\u00a0<\/span>Le terme fait r\u00e9f\u00e9rence \u00e0 la bourre, un duvet v\u00e9g\u00e9tal fait de poils enchev\u00eatr\u00e9s qui prot\u00e8ge les \u00e9bauches d\u2019organes dans certains bourgeons, comme l\u2019explique <a target=\"_blank\" href=\"https:\/\/www.inrae.fr\/actualites\/faux-printemps-quelles-consequences-croissance-dun-arbre\" class=\"spip_out\" rel=\"external\">l\u2019Inrae<\/a>.<\/p>\n<\/div>\n<div id=\"nb2\">\n<p><span class=\"spip_note_ref\">[<a target=\"_blank\" href=\"#nh2\" class=\"spip_note\" title=\"Notes 2\" rev=\"appendix\">2<\/a>]\u00a0<\/span>Ensemble de cellules v\u00e9g\u00e9tales embryonnaires qui se divisent et assurent la croissance de la plante. Elles se diff\u00e9rencient pour fabriquer des tissus et des organes tels que les tiges, racines, feuilles ou fleurs par exemple. Ces cellules pluripotentes, \u00e9quivalentes \u00e0 nos cellules souches, permettent \u00e0 la plante de grandir toute sa vie et de pallier une perturbation dans sa croissance.<\/p>\n<\/div><\/div>\n<p>      <!-- zone_forum --><br \/>\n          <\/aside>\n<aside class=\"boite_lireaussi noprint\">\n<\/aside>\n<aside class=\"colonne\">\n<div class=\"article_info cache_1023 noprint\">\n<p>    <span class=\"date\">14 mars 2025  \u00e0 17h04<\/span><\/p>\n<p>    <span class=\"date_modif\">Mis \u00e0 jour le 15 mars 2025 \u00e0 08h44<\/span>      <\/p>\n<p class=\"duree_lecture\">\n        Dur\u00e9e de lecture : 4 minutes\n      <\/p>\n<\/p><\/div>\n<div class=\"bloc_infolettre\">\n<div class=\"infolettre-form-container noprint\">\n<p>Abonnez-vous \u00e0 la lettre d\u2019info de Reporterre<\/p>\n<\/div><\/div>\n<\/aside>\n<div id=\"galerie\">\n  <img decoding=\"async\" src=\"\" class=\"principale\" id=\"principale\"\/><\/p>\n<p id=\"legende\">legende<\/p>\n<\/div>\n<footer class=\"noprint\">\n<\/footer>\n<\/div>\n<p><br \/>\n<br \/><a href=\"https:\/\/reporterre.net\/Les-premiers-bourgeons-apparaissent-sur-les-arbres-et-c-est-risque\" target=\"_blank\"\">Source link <\/a><\/p>\n","protected":false},"excerpt":{"rendered":"<p>14 mars 2025 \u00e0 17h04 Mis \u00e0 jour le 15 mars 2025 \u00e0 08h44 Dur\u00e9e de lecture : 4 minutes Cet article est publi\u00e9 en partenariat avec la\u00a0Revue Salamandre. En&hellip; <\/p>\n","protected":false},"author":1,"featured_media":4532,"comment_status":"open","ping_status":"open","sticky":false,"template":"","format":"standard","meta":{"footnotes":""},"categories":[1],"tags":[],"class_list":["post-4531","post","type-post","status-publish","format-standard","has-post-thumbnail","hentry","category-non-classe"],"_links":{"self":[{"href":"https:\/\/monde25.info\/index.php\/wp-json\/wp\/v2\/posts\/4531","targetHints":{"allow":["GET"]}}],"collection":[{"href":"https:\/\/monde25.info\/index.php\/wp-json\/wp\/v2\/posts"}],"about":[{"href":"https:\/\/monde25.info\/index.php\/wp-json\/wp\/v2\/types\/post"}],"author":[{"embeddable":true,"href":"https:\/\/monde25.info\/index.php\/wp-json\/wp\/v2\/users\/1"}],"replies":[{"embeddable":true,"href":"https:\/\/monde25.info\/index.php\/wp-json\/wp\/v2\/comments?post=4531"}],"version-history":[{"count":0,"href":"https:\/\/monde25.info\/index.php\/wp-json\/wp\/v2\/posts\/4531\/revisions"}],"wp:featuredmedia":[{"embeddable":true,"href":"https:\/\/monde25.info\/index.php\/wp-json\/wp\/v2\/media\/4532"}],"wp:attachment":[{"href":"https:\/\/monde25.info\/index.php\/wp-json\/wp\/v2\/media?parent=4531"}],"wp:term":[{"taxonomy":"category","embeddable":true,"href":"https:\/\/monde25.info\/index.php\/wp-json\/wp\/v2\/categories?post=4531"},{"taxonomy":"post_tag","embeddable":true,"href":"https:\/\/monde25.info\/index.php\/wp-json\/wp\/v2\/tags?post=4531"}],"curies":[{"name":"wp","href":"https:\/\/api.w.org\/{rel}","templated":true}]}}