{"id":4539,"date":"2025-03-16T09:45:18","date_gmt":"2025-03-16T08:45:18","guid":{"rendered":"https:\/\/monde25.info\/index.php\/2025\/03\/16\/le-peuple-serbe-ne-veut-pas-de-revolution-de-couleur-ni-de-violence-rt-en-francais\/"},"modified":"2025-03-16T09:45:18","modified_gmt":"2025-03-16T08:45:18","slug":"le-peuple-serbe-ne-veut-pas-de-revolution-de-couleur-ni-de-violence-rt-en-francais","status":"publish","type":"post","link":"https:\/\/monde25.info\/index.php\/2025\/03\/16\/le-peuple-serbe-ne-veut-pas-de-revolution-de-couleur-ni-de-violence-rt-en-francais\/","title":{"rendered":"le peuple serbe ne veut pas de r\u00e9volution de couleur ni de violence \u2014 RT en fran\u00e7ais"},"content":{"rendered":"<p> <br \/>\n<br \/><img decoding=\"async\" src=\"https:\/\/mf.b37mrtl.ru\/french\/images\/2025.03\/thumbnail\/67d689406f7ccc014442c882.jpg\" \/><\/p>\n<div>\n<p class=\"text__summary\">\n                                        \u00c0 Belgrade, 56 personnes ont \u00e9t\u00e9 hospitalis\u00e9es et 22 interpell\u00e9es apr\u00e8s des manifestations. Vucic a affirm\u00e9 que la Serbie refusait toute r\u00e9volution et violence, d\u00e9non\u00e7ant des accusations mensong\u00e8res contre la police. Il a salu\u00e9 la stabilit\u00e9 pr\u00e9serv\u00e9e et le professionnalisme des forces de l\u2019ordre, soulignant qu\u2019aucune matraque n\u2019avait \u00e9t\u00e9 utilis\u00e9e.\n                                    <\/p>\n<p>\u00c0 Belgrade, les manifestations antigouvernementales non autoris\u00e9es de ces derniers jours ont conduit \u00e0 l\u2019hospitalisation de 56 personnes. Selon les autorit\u00e9s serbes, ces manifestations se sont d\u00e9roul\u00e9es sans accident grave ni victime. Par ailleurs, 22 personnes ont \u00e9t\u00e9 interpell\u00e9es.<\/p>\n<p>S\u2019adressant \u00e0 la nation, le pr\u00e9sident Aleksandar Vucic a affirm\u00e9 que le peuple serbe avait montr\u00e9 son rejet de r\u00e9volution de couleur et de toute forme de violence. Selon lui, le message \u00e9tait clair : la Serbie ne veut ni chaos ni d\u00e9stabilisation, et cette r\u00e9alit\u00e9 a \u00e9t\u00e9 comprise par tous.<\/p>\n<p>Il a \u00e9galement tenu \u00e0 d\u00e9mentir fermement les accusations selon lesquelles la police aurait utilis\u00e9 une arme sonore, qualifiant ces all\u00e9gations de mensonge ignoble. Le chef d\u2019\u00c9tat serbe a expliqu\u00e9 que sur les r\u00e9seaux sociaux, une arme anti-drone \u00e9tait faussement pr\u00e9sent\u00e9e comme une telle arme sonore. Il a insist\u00e9 sur le fait que les forces de l\u2019ordre n\u2019avaient m\u00eame pas utilis\u00e9 de matraques au cours des \u00e9v\u00e9nements. Le pr\u00e9sident Vucic a conclu en d\u00e9clarant que la Serbie avait remport\u00e9 une victoire, ayant r\u00e9ussi \u00e0 pr\u00e9server la paix et la stabilit\u00e9 dans le pays.<\/p>\n<p>Sur place, les manifestants ont fini par quitter la place, permettant un retour progressif de la circulation dans le centre-ville. Les unit\u00e9s renforc\u00e9es de la police, d\u00e9ploy\u00e9es aux abords des b\u00e2timents gouvernementaux, ont \u00e9galement quitt\u00e9 leurs postes en nombre significatif. Aucun incident majeur n\u2019a \u00e9t\u00e9 signal\u00e9, et les forces de l\u2019ordre n\u2019ont ni utilis\u00e9 la force ni tent\u00e9 de disperser la foule. Dans Belgrade, la pr\u00e9sence polici\u00e8re reste visible, notamment avec des patrouilles de la police routi\u00e8re et des \u00e9quipes de secours stationn\u00e9es aux principaux carrefours.<\/p>\n<p>En 2024, la Serbie a connu de nombreuses manifestations contre l\u2019exploitation du lithium et des rassemblements provoqu\u00e9s par la mort de 15 personnes \u00e0 la suite de l\u2019effondrement d&rsquo;un auvent \u00e0 la gare \u00e0 Novi Sad, deuxi\u00e8me plus grande ville du pays. L&rsquo;accident s&rsquo;\u00e9tait produit quatre mois apr\u00e8s la fin des travaux de r\u00e9novation du b\u00e2timent de la gare. De nombreux manifestants ont point\u00e9 du doigt des n\u00e9gligences dans la r\u00e9alisation des travaux et d\u00e9nonc\u00e9 des faits de corruption.<\/p>\n<p>Les autorit\u00e9s du pays continuent d&rsquo;appeler les \u00e9tudiants et l&rsquo;opposition au dialogue. Le pr\u00e9sident Vucic a indiqu\u00e9 qu&rsquo;environ 3 milliards d&rsquo;euros avaient \u00e9t\u00e9 investis depuis l&rsquo;\u00e9tranger pour soutenir les mouvements d&rsquo;opposition dans le but de le renverser.<\/p>\n<\/div>\n<p><br \/>\n<br \/><a href=\"https:\/\/francais.rt.com\/international\/118061-vucic-peuple-serbe-ne-veut-pas-de-revolution-de-couleur-ni-de-violence\" target=\"_blank\"\">Source link <\/a><\/p>\n","protected":false},"excerpt":{"rendered":"<p>\u00c0 Belgrade, 56 personnes ont \u00e9t\u00e9 hospitalis\u00e9es et 22 interpell\u00e9es apr\u00e8s des manifestations. Vucic a affirm\u00e9 que la Serbie refusait toute r\u00e9volution et violence, d\u00e9non\u00e7ant des accusations mensong\u00e8res contre la&hellip; <\/p>\n","protected":false},"author":1,"featured_media":4540,"comment_status":"open","ping_status":"open","sticky":false,"template":"","format":"standard","meta":{"footnotes":""},"categories":[1],"tags":[],"class_list":["post-4539","post","type-post","status-publish","format-standard","has-post-thumbnail","hentry","category-non-classe"],"_links":{"self":[{"href":"https:\/\/monde25.info\/index.php\/wp-json\/wp\/v2\/posts\/4539","targetHints":{"allow":["GET"]}}],"collection":[{"href":"https:\/\/monde25.info\/index.php\/wp-json\/wp\/v2\/posts"}],"about":[{"href":"https:\/\/monde25.info\/index.php\/wp-json\/wp\/v2\/types\/post"}],"author":[{"embeddable":true,"href":"https:\/\/monde25.info\/index.php\/wp-json\/wp\/v2\/users\/1"}],"replies":[{"embeddable":true,"href":"https:\/\/monde25.info\/index.php\/wp-json\/wp\/v2\/comments?post=4539"}],"version-history":[{"count":0,"href":"https:\/\/monde25.info\/index.php\/wp-json\/wp\/v2\/posts\/4539\/revisions"}],"wp:featuredmedia":[{"embeddable":true,"href":"https:\/\/monde25.info\/index.php\/wp-json\/wp\/v2\/media\/4540"}],"wp:attachment":[{"href":"https:\/\/monde25.info\/index.php\/wp-json\/wp\/v2\/media?parent=4539"}],"wp:term":[{"taxonomy":"category","embeddable":true,"href":"https:\/\/monde25.info\/index.php\/wp-json\/wp\/v2\/categories?post=4539"},{"taxonomy":"post_tag","embeddable":true,"href":"https:\/\/monde25.info\/index.php\/wp-json\/wp\/v2\/tags?post=4539"}],"curies":[{"name":"wp","href":"https:\/\/api.w.org\/{rel}","templated":true}]}}