{"id":4553,"date":"2025-03-16T14:12:13","date_gmt":"2025-03-16T13:12:13","guid":{"rendered":"https:\/\/monde25.info\/index.php\/2025\/03\/16\/bayrou-exclut-un-retour-a-la-retraite-a-62-ans-rt-en-francais\/"},"modified":"2025-03-16T14:12:13","modified_gmt":"2025-03-16T13:12:13","slug":"bayrou-exclut-un-retour-a-la-retraite-a-62-ans-rt-en-francais","status":"publish","type":"post","link":"https:\/\/monde25.info\/index.php\/2025\/03\/16\/bayrou-exclut-un-retour-a-la-retraite-a-62-ans-rt-en-francais\/","title":{"rendered":"Bayrou exclut un retour \u00e0 la retraite \u00e0 62 ans \u2014 RT en fran\u00e7ais"},"content":{"rendered":"<p> <br \/>\n<br \/><img decoding=\"async\" src=\"https:\/\/mf.b37mrtl.ru\/french\/images\/2025.03\/thumbnail\/67d6c8196f7ccc7eb4037e92.jpg\" \/><\/p>\n<div>\n<p class=\"text__summary\">\n                                        Le Premier ministre fran\u00e7ais Fran\u00e7ois Bayrou s&rsquo;est oppos\u00e9 \u00e0 un retour du d\u00e9part \u00e0 la retraite \u00e0 62 ans, affirmant que cette option n&rsquo;\u00e9tait pas envisageable dans le \u00abcontexte international actuel\u00bb. Il a rejet\u00e9 au passage les propos de son pr\u00e9d\u00e9cesseur \u00c9douard Philippe, pour qui les discussions sur les retraites \u00e9taient \u00abtotalement d\u00e9pass\u00e9es\u00bb.\n                                    <\/p>\n<\/div>\n<p><br \/>\n<br \/><a href=\"https:\/\/francais.rt.com\/news\/118073-bayrou-exclut-retour-retraite-62-ans\" target=\"_blank\"\">Source link <\/a><\/p>\n","protected":false},"excerpt":{"rendered":"<p>Le Premier ministre fran\u00e7ais Fran\u00e7ois Bayrou s&rsquo;est oppos\u00e9 \u00e0 un retour du d\u00e9part \u00e0 la retraite \u00e0 62 ans, affirmant que cette option n&rsquo;\u00e9tait pas envisageable dans le \u00abcontexte international&hellip; <\/p>\n","protected":false},"author":1,"featured_media":4554,"comment_status":"open","ping_status":"open","sticky":false,"template":"","format":"standard","meta":{"footnotes":""},"categories":[1],"tags":[],"class_list":["post-4553","post","type-post","status-publish","format-standard","has-post-thumbnail","hentry","category-non-classe"],"_links":{"self":[{"href":"https:\/\/monde25.info\/index.php\/wp-json\/wp\/v2\/posts\/4553","targetHints":{"allow":["GET"]}}],"collection":[{"href":"https:\/\/monde25.info\/index.php\/wp-json\/wp\/v2\/posts"}],"about":[{"href":"https:\/\/monde25.info\/index.php\/wp-json\/wp\/v2\/types\/post"}],"author":[{"embeddable":true,"href":"https:\/\/monde25.info\/index.php\/wp-json\/wp\/v2\/users\/1"}],"replies":[{"embeddable":true,"href":"https:\/\/monde25.info\/index.php\/wp-json\/wp\/v2\/comments?post=4553"}],"version-history":[{"count":0,"href":"https:\/\/monde25.info\/index.php\/wp-json\/wp\/v2\/posts\/4553\/revisions"}],"wp:featuredmedia":[{"embeddable":true,"href":"https:\/\/monde25.info\/index.php\/wp-json\/wp\/v2\/media\/4554"}],"wp:attachment":[{"href":"https:\/\/monde25.info\/index.php\/wp-json\/wp\/v2\/media?parent=4553"}],"wp:term":[{"taxonomy":"category","embeddable":true,"href":"https:\/\/monde25.info\/index.php\/wp-json\/wp\/v2\/categories?post=4553"},{"taxonomy":"post_tag","embeddable":true,"href":"https:\/\/monde25.info\/index.php\/wp-json\/wp\/v2\/tags?post=4553"}],"curies":[{"name":"wp","href":"https:\/\/api.w.org\/{rel}","templated":true}]}}