{"id":4555,"date":"2025-03-16T14:46:27","date_gmt":"2025-03-16T13:46:27","guid":{"rendered":"https:\/\/monde25.info\/index.php\/2025\/03\/16\/paris-lyon-et-marseille-la-bataille-autour-du-mode-de-scrutin\/"},"modified":"2025-03-16T14:46:27","modified_gmt":"2025-03-16T13:46:27","slug":"paris-lyon-et-marseille-la-bataille-autour-du-mode-de-scrutin","status":"publish","type":"post","link":"https:\/\/monde25.info\/index.php\/2025\/03\/16\/paris-lyon-et-marseille-la-bataille-autour-du-mode-de-scrutin\/","title":{"rendered":"Paris, Lyon et Marseille\u00a0: la bataille autour du mode de scrutin"},"content":{"rendered":"<p> <br \/>\n<\/p>\n<div>\n<p class=\"dropcap-wrapper\"><span aria-hidden=\"true\" data-nosnippet=\"\"><span class=\"dropcap\">C<\/span>omment<\/span><span class=\"screen-reader-only\">Comment<\/span> les maires de Paris, Lyon (Rh\u00f4ne) et Marseille (Bouches-du-Rh\u00f4ne) seront-ils d\u00e9sign\u00e9s aux prochaines municipales\u00a0? L\u2019incertitude plane, alors qu\u2019une proposition de loi portant un changement de mode de scrutin est sur la table, mais toujours pas adopt\u00e9e. Elle vise \u00e0 permettre une \u00e9lection directe par les citoyen\u00b7nes des \u00e9diles de ces trois grandes villes. Depuis une loi adopt\u00e9e en 1982, ceux-ci sont en effet choisis par des \u00e9lu\u00b7es des mairies d\u2019arrondissement (\u00e0 Paris et Lyon) ou de secteur (\u00e0 Marseille).<\/p>\n<p>Le texte, qui promet un retour au droit commun et la restauration du <i>\u00ab\u00a0principe d\u00e9mocratique qui s\u2019applique dans les 35\u00a0000 communes de France\u00a0\u00bb<\/i>, pose un d\u00e9bat int\u00e9ressant. Il para\u00eet cependant <a target=\"_blank\" href=\"https:\/\/www.politico.eu\/newsletter\/playbook-paris\/plm-en-pls\/\" target=\"_blank\" rel=\"noopener\">mal emmanch\u00e9<\/a>, en raison du faible soutien gouvernemental et de la difficult\u00e9 \u00e0 nouer un consensus entre forces politiques, elles-m\u00eames parfois divis\u00e9es entre les villes concern\u00e9es.\u00a0<\/p>\n<p>D\u00e9pos\u00e9e depuis plusieurs mois \u00e0 l\u2019Assembl\u00e9e nationale, la proposition de loi, dite \u00ab\u00a0PLM\u00a0\u00bb, devait \u00eatre examin\u00e9e mercredi 12 mars par la commission des lois. Un calendrier charg\u00e9 et, surtout, la persistance de points \u00e0 \u00e9claircir ont abouti au report de la discussion, qui aura finalement lieu le 2 avril en commission, puis le 7 en s\u00e9ance. Or le caract\u00e8re tardif de cet examen fait partie des arguments mobilis\u00e9s par les opposant\u00b7es au texte. $<\/p>\n<figure class=\"media media--image format-100-pcent _align:center orientation-landscape\" data-js=\"media\"><figcaption class=\"legend\">\n            Les frontons des mairies de Lyon, Marseille et Paris.                            <span class=\"legend-author\"> \u00a9\u00a0Photomontage Armel Baudet \/ Mediapart avec AFP<\/span><br \/>\n                    <\/figcaption><template data-template-media-modal=\"\"><br \/>\n    <button type=\"button\" class=\"media-modal-opener\"><br \/>\n        <svg xmlns=\"http:\/\/www.w3.org\/2000\/svg\" class=\"icon\" aria-hidden=\"true\" focusable=\"false\" height=\"16\" width=\"16\" viewbox=\"0 0 32 32\">  <path fill-rule=\"evenodd\" d=\"M7 25v-6.75h1.5V25H7Z\" clip-rule=\"evenodd\"\/>  <path fill-rule=\"evenodd\" d=\"M7 23.5h6.75V25H7v-1.5Z\" clip-rule=\"evenodd\"\/>  <path fill-rule=\"evenodd\" d=\"M13.894 19.166 8.061 25 7 23.94l5.834-5.834 1.06 1.06ZM25 7v6.75h-1.5V7H25Z\" clip-rule=\"evenodd\"\/>  <path fill-rule=\"evenodd\" d=\"M25 8.5h-6.75V7H25v1.5Z\" clip-rule=\"evenodd\"\/>  <path fill-rule=\"evenodd\" d=\"M18.106 12.834 23.939 7 25 8.06l-5.834 5.834-1.06-1.06Z\" clip-rule=\"evenodd\"\/><\/svg><br \/>\n        <span>Agrandir l\u2019image : Illustration 1<\/span><br \/>\n    <\/button><\/p>\n<p><\/template><br \/>\n<\/figure>\n<p>Le d\u00e9put\u00e9 de Paris Sylvain Maillard, issu du camp pr\u00e9sidentiel, qui porte le texte, garantit qu\u2019il n\u2019y a aucune fragilit\u00e9 juridique \u00e0 cet \u00e9gard et regrette qu\u2019aucun <i>\u00ab\u00a0argument ne [lui] soit apport\u00e9 sur le fond\u00a0\u00bb<\/i>. <i>\u00ab\u00a0Chaque voix devrait compter de la m\u00eame mani\u00e8re, dans une circonscription unique qui soit celle de la ville<\/i>,<i> <\/i>d\u00e9fend-il aupr\u00e8s de Mediapart. <i>Faute de quoi, on le voit aujourd\u2019hui, les maires privil\u00e9gient les mairies d\u2019arrondissement qui sont de leur couleur ou qui pourraient basculer en leur faveur. Un peu comme aux \u00c9tats-Unis, o\u00f9 l\u2019attention se porte sur les \u201cswing states\u201d lors de l\u2019\u00e9lection pr\u00e9sidentielle.\u00a0\u00bb\u00a0<\/i><\/p>\n<p>La comparaison se retrouve dans le chapitre d\u2019un ouvrage collectif publi\u00e9 il y a plus de vingt ans, sous la plume du politiste Bernard Dolez. <i>\u00ab\u00a0Toutes choses \u00e9gales par ailleurs<\/i>,<i> <\/i>a-t-il \u00e9crit dans <i>Le Vote des villes<\/i> (Presses de Sciences Po, 2002), <i>les municipales de mars 2001 ont montr\u00e9 que la loi PLM avait les m\u00eames propri\u00e9t\u00e9s que le mode de scrutin pr\u00e9sidentiel aux \u00c9tats-Unis.\u00a0\u00bb <\/i>Ces \u00e9lections ont en effet permis d\u2019observer deux effets dommageables de ce syst\u00e8me indirect, dans lequel l\u2019issue est tr\u00e8s d\u00e9pendante de la r\u00e9partition g\u00e9ographique des suffrages. <\/p>\n<h2 data-mediapart-role=\"subheading\" class=\"subheading\">Des difficult\u00e9s techniques et des d\u00e9bats de fond<\/h2>\n<p>Premi\u00e8rement, un camp politique peut l\u2019emporter en \u00e9tant majoritaire en si\u00e8ges dans suffisamment d\u2019arrondissements ou de secteurs, mais minoritaire en voix \u00e0 l\u2019\u00e9chelle de la ville. Ce sc\u00e9nario, qui s\u2019est produit dans les trois villes en 2001, s\u2019\u00e9tait d\u00e9j\u00e0 vu \u00e0 Marseille en 1983, au profit du socialiste <a target=\"_blank\" href=\"https:\/\/fr.wikipedia.org\/wiki\/Gaston_Defferre\">Gaston Defferre<\/a> \u2013\u00a0auteur, en tant que ministre de l\u2019int\u00e9rieur\u2026 de la loi PLM de 1982. Par d\u00e9finition, ce cas de figure est impossible dans les autres communes de France, o\u00f9 la liste qui rafle les si\u00e8ges est forc\u00e9ment celle qui est en t\u00eate du second tour.\u00a0<\/p>\n<aside data-mediapart-role=\"read-also\" class=\"read-also\" aria-label=\"\u00c0 lire aussi\">\n<header>\n    <svg xmlns=\"http:\/\/www.w3.org\/2000\/svg\" class=\"icon color:ui-alert\" aria-hidden=\"true\" focusable=\"false\" height=\"16\" width=\"16\" viewbox=\"0 0 32 32\">  <path fill-rule=\"evenodd\" d=\"M18.332 5.257a1 1 0 0 1 1.413.074l9 10a1 1 0 0 1 0 1.338l-9 10a1 1 0 0 1-1.487-1.338L25.756 17H4.001a1 1 0 1 1 0-2h21.755l-7.498-8.331a1 1 0 0 1 .075-1.412Z\" clip-rule=\"evenodd\"\/><\/svg><\/p>\n<p>\u00c0 lire aussi<\/p>\n<\/header>\n<article>\n            <a target=\"_blank\" data-smarttag=\"\" data-smarttag-name=\"a_lire_aussi\" data-smarttag-chapter1=\"recirculation\" data-smarttag-chapter2=\"corps_article\" data-smarttag-level2=\"9\" data-smarttag-type=\"navigation\" href=\"https:\/\/www.mediapart.fr\/journal\/politique\/160325\/municipales-2026-l-election-au-milieu-de-la-piece\"><br \/>\n                                                            <span class=\"media-container hidden@until-lg\" style=\"--aspect-ratio: 1.5; --media-src-lg: url('https:\/\/static.mediapart.fr\/etmagine\/read_also\/files\/2025\/03\/16\/250314-municipales-2026-l-election-au-milieu-de-la-piece.jpg');\"><br \/>\n                        <\/span><br \/>\n                                                    <span>Municipales 2026\u00a0: l\u2019\u00e9lection au milieu de la pi\u00e8ce<\/span><br \/>\n            <\/a><\/p>\n<\/article>\n<\/aside>\n<p>Deuxi\u00e8mement, le scrutin peut se jouer \u00e0 quelques voix dans un arrondissement ou un secteur d\u00e9cisif. Cela leur conf\u00e8re un plus grand poids qu\u2019\u00e0 d\u2019autres et peut aussi mettre en position de \u00ab\u00a0faiseuse de roi\u00a0\u00bb une force ayant une implantation hyperlocale. C\u2019est ce qu\u2019il s\u2019est produit \u00e0 Marseille en 2020. Pour gouverner la ville, le Printemps marseillais a \u00e9t\u00e9 d\u00e9pendant de l\u2019appui de Samia Ghali, \u00e9lue dans les quartiers nord. Sans son appui post\u00e9rieur au second tour, avec les si\u00e8ges qu\u2019elle d\u00e9tenait dans son secteur, la droite aurait pu prolonger son r\u00e8gne.\u00a0<\/p>\n<p>Permettre l\u2019\u00e9lection des maires de Paris, Lyon et Marseille au suffrage universel direct semble \u00eatre une mesure de bon sens. Les forces historiquement les moins implant\u00e9es localement, le Rassemblement national (RN) et La France insoumise (LFI), y sont favorables. C\u2019est aussi le cas des socialistes marseillais, ainsi que le confirme le d\u00e9put\u00e9 Laurent Lhardit\u00a0: <i>\u00ab\u00a0L\u2019initiative vient du camp pr\u00e9sidentiel et d\u2019\u00e9lus de droite de Paris, mais le principe du retour au droit commun nous convient. Depuis les ann\u00e9es 1990, il a \u00e9t\u00e9 d\u00e9fendu avec constance par l\u2019opposition de gauche \u00e0 Marseille.\u00a0\u00bb<\/i><\/p>\n<p>Des probl\u00e8mes sont toutefois soulev\u00e9s par des \u00e9lu\u00b7es de tendances diverses, qui d\u00e9plorent un texte mal ficel\u00e9, port\u00e9 par des parlementaires dont ils soup\u00e7onnent les arri\u00e8re-pens\u00e9es \u00e9lectorales.\u00a0<\/p>\n<p><i>\u00ab\u00a0Les macronistes<\/i>, cingle C\u00e9line Hervieu, d\u00e9put\u00e9e parisienne du Parti socialiste (PS), <i>ont mis Lyon et Marseille dans la proposition parce que le contraire aurait \u00e9t\u00e9 trop gros, mais ils ciblent bien la capitale, o\u00f9 ils ne font que perdre leurs \u00e9lections et cherchent un moyen d\u2019y am\u00e9liorer leurs performances.\u00a0\u00bb <\/i>Selon elle, le principal d\u00e9faut du texte serait de mettre fin \u00e0 <i>\u00ab\u00a0la coh\u00e9rence n\u00e9cessaire entre les \u00e9lus au conseil d\u2019arrondissement et ceux du conseil de Paris\u00a0\u00bb<\/i>.\u00a0<\/p>\n<aside data-mediapart-role=\"highlight\" class=\"highlight\">\n<p>La r\u00e9forme de la loi \u00ab\u00a0PLM\u00a0\u00bb met en lumi\u00e8re les d\u00e9fauts du mode de scrutin ordinaire des municipales, qui tend \u00e0 \u00e9craser le pluralisme.\u00a0<\/p>\n<\/aside>\n<p>Puisqu\u2019il y aurait deux urnes, l\u2019une pour la mairie d\u2019arrondissement et l\u2019autre pour la mairie centrale, <i>\u00ab\u00a0des arrondissements pourraient ne pas \u00eatre repr\u00e9sent\u00e9s au conseil de Paris et ce dernier pourrait ne plus avoir de droit de regard sur les politiques qui y sont men\u00e9es\u00a0\u00bb<\/i>,<i> <\/i>alerte-t-elle. <i>\u00ab\u00a0Ce lien organique est important<\/i>, abonde L\u00e9a Balage El Mariki, d\u00e9put\u00e9e \u00e9cologiste \u00e0 Paris, <i>car les arrondissements ont des d\u00e9l\u00e9gations de pouvoir, par exemple sur la propret\u00e9.\u00a0\u00bb <\/i>M\u00eame des \u00e9lu\u00b7es parisien\u00b7nes du parti Les R\u00e9publicains (LR) s\u2019en sont \u00e9mu\u00b7es. <\/p>\n<p>\u00c0 ce stade, Sylvain Maillard r\u00e9torque que <i>\u00ab\u00a0les maires d\u2019arrondissement si\u00e8geront bien au Conseil de Paris\u00a0\u00bb<\/i>. Son autre probl\u00e8me concerne la ville de Lyon, o\u00f9 deux urnes sont d\u00e9j\u00e0 utilis\u00e9es, puisque les Lyonnais\u00b7es sont les seul\u00b7es \u00e0 \u00e9lire au suffrage universel direct leur conseil m\u00e9tropolitain. C\u2019est une condition n\u00e9cessaire pour la bonne appropriation de cet \u00e9chelon crucial d\u2019action publique, mais sur place, personne ne veut se retrouver avec trois urnes \u00e0 g\u00e9rer lors des prochaines municipales. Ce point devrait \u00eatre r\u00e9solu d\u2019ici d\u00e9but avril.\u00a0<\/p>\n<p>Reste enfin la question de la prime majoritaire pour composer les conseils \u00e0 l\u2019\u00e9chelle des mairies centrales. Dans les arrondissements comme ailleurs en France, la liste arriv\u00e9e en t\u00eate du second tour rafle la moiti\u00e9 des si\u00e8ges et le reste est distribu\u00e9 \u00e0 la proportionnelle. Dans sa version actuelle, la proposition de loi dispose que la liste gagnante n\u2019obtiendrait que 25\u00a0% des si\u00e8ges avant la r\u00e9partition \u00e0 la proportionnelle, afin que les oppositions soient mieux repr\u00e9sent\u00e9es. <i>\u00ab\u00a0Mais il n\u2019y a pas de ligne rouge sur la question\u00a0\u00bb<\/i>, pr\u00e9cise Sylvain Maillard.\u00a0<\/p>\n<h2 data-mediapart-role=\"subheading\" class=\"subheading\">La question des intercommunalit\u00e9s<\/h2>\n<p>Si des r\u00e9sistances sont \u00e0 attendre du c\u00f4t\u00e9 de la droite, il y en a aussi curieusement de la part des \u00c9cologistes. <i>\u00ab\u00a0On est en train de cr\u00e9er une disposition particuli\u00e8re dans un texte cens\u00e9 faire rentrer ces villes dans le droit commun<\/i>,<i> <\/i>explique L\u00e9a Balage El Mariki. <i>En ce qui concerne les \u00c9cologistes, nous serions plut\u00f4t favorables \u00e0 g\u00e9n\u00e9raliser la prime de 25\u00a0% \u00e0 toutes les communes de plus de 3\u00a0500 habitants.\u00a0\u00bb\u00a0<\/i><\/p>\n<p>La r\u00e9forme de la loi \u00ab\u00a0PLM\u00a0\u00bb fournit ainsi l\u2019occasion de mettre en lumi\u00e8re les d\u00e9fauts du mode de scrutin ordinaire des municipales. Celui-ci tend \u00e0 \u00e9craser la repr\u00e9sentation des oppositions et donc le pluralisme. La faible culture de partage du pouvoir, point\u00e9e ces derniers temps au niveau national, s\u2019enracine en r\u00e9alit\u00e9 aussi <a target=\"_blank\" href=\"https:\/\/www.mediapart.fr\/journal\/france\/260422\/le-systeme-electoral-represente-de-moins-en-moins-les-francais\">dans les collectivit\u00e9s locales<\/a>. Il s\u2019agit cependant d\u2019un vaste chantier sur lequel les opinions sont loin d\u2019\u00eatre align\u00e9es.\u00a0<\/p>\n<aside data-mediapart-role=\"read-also\" class=\"read-also\" aria-label=\"\u00c0 lire aussi\">\n<header>\n    <svg xmlns=\"http:\/\/www.w3.org\/2000\/svg\" class=\"icon color:ui-alert\" aria-hidden=\"true\" focusable=\"false\" height=\"16\" width=\"16\" viewbox=\"0 0 32 32\">  <path fill-rule=\"evenodd\" d=\"M18.332 5.257a1 1 0 0 1 1.413.074l9 10a1 1 0 0 1 0 1.338l-9 10a1 1 0 0 1-1.487-1.338L25.756 17H4.001a1 1 0 1 1 0-2h21.755l-7.498-8.331a1 1 0 0 1 .075-1.412Z\" clip-rule=\"evenodd\"\/><\/svg><\/p>\n<p>\u00c0 lire aussi<\/p>\n<\/header>\n<article>\n            <a target=\"_blank\" data-smarttag=\"\" data-smarttag-name=\"a_lire_aussi\" data-smarttag-chapter1=\"recirculation\" data-smarttag-chapter2=\"corps_article\" data-smarttag-level2=\"9\" data-smarttag-type=\"navigation\" href=\"https:\/\/www.mediapart.fr\/journal\/france\/030220\/metropoles-et-intercos-les-lacunes-de-la-democratie-locale\"><br \/>\n                                                            <span class=\"media-container hidden@until-lg\" style=\"--aspect-ratio: 1.7777777777778; --media-src-lg: url('https:\/\/static.mediapart.fr\/etmagine\/read_also\/files\/2020\/01\/28\/les-voies-du-pouvoir-04-image.png');\"><br \/>\n                        <\/span><br \/>\n                                                    <span>M\u00e9tropoles et \u00abintercos\u00bb: les lacunes de la d\u00e9mocratie locale<\/span><br \/>\n            <\/a><\/p>\n<\/article>\n<article>\n            <a target=\"_blank\" data-smarttag=\"\" data-smarttag-name=\"a_lire_aussi\" data-smarttag-chapter1=\"recirculation\" data-smarttag-chapter2=\"corps_article\" data-smarttag-level2=\"9\" data-smarttag-type=\"navigation\" href=\"https:\/\/www.mediapart.fr\/journal\/france\/030220\/remi-lefebvre-ces-elections-municipales-sont-un-trompe-l-oeil-democratique\"><br \/>\n                                <span>R\u00e9mi Lefebvre: \u00abCes \u00e9lections municipales sont un trompe-l\u2019\u0153il d\u00e9mocratique\u00bb<\/span><br \/>\n            <\/a><\/p>\n<\/article>\n<\/aside>\n<p>De la m\u00eame fa\u00e7on, le probl\u00e8me pos\u00e9 par le cas lyonnais, dans le cadre de cette proposition de loi, r\u00e9v\u00e8le surtout que les \u00e9lu\u00b7es des 1\u00a0200 autres intercommunalit\u00e9s du pays sont d\u00e9sign\u00e9\u00b7es presque \u00ab\u00a0sans le savoir\u00a0\u00bb par l\u2019\u00e9lectorat. Gr\u00e2ce \u00e0 la technique dite du \u00ab\u00a0fl\u00e9chage\u00a0\u00bb, celui-ci continue de ne d\u00e9poser qu\u2019un seul bulletin dans une seule urne, en ayant avant tout en t\u00eate l\u2019espace communal. Alors que ce faisant, il d\u00e9signe aussi des \u00e9lu\u00b7es \u00e0 un niveau de gouvernance encore plus d\u00e9cisif, mais mal connu.\u00a0<\/p>\n<p><i>\u00ab\u00a0Le scrutin communautaire [est dissous] dans le scrutin municipal<\/i>, regrettait Bernard Dolez <a target=\"_blank\" href=\"https:\/\/www.latribune.fr\/opinions\/tribunes\/reforme-du-scrutin-municipal-ce-qui-vaut-pour-paris-vaut-aussi-pour-les-1200-intercommunalites-du-pays-980722.html\">dans une tribune r\u00e9cente<\/a>. <i>Pendant la campagne \u00e9lectorale, les enjeux intercommunaux sont occult\u00e9s. Le pr\u00e9sident de l\u2019intercommunalit\u00e9 est souvent \u00e9lu au terme de transactions dont les enjeux \u00e9chappent aux citoyens. Au terme de son mandat, il n\u2019a aucun compte \u00e0 rendre aux \u00e9lecteurs.\u00a0\u00bb <\/i>Selon le politiste, la proposition d\u2019avoir des urnes s\u00e9par\u00e9es pour diff\u00e9rents \u00e9chelons territoriaux doit valoir sur l\u2019ensemble du territoire, et pas seulement pour corriger les probl\u00e8mes propres \u00e0 Paris, Lyon et Marseille.\u00a0<\/p>\n<p>Que le texte dit \u00ab\u00a0PLM\u00a0\u00bb soit adopt\u00e9 ou \u00e9choue en cours de route, ce qui reste fort probable, il aura tout d\u2019une occasion manqu\u00e9e. Traitant d\u2019un vrai probl\u00e8me de fond, que personne ne s\u2019\u00e9tait empress\u00e9 de traiter jusque-l\u00e0, il se sera concentr\u00e9 sur trois grandes villes seulement, alors que les lacunes de la d\u00e9mocratie locale m\u00e9ritent d\u2019\u00eatre corrig\u00e9es sur l\u2019ensemble du territoire.\u00a0<\/p>\n<\/p><\/div>\n<p><br \/>\n<br \/><a href=\"https:\/\/www.mediapart.fr\/journal\/politique\/160325\/paris-lyon-et-marseille-la-bataille-autour-du-mode-de-scrutin\" target=\"_blank\"\">Source link <\/a><\/p>\n","protected":false},"excerpt":{"rendered":"<p>CommentComment les maires de Paris, Lyon (Rh\u00f4ne) et Marseille (Bouches-du-Rh\u00f4ne) seront-ils d\u00e9sign\u00e9s aux prochaines municipales\u00a0? L\u2019incertitude plane, alors qu\u2019une proposition de loi portant un changement de mode de scrutin est&hellip; <\/p>\n","protected":false},"author":1,"featured_media":4556,"comment_status":"open","ping_status":"open","sticky":false,"template":"","format":"standard","meta":{"footnotes":""},"categories":[1],"tags":[],"class_list":["post-4555","post","type-post","status-publish","format-standard","has-post-thumbnail","hentry","category-non-classe"],"_links":{"self":[{"href":"https:\/\/monde25.info\/index.php\/wp-json\/wp\/v2\/posts\/4555","targetHints":{"allow":["GET"]}}],"collection":[{"href":"https:\/\/monde25.info\/index.php\/wp-json\/wp\/v2\/posts"}],"about":[{"href":"https:\/\/monde25.info\/index.php\/wp-json\/wp\/v2\/types\/post"}],"author":[{"embeddable":true,"href":"https:\/\/monde25.info\/index.php\/wp-json\/wp\/v2\/users\/1"}],"replies":[{"embeddable":true,"href":"https:\/\/monde25.info\/index.php\/wp-json\/wp\/v2\/comments?post=4555"}],"version-history":[{"count":0,"href":"https:\/\/monde25.info\/index.php\/wp-json\/wp\/v2\/posts\/4555\/revisions"}],"wp:featuredmedia":[{"embeddable":true,"href":"https:\/\/monde25.info\/index.php\/wp-json\/wp\/v2\/media\/4556"}],"wp:attachment":[{"href":"https:\/\/monde25.info\/index.php\/wp-json\/wp\/v2\/media?parent=4555"}],"wp:term":[{"taxonomy":"category","embeddable":true,"href":"https:\/\/monde25.info\/index.php\/wp-json\/wp\/v2\/categories?post=4555"},{"taxonomy":"post_tag","embeddable":true,"href":"https:\/\/monde25.info\/index.php\/wp-json\/wp\/v2\/tags?post=4555"}],"curies":[{"name":"wp","href":"https:\/\/api.w.org\/{rel}","templated":true}]}}