{"id":4557,"date":"2025-03-16T15:20:38","date_gmt":"2025-03-16T14:20:38","guid":{"rendered":"https:\/\/monde25.info\/index.php\/2025\/03\/16\/jardinage-attention-risque-damende-de-150-000-euros-si-vous-taillez-vos-haies-apres-le-15-mars\/"},"modified":"2025-03-16T15:20:38","modified_gmt":"2025-03-16T14:20:38","slug":"jardinage-attention-risque-damende-de-150-000-euros-si-vous-taillez-vos-haies-apres-le-15-mars","status":"publish","type":"post","link":"https:\/\/monde25.info\/index.php\/2025\/03\/16\/jardinage-attention-risque-damende-de-150-000-euros-si-vous-taillez-vos-haies-apres-le-15-mars\/","title":{"rendered":"Jardinage : attention risque d\u2019amende de 150.000 euros si vous taillez vos haies apr\u00e8s le 15 mars !"},"content":{"rendered":"<p> <br \/>\n<\/p>\n<div>\n<div class=\"intro-text\">\n<p><span class=\"dropcap \" style=\"background-color: #ffffff; color: #000000; border-color: #ffffff;\"><strong>N<\/strong><\/span>on, vous pouvez le v\u00e9rifier, ce n\u2019est pas encore le 1er avril ! On peut se prendre une amende de 150.000 \u20ac en France pour une haie taill\u00e9e \u00e0 partir du 15 mars car \u00e7a fait bobo aux oiseaux ! Par contre, si tu fais mal \u00e0 ta femme, tu prends du sursis et 10.000\u20ac d\u2019amende <a target=\"_blank\" href=\"https:\/\/www.nicematin.com\/justice\/stephane-plaza-condamne-a-18-mois-de-prison-avec-sursis-et-10000-euros-d-amende-pour-violences-conjugales-966938\">comme ce fut le cas pour S. Plaza<\/a>. En d\u2019autres termes, en France, la vie des b\u00eates est plus pr\u00e9cieuse que celle des humains. C\u2019est la justice qui le dit et qui le met en pratique quotidiennement.<\/p>\n<\/div>\n<hr\/>\n<blockquote>\n<p class=\"article-full__chapo \"><strong><span class=\"dropcap \" style=\"background-color: #ffffff; color: #1e73be; border-color: #ffffff;\">Q<\/span>ue l\u2019on risque une amende ou pas, il n\u2019est pas recommand\u00e9 de tailler ses haies apr\u00e8s ce samedi 15 mars. On vous explique pourquoi.<\/strong><\/p>\n<p>Si vous comptiez tailler vos haies, il risque d\u2019\u00eatre d\u00e9j\u00e0 trop tard pour ce printemps.\u00a0Apr\u00e8s ce samedi 15\u00a0mars 2025, si vous le faites, vous risquez en effet une amende dans certains cas tr\u00e8s pr\u00e9cis. Si vous n\u2019\u00eates pas sanctionnable, il n\u2019est, de toute fa\u00e7on, pas recommand\u00e9 de le faire.<\/p>\n<p>En effet, du 15\u00a0mars au 31\u00a0juillet, il est fortement recommand\u00e9 de ne plus tailler ses haies et ses autres arbustes. La raison est d\u2019ordre environnemental et pr\u00e9conis\u00e9e par la LPO (Ligue pour la protection des oiseaux). Tailler les haies durant cette p\u00e9riode porterait pr\u00e9judice aux nombreuses esp\u00e8ces (merle noir, rouge-gorge, verdier d\u2019Europe, pinson\u2026) qui viennent s\u2019y nicher. En taillant vos haies et arbustes durant cette p\u00e9riode \u00ab\u00a0prot\u00e9g\u00e9e\u00a0\u00bb, vous risquez de d\u00e9truire leur habitat naturel et de mettre en danger les oisillons.<\/p>\n<hr\/>\n<h6><span class=\"article-full__media-legend\">Photo d\u2019illustration : Gare aux sanctions si la taille des haies intervient apr\u00e8s le 15 mars.<\/span>\u00a0<span class=\"article-full__media-author\">MAXPPP \u2013 Philippe Turpin<\/span><\/h6>\n<hr\/>\n<p><span class=\"author-name\"><a target=\"_blank\" href=\"https:\/\/www.lindependant.fr\/auteur\/stephane-sicard-2\">St\u00e9phane Sicard<\/a><\/span><\/p>\n<p><a target=\"_blank\" href=\"https:\/\/www.lindependant.fr\/2025\/03\/15\/jardinage-il-y-a-bien-un-risque-damende-de-150000-euros-si-on-taille-ses-haies-apres-le-15-mars-mais-pas-pour-tout-le-monde-12570727.php\"><img data-recalc-dims=\"1\" loading=\"lazy\" decoding=\"async\" class=\"\" data-pagespeed-lazy-src=\"https:\/\/i0.wp.com\/assets.lindependant.fr\/img\/logos\/logo.png?resize=192%2C29&amp;ssl=1\" alt=\"Jardinage\u00a0: Il y a bien un risque d\u2019amende de 150.000 euros si on taille ses haies apr\u00e8s le 15\u00a0mars\u2026 mais pas pour tout le monde\" width=\"192\" height=\"29\" src=\"\/pagespeed_static\/1.JiBnMqyl6S.gif\" onload=\"pagespeed.lazyLoadImages.loadIfVisibleAndMaybeBeacon(this);\" onerror=\"this.onerror=null;pagespeed.lazyLoadImages.loadIfVisibleAndMaybeBeacon(this);\"\/><\/a><\/p>\n<h6>15 mars 2025<\/h6>\n<\/blockquote>\n<\/div>\n<p><br \/>\n<br \/><a href=\"https:\/\/www.lelibrepenseur.org\/jardinage-attention-risque-damende-de-150-000-euros-si-vous-taillez-vos-haies-apres-le-15-mars\/\" target=\"_blank\"\">Source link <\/a><\/p>\n","protected":false},"excerpt":{"rendered":"<p>Non, vous pouvez le v\u00e9rifier, ce n\u2019est pas encore le 1er avril ! On peut se prendre une amende de 150.000 \u20ac en France pour une haie taill\u00e9e \u00e0 partir&hellip; <\/p>\n","protected":false},"author":1,"featured_media":0,"comment_status":"open","ping_status":"open","sticky":false,"template":"","format":"standard","meta":{"footnotes":""},"categories":[1],"tags":[],"class_list":["post-4557","post","type-post","status-publish","format-standard","hentry","category-non-classe"],"_links":{"self":[{"href":"https:\/\/monde25.info\/index.php\/wp-json\/wp\/v2\/posts\/4557","targetHints":{"allow":["GET"]}}],"collection":[{"href":"https:\/\/monde25.info\/index.php\/wp-json\/wp\/v2\/posts"}],"about":[{"href":"https:\/\/monde25.info\/index.php\/wp-json\/wp\/v2\/types\/post"}],"author":[{"embeddable":true,"href":"https:\/\/monde25.info\/index.php\/wp-json\/wp\/v2\/users\/1"}],"replies":[{"embeddable":true,"href":"https:\/\/monde25.info\/index.php\/wp-json\/wp\/v2\/comments?post=4557"}],"version-history":[{"count":0,"href":"https:\/\/monde25.info\/index.php\/wp-json\/wp\/v2\/posts\/4557\/revisions"}],"wp:attachment":[{"href":"https:\/\/monde25.info\/index.php\/wp-json\/wp\/v2\/media?parent=4557"}],"wp:term":[{"taxonomy":"category","embeddable":true,"href":"https:\/\/monde25.info\/index.php\/wp-json\/wp\/v2\/categories?post=4557"},{"taxonomy":"post_tag","embeddable":true,"href":"https:\/\/monde25.info\/index.php\/wp-json\/wp\/v2\/tags?post=4557"}],"curies":[{"name":"wp","href":"https:\/\/api.w.org\/{rel}","templated":true}]}}