{"id":4558,"date":"2025-03-16T15:53:11","date_gmt":"2025-03-16T14:53:11","guid":{"rendered":"https:\/\/monde25.info\/index.php\/2025\/03\/16\/les-kurdes-syriens-changent-de-vecteur-politique-les-moutons-enrages\/"},"modified":"2025-03-16T15:53:11","modified_gmt":"2025-03-16T14:53:11","slug":"les-kurdes-syriens-changent-de-vecteur-politique-les-moutons-enrages","status":"publish","type":"post","link":"https:\/\/monde25.info\/index.php\/2025\/03\/16\/les-kurdes-syriens-changent-de-vecteur-politique-les-moutons-enrages\/","title":{"rendered":"Les Kurdes syriens changent de vecteur politique \u2013 Les moutons enrag\u00e9s"},"content":{"rendered":"<p> <br \/>\n<\/p>\n<div>\n<p>Par <em>Thierry Bertrand<\/em> pour<a target=\"_blank\" href=\"https:\/\/www.observateur-continental.fr\/?module=articles&amp;action=view&amp;id=6734\" data-type=\"link\" data-id=\"https:\/\/www.observateur-continental.fr\/?module=articles&amp;action=view&amp;id=6734\"> Observateur continental<\/a><\/p>\n<div class=\"wp-block-image\">\n<figure class=\"aligncenter size-large\"><img fetchpriority=\"high\" decoding=\"async\" width=\"440\" height=\"330\" src=\"https:\/\/lesmoutonsenrages.fr\/wp-content\/uploads\/2025\/03\/image-61-440x330.png\" alt=\"\" class=\"wp-image-165908\" srcset=\"https:\/\/lesmoutonsenrages.fr\/wp-content\/uploads\/2025\/03\/image-61-440x330.png 440w, https:\/\/lesmoutonsenrages.fr\/wp-content\/uploads\/2025\/03\/image-61-250x187.png 250w, https:\/\/lesmoutonsenrages.fr\/wp-content\/uploads\/2025\/03\/image-61-150x112.png 150w, https:\/\/lesmoutonsenrages.fr\/wp-content\/uploads\/2025\/03\/image-61.png 746w\" sizes=\"(max-width: 440px) 100vw, 440px\"\/><\/figure>\n<\/div>\n<p><strong>Le gouvernement de transition syrien a conclu un accord assez inattendu avec les formations arm\u00e9es kurdes concernant leur int\u00e9gration dans les institutions de l\u2019\u00c9tat. Cela s\u2019est produit dans le cadre des efforts visant \u00e0 unifier les diff\u00e9rentes communaut\u00e9s du pays apr\u00e8s une d\u00e9cennie de guerre civile et sur fond d\u2019affrontements entre les forces gouvernementales et les Alaouites syriens, qui vivent de fa\u00e7on compacte dans les provinces de Lattaqui\u00e9 et Tartous. En s\u2019unissant avec les nouvelles autorit\u00e9s syriennes, les Forces d\u00e9mocratiques syriennes (FDS) tentent d\u2019\u00e9viter une guerre avec les Turcs.<\/strong>\u00a0<\/p>\n<p><span id=\"more-165907\"\/><\/p>\n<p>Le 10 mars 2025 \u00e0 Damas, le commandant des FDS pro-am\u00e9ricaines kurdes, Mazloum Abdi, et le chef du gouvernement de transition syrien, Ahmed al-Charaa, ont sign\u00e9 <a target=\"_blank\" href=\"https:\/\/sana.sy\/fr\/?p=333089\" target=\"_blank\" rel=\"noreferrer noopener\">un accord<\/a> sur l\u2019int\u00e9gration de toutes les structures politiques et organes militaires de la communaut\u00e9 kurde dans les institutions de la R\u00e9publique arabe syrienne.\u00a0<\/p>\n<p>L\u2019accord affirme \u00e9galement que \u00ab\u00a0la communaut\u00e9 kurde est une composante essentielle de l\u2019\u00c9tat syrien\u00a0\u00bb, qui \u00ab\u00a0garantit son droit \u00e0 la citoyennet\u00e9 et l\u2019ensemble de ses droits constitutionnels\u00a0\u00bb, tout en rejetant \u00ab\u00a0les appels \u00e0 la division, les discours de haine et les tentatives de semer la discorde entre les diff\u00e9rentes composantes de la soci\u00e9t\u00e9 syrienne.\u00a0\u00bb\u00a0<\/p>\n<p>L\u2019administration autonome kurde et les FDS int\u00e8grent \u00ab\u00a0toutes les institutions civiles et militaires du nord-est de la Syrie au sein de l\u2019administration de l\u2019\u00c9tat syrien, y compris les postes-fronti\u00e8res, les a\u00e9roports ainsi que les champs p\u00e9troliers et gaziers\u00a0\u00bb. Les parties garantissent leur coop\u00e9ration pour le retour des r\u00e9fugi\u00e9s et des personnes d\u00e9plac\u00e9es dans leurs lieux de r\u00e9sidence, en assurant leur s\u00e9curit\u00e9.\u00a0<\/p>\n<p>Les unit\u00e9s des FDS kurdes rejoindront les Forces de s\u00e9curit\u00e9 int\u00e9rieure sous l\u2019autorit\u00e9 du gouvernement de transition syrien et s\u2019engagent \u00e0 soutenir les nouvelles autorit\u00e9s syriennes \u00ab\u00a0dans la lutte contre les partisans d\u2019Assad et d\u2019autres facteurs qui menacent l\u2019unit\u00e9 et la s\u00e9curit\u00e9 de la Syrie\u00a0\u00bb.\u00a0<\/p>\n<p>Selon l\u2019entente, cet accord doit \u00eatre mis en \u0153uvre \u00ab\u00a0d\u2019ici la fin de l\u2019ann\u00e9e 2025\u00a0\u00bb.\u00a0<\/p>\n<p>Les parties partent du principe que la mise en \u0153uvre de ce document n\u00e9cessitera une longue concertation sur des dispositions sp\u00e9cifiques, l\u2019\u00e9laboration de moyens et de formes d\u2019unification des organes de gouvernance, des structures de s\u00e9curit\u00e9, des entit\u00e9s \u00e9conomiques et administratives qui satisferont les signataires. Il faudra \u00e9galement du temps pour coordonner, \u00e9laborer et adopter de nouvelles lois, y compris une Constitution, qui pr\u00e9voirait la place, les droits et les devoirs des repr\u00e9sentants du peuple kurde dans l\u2019\u00c9tat.\u00a0<\/p>\n<p>L\u2019actuel gouvernement du pays a manifest\u00e9 au d\u00e9but une attitude hostile envers les FDS, exigeant d\u2019elles d\u00e9but janvier 2025 qu\u2019elles d\u00e9posent les armes. Dans cette exigence, on sentait l\u2019influence de la Turquie. Mais ensuite tout a chang\u00e9, et l\u2019initiative avec la proposition d\u2019int\u00e9gration des Kurdes syriens dans la structure \u00e9tatique post-Assad venait d\u2019eux-m\u00eames. Au d\u00e9but, cette initiative a \u00e9t\u00e9 accueillie par les nouvelles autorit\u00e9s syriennes avec m\u00e9fiance et incompr\u00e9hension. Ainsi, al-Charaa, sous l\u2019influence de la direction de l\u2019opposition syrienne bas\u00e9e en Turquie, n\u2019a pas invit\u00e9 les repr\u00e9sentants des FDS \u00e0 la Conf\u00e9rence du dialogue national qui <a target=\"_blank\" href=\"https:\/\/www.diplomatie.gouv.fr\/fr\/dossiers-pays\/syrie\/evenements\/actualites-2025\/article\/syrie-conference-du-dialogue-national-27-02-25\" target=\"_blank\" rel=\"noreferrer noopener\">s\u2019est tenue<\/a> \u00e0 Damas les 24-25 f\u00e9vrier, \u00e0 laquelle ont particip\u00e9 plus de 600 d\u00e9l\u00e9gu\u00e9s de diverses organisations politiques oppos\u00e9es \u00e0 l\u2019ancien r\u00e9gime et provenant de toutes les r\u00e9gions de Syrie. Les Kurdes n\u2019ont pas reconnu les r\u00e9sultats du forum, les ont critiqu\u00e9s et ont refus\u00e9 d\u2019appliquer les d\u00e9cisions prises \u00e0 Damas. En r\u00e9ponse, ils ont men\u00e9 le 27 f\u00e9vrier leur propre dialogue sur l\u2019avenir du pays.\u00a0<\/p>\n<p>Sur fond de d\u00e9saccords apparus et intensifi\u00e9s durant cette p\u00e9riode avec les Druzes, une autre communaut\u00e9 ethnique, al-Charaa a \u00e9t\u00e9 contraint de tenir compte des initiatives des Kurdes, qui maintiennent actuellement sous leur contr\u00f4le environ un quart de tout le territoire du pays, y compris les principaux gisements de p\u00e9trole et de gaz, ainsi que les ressources en eau. Il est probable que le nouveau gouvernement \u00e0 Damas a subi une pression assez forte de la part des \u00c9tats-Unis, de l\u2019Arabie saoudite et de l\u2019Europe occidentale en faveur de la reconnaissance des Kurdes.\u00a0<\/p>\n<p>L\u2019ancien dirigeant de Hayat Tahrir al-Cham et du Front al-Nosra, d\u00e9sormais chef d\u2019\u00c9tat, a d\u00fb tenir compte de la pr\u00e9sence dans les formations des FDS de plus de 40.000 combattants et sp\u00e9cialistes militaires bien arm\u00e9s et form\u00e9s. Al-Charaa a d\u00fb choisir entre la Turquie et les \u00c9tats-Unis avec l\u2019Arabie saoudite comme partenaires.\u00a0<\/p>\n<p>Les analystes occidentaux et moyen-orientaux ont accueilli l\u2019accord des nouvelles autorit\u00e9s \u00e0 Damas avec les Kurdes syriens de mani\u00e8re assez r\u00e9serv\u00e9e, compte tenu de la situation qui reste extr\u00eamement dynamique en R\u00e9publique arabe syrienne et de l\u2019influence d\u00e9terminante de la Turquie sur le gouvernement d\u2019al-Charaa. Le d\u00e9nominateur commun de l\u2019opinion des experts sur cette question peut se r\u00e9sumer au fait que les Kurdes ont fait un pas forc\u00e9 face \u00e0 la menace d\u2019invasion de l\u2019arm\u00e9e turque dans les provinces du nord de la Syrie depuis la fin de l\u2019ann\u00e9e derni\u00e8re et d\u2019une d\u00e9faite totale r\u00e9sultant de l\u2019op\u00e9ration transfrontali\u00e8re d\u2019Ankara.\u00a0<\/p>\n<p>La mise en \u0153uvre pratique de l\u2019accord reste tr\u00e8s incertaine, d\u2019autant plus que le d\u00e9lai de son ex\u00e9cution, c\u2019est-\u00e0-dire d\u2019ici la fin de 2025, est vague et confirme ainsi indirectement ces doutes. Cela donne l\u2019impression que les parties ne sont parvenues qu\u2019\u00e0 un r\u00e8glement situationnel de relations complexes et \u00e0 l\u2019\u00e9tablissement d\u2019un certain statu quo.<\/p>\n<p><em>Thierry Bertrand<\/em><\/p>\n<p>Voir :<\/p>\n<p><a target=\"_blank\" href=\"https:\/\/www.observateur-continental.fr\/?module=articles&amp;action=view&amp;id=6737\" data-type=\"link\" data-id=\"https:\/\/www.observateur-continental.fr\/?module=articles&amp;action=view&amp;id=6737\">L\u2019Europe \u00e9labore des \u00abcentres de retour\u00bb pour les migrants ill\u00e9gaux<\/a><\/p>\n<p>Tous les articles, la tribune libre et commentaires sont sous la responsabilit\u00e9 de leurs auteurs. Les Moutons Enrag\u00e9s ne sauraient \u00eatre tenus responsables de leur contenu ou orientation.<\/p>\n<\/p><\/div>\n<p><br \/>\n<br \/><a href=\"https:\/\/lesmoutonsenrages.fr\/2025\/03\/16\/les-kurdes-syriens-changent-de-vecteur-politique\/\" target=\"_blank\"\">Source link <\/a><\/p>\n","protected":false},"excerpt":{"rendered":"<p>Par Thierry Bertrand pour Observateur continental Le gouvernement de transition syrien a conclu un accord assez inattendu avec les formations arm\u00e9es kurdes concernant leur int\u00e9gration dans les institutions de l\u2019\u00c9tat.&hellip; <\/p>\n","protected":false},"author":1,"featured_media":4559,"comment_status":"open","ping_status":"open","sticky":false,"template":"","format":"standard","meta":{"footnotes":""},"categories":[1],"tags":[],"class_list":["post-4558","post","type-post","status-publish","format-standard","has-post-thumbnail","hentry","category-non-classe"],"_links":{"self":[{"href":"https:\/\/monde25.info\/index.php\/wp-json\/wp\/v2\/posts\/4558","targetHints":{"allow":["GET"]}}],"collection":[{"href":"https:\/\/monde25.info\/index.php\/wp-json\/wp\/v2\/posts"}],"about":[{"href":"https:\/\/monde25.info\/index.php\/wp-json\/wp\/v2\/types\/post"}],"author":[{"embeddable":true,"href":"https:\/\/monde25.info\/index.php\/wp-json\/wp\/v2\/users\/1"}],"replies":[{"embeddable":true,"href":"https:\/\/monde25.info\/index.php\/wp-json\/wp\/v2\/comments?post=4558"}],"version-history":[{"count":0,"href":"https:\/\/monde25.info\/index.php\/wp-json\/wp\/v2\/posts\/4558\/revisions"}],"wp:featuredmedia":[{"embeddable":true,"href":"https:\/\/monde25.info\/index.php\/wp-json\/wp\/v2\/media\/4559"}],"wp:attachment":[{"href":"https:\/\/monde25.info\/index.php\/wp-json\/wp\/v2\/media?parent=4558"}],"wp:term":[{"taxonomy":"category","embeddable":true,"href":"https:\/\/monde25.info\/index.php\/wp-json\/wp\/v2\/categories?post=4558"},{"taxonomy":"post_tag","embeddable":true,"href":"https:\/\/monde25.info\/index.php\/wp-json\/wp\/v2\/tags?post=4558"}],"curies":[{"name":"wp","href":"https:\/\/api.w.org\/{rel}","templated":true}]}}