{"id":4562,"date":"2025-03-16T18:04:37","date_gmt":"2025-03-16T17:04:37","guid":{"rendered":"https:\/\/monde25.info\/index.php\/2025\/03\/16\/algues-vertes-letat-condamne-et-ordonne-dagir\/"},"modified":"2025-03-16T18:04:37","modified_gmt":"2025-03-16T17:04:37","slug":"algues-vertes-letat-condamne-et-ordonne-dagir","status":"publish","type":"post","link":"https:\/\/monde25.info\/index.php\/2025\/03\/16\/algues-vertes-letat-condamne-et-ordonne-dagir\/","title":{"rendered":"Algues vertes\u00a0: l&#039;\u00c9tat condamn\u00e9 et ordonn\u00e9 d&#039;agir"},"content":{"rendered":"<p> <br \/>\n<br \/><img loading=\"lazy\" decoding=\"async\" src=\"https:\/\/reporterre.net\/local\/cache-vignettes\/L700xH467\/mareagreen-e4f82.jpg?1741957649\" class=\"spip_logo\" width=\"700\" height=\"467\" alt=\"\" \/><\/p>\n<p>L&rsquo;\u00c9tat est une nouvelle fois condamn\u00e9, pour ses d\u00e9faillances dans la politique de lutte contre les algues vertes. Saisie en 2022 par l&rsquo;association Eau &amp; Rivi\u00e8res de Bretagne, la justice administrative a rendu ce jeudi 13\u00a0mars un jugement reconnaissant que les mesures mises en \u0153uvre par le pr\u00e9fet de la r\u00e9gion Bretagne sont insuffisantes pour lutter contre les pollutions des eaux par les nitrates,\u00a0\u00e0 l&rsquo;origine des mar\u00e9es vertes qui persistent sur le littoral breton. <br class=\"autobr\" \/><br \/>\nLe tribunal donne six\u00a0(\u2026)<\/p>\n<p>                    <a target=\"_blank\" href=\"https:\/\/reporterre.net\/Algues-vertes-l-Etat-condamne-et-ordonne-d-agir?utm_source=RSS&amp;utm_medium=RSS\">Lire la suite<\/a><\/p>\n<p>                    &#8211;<br \/>\n                        <a target=\"_blank\" href=\"https:\/\/reporterre.net\/Breves-20\" rel=\"directory\">En bref<\/a><\/p>\n<p>                    \/<br \/>\n                        <a target=\"_blank\" href=\"https:\/\/reporterre.net\/Agriculture\" rel=\"tag\">Agriculture<\/a><br \/>\n                    ,<br \/>\n                        <a target=\"_blank\" href=\"https:\/\/reporterre.net\/Pollutions\" rel=\"tag\">Pollutions<\/a><br \/>\n<br \/><br \/>\n<br \/><a href=\"https:\/\/reporterre.net\/Algues-vertes-l-Etat-condamne-et-ordonne-d-agir\" target=\"_blank\"\">Source link <\/a><\/p>\n","protected":false},"excerpt":{"rendered":"<p>L&rsquo;\u00c9tat est une nouvelle fois condamn\u00e9, pour ses d\u00e9faillances dans la politique de lutte contre les algues vertes. Saisie en 2022 par l&rsquo;association Eau &amp; Rivi\u00e8res de Bretagne, la justice&hellip; <\/p>\n","protected":false},"author":1,"featured_media":4563,"comment_status":"open","ping_status":"open","sticky":false,"template":"","format":"standard","meta":{"footnotes":""},"categories":[1],"tags":[],"class_list":["post-4562","post","type-post","status-publish","format-standard","has-post-thumbnail","hentry","category-non-classe"],"_links":{"self":[{"href":"https:\/\/monde25.info\/index.php\/wp-json\/wp\/v2\/posts\/4562","targetHints":{"allow":["GET"]}}],"collection":[{"href":"https:\/\/monde25.info\/index.php\/wp-json\/wp\/v2\/posts"}],"about":[{"href":"https:\/\/monde25.info\/index.php\/wp-json\/wp\/v2\/types\/post"}],"author":[{"embeddable":true,"href":"https:\/\/monde25.info\/index.php\/wp-json\/wp\/v2\/users\/1"}],"replies":[{"embeddable":true,"href":"https:\/\/monde25.info\/index.php\/wp-json\/wp\/v2\/comments?post=4562"}],"version-history":[{"count":0,"href":"https:\/\/monde25.info\/index.php\/wp-json\/wp\/v2\/posts\/4562\/revisions"}],"wp:featuredmedia":[{"embeddable":true,"href":"https:\/\/monde25.info\/index.php\/wp-json\/wp\/v2\/media\/4563"}],"wp:attachment":[{"href":"https:\/\/monde25.info\/index.php\/wp-json\/wp\/v2\/media?parent=4562"}],"wp:term":[{"taxonomy":"category","embeddable":true,"href":"https:\/\/monde25.info\/index.php\/wp-json\/wp\/v2\/categories?post=4562"},{"taxonomy":"post_tag","embeddable":true,"href":"https:\/\/monde25.info\/index.php\/wp-json\/wp\/v2\/tags?post=4562"}],"curies":[{"name":"wp","href":"https:\/\/api.w.org\/{rel}","templated":true}]}}