{"id":4569,"date":"2025-03-16T20:49:29","date_gmt":"2025-03-16T19:49:29","guid":{"rendered":"https:\/\/monde25.info\/index.php\/2025\/03\/16\/serbie-une-maree-humaine-submerge-belgrade\/"},"modified":"2025-03-16T20:49:29","modified_gmt":"2025-03-16T19:49:29","slug":"serbie-une-maree-humaine-submerge-belgrade","status":"publish","type":"post","link":"https:\/\/monde25.info\/index.php\/2025\/03\/16\/serbie-une-maree-humaine-submerge-belgrade\/","title":{"rendered":"Serbie\u00a0: une mar\u00e9e humaine submerge Belgrade"},"content":{"rendered":"<p> <br \/>\n<\/p>\n<div>\n<p class=\"dropcap-wrapper\"><b><span aria-hidden=\"true\" data-nosnippet=\"\"><span class=\"dropcap\">B<\/span>elgrade<\/span><span class=\"screen-reader-only\">Belgrade<\/span> (Serbie).\u2013 <\/b>Ce fut assur\u00e9ment la plus grande manifestation de l\u2019histoire de la Serbie. Entre 275\u00a0000 et 375\u00a0000 personnes ont battu le pav\u00e9 de Belgrade, selon le d\u00e9compte d\u2019un institut ind\u00e9pendant, tandis que la police n\u2019en a vu que 107\u00a0000. Un chiffre s\u00fbrement tr\u00e8s sous-\u00e9valu\u00e9 et dont la pr\u00e9cision m\u00eame est suspecte, alors qu\u2019une mar\u00e9e humaine avait submerg\u00e9 toutes les art\u00e8res du centre de la capitale, que beaucoup n\u2019ont m\u00eame pas pu atteindre, tous les transports publics ayant \u00e9t\u00e9 interrompus. Les manifestantes et manifestants \u00e9taient en tout cas bien plus nombreux que lors de la chute de Slobodan Milo\u0161evi\u0107, le 5 octobre 2000.<\/p>\n<p>Point d\u2019orgue provisoire de la mobilisation port\u00e9e par les \u00e9tudiant\u00b7es qui occupent leurs facult\u00e9s depuis la chute de l\u2019auvent de la gare de Novi Sad, le 1<sup>er<\/sup> novembre 2024\u00a0\u2013 quinze personnes avaient p\u00e9ri\u00a0\u2013, la manifestation a commenc\u00e9 d\u00e8s vendredi soir, quand  les colonnes d\u2019\u00e9tudiant\u00b7es venu\u00b7es de tout le pays, \u00e0 pied ou \u00e0 v\u00e9lo, sont arriv\u00e9es dans la capitale. <\/p>\n<figure class=\"media media--image format-100-pcent _align:center orientation-landscape\" data-js=\"media\"><figcaption class=\"legend\">\n            La foule attend les marcheurs, vendredi 14 mars 2025 au soir, \u00e0 Belgrade.                            <span class=\"legend-author\"> \u00a9\u00a0Photo Jean-Arnault D\u00e9rens pour Mediapart<\/span><br \/>\n                    <\/figcaption><template data-template-media-modal=\"\"><br \/>\n    <button type=\"button\" class=\"media-modal-opener\"><br \/>\n        <svg xmlns=\"http:\/\/www.w3.org\/2000\/svg\" class=\"icon\" aria-hidden=\"true\" focusable=\"false\" height=\"16\" width=\"16\" viewbox=\"0 0 32 32\">  <path fill-rule=\"evenodd\" d=\"M7 25v-6.75h1.5V25H7Z\" clip-rule=\"evenodd\"\/>  <path fill-rule=\"evenodd\" d=\"M7 23.5h6.75V25H7v-1.5Z\" clip-rule=\"evenodd\"\/>  <path fill-rule=\"evenodd\" d=\"M13.894 19.166 8.061 25 7 23.94l5.834-5.834 1.06 1.06ZM25 7v6.75h-1.5V7H25Z\" clip-rule=\"evenodd\"\/>  <path fill-rule=\"evenodd\" d=\"M25 8.5h-6.75V7H25v1.5Z\" clip-rule=\"evenodd\"\/>  <path fill-rule=\"evenodd\" d=\"M18.106 12.834 23.939 7 25 8.06l-5.834 5.834-1.06-1.06Z\" clip-rule=\"evenodd\"\/><\/svg><br \/>\n        <span>Agrandir l\u2019image : Illustration 1<\/span><br \/>\n    <\/button><\/p>\n<p><\/template><br \/>\n<\/figure>\n<p>Les \u00e9tudiant\u00b7es de Ni\u0161, dans le sud du pays, avaient parcouru 150 kilom\u00e8tres en cinq jours. Beaucoup boitaient du fait de la longue marche, et presque toutes et tous avaient les larmes aux yeux en foulant le tapis rouge \u00e9tendu sur la place Terazije, d\u00e9filant sous les acclamations de la foule mass\u00e9e sur les trottoirs. Des jeunes filles avan\u00e7aient en chaussons, coiff\u00e9es d\u2019une <i>\u0161ajka\u010da<\/i>, le b\u00e9ret des combattants serbes de la Premi\u00e8re Guerre mondiale. Une femme tatou\u00e9e tenait une pancarte proclamant\u00a0: <i>\u00ab\u00a01984. Orwell a \u00e9crit une mise en garde, pas un guide pratique du pouvoir.\u00a0\u00bb<\/i><\/p>\n<aside data-mediapart-role=\"read-also\" class=\"read-also\" aria-label=\"\u00c0 lire aussi\">\n<header>\n    <svg xmlns=\"http:\/\/www.w3.org\/2000\/svg\" class=\"icon color:ui-alert\" aria-hidden=\"true\" focusable=\"false\" height=\"16\" width=\"16\" viewbox=\"0 0 32 32\">  <path fill-rule=\"evenodd\" d=\"M18.332 5.257a1 1 0 0 1 1.413.074l9 10a1 1 0 0 1 0 1.338l-9 10a1 1 0 0 1-1.487-1.338L25.756 17H4.001a1 1 0 1 1 0-2h21.755l-7.498-8.331a1 1 0 0 1 .075-1.412Z\" clip-rule=\"evenodd\"\/><\/svg><\/p>\n<p>\u00c0 lire aussi<\/p>\n<\/header>\n<article>\n            <a target=\"_blank\" data-smarttag=\"\" data-smarttag-name=\"a_lire_aussi\" data-smarttag-chapter1=\"recirculation\" data-smarttag-chapter2=\"corps_article\" data-smarttag-level2=\"9\" data-smarttag-type=\"navigation\" href=\"https:\/\/www.mediapart.fr\/journal\/international\/240225\/plus-d-egalite-et-de-justice-un-mouvement-inedit-secoue-les-balkans\"><br \/>\n                                <span>Plus d\u2019\u00e9galit\u00e9 et de justice\u00a0: un mouvement in\u00e9dit secoue les Balkans<\/span><br \/>\n            <\/a><\/p>\n<\/article>\n<\/aside>\n<p>Les derniers \u00e0 arriver, \u00e0 minuit pass\u00e9, brandissant les drapeaux de leur commune, de leur facult\u00e9, voire de leur lyc\u00e9e, venaient de Serbie occidentale. Ils \u00e9taient suivis par les tracteurs des agriculteurs de la vall\u00e9e du Jadar, o\u00f9 la population s\u2019oppose \u00e0 l\u2019ouverture de <a target=\"_blank\" href=\"https:\/\/www.mediapart.fr\/studio\/portfolios\/un-projet-de-mine-de-lithium-fait-trembler-un-coin-de-serbie\">mines de lithium<\/a>.<\/p>\n<p>Entre enthousiasme, pleurs et chants joyeux, l\u2019\u00e9motion \u00e9tait partout \u00e0 fleur de peau, dans une ambiance qui rappelait parfois l\u2019arriv\u00e9e d\u2019une manifestation sportive. <i>\u00ab\u00a0Regardez ces jeunes, rien ne peut les arr\u00eater. Les \u00e9tudiants sont l\u2019honneur de la Serbie\u00a0\u00bb<\/i>, lan\u00e7ait un quinquag\u00e9naire, sifflet aux l\u00e8vres. <i>\u00ab\u00a0Ce n\u2019est pas une manifestation, c\u2019est une catharsis collective\u00a0\u00bb<\/i>, commentait une habitu\u00e9e des rassemblements.<\/p>\n<h2 data-mediapart-role=\"subheading\" class=\"subheading\">Une foule bigarr\u00e9e<\/h2>\n<p>Samedi, d\u00e8s le matin, des cort\u00e8ges se sont form\u00e9s en plusieurs points de la ville pour converger vers le Parlement. Celui parti de la facult\u00e9 de philosophie avan\u00e7ait derri\u00e8re de grandes figures carnavalesques symbolisant le r\u00e9gime honni d\u2019Aleksandar Vu\u010di\u0107, r\u00e9alis\u00e9es par les \u00e9tudiant\u00b7es en arts appliqu\u00e9s. Un grand cheval de bois \u00e9tait aussi du d\u00e9fil\u00e9 mais, contrairement \u00e0 celui de Troie, rien n\u2019est sorti de son ventre.<\/p>\n<p>Alors que tous les transports urbains \u00e9taient \u00e0 l\u2019arr\u00eat depuis le matin, officiellement pour des <i>\u00ab\u00a0raisons de s\u00e9curit\u00e9\u00a0\u00bb<\/i>, une foule immense, brandissant des drapeaux serbes, se dirigeait vers le centre depuis le quartier moderne de Novi Beograd, suivie des tracteurs des agriculteurs de Vo\u00efvodine, venus aussi pr\u00eater main-forte aux \u00e9tudiant\u00b7es. Dans la foule, des ic\u00f4nes orthodoxes c\u00f4toyaient des drapeaux yougoslaves frapp\u00e9s de l\u2019\u00e9toile rouge et de nombreuses banni\u00e8res des mouvements \u00e9cologistes qui s\u2019opposent au pillage des ressources naturelles du pays.<\/p>\n<figure class=\"media media--image format-100-pcent _align:center orientation-landscape\" data-js=\"media\"><figcaption class=\"legend\">\n            L&rsquo;arriv\u00e9e des tracteurs de Vo\u00efvodine, samedi 16 mars, \u00e0 Belgrade en Serbie, \u00e0 l&rsquo;occasion du mouvement de contestation.                            <span class=\"legend-author\"> \u00a9\u00a0Photo Jean-Arnault D\u00e9rens pour Mediapart<\/span><br \/>\n                    <\/figcaption><template data-template-media-modal=\"\"><br \/>\n    <button type=\"button\" class=\"media-modal-opener\"><br \/>\n        <svg xmlns=\"http:\/\/www.w3.org\/2000\/svg\" class=\"icon\" aria-hidden=\"true\" focusable=\"false\" height=\"16\" width=\"16\" viewbox=\"0 0 32 32\">  <path fill-rule=\"evenodd\" d=\"M7 25v-6.75h1.5V25H7Z\" clip-rule=\"evenodd\"\/>  <path fill-rule=\"evenodd\" d=\"M7 23.5h6.75V25H7v-1.5Z\" clip-rule=\"evenodd\"\/>  <path fill-rule=\"evenodd\" d=\"M13.894 19.166 8.061 25 7 23.94l5.834-5.834 1.06 1.06ZM25 7v6.75h-1.5V7H25Z\" clip-rule=\"evenodd\"\/>  <path fill-rule=\"evenodd\" d=\"M25 8.5h-6.75V7H25v1.5Z\" clip-rule=\"evenodd\"\/>  <path fill-rule=\"evenodd\" d=\"M18.106 12.834 23.939 7 25 8.06l-5.834 5.834-1.06-1.06Z\" clip-rule=\"evenodd\"\/><\/svg><br \/>\n        <span>Agrandir l\u2019image : Illustration 2<\/span><br \/>\n    <\/button><\/p>\n<p><\/template><br \/>\n<\/figure>\n<p>Le pr\u00e9sident Vu\u010di\u0107 avait multipli\u00e9 les annonces alarmistes sur les risques de violence, accusant l\u2019opposition d\u2019ourdir un <i>\u00ab\u00a0coup d\u2019\u00c9tat\u00a0\u00bb<\/i>, tout en d\u00e9non\u00e7ant <i>\u00ab\u00a0la violence bolchevique inou\u00efe des pl\u00e9nums \u00e9tudiants\u00a0\u00bb<\/i>, et en rassemblant ses propres partisans dans le parc des Pionniers, en face du Parlement.<\/p>\n<p>Depuis dix jours, un camp de tentes, solidement gard\u00e9 par les unit\u00e9s sp\u00e9ciales de la police, h\u00e9bergeait des <i>\u00ab\u00a0\u00e9tudiants qui veulent \u00e9tudier\u00a0\u00bb<\/i>, mais il n\u2019a jamais r\u00e9uni plus de quelques centaines de personnes, souvent bien \u00e2g\u00e9es pour \u00eatre \u00e9tudiantes, dont pas mal de v\u00e9t\u00e9rans des guerres des ann\u00e9es 1990. Ces faux \u00e9tudiants, dont certains ont reconnu \u00eatre pay\u00e9s 50 \u00e0 100 euros par journ\u00e9e de pr\u00e9sence, sont vite devenus la ris\u00e9e de tout Belgrade, gagnant le surnom de <i>\u00ab\u00a0\u010daci\u00a0\u00bb<\/i>, une d\u00e9formation du mot \u00ab\u00a0\u00e9l\u00e8ves\u00a0\u00bb.<\/p>\n<p>Le camp a \u00e9t\u00e9 \u00e9vacu\u00e9 dimanche apr\u00e8s-midi, mais ces <i>\u010daci <\/i>ont \u00e9t\u00e9 \u00e0 l\u2019origine des seuls incidents de la journ\u00e9e, jetant des pierres sur la foule rassembl\u00e9e devant le Parlement. Aussit\u00f4t, le service d\u2019ordre \u00e9tudiant a ferm\u00e9 la place, dirigeant la foule vers la place Slavija, o\u00f9 devaient avoir lieu les prises de parole et une soir\u00e9e festive. Les porte-parole \u00e9tudiants \u2013\u00a0qui n\u2019ont pas donn\u00e9 leur nom pour \u00e9viter toute personnalisation du mouvement \u2013\u00a0ont rappel\u00e9 que <i>\u00ab\u00a0la souverainet\u00e9 d\u00e9mocratique appartenait aux citoyens\u00a0\u00bb. \u00ab\u00a0Aucun individu ne peut \u00eatre l\u2019\u00c9tat \u00e0 lui tout seul, nous sommes tous l\u2019\u00c9tat\u00a0\u00bb<\/i>, a d\u00e9clar\u00e9 une \u00e9tudiante, avant de rappeler que <i>\u00ab\u00a0c\u2019est avant l\u2019aube que la nuit est la plus sombre\u00a0\u00bb.<\/i><\/p>\n<figure data-mediapart-role=\"quote\" class=\"quote\">\n<blockquote>\n<p>Plus rien ne sera jamais comme avant. La chape de plomb qui pesait sur la Serbie a \u00e9t\u00e9 bris\u00e9e.<\/p>\n<\/blockquote><figcaption>Petar, un manifestant<\/figcaption><\/figure>\n<p>Une chorale a ensuite entonn\u00e9 des chansons reprises par la foule, avant que quinze minutes de silence ne soient observ\u00e9es en l\u2019honneur des quinze victimes de la chute de l\u2019auvent de la gare de Novi Sad, mais le recueillement a \u00e9t\u00e9 troubl\u00e9 par le tir assourdissant d\u2019un canon \u00e0 son, une arme non l\u00e9tale dont seule dispose la police. Les \u00e9tudiant\u00b7es, craignant d\u2019\u00eatre d\u00e9bord\u00e9\u00b7es, ont aussit\u00f4t appel\u00e9 <i>\u00ab\u00a0\u00e0 une fin pacifique du rassemblement\u00a0\u00bb<\/i>, pour <i>\u00ab\u00a0garantir la s\u00e9curit\u00e9 de toutes les personnes pr\u00e9sentes\u00a0\u00bb.<\/i><\/p>\n<p>Cet<i> <\/i>arr\u00eat inopin\u00e9 du rassemblement a plong\u00e9 les manifestant\u00b7es dans l\u2019incertitude, alors que des dizaines de milliers de personnes continuaient de d\u00e9ambuler place Slavija et dans toutes les art\u00e8res du centre de Belgrade. <i>\u00ab\u00a0Plus rien ne sera jamais comme avant. La chape de plomb qui pesait sur la Serbie a \u00e9t\u00e9 bris\u00e9e et nous allons attendre les nouvelles consignes des \u00e9tudiants\u00a0\u00bb<\/i>, explique Petar, un manifestant d\u2019une trentaine d\u2019ann\u00e9es, en s\u2019appr\u00eatant \u00e0 rentrer \u00e0 pied \u00e0 Novi Beograd. <\/p>\n<p>Beaucoup de manifestant\u00b7es, qui ne cachaient pas leur espoir d\u2019en finir pour de bon avec le r\u00e9gime d\u2019Aleksandar Vu\u010di\u0107, reconnaissaient leur d\u00e9ception, mais d\u2019autres saluaient l\u2019ampleur de la d\u00e9monstration de force et la <i>\u00ab\u00a0<\/i><i>sagesse\u00a0\u00bb<\/i><i> <\/i>des \u00e9tudiant\u00b7es.<\/p>\n<aside data-mediapart-role=\"read-also\" class=\"read-also\" aria-label=\"\u00c0 lire aussi\">\n<header>\n    <svg xmlns=\"http:\/\/www.w3.org\/2000\/svg\" class=\"icon color:ui-alert\" aria-hidden=\"true\" focusable=\"false\" height=\"16\" width=\"16\" viewbox=\"0 0 32 32\">  <path fill-rule=\"evenodd\" d=\"M18.332 5.257a1 1 0 0 1 1.413.074l9 10a1 1 0 0 1 0 1.338l-9 10a1 1 0 0 1-1.487-1.338L25.756 17H4.001a1 1 0 1 1 0-2h21.755l-7.498-8.331a1 1 0 0 1 .075-1.412Z\" clip-rule=\"evenodd\"\/><\/svg><\/p>\n<p>\u00c0 lire aussi<\/p>\n<\/header>\n<article>\n            <a target=\"_blank\" data-smarttag=\"\" data-smarttag-name=\"a_lire_aussi\" data-smarttag-chapter1=\"recirculation\" data-smarttag-chapter2=\"corps_article\" data-smarttag-level2=\"9\" data-smarttag-type=\"navigation\" href=\"https:\/\/www.mediapart.fr\/journal\/international\/110225\/la-contestation-gagne-la-serbie-rurale\"><br \/>\n                                <span>La contestation gagne la Serbie rurale<\/span><br \/>\n            <\/a><\/p>\n<\/article>\n<\/aside>\n<p><i>\u00ab\u00a0Le r\u00e9gime a montr\u00e9 qu\u2019il avait perdu toute l\u00e9gitimit\u00e9 et qu\u2019il ne pouvait plus compter que sur la violence et la provocation. Les \u00e9tudiants ont eu raison de refuser ce pi\u00e8ge\u00a0\u00bb<\/i>, estimait une manifestante, tandis que la r\u00e9alisatrice Mila Turajli\u0107 rejetait la comparaison avec la chute de Milo\u0161evi\u0107 en 2000\u00a0: <i>\u00ab\u00a0\u00c0 l\u2019\u00e9poque, le sc\u00e9nario avait \u00e9t\u00e9 \u00e9crit d\u2019avance et les manifestations se sont d\u00e9roul\u00e9es selon le plan pr\u00e9vu. Cette fois, aucun sc\u00e9nario n\u2019est \u00e9crit, ce n\u2019est pas une r\u00e9volution de couleur t\u00e9l\u00e9guid\u00e9e de l\u2019\u00e9tranger, mais un mouvement in\u00e9dit qui rejette autant le pouvoir autoritaire que l\u2019opposition lib\u00e9rale discr\u00e9dit\u00e9e.\u00a0\u00bb <\/i>Par contre, ajoute-t-elle, <i>\u00ab\u00a0il faut que les \u00e9tudiants parviennent \u00e0 transformer leur col\u00e8re morale en mouvement politique\u00a0\u00bb.<\/i><\/p>\n<p>Le pr\u00e9sident Vu\u010di\u0107 s\u2019est adress\u00e9 \u00e0 la nation dans la soir\u00e9e de samedi, reconnaissant l\u2019ampleur de la mobilisation, mais sans faire aucune annonce concr\u00e8te. Alors que le Parlement n\u2019a toujours pas accept\u00e9 la d\u00e9mission pr\u00e9sent\u00e9e le 28 janvier par le premier ministre Milo\u0161 Vu\u010devi\u0107, le r\u00e9gime joue clairement le pourrissement de la situation. Les \u00e9tudiants viennent pourtant de lui signifier que leur d\u00e9termination demeurait intacte et que l\u2019ex\u00e9cutif avait perdu le soutien de la \u00ab\u00a0majorit\u00e9 silencieuse\u00a0\u00bb. Reste \u00e0 savoir s\u2019ils seront capables de prendre une nouvelle initiative. \u00c0 d\u00e9faut, la d\u00e9ception pourrait bien \u00eatre au rendez-vous.<\/p>\n<\/p><\/div>\n<p><br \/>\n<br \/><a href=\"https:\/\/www.mediapart.fr\/journal\/international\/160325\/serbie-une-maree-humaine-submerge-belgrade\" target=\"_blank\"\">Source link <\/a><\/p>\n","protected":false},"excerpt":{"rendered":"<p>BelgradeBelgrade (Serbie).\u2013 Ce fut assur\u00e9ment la plus grande manifestation de l\u2019histoire de la Serbie. Entre 275\u00a0000 et 375\u00a0000 personnes ont battu le pav\u00e9 de Belgrade, selon le d\u00e9compte d\u2019un institut&hellip; <\/p>\n","protected":false},"author":1,"featured_media":4570,"comment_status":"open","ping_status":"open","sticky":false,"template":"","format":"standard","meta":{"footnotes":""},"categories":[1],"tags":[],"class_list":["post-4569","post","type-post","status-publish","format-standard","has-post-thumbnail","hentry","category-non-classe"],"_links":{"self":[{"href":"https:\/\/monde25.info\/index.php\/wp-json\/wp\/v2\/posts\/4569","targetHints":{"allow":["GET"]}}],"collection":[{"href":"https:\/\/monde25.info\/index.php\/wp-json\/wp\/v2\/posts"}],"about":[{"href":"https:\/\/monde25.info\/index.php\/wp-json\/wp\/v2\/types\/post"}],"author":[{"embeddable":true,"href":"https:\/\/monde25.info\/index.php\/wp-json\/wp\/v2\/users\/1"}],"replies":[{"embeddable":true,"href":"https:\/\/monde25.info\/index.php\/wp-json\/wp\/v2\/comments?post=4569"}],"version-history":[{"count":0,"href":"https:\/\/monde25.info\/index.php\/wp-json\/wp\/v2\/posts\/4569\/revisions"}],"wp:featuredmedia":[{"embeddable":true,"href":"https:\/\/monde25.info\/index.php\/wp-json\/wp\/v2\/media\/4570"}],"wp:attachment":[{"href":"https:\/\/monde25.info\/index.php\/wp-json\/wp\/v2\/media?parent=4569"}],"wp:term":[{"taxonomy":"category","embeddable":true,"href":"https:\/\/monde25.info\/index.php\/wp-json\/wp\/v2\/categories?post=4569"},{"taxonomy":"post_tag","embeddable":true,"href":"https:\/\/monde25.info\/index.php\/wp-json\/wp\/v2\/tags?post=4569"}],"curies":[{"name":"wp","href":"https:\/\/api.w.org\/{rel}","templated":true}]}}