{"id":4575,"date":"2025-03-17T00:07:44","date_gmt":"2025-03-16T23:07:44","guid":{"rendered":"https:\/\/monde25.info\/index.php\/2025\/03\/17\/consommation-et-ecologie-histoire-dune-relation-ambigue\/"},"modified":"2025-03-17T00:07:44","modified_gmt":"2025-03-16T23:07:44","slug":"consommation-et-ecologie-histoire-dune-relation-ambigue","status":"publish","type":"post","link":"https:\/\/monde25.info\/index.php\/2025\/03\/17\/consommation-et-ecologie-histoire-dune-relation-ambigue\/","title":{"rendered":"Consommation et \u00e9cologie, histoire d\u2019une relation ambig\u00fce"},"content":{"rendered":"<p> <br \/>\n<\/p>\n<div>\n<p>Aux \u00c9tats-Unis, Donald Trump <a target=\"_blank\" href=\"https:\/\/apnews.com\/article\/cfpb-trump-vought-consumer-protection-52e00309b2f1b55d4de6eadd0057bd50\" class=\"spip_out\" rel=\"external\">s\u2019attaque<\/a> \u00e0 une agence f\u00e9d\u00e9rale, le Bureau de protection des consommateurs en mati\u00e8re financi\u00e8re, charg\u00e9e de la protection des consommateurs. En France, c\u2019est le magazine <i>60\u00a0Millions de consommateurs<\/i> que le gouvernement d\u00e9cide de privatiser, et 107\u00a0000 personnes signent une p\u00e9tition pour le d\u00e9fendre, soutenue \u00e0 coups de tribunes, y compris <a target=\"_blank\" href=\"https:\/\/reporterre.net\/Vendre-60-Millions-de-consommateurs-c-est-signer-sa-disparition\">sur <i>Reporterre<\/i><\/a>. Dr\u00f4le de situation\u00a0: voil\u00e0 les consommateurs d\u00e9fendus par les \u00e9colos, alors que ceux-ci sont les premiers \u00e0 critiquer le consum\u00e9risme. C\u2019est que le consommateur est une figure ambig\u00fce, que les penseurs de gauche et \u00e9cologistes ont depuis l\u2019apr\u00e8s-guerre critiqu\u00e9e en m\u00eame temps que d\u00e9fendue.<\/p>\n<p><i>\u00ab<small class=\"fine d-inline\">\u00a0<\/small>Le maintien d\u2019une activit\u00e9 de presse subventionn\u00e9e par l\u2019\u00c9tat dans un march\u00e9 concurrentiel et en d\u00e9clin ne se justifie plus<small class=\"fine d-inline\">\u00a0<\/small>\u00bb<\/i>, affirme le rapport publi\u00e9 par la Cour des comptes le 5\u00a0mars, sur lequel s\u2019appuie le gouvernement Bayrou pour justifier la privatisation du magazine. <i>60\u00a0Millions de consommateurs<\/i>, \u00e9dit\u00e9 par l\u2019Institut national de la consommation, un \u00e9tablissement public cr\u00e9\u00e9 en 1966, est un magazine dont <i>\u00ab<small class=\"fine d-inline\">\u00a0<\/small>certaines r\u00e9v\u00e9lations ont permis de faire bouger les lignes<small class=\"fine d-inline\">\u00a0<\/small>\u00bb<\/i> en contraignant les pratiques des industriels, comme l\u2019a rappel\u00e9 notre <a target=\"_blank\" href=\"https:\/\/reporterre.net\/Vendre-60-Millions-de-consommateurs-c-est-signer-sa-disparition\">journaliste Fabienne Loiseau<\/a>.<\/p>\n<p>D\u00e8s lors, <i>\u00ab<small class=\"fine d-inline\">\u00a0<\/small>privatiser \u201c60\u00a0Millions de consommateurs\u201d est une mani\u00e8re d\u2019individualiser les enjeux li\u00e9s \u00e0 la consommation<small class=\"fine d-inline\">\u00a0<\/small>\u00bb<\/i>, observe Sophie Grosbon, ma\u00eetresse de conf\u00e9rences en droit public \u00e0 l\u2019universit\u00e9 de Nanterre. Pour la chercheuse, le nom <i>60\u00a0Millions de consommateurs<\/i> n\u2019est pas anodin\u00a0: <i>\u00ab<small class=\"fine d-inline\">\u00a0<\/small>Le magazine ne s\u2019adresse pas \u00e0 la figure d\u2019un consommateur, mais se destine \u00e0 des consommateurs, \u00e0 un projet collectif.<small class=\"fine d-inline\">\u00a0<\/small>\u00bb<\/i><\/p>\n<p>Et c\u2019est l\u00e0 un des n\u0153uds pour comprendre ce qui se joue dans les liens entre consommation et \u00e9cologie\u00a0: consid\u00e9rer la consommation comme une action collective, et pas individuelle, ouvre des perspectives bien diff\u00e9rentes.<\/p>\n<h2 class=\"spip\">L\u2019amour pour la bagnole <\/h2>\n<p>Une bonne partie des critiques sur la soci\u00e9t\u00e9 de consommation s\u2019arr\u00eatent \u00e0 son aspect individuel. Apr\u00e8s l\u2019\u00e9crivain Georges Perec qui racontait le mat\u00e9rialisme triste d\u2019un couple des ann\u00e9es 1960 dans <i>Les Choses<\/i>, le sociologue Henri Lefebvre observait dans <i>La Vie quotidienne dans le monde moderne<\/i> (<a target=\"_blank\" href=\"https:\/\/www.gallimard.fr\/catalogue\/la-vie-quotidienne-dans-le-monde-moderne\/9782070351626\" class=\"spip_out\" rel=\"external\">Gallimard<\/a>, 1968) que <i>\u00ab<small class=\"fine d-inline\">\u00a0<\/small>la consommation ne cr\u00e9e rien, m\u00eame pas des rapports entre les consommateurs. Elle n\u2019est que d\u00e9vorante. L\u2019acte de consommer [&#8230;] est un acte solitaire<small class=\"fine d-inline\">\u00a0<\/small>\u00bb<\/i>.<\/p>\n<p>Le philosophe et journaliste Andr\u00e9 Gorz \u00e9crivait, dans <i>R\u00e9forme et R\u00e9volution<\/i> (Seuil, 1969), que <i>\u00ab<small class=\"fine d-inline\">\u00a0<\/small>la civilisation n\u00e9ocapitaliste a mis sur pied un appareil r\u00e9pressif gigantesque [&#8230;] Une terreur suave somme chaque individu de consommer<small class=\"fine d-inline\">\u00a0<\/small>\u00bb<\/i>. Mais ces critiques t\u00e9moignent bien souvent d\u2019un <i>\u00ab<small class=\"fine d-inline\">\u00a0<\/small>m\u00e9pris de certains intellectuels ayant l\u2019assurance d\u2019\u00eatre du bon c\u00f4t\u00e9 politique vis-\u00e0-vis du consommateur populaire<small class=\"fine d-inline\">\u00a0<\/small>\u00bb<\/i>, fait remarquer le sociologue Louis Pinto, auteur de <i>L\u2019Invention du consommateur<\/i> (<a target=\"_blank\" href=\"https:\/\/www.puf.com\/linvention-du-consommateur\" class=\"spip_out\" rel=\"external\"><span class=\"caps\">PUF<\/span><\/a>, 2018). Pour lui, la soci\u00e9t\u00e9 de consommation est une <i>\u00ab<small class=\"fine d-inline\">\u00a0<\/small>notion \u00e9cran qui masque les diff\u00e9rences de pratiques entre les diff\u00e9rents groupes sociaux<small class=\"fine d-inline\">\u00a0<\/small>\u00bb<\/i>, et permet de critiquer des pratiques qui sont en r\u00e9alit\u00e9 conditionn\u00e9es par des r\u00e9alit\u00e9s sociales.<\/p>\n<p>Critiquer l\u2019amour pour la bagnole des classes populaires et les actes de consommation qui vont avec, c\u2019est oublier qu\u2019il n\u2019y a gu\u00e8re d\u2019alternatives \u00e0 la mobilit\u00e9 en zone rurale ou p\u00e9riurbaine. Louis Pinto rappelle d\u2019ailleurs que <i>\u00ab<small class=\"fine d-inline\">\u00a0<\/small>Henri Lefebvre, prompt \u00e0 critiquer la bagnole, comptait sur ses \u00e9tudiants pour le v\u00e9hiculer de chez lui jusqu\u2019\u00e0 son universit\u00e9<small class=\"fine d-inline\">\u00a0<\/small>\u00bb<\/i>.<\/p>\n<h2 class=\"spip\">Un acte collectif<\/h2>\n<p>D\u2019autres penseurs ont eu \u00e0 c\u0153ur de rappeler que la consommation n\u2019est pas un acte individuel qui vise \u00e0 assouvir la jouissance des acheteurs, mais un syst\u00e8me qu\u2019il faut analyser dans son ensemble. Le philosophe Jean Baudrillard \u00e9crivait dans <i>La Soci\u00e9t\u00e9 de consommation<\/i> (Deno\u00ebl, 1970) que <i>\u00ab<small class=\"fine d-inline\">\u00a0<\/small>la v\u00e9rit\u00e9 de la consommation, c\u2019est qu\u2019elle est [&#8230;] une fonction non pas individuelle, mais imm\u00e9diatement et totalement collective<small class=\"fine d-inline\">\u00a0<\/small>\u00bb<\/i>. Pour Baudrillard, les messages qu\u2019on envoie aux autres en consommant font de la consommation <i>\u00ab<small class=\"fine d-inline\">\u00a0<\/small>un syst\u00e8me qui assure [&#8230;] l\u2019int\u00e9gration des groupes\u00a0: elle est donc \u00e0 la fois une morale [&#8230;] et un syst\u00e8me de communication, une structure d\u2019\u00e9change<small class=\"fine d-inline\">\u00a0<\/small>\u00bb<\/i>.<\/p>\n<blockquote class=\"spip\">\n<p>\u00ab<small class=\"fine d-inline\">\u00a0<\/small>Passer du boycott au Biocoop<small class=\"fine d-inline\">\u00a0<\/small>\u00bb<\/p>\n<\/blockquote>\n<p>Pour Sophie Grosbon, c\u2019est justement la consommation entendue comme un acte collectif qui est remise en cause par les attaques contre les droits des consommateurs. La chercheuse, qui \u00e9tudie la figure du consommateur dans le droit international \u00e9conomique, notamment \u00e0 partir des litiges environnementaux port\u00e9s devant le juge de l\u2019Organisation mondiale du commerce (<span class=\"caps\">OMC<\/span>), observe que dans cette cour, <i>\u00ab<small class=\"fine d-inline\">\u00a0<\/small>la figure du consommateur tend \u00e0 supplanter celle du citoyen<small class=\"fine d-inline\">\u00a0<\/small>\u00bb<\/i>. Autrement dit, le droit \u00e9volue non plus en fonction de consid\u00e9rations de politiques publiques, mais de la libert\u00e9 de choix qu\u2019auraient les consommateurs \u00e0 qui il reviendrait de modeler la soci\u00e9t\u00e9 par ce qu\u2019ils ach\u00e8tent.<\/p>\n<p>Dans le cadre d\u2019une soci\u00e9t\u00e9 avec une \u00e9conomie lib\u00e9rale mettant en avant la libert\u00e9 des individus, il reviendrait au consommateur de voter avec sa carte de cr\u00e9dit. Pour Sophie Grosbon, on peut pourtant <i>\u00ab<small class=\"fine d-inline\">\u00a0<\/small>affirmer simultan\u00e9ment plusieurs choses, sans \u00eatre contradictoire\u00a0: d\u2019abord, qu\u2019on refuse que la figure du consommateur supplante celle du citoyen<small class=\"fine d-inline\">\u00a0<\/small>; ensuite, qu\u2019on estime que le consommateur qui en a les moyens financiers puisse \u00eatre engag\u00e9<small class=\"fine d-inline\">\u00a0<\/small>; et, enfin, que la soci\u00e9t\u00e9 de consommation dans son ensemble n\u2019est pas compatible avec les imp\u00e9ratifs \u00e9cologiques<small class=\"fine d-inline\">\u00a0<\/small>\u00bb<\/i>.<\/p>\n<h2 class=\"spip\">Consom\u2019acteurs <\/h2>\n<p>Consid\u00e9rer \u00e0 ce prisme les mobilisations de consommateurs permet de remarquer qu\u2019elles ont port\u00e9, depuis le <span class=\"caps\">XIX<\/span><sup class=\"typo_exposants\">e<\/sup> si\u00e8cle, deux enjeux distincts\u00a0: d\u2019un c\u00f4t\u00e9, la d\u00e9fense des droits du consommateur, notamment les mouvements contre la vie ch\u00e8re<small class=\"fine d-inline\">\u00a0<\/small>; de l\u2019autre, <i>\u00ab<small class=\"fine d-inline\">\u00a0<\/small>la mise en \u00e9vidence des devoirs des consommateurs, qui sont d\u00e9sign\u00e9s pour la responsabilit\u00e9 qu\u2019ils peuvent avoir, en tant qu\u2019acheteurs<small class=\"fine d-inline\">\u00a0<\/small>\u00bb<\/i>, fait observer Sophie Dubuisson-Quellier, directrice de recherche au <span class=\"caps\">CNRS<\/span> et sp\u00e9cialiste des mobilisations environnementales dans la question \u00e9conomique.<\/p>\n<p>Par exemple, <i>\u00ab<small class=\"fine d-inline\">\u00a0<\/small>la National Consumers League [Ligue nationale des consommateurs] aux \u00c9tats-Unis au tournant du <span class=\"caps\">XX<\/span><sup class=\"typo_exposants\">e<\/sup> si\u00e8cle d\u00e9veloppera un label pour signaler aux consommateurs les produits textiles qui ne sont pas fabriqu\u00e9s dans des ateliers recourant au travail des femmes la nuit<small class=\"fine d-inline\">\u00a0<\/small>\u00bb<\/i>.<\/p>\n<p>La construction de ces collectifs de consommation fait donc partie des mouvements qui ont contraint les industriels \u00e0 respecter des normes environnementales et sociales plus exigeantes. C\u2019est, par exemple, ce qu\u2019ont essay\u00e9 de r\u00e9aliser les mouvements de consommation \u00e9thique comme les <i>\u00ab<small class=\"fine d-inline\">\u00a0<\/small>consom\u2019acteurs<small class=\"fine d-inline\">\u00a0<\/small>\u00bb<\/i>. L\u2019association Bio Consom\u2019acteurs a \u00e9t\u00e9 cr\u00e9\u00e9e, en 2004, par la cha\u00eene de magasins Biocoop, pour promouvoir l\u2019agriculture biologique aupr\u00e8s des citoyens\u00a0: l\u2019id\u00e9e de ces mouvements est qu\u2019orienter collectivement la consommation permet de faire pression sur les d\u00e9cideurs politiques pour orienter les politiques publiques \u2014 une transformation du r\u00e9pertoire d\u2019action, qui passe du boycott au Biocoop, en somme.<\/p>\n<blockquote class=\"spip\">\n<p>\u00ab<small class=\"fine d-inline\">\u00a0<\/small>Tenir ensemble une d\u00e9fense des consommateurs, et une critique du consum\u00e9risme<small class=\"fine d-inline\">\u00a0<\/small>\u00bb<\/p>\n<\/blockquote>\n<p>Il faut toutefois remarquer que si les mouvements de consommation \u00e9thique sont parvenus \u00e0 d\u00e9fendre l\u2019agriculture biologique face aux attaques r\u00e9p\u00e9t\u00e9es des industriels, ou \u00e0 structurer des fili\u00e8res r\u00e9mun\u00e9rant mieux les producteurs, ils n\u2019ont pas remis en cause le fonctionnement de l\u2019\u00e9conomie capitaliste dans son ensemble. Ces mouvements de consommateurs responsables <i>\u00ab<small class=\"fine d-inline\">\u00a0<\/small>ont promu une vision du changement social et de l\u2019\u00e9cologie tr\u00e8s sp\u00e9cifique\u00a0: plut\u00f4t r\u00e9formiste que radicale et tr\u00e8s compatible avec les structures de l\u2019\u00e9conomie en place<small class=\"fine d-inline\">\u00a0<\/small>\u00bb<\/i>, observe Sophie Dubuisson-Quellier.<\/p>\n<p>La consommation pr\u00e9sent\u00e9e comme responsable ouvre au contraire de nouveaux segments de march\u00e9, permettant une circulation des flux d\u2019un volume toujours aussi important, mais de nature diff\u00e9rente\u00a0: des v\u00eatements ou du mat\u00e9riel informatique de seconde main, ou des produits fabriqu\u00e9s en respectant des normes de responsabilit\u00e9 sociale et environnementale l\u00e9g\u00e8rement plus exigeantes.<\/p>\n<p>Insuffisant, donc, pour remettre en cause les effets de la surproduction de biens et de service<small class=\"fine d-inline\">\u00a0<\/small>? Pour Louis Pinto, <i>\u00ab<small class=\"fine d-inline\">\u00a0<\/small>une critique de la consommation doit trouver aujourd\u2019hui d\u2019autres armes que celles procur\u00e9es par le retour \u00e9ternel et un peu d\u00e9risoire du consommateur ali\u00e9n\u00e9<small class=\"fine d-inline\">\u00a0<\/small>\u00bb<\/i>. Autrement dit, \u00eatre capable de tenir ensemble une d\u00e9fense des consommateurs, et une critique du consum\u00e9risme.<\/p>\n<aside class=\"boite_encarts\">\n<div class=\"encart encart_vert noprint montre_1023\">\n<div class=\"infolettre-form-container noprint\">\n<p>Abonnez-vous \u00e0 la lettre d\u2019info de Reporterre<\/p>\n<\/div><\/div>\n<\/aside>\n<aside class=\"boite_apresarticle encart_note\">\n<\/aside>\n<aside class=\"boite_complement texte\">\n<p>      <!-- zone_forum --><br \/>\n          <\/aside>\n<aside class=\"boite_lireaussi noprint\">\n<\/aside>\n<aside class=\"colonne\">\n<div class=\"article_info cache_1023 noprint\">\n<p>    <span class=\"date\">14 mars 2025  \u00e0 09h40<\/span><\/p>\n<p>    <span class=\"date_modif\">Mis \u00e0 jour le 15 mars 2025 \u00e0 09h32<\/span>      <\/p>\n<p class=\"duree_lecture\">\n        Dur\u00e9e de lecture : 7 minutes\n      <\/p>\n<\/p><\/div>\n<div class=\"bloc_infolettre\">\n<div class=\"infolettre-form-container noprint\">\n<p>Abonnez-vous \u00e0 la lettre d\u2019info de Reporterre<\/p>\n<\/div><\/div>\n<\/aside>\n<div id=\"galerie\">\n  <img decoding=\"async\" src=\"\" class=\"principale\" id=\"principale\"\/><\/p>\n<p id=\"legende\">legende<\/p>\n<\/div>\n<footer class=\"noprint\">\n<\/footer>\n<\/div>\n<p><br \/>\n<br \/><a href=\"https:\/\/reporterre.net\/Consommation-et-ecologie-histoire-d-une-relation-ambigue\" target=\"_blank\"\">Source link <\/a><\/p>\n","protected":false},"excerpt":{"rendered":"<p>Aux \u00c9tats-Unis, Donald Trump s\u2019attaque \u00e0 une agence f\u00e9d\u00e9rale, le Bureau de protection des consommateurs en mati\u00e8re financi\u00e8re, charg\u00e9e de la protection des consommateurs. En France, c\u2019est le magazine 60\u00a0Millions&hellip; <\/p>\n","protected":false},"author":1,"featured_media":4576,"comment_status":"open","ping_status":"open","sticky":false,"template":"","format":"standard","meta":{"footnotes":""},"categories":[1],"tags":[],"class_list":["post-4575","post","type-post","status-publish","format-standard","has-post-thumbnail","hentry","category-non-classe"],"_links":{"self":[{"href":"https:\/\/monde25.info\/index.php\/wp-json\/wp\/v2\/posts\/4575","targetHints":{"allow":["GET"]}}],"collection":[{"href":"https:\/\/monde25.info\/index.php\/wp-json\/wp\/v2\/posts"}],"about":[{"href":"https:\/\/monde25.info\/index.php\/wp-json\/wp\/v2\/types\/post"}],"author":[{"embeddable":true,"href":"https:\/\/monde25.info\/index.php\/wp-json\/wp\/v2\/users\/1"}],"replies":[{"embeddable":true,"href":"https:\/\/monde25.info\/index.php\/wp-json\/wp\/v2\/comments?post=4575"}],"version-history":[{"count":0,"href":"https:\/\/monde25.info\/index.php\/wp-json\/wp\/v2\/posts\/4575\/revisions"}],"wp:featuredmedia":[{"embeddable":true,"href":"https:\/\/monde25.info\/index.php\/wp-json\/wp\/v2\/media\/4576"}],"wp:attachment":[{"href":"https:\/\/monde25.info\/index.php\/wp-json\/wp\/v2\/media?parent=4575"}],"wp:term":[{"taxonomy":"category","embeddable":true,"href":"https:\/\/monde25.info\/index.php\/wp-json\/wp\/v2\/categories?post=4575"},{"taxonomy":"post_tag","embeddable":true,"href":"https:\/\/monde25.info\/index.php\/wp-json\/wp\/v2\/tags?post=4575"}],"curies":[{"name":"wp","href":"https:\/\/api.w.org\/{rel}","templated":true}]}}