{"id":4579,"date":"2025-03-17T01:15:20","date_gmt":"2025-03-17T00:15:20","guid":{"rendered":"https:\/\/monde25.info\/index.php\/2025\/03\/17\/george-simion-officiellement-candidat-a-la-presidentielle-roumaine-une-victoire-pour-la-democratie-mais-des-inquietudes-persistent\/"},"modified":"2025-03-17T01:15:20","modified_gmt":"2025-03-17T00:15:20","slug":"george-simion-officiellement-candidat-a-la-presidentielle-roumaine-une-victoire-pour-la-democratie-mais-des-inquietudes-persistent","status":"publish","type":"post","link":"https:\/\/monde25.info\/index.php\/2025\/03\/17\/george-simion-officiellement-candidat-a-la-presidentielle-roumaine-une-victoire-pour-la-democratie-mais-des-inquietudes-persistent\/","title":{"rendered":"George Simion officiellement candidat \u00e0 la pr\u00e9sidentielle roumaine : une victoire pour la d\u00e9mocratie, mais des inqui\u00e9tudes persistent"},"content":{"rendered":"<p> <br \/>\n<\/p>\n<div>\n<div class=\"css-146c3p1 r-bcqeeo r-1ttztb7 r-qvutc0 r-37j5jr r-a023e6 r-16dba41 r-1adg3ll r-1b5gpbm r-a8ghvy\" dir=\"ltr\"><span class=\"css-1jxf684 r-bcqeeo r-1ttztb7 r-qvutc0 r-poiln3 r-a8ghvy\">La Cour constitutionnelle de Roumanie a tranch\u00e9 : <\/span><a target=\"_blank\" href=\"https:\/\/edition.francesoir.fr\/politique-monde\/roumanie-george-simion-depose-sa-candidature-la-presidentielle-roumaine\" target=\"_blank\"><span class=\"css-1jxf684 r-bcqeeo r-1ttztb7 r-qvutc0 r-poiln3 r-a8ghvy\">la candidature de George Simion aux \u00e9lections pr\u00e9sidentielles est officiellement valid\u00e9e<\/span><\/a><span class=\"css-1jxf684 r-bcqeeo r-1ttztb7 r-qvutc0 r-poiln3 r-a8ghvy\">. Cette d\u00e9cision, qui rejette les trois recours d\u00e9pos\u00e9s contre lui, marque une \u00e9tape significative pour le pr\u00e9sident de l\u2019Alliance pour l\u2019union des Roumains (AUR) et vice-pr\u00e9sident ex\u00e9cutif du Parti des conservateurs et r\u00e9formistes europ\u00e9ens (ECR). Figure montante du mouvement conservateur international, George Simion voit ainsi <strong>son droit fondamental \u00e0 se pr\u00e9senter aux \u00e9lections reconnu<\/strong>. Cependant, des craintes subsistent quant \u00e0 d\u2019\u00e9ventuelles nouvelles tentatives juridiques visant \u00e0 entraver sa participation.<\/span><\/div>\n<p>\u00a0<\/p>\n<p><span class=\"css-1jxf684 r-bcqeeo r-1ttztb7 r-qvutc0 r-poiln3 r-a8ghvy\">Dans une d\u00e9claration forte apr\u00e8s l\u2019annonce de la Cour, Simion a soulign\u00e9 l\u2019importance de ce moment pour la d\u00e9mocratie : \u00ab <\/span><em><span class=\"css-1jxf684 r-bcqeeo r-1ttztb7 r-qvutc0 r-poiln3 r-a8ghvy\">Aujourd\u2019hui, la Roumanie et l\u2019Europe ont fait un pas en avant pour la d\u00e9mocratie. Le droit fondamental de se porter candidat a \u00e9t\u00e9 r\u00e9tabli.<\/span><\/em><span class=\"css-1jxf684 r-bcqeeo r-1ttztb7 r-qvutc0 r-poiln3 r-a8ghvy\"> \u00bb Toutefois, il a \u00e9galement exprim\u00e9 une prudence mesur\u00e9e, ajoutant : \u00ab Nous restons vigilants. Nous craignons encore que la Cour constitutionnelle puisse trouver un moyen de bloquer ma candidature. Nous ne baisserons pas la garde tant que le d\u00e9lai l\u00e9gal ne sera pas \u00e9coul\u00e9 mardi. \u00bb<\/span><\/p>\n<p><span class=\"css-1jxf684 r-bcqeeo r-1ttztb7 r-qvutc0 r-poiln3 r-a8ghvy\"><strong>Un contexte politique tendu<\/strong><\/span><\/p>\n<p><span class=\"css-1jxf684 r-bcqeeo r-1ttztb7 r-qvutc0 r-poiln3 r-a8ghvy\">Cette validation intervient dans un climat de crise politique sans pr\u00e9c\u00e9dent en Roumanie, une situation qui a r\u00e9sonn\u00e9 bien au-del\u00e0 de ses fronti\u00e8res. En novembre dernier, la Cour constitutionnelle avait annul\u00e9 le premier tour des \u00e9lections pr\u00e9sidentielles, une d\u00e9cision qui avait suscit\u00e9 de vives controverses. Plus r\u00e9cemment, elle avait interdit \u00e0 C\u0103lin Georgescu, alors en t\u00eate des sondages, de se pr\u00e9senter aux \u00e9lections reprogramm\u00e9es en mai. Ces \u00e9v\u00e9nements ont mis \u00e0 rude \u00e9preuve la cr\u00e9dibilit\u00e9 des institutions d\u00e9mocratiques roumaines, et <strong>la confirmation de la candidature de Simion appara\u00eet comme un test crucial pour leur int\u00e9grit\u00e9<\/strong>.<\/span><\/p>\n<p>\u00a0<\/p>\n<p><span class=\"css-1jxf684 r-bcqeeo r-1ttztb7 r-qvutc0 r-poiln3 r-a8ghvy\"><strong>Une \u00e9ch\u00e9ance d\u00e9cisive \u00e0 venir<\/strong><\/span><\/p>\n<p><span class=\"css-1jxf684 r-bcqeeo r-1ttztb7 r-qvutc0 r-poiln3 r-a8ghvy\">Alors que la date limite l\u00e9gale approche \u2013 fix\u00e9e \u00e0 mardi \u2013 tous les regards restent tourn\u00e9s vers la Cour constitutionnelle. Les partisans de Simion, ainsi que les observateurs internationaux, scrutent les prochaines \u00e9tapes pour voir si d\u2019autres obstacles juridiques pourraient \u00e9merger. Pour beaucoup, cette d\u00e9cision ne repr\u00e9sente qu\u2019une victoire partielle dans un combat plus large pour garantir une comp\u00e9tition \u00e9lectorale juste et transparente.<\/span><\/p>\n<p>\u00a0<\/p>\n<div class=\"css-146c3p1 r-bcqeeo r-1ttztb7 r-qvutc0 r-37j5jr r-a023e6 r-16dba41 r-1adg3ll r-1b5gpbm r-a8ghvy\" dir=\"ltr\"><span class=\"css-1jxf684 r-bcqeeo r-1ttztb7 r-qvutc0 r-poiln3 r-a8ghvy\">Le 15 mars 2025, quelques heures apr\u00e8s avoir d\u00e9pos\u00e9 sa candidature, George Simion a accord\u00e9<\/span><a target=\"_blank\" href=\"https:\/\/edition.francesoir.fr\/politique-monde\/george-simion-le-flambeau-du-souverainisme-roumain-candidat-la-presidentielle-une\" target=\"_blank\"><span class=\"css-1jxf684 r-bcqeeo r-1ttztb7 r-qvutc0 r-poiln3 r-a8ghvy\"> une interview exclusive \u00e0 <\/span><span class=\"css-1jxf684 r-bcqeeo r-1ttztb7 r-qvutc0 r-poiln3 r-a8ghvy r-36ujnk\">France-Soir<\/span><\/a><span class=\"css-1jxf684 r-bcqeeo r-1ttztb7 r-qvutc0 r-poiln3 r-a8ghvy\">, offrant un \u00e9clairage sur ses motivations et sa vision. Interrog\u00e9 sur le soutien massif qu\u2019il a re\u00e7u \u2013 avec 600 000 signatures recueillies en moins de 48 heures \u2013 il a salu\u00e9 \u00ab <\/span><em><span class=\"css-1jxf684 r-bcqeeo r-1ttztb7 r-qvutc0 r-poiln3 r-a8ghvy\">l\u2019\u00e9lan populaire <\/span><\/em><span class=\"css-1jxf684 r-bcqeeo r-1ttztb7 r-qvutc0 r-poiln3 r-a8ghvy\">\u00bb qui, selon lui, montre la soif des Roumains pour un changement souverainiste.\u00a0<\/span><\/div>\n<p><span class=\"css-1jxf684 r-bcqeeo r-1ttztb7 r-qvutc0 r-poiln3 r-a8ghvy\">\u00c0 la question cl\u00e9 de savoir comment il compte contrer les accusations d\u2019ing\u00e9rence \u00e9trang\u00e8re, souvent relay\u00e9es par ses d\u00e9tracteurs, Simion a d\u00e9nonc\u00e9 une \u00ab <\/span><em><span class=\"css-1jxf684 r-bcqeeo r-1ttztb7 r-qvutc0 r-poiln3 r-a8ghvy\">campagne de d\u00e9sinformation <\/span><\/em><span class=\"css-1jxf684 r-bcqeeo r-1ttztb7 r-qvutc0 r-poiln3 r-a8ghvy\">\u00bb et a insist\u00e9 sur son engagement pour une Roumanie ind\u00e9pendante, loin des influences ext\u00e9rieures. Concernant sa relation avec C\u0103lin Georgescu, il a r\u00e9v\u00e9l\u00e9 avoir repris le flambeau \u00e0 la demande expresse de ce dernier, soulignant une continuit\u00e9 dans leur combat commun contre un \u00ab <\/span><em><span class=\"css-1jxf684 r-bcqeeo r-1ttztb7 r-qvutc0 r-poiln3 r-a8ghvy\">syst\u00e8me corrompu <\/span><\/em><span class=\"css-1jxf684 r-bcqeeo r-1ttztb7 r-qvutc0 r-poiln3 r-a8ghvy\">\u00bb.\u00a0<\/span><\/p>\n<div class=\"css-146c3p1 r-bcqeeo r-1ttztb7 r-qvutc0 r-37j5jr r-a023e6 r-16dba41 r-1adg3ll r-1b5gpbm r-a8ghvy\" dir=\"ltr\">\n<p><span class=\"css-1jxf684 r-bcqeeo r-1ttztb7 r-qvutc0 r-poiln3 r-a8ghvy\">Enfin, face aux interrogations sur son positionnement face \u00e0 l\u2019Union europ\u00e9enne, il a r\u00e9affirm\u00e9 sa volont\u00e9 d\u2019une \u00ab Europe des nations \u00bb, critiquant une gouvernance supranationale qu\u2019il juge d\u00e9connect\u00e9e des r\u00e9alit\u00e9s locales.<\/span><\/p>\n<p><span class=\"css-1jxf684 r-bcqeeo r-1ttztb7 r-qvutc0 r-poiln3 r-a8ghvy\"><iframe style=\"left:0;position:absolute;top:0;\" width=\"100%\" height=\"100%\" frameborder=\"0\" allow=\"accelerometer; autoplay; encrypted-media; gyroscope; picture-in-picture\" allowfullscreen=\"true\" referrerpolicy=\"unsafe-url\" class=\"lazyload\" data-src=\"https:\/\/app.videas.fr\/embed\/media\/287e67e7-a61c-4f35-aab9-753620b8a27a\/\"><\/iframe><\/span><\/p>\n<\/div>\n<p>\u00a0<\/p>\n<p><span class=\"css-1jxf684 r-bcqeeo r-1ttztb7 r-qvutc0 r-poiln3 r-a8ghvy\">George Simion, avec son discours conservateur et son engagement affirm\u00e9, continue de polariser l\u2019opinion publique. Mais une chose est s\u00fbre : sa pr\u00e9sence dans la course pr\u00e9sidentielle est d\u00e9sormais act\u00e9e, du moins pour l\u2019instant. Reste \u00e0 savoir si ce feu vert r\u00e9sistera aux pressions et aux incertitudes qui planent encore sur le processus \u00e9lectoral roumain.<\/span><\/p>\n<\/div>\n<p><script>(function(d, s, id) {  var js, fjs = d.getElementsByTagName(s)[0];  if (d.getElementById(id)) return;  js = d.createElement(s); js.id = id;  js.src = \"\/\/connect.facebook.net\/fr_FR\/sdk.js#xfbml=1&version=v2.3\";  fjs.parentNode.insertBefore(js, fjs);}(document, \"script\", \"facebook-jssdk\"));<\/script><br \/>\n<br \/><br \/>\n<br \/><a href=\"https:\/\/www.francesoir.fr\/politique-monde\/george-simion-officiellement-candidat-la-presidentielle-roumaine-une-victoire-pour\" target=\"_blank\"\">Source link <\/a><\/p>\n","protected":false},"excerpt":{"rendered":"<p>La Cour constitutionnelle de Roumanie a tranch\u00e9 : la candidature de George Simion aux \u00e9lections pr\u00e9sidentielles est officiellement valid\u00e9e. Cette d\u00e9cision, qui rejette les trois recours d\u00e9pos\u00e9s contre lui, marque&hellip; <\/p>\n","protected":false},"author":1,"featured_media":4580,"comment_status":"open","ping_status":"open","sticky":false,"template":"","format":"standard","meta":{"footnotes":""},"categories":[1],"tags":[],"class_list":["post-4579","post","type-post","status-publish","format-standard","has-post-thumbnail","hentry","category-non-classe"],"_links":{"self":[{"href":"https:\/\/monde25.info\/index.php\/wp-json\/wp\/v2\/posts\/4579","targetHints":{"allow":["GET"]}}],"collection":[{"href":"https:\/\/monde25.info\/index.php\/wp-json\/wp\/v2\/posts"}],"about":[{"href":"https:\/\/monde25.info\/index.php\/wp-json\/wp\/v2\/types\/post"}],"author":[{"embeddable":true,"href":"https:\/\/monde25.info\/index.php\/wp-json\/wp\/v2\/users\/1"}],"replies":[{"embeddable":true,"href":"https:\/\/monde25.info\/index.php\/wp-json\/wp\/v2\/comments?post=4579"}],"version-history":[{"count":0,"href":"https:\/\/monde25.info\/index.php\/wp-json\/wp\/v2\/posts\/4579\/revisions"}],"wp:featuredmedia":[{"embeddable":true,"href":"https:\/\/monde25.info\/index.php\/wp-json\/wp\/v2\/media\/4580"}],"wp:attachment":[{"href":"https:\/\/monde25.info\/index.php\/wp-json\/wp\/v2\/media?parent=4579"}],"wp:term":[{"taxonomy":"category","embeddable":true,"href":"https:\/\/monde25.info\/index.php\/wp-json\/wp\/v2\/categories?post=4579"},{"taxonomy":"post_tag","embeddable":true,"href":"https:\/\/monde25.info\/index.php\/wp-json\/wp\/v2\/tags?post=4579"}],"curies":[{"name":"wp","href":"https:\/\/api.w.org\/{rel}","templated":true}]}}