{"id":458,"date":"2024-11-19T11:52:00","date_gmt":"2024-11-19T10:52:00","guid":{"rendered":"https:\/\/monde25.info\/index.php\/2024\/11\/19\/le-mali-insiste-sur-les-mesures-a-prendre-contre-le-terrorisme-du-regime-ukrainien-enfant-de-la-societe-sott-net\/"},"modified":"2024-11-19T11:52:00","modified_gmt":"2024-11-19T10:52:00","slug":"le-mali-insiste-sur-les-mesures-a-prendre-contre-le-terrorisme-du-regime-ukrainien-enfant-de-la-societe-sott-net","status":"publish","type":"post","link":"https:\/\/monde25.info\/index.php\/2024\/11\/19\/le-mali-insiste-sur-les-mesures-a-prendre-contre-le-terrorisme-du-regime-ukrainien-enfant-de-la-societe-sott-net\/","title":{"rendered":"Le Mali insiste sur les mesures \u00e0 prendre contre le terrorisme du r\u00e9gime ukrainien \u2014 Enfant de la Soci\u00e9t\u00e9 \u2014 Sott.net"},"content":{"rendered":"<p> <br \/>\n<\/p>\n<div>\n      Les pays de l&rsquo;Alliance-Conf\u00e9d\u00e9ration des \u00c9tats du Sahel, dont le Mali, poursuivent leurs efforts en vue de faire condamner les pratiques ouvertement terroristes du r\u00e9gime de Kiev. Cela a \u00e9t\u00e9 encore une fois rappel\u00e9 par le chef de la diplomatie malienne, Abdoulaye Diop.<br \/>\n<\/p>\n<div class=\"article-image-super to-center\"><a target=\"_blank\" href=\"https:\/\/fr.sott.net\/image\/s35\/718489\/full\/2411_38.jpg\" target=\"_blank\"><img decoding=\"async\" src=\"https:\/\/fr.sott.net\/image\/s35\/718489\/super\/2411_38.jpg\" alt=\"juyh\" title=\"Cliquer pour agrandir\"\/><\/a><\/div>\n<p>En marge de la Premi\u00e8re Conf\u00e9rence minist\u00e9rielle du Forum de partenariat Russie-Afrique, le ministre malien des Affaires \u00e9trang\u00e8res a exprim\u00e9 ses inqui\u00e9tudes concernant l&rsquo;inaction de la communaut\u00e9 internationale face au soutien de l&rsquo;Ukraine aux groupes terroristes dans le nord du Mali, comme <a target=\"_blank\" href=\"https:\/\/fr.apanews.net\/news\/le-mali-denonce-linaction-internationale-face-au-soutien-ukrainien-au-terrorisme\/\">l&rsquo;indique<\/a> l&rsquo;<em>Agence de presse africaine (APA)<\/em>.<\/p>\n<p>En effet, le chef de la diplomatie malienne, Abdoulaye Diop, a une fois de plus insist\u00e9 sur l&rsquo;inadmissibilit\u00e9 de la situation, qui touche aussi bien le Mali que toute la r\u00e9gion du Sahel. Abdoulaye Diop a \u00e9galement pr\u00e9cis\u00e9 que le Mali, le Burkina Faso et le Niger avaient pr\u00e9sent\u00e9 une plainte aupr\u00e8s du Conseil de s\u00e9curit\u00e9 des Nations unies, d\u00e9non\u00e7ant le soutien direct de l&rsquo;Ukraine aux groupes arm\u00e9s terroristes par le biais de renseignements et de logistique. Pour autant, le ministre des Affaires \u00e9trang\u00e8res du Mali a d\u00e9plor\u00e9 l&rsquo;absence de r\u00e9action du Conseil de s\u00e9curit\u00e9 onusien, malgr\u00e9 la gravit\u00e9 des accusations.<\/p>\n<p>Par ailleurs, un autre point tr\u00e8s important a \u00e9t\u00e9 de nouveau soulev\u00e9 par le chef de la diplomatie malienne &#8211; \u00e0 savoir la fort probable implication de forces ext\u00e9rieures suppl\u00e9mentaires, laissant entendre que l&rsquo;Ukraine pourrait \u00eatre qu&rsquo;<a target=\"_blank\" href=\"https:\/\/malijet.com\/a_la_une_du_mali\/296648-abdoulaye-diop-ministre-des-affaires-etrangeres-du-mali---certai.html\">une fa\u00e7ade<\/a> pour d&rsquo;autres acteurs impliqu\u00e9s.<\/p>\n<p>En termes de perspectives, tout cela rejoint <a target=\"_blank\" href=\"https:\/\/www.observateurcontinental.fr\/?module=articles&amp;action=view&amp;id=6328\">les analyses pr\u00e9c\u00e9dentes<\/a> d&rsquo;<em>Observateur Continental, y<\/em> compris quant au fait que l&rsquo;Ukraine contemporaine ne repr\u00e9sente que de <a target=\"_blank\" href=\"https:\/\/www.observateurcontinental.fr\/?module=articles&amp;action=view&amp;id=6178\">la chair \u00e0 canon<\/a> bon march\u00e9 pour les int\u00e9r\u00eats des r\u00e9gimes occidentaux. Une chair \u00e0 canon dont l&rsquo;implication aux c\u00f4t\u00e9s des groupes terroristes, y compris affili\u00e9s \u00e0 des sectes comme Al-Qa\u00efda, ne peut se faire sans l&rsquo;aval et <a target=\"_blank\" href=\"https:\/\/www.observateurcontinental.fr\/?module=articles&amp;action=view&amp;id=6328\">la participation<\/a> justement desdits r\u00e9gimes otano-occidentaux.<\/p>\n<p><a target=\"_blank\" href=\"https:\/\/www.observateurcontinental.fr\/?module=articles&amp;action=view&amp;id=6306\">Une implication<\/a> aux c\u00f4t\u00e9s des terroristes qui d&rsquo;autant plus ne se limite pas seulement au Mali et \u00e0 la r\u00e9gion du Sahel, mais \u00e9galement \u00e0 d&rsquo;autres r\u00e9gions du monde, dont le Moyen-Orient. Le tout au moment o\u00f9 m\u00eame la propagande occidentale, notamment celle de l&rsquo;Hexagone, prend fait et cause en faveur des groupes terroristes op\u00e9rant dans le Sahel. Au passage, les m\u00eames r\u00e9seaux terroristes que lesdits r\u00e9gimes occidentaux pr\u00e9tendaient activement \u00ab combattre \u00bb.<\/p>\n<p>Quant au Conseil de s\u00e9curit\u00e9 onusien dont fait une fois encore r\u00e9f\u00e9rence le chef de la diplomatie malienne, Abdoulaye Diop \u2014 tout indique effectivement qu&rsquo;il n&rsquo;y a rien \u00e0 attendre de c\u00f4t\u00e9-l\u00e0. Car malgr\u00e9 la pr\u00e9sence en tant que membres permanents des deux principaux d\u00e9fenseurs et promoteurs de l&rsquo;ordre mondial multipolaire, en l&rsquo;occurrence de la Russie et de la Chine, les trois autres membres \u00e9tant justement des r\u00e9gimes occidentaux et des parrains principaux du r\u00e9gime terroriste ukrainien.<\/p>\n<p>\u00c0 ce titre, cela interpelle encore une fois quant \u00e0 la r\u00e9forme si n\u00e9cessaire des structures onusiennes parasit\u00e9es par les int\u00e9r\u00eats de la minorit\u00e9 plan\u00e9taire occidentale, \u00e0 d\u00e9faut de quoi les v\u00e9ritables structures internationales du monde contemporain, repr\u00e9sentant pr\u00e9cis\u00e9ment les int\u00e9r\u00eats de la majorit\u00e9 globale et non d&rsquo;une \u00e9vidente minorit\u00e9 \u2014 devraient \u00e0 terme prendre la rel\u00e8ve.<\/p>\n<p>Une chose est s\u00fbre \u2014 le Mali, le Burkina Faso et le Niger \u2014 en qualit\u00e9 de pays qui ne l\u00e9sinent pas sur les efforts en vue de vaincre le terrorisme dans la r\u00e9gion sah\u00e9lienne avec le soutien d&rsquo;alli\u00e9s dignes de ce nom, <a target=\"_blank\" href=\"https:\/\/www.observateurcontinental.fr\/?module=articles&amp;action=view&amp;id=6455\">resteront d\u00e9termin\u00e9s<\/a> \u00e0 poursuivre avec succ\u00e8s cet objectif. Quant aux rappels de la diplomatie panafricaine de l&rsquo;Alliance-Conf\u00e9d\u00e9ration des \u00c9tats du Sahel (AES) \u2014 ils ne font que remettre \u00e0 nouveau au grand jour le visage hideux de cette minorit\u00e9 plan\u00e9taire \u2014 arrogante, hypocrite, criminelle et n\u00e9ocoloniale \u2014 nomm\u00e9e Occident. Dans tous les cas \u2014 le terrorisme sera vaincu. Dans le Sahel, comme \u00e0 la fronti\u00e8re entre l&rsquo;Eurasie et l&rsquo;infime espace occidental.\n\t\t<\/p>\n<\/div>\n<p><br \/>\n<br \/><a href=\"https:\/\/fr.sott.net\/article\/44122-Le-Mali-insiste-sur-les-mesures-a-prendre-contre-le-terrorisme-du-regime-ukrainien\" target=\"_blank\"\">Source link <\/a><\/p>\n","protected":false},"excerpt":{"rendered":"<p>Les pays de l&rsquo;Alliance-Conf\u00e9d\u00e9ration des \u00c9tats du Sahel, dont le Mali, poursuivent leurs efforts en vue de faire condamner les pratiques ouvertement terroristes du r\u00e9gime de Kiev. Cela a \u00e9t\u00e9&hellip; <\/p>\n","protected":false},"author":1,"featured_media":459,"comment_status":"open","ping_status":"open","sticky":false,"template":"","format":"standard","meta":{"footnotes":""},"categories":[1],"tags":[],"class_list":["post-458","post","type-post","status-publish","format-standard","has-post-thumbnail","hentry","category-non-classe"],"_links":{"self":[{"href":"https:\/\/monde25.info\/index.php\/wp-json\/wp\/v2\/posts\/458","targetHints":{"allow":["GET"]}}],"collection":[{"href":"https:\/\/monde25.info\/index.php\/wp-json\/wp\/v2\/posts"}],"about":[{"href":"https:\/\/monde25.info\/index.php\/wp-json\/wp\/v2\/types\/post"}],"author":[{"embeddable":true,"href":"https:\/\/monde25.info\/index.php\/wp-json\/wp\/v2\/users\/1"}],"replies":[{"embeddable":true,"href":"https:\/\/monde25.info\/index.php\/wp-json\/wp\/v2\/comments?post=458"}],"version-history":[{"count":0,"href":"https:\/\/monde25.info\/index.php\/wp-json\/wp\/v2\/posts\/458\/revisions"}],"wp:featuredmedia":[{"embeddable":true,"href":"https:\/\/monde25.info\/index.php\/wp-json\/wp\/v2\/media\/459"}],"wp:attachment":[{"href":"https:\/\/monde25.info\/index.php\/wp-json\/wp\/v2\/media?parent=458"}],"wp:term":[{"taxonomy":"category","embeddable":true,"href":"https:\/\/monde25.info\/index.php\/wp-json\/wp\/v2\/categories?post=458"},{"taxonomy":"post_tag","embeddable":true,"href":"https:\/\/monde25.info\/index.php\/wp-json\/wp\/v2\/tags?post=458"}],"curies":[{"name":"wp","href":"https:\/\/api.w.org\/{rel}","templated":true}]}}