{"id":4583,"date":"2025-03-17T02:21:03","date_gmt":"2025-03-17T01:21:03","guid":{"rendered":"https:\/\/monde25.info\/index.php\/2025\/03\/17\/la-republique-democratique-du-congo-appelee-a-des-discussions-avec-le-m23-dans-la-capitale-angolaise-rt-en-francais\/"},"modified":"2025-03-17T02:21:03","modified_gmt":"2025-03-17T01:21:03","slug":"la-republique-democratique-du-congo-appelee-a-des-discussions-avec-le-m23-dans-la-capitale-angolaise-rt-en-francais","status":"publish","type":"post","link":"https:\/\/monde25.info\/index.php\/2025\/03\/17\/la-republique-democratique-du-congo-appelee-a-des-discussions-avec-le-m23-dans-la-capitale-angolaise-rt-en-francais\/","title":{"rendered":"La R\u00e9publique d\u00e9mocratique du Congo appel\u00e9e \u00e0 des discussions avec le M23 dans la capitale angolaise \u2014 RT en fran\u00e7ais"},"content":{"rendered":"<p> <br \/>\n<br \/><img decoding=\"async\" src=\"https:\/\/mf.b37mrtl.ru\/french\/images\/2025.03\/thumbnail\/67d703c86f7ccc59c02ce436.jpg\" \/><\/p>\n<div>\n<p class=\"text__summary\">\n                                        Cette semaine s\u2019annonce d\u2019une importance capitale pour le dossier de l&rsquo;est de la R\u00e9publique d\u00e9mocratique du Congo. La RDC et le mouvement arm\u00e9 M23 ont \u00e9t\u00e9 invit\u00e9s \u00e0 des discussions, le 18 mars, dans la capitale de l\u2019Angola, dont le pr\u00e9sident, Jo\u00e3o Louren\u00e7o, a appel\u00e9 \u00e0 un cessez-le-feu d\u00e8s le 16 mars dans l&rsquo;est du pays.\n                                    <\/p>\n<p>La presse africaine a rapport\u00e9 ce 16 mars, de sources gouvernementales, que la R\u00e9publique d\u00e9mocratique du Congo allait d\u00e9p\u00eacher une d\u00e9l\u00e9gation \u00e0 Luanda, en Angola, pour engager des n\u00e9gociations avec les rebelles du M23, soutenus par le Rwanda.<\/p>\n<p>Une lettre d\u2019invitation aurait \u00e9t\u00e9 envoy\u00e9e au chef de la branche politique du mouvement M23, Bertrand Bisimwa. Le groupe arm\u00e9 serait actuellement en attente de \u00abgaranties s\u00e9curitaires\u00bb, avant de r\u00e9pondre \u00e0 l\u2019invitation, selon des sources bien inform\u00e9es.<\/p>\n<h2>Le pr\u00e9sident de l\u2019Angola exhorte \u00e0 observer une tr\u00eave \u00e0 partir du 16 mars \u00e0 minuit<\/h2>\n<p>Le pr\u00e9sident angolais Jo\u00e3o Louren\u00e7o a exhort\u00e9 les parties en conflit dans l&rsquo;est de la RDC, dans la journ\u00e9e du\u00a015 mars, \u00e0 observer un cessez-le-feu \u00e0 partir de ce 16 mars \u00e0 minuit. La tr\u00eave devrait inclure l\u2019arr\u00eat des attaques contre les civils et l\u2019interdiction d\u2019occuper de nouvelles positions, d\u2019apr\u00e8s un communiqu\u00e9 rendu public par la pr\u00e9sidence angolaise.<\/p>\n<p>Ce cessez-le-feu a \u00e9t\u00e9 pens\u00e9 pour cr\u00e9er un climat de d\u00e9tente pouvant faciliter les discussions directes, qui devraient se d\u00e9rouler d\u00e8s le 18 mars prochain entre le gouvernement de Kinshasa et l\u2019AFC\/M23.<\/p>\n<p>Si les deux parties affirment respecter leurs engagements pour un cessez-le-feu, la situation sur le terrain demeure tendue, selon des sources de presse, avec des affrontements sporadiques qui \u00e9clatent notamment au Nord-Kivu.<\/p>\n<p>C\u2019est la premi\u00e8re fois que le gouvernement de Kinshasa accepte de n\u00e9gocier directement avec les rebelles de l\u2019AFC\/M23, chose qu&rsquo;elle refusait cat\u00e9goriquement avant.<\/p>\n<p>Dans un m\u00eame contexte, une r\u00e9union des ministres des Affaires \u00e9trang\u00e8res de la Communaut\u00e9 de d\u00e9veloppement d&rsquo;Afrique australe (SADC) et de la Communaut\u00e9 d&rsquo;Afrique de l&rsquo;Est (EAC) devrait se tenir dans la journ\u00e9e du 17 mars dans la capitale du Zimbabwe mettre en place un cadre plus contraignant pour les modalit\u00e9s de cessez-le-feu.<\/p>\n<\/div>\n<p><br \/>\n<br \/><a href=\"https:\/\/francais.rt.com\/afrique\/118086-rdc-appelee-discussions-m23-capitale-angolaise\" target=\"_blank\"\">Source link <\/a><\/p>\n","protected":false},"excerpt":{"rendered":"<p>Cette semaine s\u2019annonce d\u2019une importance capitale pour le dossier de l&rsquo;est de la R\u00e9publique d\u00e9mocratique du Congo. La RDC et le mouvement arm\u00e9 M23 ont \u00e9t\u00e9 invit\u00e9s \u00e0 des discussions,&hellip; <\/p>\n","protected":false},"author":1,"featured_media":4584,"comment_status":"open","ping_status":"open","sticky":false,"template":"","format":"standard","meta":{"footnotes":""},"categories":[1],"tags":[],"class_list":["post-4583","post","type-post","status-publish","format-standard","has-post-thumbnail","hentry","category-non-classe"],"_links":{"self":[{"href":"https:\/\/monde25.info\/index.php\/wp-json\/wp\/v2\/posts\/4583","targetHints":{"allow":["GET"]}}],"collection":[{"href":"https:\/\/monde25.info\/index.php\/wp-json\/wp\/v2\/posts"}],"about":[{"href":"https:\/\/monde25.info\/index.php\/wp-json\/wp\/v2\/types\/post"}],"author":[{"embeddable":true,"href":"https:\/\/monde25.info\/index.php\/wp-json\/wp\/v2\/users\/1"}],"replies":[{"embeddable":true,"href":"https:\/\/monde25.info\/index.php\/wp-json\/wp\/v2\/comments?post=4583"}],"version-history":[{"count":0,"href":"https:\/\/monde25.info\/index.php\/wp-json\/wp\/v2\/posts\/4583\/revisions"}],"wp:featuredmedia":[{"embeddable":true,"href":"https:\/\/monde25.info\/index.php\/wp-json\/wp\/v2\/media\/4584"}],"wp:attachment":[{"href":"https:\/\/monde25.info\/index.php\/wp-json\/wp\/v2\/media?parent=4583"}],"wp:term":[{"taxonomy":"category","embeddable":true,"href":"https:\/\/monde25.info\/index.php\/wp-json\/wp\/v2\/categories?post=4583"},{"taxonomy":"post_tag","embeddable":true,"href":"https:\/\/monde25.info\/index.php\/wp-json\/wp\/v2\/tags?post=4583"}],"curies":[{"name":"wp","href":"https:\/\/api.w.org\/{rel}","templated":true}]}}