{"id":4587,"date":"2025-03-17T04:01:26","date_gmt":"2025-03-17T03:01:26","guid":{"rendered":"https:\/\/monde25.info\/index.php\/2025\/03\/17\/nous-transformerons-lepargne-privee-en-investissements-indispensables-selon-ursula-von-der-leyen-ledito-de-charles-sannat\/"},"modified":"2025-03-17T04:01:26","modified_gmt":"2025-03-17T03:01:26","slug":"nous-transformerons-lepargne-privee-en-investissements-indispensables-selon-ursula-von-der-leyen-ledito-de-charles-sannat","status":"publish","type":"post","link":"https:\/\/monde25.info\/index.php\/2025\/03\/17\/nous-transformerons-lepargne-privee-en-investissements-indispensables-selon-ursula-von-der-leyen-ledito-de-charles-sannat\/","title":{"rendered":"\u00ab Nous transformerons l\u2019\u00e9pargne priv\u00e9e en investissements indispensables selon Ursula von der Leyen \u00bb. L\u2019\u00e9dito de Charles SANNAT"},"content":{"rendered":"<p> <br \/>\n<\/p>\n<div>\n<p>Source <a target=\"_blank\" href=\"https:\/\/insolentiae.com\/nous-transformerons-lepargne-privee-en-investissements-indispensables-selon-ursula-von-der-leyen-ledito-de-charles-sannat\/\" data-type=\"link\" data-id=\"https:\/\/insolentiae.com\/nous-transformerons-lepargne-privee-en-investissements-indispensables-selon-ursula-von-der-leyen-ledito-de-charles-sannat\/\">INSOLENTIAE<\/a><\/p>\n<div class=\"wp-block-image\">\n<figure class=\"aligncenter size-large\"><img fetchpriority=\"high\" decoding=\"async\" width=\"456\" height=\"330\" src=\"https:\/\/lesmoutonsenrages.fr\/wp-content\/uploads\/2025\/03\/image-54-456x330.png\" alt=\"\" class=\"wp-image-165874\" srcset=\"https:\/\/lesmoutonsenrages.fr\/wp-content\/uploads\/2025\/03\/image-54-456x330.png 456w, https:\/\/lesmoutonsenrages.fr\/wp-content\/uploads\/2025\/03\/image-54-250x181.png 250w, https:\/\/lesmoutonsenrages.fr\/wp-content\/uploads\/2025\/03\/image-54-150x109.png 150w, https:\/\/lesmoutonsenrages.fr\/wp-content\/uploads\/2025\/03\/image-54.png 463w\" sizes=\"(max-width: 456px) 100vw, 456px\"\/><\/figure>\n<\/div>\n<p>Mes ch\u00e8res impertinentes, chers impertinents,<\/p>\n<p>Ursula parle beaucoup. Elle est d\u2019ailleurs aussi nuisible que bavarde.<\/p>\n<p>Elle vient d\u2019expliquer que l\u2019Europe avait tout ce qu\u2019il fallait pour prendre la t\u00eate dans la course \u00e0 la comp\u00e9titivit\u00e9\u2026 Je n\u2019en suis pas certain tant la Commission nous co\u00fbte cher en directives, normes et autres r\u00e8gles d\u2019\u00e9conomie administr\u00e9e qui ne servent \u00e0 rien ou \u00e0 si peu, \u00e0 part occuper des centaines de milliers de collaborateurs \u00e0 remplir des tableurs et des formulaires de \u201ccompliance\u201d.<\/p>\n<p>Elle a dit aussi et c\u2019est sans doute encore plus important pour l\u2019avenir de votre \u00e9pargne et de vos petites \u00e9conomies durement acquises que\u2026<\/p>\n<p><strong>\u201cNous transformerons l\u2019\u00e9pargne priv\u00e9e en investissements indispensables.\u201d<\/strong><\/p>\n<p><span id=\"more-165873\"\/><\/p>\n<p>Ajoutant, \u201cet nous travaillerons avec nos partenaires institutionnels pour le faire d\u00e9coller.\u201d<\/p>\n<figure class=\"wp-block-embed is-type-rich is-provider-twitter wp-block-embed-twitter\">\n<div class=\"wp-block-embed__wrapper\">\n<blockquote class=\"twitter-tweet\" data-width=\"550\" data-dnt=\"true\">\n<p lang=\"en\" dir=\"ltr\">Europe has all it needs to take the lead in the competitiveness race.<\/p>\n<p>This month, the <a target=\"_blank\" href=\"https:\/\/twitter.com\/EU_Commission?ref_src=twsrc%5Etfw\">@EU_Commission<\/a> will unveil the \ud83c\uddea\ud83c\uddfa Savings &amp; Investments  Union.<\/p>\n<p>We&rsquo;ll turn private savings into much needed investment.<\/p>\n<p>And we\u2019ll work with our institutional partners to get it off the ground <a target=\"_blank\" href=\"https:\/\/t.co\/rtd0UqCeut\">pic.twitter.com\/rtd0UqCeut<\/a><\/p>\n<p>\u2014 Ursula von der Leyen (@vonderleyen) <a target=\"_blank\" href=\"https:\/\/twitter.com\/vonderleyen\/status\/1899066282558853213?ref_src=twsrc%5Etfw\">March 10, 2025<\/a><\/p><\/blockquote>\n<\/div>\n<\/figure>\n<p>Vous avez compris que ici, le mobile c\u2019est votre argent.<\/p>\n<p>Le pr\u00e9texte c\u2019est la guerre en Ukraine.<\/p>\n<p>Ils vont donc nous faire tous passer \u00e0 la casserole financi\u00e8re ce qui sera un moindre mal si nous \u00e9vitons la casserole physique des tranch\u00e9es ukrainiennes et du front de l\u2019Est.<\/p>\n<figure class=\"wp-block-embed is-type-rich is-provider-twitter wp-block-embed-twitter\">\n<div class=\"wp-block-embed__wrapper\">\n<blockquote class=\"twitter-tweet\" data-width=\"550\" data-dnt=\"true\">\n<p lang=\"fr\" dir=\"ltr\">\ud83d\udd34 Alerte Ukraine-D\u00e9fense europ\u00e9enne \u2013 \u00c9ric Lombard :\u00a0\u00bb Nous allons effectivement mobiliser l&rsquo;\u00e9pargne priv\u00e9e comme le livret A ou d\u2019autres produits d\u2019\u00e9pargne. Les Fran\u00e7ais doivent  participer \u00e0 cet effort\u2026\u00a0\u00bb<a target=\"_blank\" href=\"https:\/\/twitter.com\/hashtag\/DirectAN?src=hash&amp;ref_src=twsrc%5Etfw\">#DirectAN<\/a> <a target=\"_blank\" href=\"https:\/\/twitter.com\/hashtag\/QAG?src=hash&amp;ref_src=twsrc%5Etfw\">#QAG<\/a> <a target=\"_blank\" href=\"https:\/\/twitter.com\/hashtag\/Macron?src=hash&amp;ref_src=twsrc%5Etfw\">#Macron<\/a> <a target=\"_blank\" href=\"https:\/\/t.co\/VtVie4A5Qz\">https:\/\/t.co\/VtVie4A5Qz<\/a><\/p>\n<p>\u2014 FranceUnie \ud83c\uddeb\ud83c\uddf7 (@FranceSouvUnie) <a target=\"_blank\" href=\"https:\/\/twitter.com\/FranceSouvUnie\/status\/1899841123943579767?ref_src=twsrc%5Etfw\">March 12, 2025<\/a><\/p><\/blockquote>\n<\/div>\n<\/figure>\n<p>Alors de gauche \u00e0 droite ils seront tous d\u2019accord pour vous plumer.<\/p>\n<p>Alouette gentille alouette.<\/p>\n<p>Je te plumerai d\u2019abord volontairement.<\/p>\n<p>Puis ils vous plumeront ensuite avec les imp\u00f4ts.<\/p>\n<p>Enfin ils te plumeront avec les emprunts obligatoires.<\/p>\n<p>Et pour te terminer ils te plumeront en changeant la monnaie.<\/p>\n<figure class=\"wp-block-embed is-type-rich is-provider-twitter wp-block-embed-twitter\">\n<div class=\"wp-block-embed__wrapper\">\n<blockquote class=\"twitter-tweet\" data-width=\"550\" data-dnt=\"true\">\n<p lang=\"fr\" dir=\"ltr\">\ud83d\udcac\u00a0\u00bbPas de dettes, pas d&rsquo;imp\u00f4ts, pas de remise en cause des d\u00e9penses sociales. C&rsquo;est intenable, nous devons la v\u00e9rit\u00e9 aux Fran\u00e7ais\u00a0\u00bb<\/p>\n<p>Jean-Fran\u00e7ois Husson (LR), rapporteur g\u00e9n\u00e9ral de la commission des finances, sur les sources et modalit\u00e9s de financement de \u00ab\u00a0l&rsquo;effort de d\u00e9fense\u00a0\u00bb <a target=\"_blank\" href=\"https:\/\/t.co\/2XZbssgu88\">pic.twitter.com\/2XZbssgu88<\/a><\/p>\n<p>\u2014 BFMTV (@BFMTV) <a target=\"_blank\" href=\"https:\/\/twitter.com\/BFMTV\/status\/1899848164745576491?ref_src=twsrc%5Etfw\">March 12, 2025<\/a><\/p><\/blockquote>\n<\/div>\n<\/figure>\n<p>Quand ils disent qu\u2019il faut vous dire la v\u00e9rit\u00e9, d\u2019abord il faut vous inqui\u00e9ter, et ensuite vous pouvez \u00eatre certain que l\u2019on vous dira tout\u2026 sauf la v\u00e9rit\u00e9.<\/p>\n<p>Nicolas Doze r\u00e9sume assez bien la situation pour le moment \u00e0 savoir que l\u2019on ne pique pas les sous des \u00e9pargnants (tout de suite, cela viendra plus tard), mais on mobilise les produits d\u2019\u00e9pargne actuels pour pr\u00eater ces fonds \u00e0 l\u2019industrie de d\u00e9fense qui en aura besoin.<\/p>\n<p>On ne vole pas l\u2019argent\u2026 avec les imp\u00f4ts on pr\u00e9l\u00e8ve l\u00e9galement et d\u00e9mocratiquement parlant !!!<\/p>\n<p>Cette conclusion de Nicolas Doze est tr\u00e8s dr\u00f4le et m\u00eame lui sur BFM commence \u00e0 s\u2019agacer.<\/p>\n<figure class=\"wp-block-embed is-type-rich is-provider-twitter wp-block-embed-twitter\"\/>\n<p>Car c\u2019est bien cela le sujet. L\u2019Etat a un terrible besoin de notre argent pour le d\u00e9penser fort mal depuis des ann\u00e9es.<\/p>\n<p>Il s\u2019agit juste d\u2019habiller\u2026 la mise \u00e0 poil des Fran\u00e7ais et des \u00e9pargnants.<\/p>\n<p>Il faut juste donner un habillage l\u00e9gal au strip-tease et \u00e0 l\u2019effeuillage des contribuables.<\/p>\n<p>Le pr\u00e9sident Macron et le gouvernement pourront compter sur une grande souplesse du nouveau pr\u00e9sident du Conseil Constitutionnel.<\/p>\n<p>Mais bon, retenez ce que vient de dire Ursula. \u201cNous transformerons l\u2019\u00e9pargne priv\u00e9e en investissements indispensables.\u201d<\/p>\n<p>Cela commence ainsi, mais ce n\u2019est que le d\u00e9but d\u2019un processus de spoliation.<\/p>\n<p>Il est d\u00e9j\u00e0 trop tard, mais tout n\u2019est pas perdu.<\/p>\n<p>Pr\u00e9parez-vous !<\/p>\n<p>Charles SANNAT<\/p>\n<p>Tous les articles, la tribune libre et commentaires sont sous la responsabilit\u00e9 de leurs auteurs. Les Moutons Enrag\u00e9s ne sauraient \u00eatre tenus responsables de leur contenu ou orientation.<\/p>\n<\/p><\/div>\n<p><script async src=\"\/\/platform.twitter.com\/widgets.js\" charset=\"utf-8\"><\/script><br \/>\n<br \/><br \/>\n<br \/><a href=\"https:\/\/lesmoutonsenrages.fr\/2025\/03\/14\/nous-transformerons-lepargne-privee-en-investissements-indispensables-selon-ursula-von-der-leyen-ledito-de-charles-sannat\/\" target=\"_blank\"\">Source link <\/a><\/p>\n","protected":false},"excerpt":{"rendered":"<p>Source INSOLENTIAE Mes ch\u00e8res impertinentes, chers impertinents, Ursula parle beaucoup. Elle est d\u2019ailleurs aussi nuisible que bavarde. Elle vient d\u2019expliquer que l\u2019Europe avait tout ce qu\u2019il fallait pour prendre la&hellip; <\/p>\n","protected":false},"author":1,"featured_media":4588,"comment_status":"open","ping_status":"open","sticky":false,"template":"","format":"standard","meta":{"footnotes":""},"categories":[1],"tags":[],"class_list":["post-4587","post","type-post","status-publish","format-standard","has-post-thumbnail","hentry","category-non-classe"],"_links":{"self":[{"href":"https:\/\/monde25.info\/index.php\/wp-json\/wp\/v2\/posts\/4587","targetHints":{"allow":["GET"]}}],"collection":[{"href":"https:\/\/monde25.info\/index.php\/wp-json\/wp\/v2\/posts"}],"about":[{"href":"https:\/\/monde25.info\/index.php\/wp-json\/wp\/v2\/types\/post"}],"author":[{"embeddable":true,"href":"https:\/\/monde25.info\/index.php\/wp-json\/wp\/v2\/users\/1"}],"replies":[{"embeddable":true,"href":"https:\/\/monde25.info\/index.php\/wp-json\/wp\/v2\/comments?post=4587"}],"version-history":[{"count":0,"href":"https:\/\/monde25.info\/index.php\/wp-json\/wp\/v2\/posts\/4587\/revisions"}],"wp:featuredmedia":[{"embeddable":true,"href":"https:\/\/monde25.info\/index.php\/wp-json\/wp\/v2\/media\/4588"}],"wp:attachment":[{"href":"https:\/\/monde25.info\/index.php\/wp-json\/wp\/v2\/media?parent=4587"}],"wp:term":[{"taxonomy":"category","embeddable":true,"href":"https:\/\/monde25.info\/index.php\/wp-json\/wp\/v2\/categories?post=4587"},{"taxonomy":"post_tag","embeddable":true,"href":"https:\/\/monde25.info\/index.php\/wp-json\/wp\/v2\/tags?post=4587"}],"curies":[{"name":"wp","href":"https:\/\/api.w.org\/{rel}","templated":true}]}}