{"id":4597,"date":"2025-03-17T09:04:50","date_gmt":"2025-03-17T08:04:50","guid":{"rendered":"https:\/\/monde25.info\/index.php\/2025\/03\/17\/la-guerre-prochaine-sera-en-europe-entre-la-russie-et-le-fascisme-sauf-que-le-fascisme-sera-appele-democratie-les-moutons-enrages\/"},"modified":"2025-03-17T09:04:50","modified_gmt":"2025-03-17T08:04:50","slug":"la-guerre-prochaine-sera-en-europe-entre-la-russie-et-le-fascisme-sauf-que-le-fascisme-sera-appele-democratie-les-moutons-enrages","status":"publish","type":"post","link":"https:\/\/monde25.info\/index.php\/2025\/03\/17\/la-guerre-prochaine-sera-en-europe-entre-la-russie-et-le-fascisme-sauf-que-le-fascisme-sera-appele-democratie-les-moutons-enrages\/","title":{"rendered":"La guerre prochaine sera en Europe entre la Russie et le fascisme sauf que le fascisme sera appel\u00e9 d\u00e9mocratie \u2013 Les moutons enrag\u00e9s"},"content":{"rendered":"<p> <br \/>\n<\/p>\n<div>\n<p>Par <a target=\"_blank\" href=\"https:\/\/www.mondialisation.ca\/author\/dominique-muselet\">Dominique Muselet<\/a> pour <a target=\"_blank\" href=\"https:\/\/www.mondialisation.ca\/fidel-castro-lavait-predit-en-1992-la-guerre-prochaine-sera-en-europe-entre-la-russie-et-le-fascisme-sauf-que-le-fascisme-sera-appele-democratie\/5696972?doing_wp_cron=1742106863.4457359313964843750000\" data-type=\"link\" data-id=\"https:\/\/www.mondialisation.ca\/fidel-castro-lavait-predit-en-1992-la-guerre-prochaine-sera-en-europe-entre-la-russie-et-le-fascisme-sauf-que-le-fascisme-sera-appele-democratie\/5696972?doing_wp_cron=1742106863.4457359313964843750000\">Mondialisation.ca<\/a><\/p>\n<div class=\"wp-block-image\">\n<figure class=\"alignleft size-large is-resized\"><img fetchpriority=\"high\" decoding=\"async\" width=\"550\" height=\"330\" src=\"https:\/\/lesmoutonsenrages.fr\/wp-content\/uploads\/2025\/03\/image-62-550x330.png\" alt=\"\" class=\"wp-image-165913\" style=\"width:294px;height:auto\" srcset=\"https:\/\/lesmoutonsenrages.fr\/wp-content\/uploads\/2025\/03\/image-62-550x330.png 550w, https:\/\/lesmoutonsenrages.fr\/wp-content\/uploads\/2025\/03\/image-62-250x149.png 250w, https:\/\/lesmoutonsenrages.fr\/wp-content\/uploads\/2025\/03\/image-62-150x90.png 150w, https:\/\/lesmoutonsenrages.fr\/wp-content\/uploads\/2025\/03\/image-62.png 768w\" sizes=\"(max-width: 550px) 100vw, 550px\"\/><\/figure>\n<\/div>\n<p>La petite revue de presse de Dominique :<\/p>\n<h3 class=\"wp-block-heading\">Alexander Mercouris \u2013 Poutine rejette avec diplomatie, la proposition d\u2019un cessez-le-feu de 30 jours en Ukraine<\/h3>\n<p>Pendant sa conf\u00e9rence de presse avec le pr\u00e9sident Loukachenko, Poutine a dit : \u00ab\u00a0La Russie soutient les efforts pour cesser les hostilit\u00e9s dans le conflit ukrainien mais un \u00e9ventuel cessez-le-feu doit engendrer une paix durable et \u00e9liminer les causes initiales de cette crise. Moscou se pose plusieurs questions au sujet de la proposition \u00e9tasunienne qui seront soulev\u00e9es dans de prochains \u00e9changes avec nos coll\u00e8gues am\u00e9ricains. Cependant la Russie souhaite elle aussi une solution diplomatique au conflit\u00a0\u00bb.<\/p>\n<p><span id=\"more-165912\"\/><\/p>\n<p><strong>Alexander Mercouris<\/strong> : Poutine rejette poliment la proposition am\u00e9ricaine, comme c\u2019\u00e9tait pr\u00e9visible, mais il prend soin de ne pas fermer la porte aux n\u00e9gociations. Trump va accueillir positivement la r\u00e9ponse de Poutine et va aller de l\u2019avant. Trump et Poutine sont d\u00e9j\u00e0 tout les deux d\u2019accord sur le fait que Zelinsky doit partir. Les Europ\u00e9ens ne seront pas contents. En fait, leur principal souci n\u2019est pas tant la d\u00e9faite de l\u2019Ukraine que le rapprochement des Russes et des Am\u00e9ricains.<\/p>\n<p><iframe loading=\"lazy\" title=\"Putin diplomatically (with nuance) turns down 30-day ceasefire plan\" width=\"1110\" height=\"624\" src=\"https:\/\/www.youtube.com\/embed\/pPZ-8MNjC74?feature=oembed\" frameborder=\"0\" allow=\"accelerometer; autoplay; clipboard-write; encrypted-media; gyroscope; picture-in-picture; web-share\" referrerpolicy=\"strict-origin-when-cross-origin\" allowfullscreen><\/iframe><\/p>\n<h3 class=\"wp-block-heading\">Ghislain Benhessa \u2013\u00a0Ukraine : le parfait pr\u00e9texte pour un troisi\u00e8me mandat de Macron ?<\/h3>\n<p>Tout le monde est sid\u00e9r\u00e9. Nous sommes entr\u00e9s dans une nouvelle \u00e8re avec l\u2019\u00e9lection de Donald Trump. M\u00eame si on voyait bien que la d\u00e9mocratie se fissurait, qui aurait imagin\u00e9 il y a un an qu\u2019on puisse annuler des \u00e9lections comme en Roumanie ou raconter et faire n\u2019importe quoi comme l\u2019UE et consorts. Tout est devenu possible, et plus la sid\u00e9ration gagne du terrain, plus la caste au pouvoir prend des libert\u00e9s avec la loi pour se maintenir en place.<\/p>\n<p>Il y a 8 jours, Macron a sorti la carte de la peur\u2026 et, lui qu\u2019on croyait fini, a repris la main, comme avec l\u2019op\u00e9ration Covid, il a fait oublier la r\u00e9volte des Gilets jaunes.<\/p>\n<p>Nous vivons depuis 40 sous l\u2019\u00e9gide de \u00ab\u00a0l\u2019\u00e9tat de droit\u00a0\u00bb dans lequel le pouvoir se devait de respecter ses propres lois mais aujourd\u2019hui nous voyons qu\u2019il s\u2019en affranchit et multiplie les coups de force, politiques, judiciaires, sociaux.<\/p>\n<p>Quand on voit comment toutes les lois et les principes ont \u00e9t\u00e9 balay\u00e9s pendant l\u2019arnaque Covid, on comprend que rien n\u2019emp\u00eachera Macron d\u2019activer l\u2019article 16 pour se maintenir au pouvoir apr\u00e8s la fin de son mandat comme son ami Zelinsky avec la complicit\u00e9 de son copain\/coquin Richard Ferrand qu\u2019il a mis \u00e0 la t\u00eate du Conseil Constitutionnel. Il y a un vieux proverbe romain qui dit que le cri de la loi est trop faible pour dominer le fracas des armes, qu\u2019il soit fabriqu\u00e9 ou r\u00e9el.<\/p>\n<p>Il y a pourtant un contre-feu simple au d\u00e9lire de Macron. Si les oppositions avaient fait sauter Fran\u00e7ois Bayrou avec une motion de censure, Macron aurait saut\u00e9 dans la foul\u00e9e, et aujourd\u2019hui elles pourraient encore le destituer, si elles s\u2019unissaient. Mais Macron a r\u00e9ussi \u00e0 diviser\/\u00e9puiser les partis. Il est pass\u00e9 ma\u00eetre dans l\u2019art de diviser pour r\u00e9gner.<\/p>\n<p>Il a m\u00eame r\u00e9ussi, comme le souligne <a target=\"_blank\" href=\"https:\/\/www.youtube.com\/watch?v=d4hgIAc_-6I\">Serge Faubert<\/a> \u00e0 isoler la France Insoumise et \u00e0 neutraliser le Rassemblement National en faisant voter le 12 mars \u00e0 l\u2019Assembl\u00e9e Nationale le soutien \u00e0 l\u2019Ukraine et la saisie des avoirs russes par la coalition qu\u2019il r\u00eave de r\u00e9unir derri\u00e8re son panache blanc depuis la dissolution, de la gauche (\u00e9cologistes et socialistes), \u00e0 la droite et \u00e0 LIOT, en passant par l\u2019extr\u00eame-centre qu\u2019il incarne.<\/p>\n<p>Macron pense peut-\u00eatre que lorsqu\u2019il n\u2019y aura plus que des ruines autour de lui, il pourra se dresser dessus dans sa plus jolie panoplie de Sauveur.<\/p>\n<p><iframe loading=\"lazy\" title=\"Ukraine : le parfait pr\u00e9texte pour un troisi\u00e8me mandat de Macron ? - Ghislain Benhessa\" width=\"1110\" height=\"624\" src=\"https:\/\/www.youtube.com\/embed\/Nu1dMyo5FM0?feature=oembed\" frameborder=\"0\" allow=\"accelerometer; autoplay; clipboard-write; encrypted-media; gyroscope; picture-in-picture; web-share\" referrerpolicy=\"strict-origin-when-cross-origin\" allowfullscreen><\/iframe><\/p>\n<div class=\"wp-block-image\">\n<figure class=\"aligncenter\"><a target=\"_blank\" href=\"https:\/\/www.mondialisation.ca\/wp-content\/uploads\/2025\/03\/image.png\"><img decoding=\"async\" src=\"https:\/\/www.mondialisation.ca\/wp-content\/uploads\/2025\/03\/image-1024x227.png\" alt=\"\" class=\"wp-image-5696988\"\/><\/a><\/figure>\n<\/div>\n<h3 class=\"wp-block-heading\"><strong>Fran\u00e7ois Dubois \u2013 Les secrets tr\u00e8s mal cach\u00e9s de la loi de programmation militaire\u00a0<\/strong><\/h3>\n<p>Le contenu de la loi est tr\u00e8s tr\u00e8s vaste. Mais la pol\u00e9mique porte du l\u2019article \u00a0L2171-1 qui parle de la r\u00e9quisition de personnes physiques et morales et de services en cas de menace pr\u00e9visible (c\u2019est \u00e0 dire, ni actuelle, ni factuelle) :<\/p>\n<p>Il faut savoir qu\u2019actuellement on n\u2019est absolument pas en mesure de mener une guerre chaude, ce qui montre que le discours de Macron c\u2019est du grand n\u2019importe quoi, surtout que la France continue de liquider ses fleurons technologiques militaires. Par ex LMB A\u00e9rospace (Corr\u00e8ze), est en train d\u2019\u00eatre vendue aux Am\u00e9ricains, et on ne compte plus celles que Macron a d\u00e9j\u00e0 brad\u00e9es.<\/p>\n<p>Avec sa politique belliciste, Macron cherche \u00e0 redorer son blason, \u00e0 cacher le fait qu\u2019il a remis la d\u00e9fense de la France entre les mains des Am\u00e9ricains et de l\u2019OTAN, et que de gros transferts d\u2019argent s\u2019op\u00e8rent au profit d\u2019entit\u00e9s financi\u00e8res comme le complexe militaro-industriel notamment sous couvert d\u2019aide \u00e0 L\u2019Ukraine. Maintenant que les Etats-Unis changent de cap, on se retrouve \u00ab\u00a0\u00e0 poil\u00a0\u00bb et il va falloir se serrer la ceinture pour reconstruire notre d\u00e9fense. C\u2019est tout \u00e7a que Macron veut faire avaler aux Fran\u00e7ais en brandissant sa fausse \u00ab\u00a0menace russe\u00a0\u00bb.<\/p>\n<p>L\u2019Europe se retrouve isol\u00e9e. Elle va renforcer son totalitarisme pour se pr\u00e9parer \u00e0 un conflit de grande intensit\u00e9 en 2030. Il faut donc rester tr\u00e8s vigilant car tout se met en place pour la guerre, avec en prime le d\u00e9clenchement de l\u2019Article 16 de la Constitution qui permettra \u00e0 Macron de rester en place avec les pleins pouvoirs.<\/p>\n<p><iframe loading=\"lazy\" title=\"La Matinale 14\/03 : La propagande guerri\u00e8re sert \u00e0 torpiller les imp\u00f4ts des Fran\u00e7ais !\" width=\"1110\" height=\"624\" src=\"https:\/\/www.youtube.com\/embed\/h6bVn8Iglko?feature=oembed\" frameborder=\"0\" allow=\"accelerometer; autoplay; clipboard-write; encrypted-media; gyroscope; picture-in-picture; web-share\" referrerpolicy=\"strict-origin-when-cross-origin\" allowfullscreen><\/iframe><\/p>\n<h3 class=\"wp-block-heading\"><strong>TVL \u2013 UE : les coups d\u2019Etat permanents\u00a0<\/strong><\/h3>\n<p>Coups d\u2019Etat de l\u2019UE en Roumanie, en Bulgarie, et en Allemagne pour faire \u00e9lire de force les candidats pro-UE<\/p>\n<p><iframe loading=\"lazy\" title=\"UE : les coups d\u2019Etat permanents - JT du vendredi 14 mars 2025\" width=\"1110\" height=\"624\" src=\"https:\/\/www.youtube.com\/embed\/JXa5YQNgwwM?feature=oembed\" frameborder=\"0\" allow=\"accelerometer; autoplay; clipboard-write; encrypted-media; gyroscope; picture-in-picture; web-share\" referrerpolicy=\"strict-origin-when-cross-origin\" allowfullscreen><\/iframe><\/p>\n<h3 class=\"wp-block-heading\"><strong>Jacques Sapir d\u00e9truit les mensonges de Macron sur la Russie !<\/strong><\/h3>\n<p>Jacques Sapir revient sur le d\u00e9roulement des \u00e9v\u00e8nements en Ukraine et sur les accords de Minsk et qui ne les a pas respect\u00e9s (pas la Russie comme le pr\u00e9tend Macron, mais bien l\u2019Ukraine, la France et l\u2019Allemagne de leur propre aveu). Puis il explique pourquoi l\u2019Op\u00e9ration miliaire sp\u00e9ciale de la Russie en Ukraine du 24 f\u00e9vrier 2022 \u00e9tait justifi\u00e9e, contrairement au discours institutionnel occidental d\u2019une \u00ab\u00a0invasion russe non provoqu\u00e9e\u00a0\u00bb.<\/p>\n<p>Puis il aborde la question \u00e9conomique et explique comment on calcule le PIB en parit\u00e9 de pouvoir d\u2019achat? D\u2019apr\u00e8s ce calcul la Russie fait 3,6 % du PIB mondial, l\u2019Allemagne 3,1% et la France ne fait que 2,1%. Pour ce qui est de la part de l\u2019industrie, 26% du PIB russe vient de l\u2019industrie, 23 % pour le PIB allemand et seulement 11% pour le PIB fran\u00e7ais. La Russie est la 4\u00e8me \u00e9conomie mondiale (1. Chine, 2. USA, 3. Inde). Voil\u00e0 le v\u00e9ritable rapport de force. Bien loin de la fable occidentale, comme quoi la Russie serait \u00ab\u00a0une station essence avec le PIB de l\u2019Espagne\u00a0\u00bb.<\/p>\n<p>Sur la d\u00e9fense russe, Macron et Bayrou ont aussi avanc\u00e9 des chiffres fantaisistes. La d\u00e9fense ne repr\u00e9sente pas 40% du budget russe mais seulement 17%.<\/p>\n<p>En fait, comme les Etats-Unis sont en train de se retirer d\u2019Europe, il est logique d\u2019augmenter notre d\u00e9fense. Mais il suffirait que les pays europ\u00e9ens passent progressivement \u00e0 3 ou 3,1% du budget pour avoir une d\u00e9fense du m\u00eame ordre que celle de la Russie. C\u2019est ridicule et dangereux de vouloir les porter \u00e0 5% comme le veut l\u2019UE, car d\u2019une part nos \u00e9conomies sont d\u00e9j\u00e0 en difficult\u00e9 et d\u2019autre part cela inqui\u00e9terait la Russie et provoquerait une escalade de l\u2019armement.<\/p>\n<p>La France peut d\u00e9cider d\u2019\u00e9tendre sa dissuasion nucl\u00e9aire mais pour que cela soit cr\u00e9dible, il faut que cela ne concerne que des pays frontaliers comme l\u2019Allemagne, les Pays-Bas et la la Belgique, qui font partie de nos int\u00e9r\u00eats vitaux, comme l\u2019avait dit le G\u00e9n\u00e9ral de Gaulle.<\/p>\n<p><iframe loading=\"lazy\" title=\"Jacques Sapir d\u00e9truit les mensonges de Macron sur la Russie !\" width=\"1110\" height=\"624\" src=\"https:\/\/www.youtube.com\/embed\/Fis-skKYKlM?feature=oembed\" frameborder=\"0\" allow=\"accelerometer; autoplay; clipboard-write; encrypted-media; gyroscope; picture-in-picture; web-share\" referrerpolicy=\"strict-origin-when-cross-origin\" allowfullscreen><\/iframe><\/p>\n<h3 class=\"wp-block-heading\"><strong>Les m\u00e9dias occidentaux surpris en train de mentir sur la Chine\u2026 encore une fois<\/strong><\/h3>\n<p>A la fin du mois dernier, l\u2019\u00e9mission Cash Investigation de France 2 a diffus\u00e9 un reportage film\u00e9 en cam\u00e9ra cach\u00e9e dans une usine de la province de Chandong qui fabrique des v\u00eatements pour D\u00e9cathlon. Les deux journalistes se sont fait passer pour des clientes. L\u2019une a demand\u00e9 \u00e0 une gamine qui attendait sa m\u00e8re apr\u00e8s l\u2019\u00e9cole, de s\u2019assoir devant une machine \u00e0 coudre et a utilis\u00e9 l\u2019enregistrement comme preuve du travail des enfants. L\u2019autre a demand\u00e9 \u00e0 une employ\u00e9e si tout le coton provenait de Chandong.<\/p>\n<p>\u2013 Pas n\u00e9cessairement, a r\u00e9pondu l\u2019employ\u00e9e<\/p>\n<p>\u2013 J\u2019ai entendu dire qu\u2019il y avait beaucoup de coton dans le Xinjiang, a dit la reporter<\/p>\n<p>\u2013 oui moi aussi\u00a0\u00bb a r\u00e9pondu l\u2019employ\u00e9e. Et voil\u00e0 la preuve, selon ces journalistes, qu\u2019il y a du travail forc\u00e9 en Chine et que Decathlon utilise du coton issu du travail forc\u00e9 des Ouighours, comme il en a \u00e9t\u00e9 faussement accus\u00e9, dans le cadre des sanctions que les Etats-Unis cherchent d\u00e9sesp\u00e9r\u00e9ment \u00e0 imposer \u00e0 la Chine.<\/p>\n<p>Pour faire bonne mesure, la traduction a aussi \u00e9t\u00e9 manipul\u00e9e mais comme ils avaient laiss\u00e9 le Mandarin originel, une personne parlant Mandarin pouvait facilement s\u2019apercevoir de la supercherie.<\/p>\n<p>Suite \u00e0 ce reportage, l\u2019usine chinoise a \u00e9t\u00e9 temporairement ferm\u00e9e et contr\u00f4l\u00e9e par les autorit\u00e9s chinoises, et France 2 est maintenant attaqu\u00e9e en justice par l\u2019usine pour diffamation, affirme la blogueuse.<\/p>\n<p>Mais pour \u00eatre honn\u00eate, je n\u2019ai pas trouv\u00e9 trace de ces poursuites judiciaires sur le Net.<\/p>\n<p><iframe loading=\"lazy\" title=\"Western Media Caught Lying About China\u2026 Again\" width=\"1110\" height=\"624\" src=\"https:\/\/www.youtube.com\/embed\/4XSfxzkgqL8?feature=oembed\" frameborder=\"0\" allow=\"accelerometer; autoplay; clipboard-write; encrypted-media; gyroscope; picture-in-picture; web-share\" referrerpolicy=\"strict-origin-when-cross-origin\" allowfullscreen><\/iframe><\/p>\n<h3 class=\"wp-block-heading\"><strong>Fadi Kassem\u00a0\u2013 O\u00f9 va ce monde. Face \u00e0 la \u00ab\u00a0fi\u00e8vre\u00a0\u00bb des va-t\u2019en guerre, de droite comme de gauche<\/strong><\/h3>\n<p>Fadi Kassem du P\u00f4le de renaissance communiste n\u2019est pas tr\u00e8s charismatique, mais c\u2019est un homme honn\u00eate, intelligent et courageux, qui n\u2019a pas peur de briser des tabous. D\u00e9j\u00e0 en acceptant l\u2019invitation d\u2019Eric Montana et de Claude Janvier, r\u00e9put\u00e9s complotistes d\u2019extr\u00eame-droite par les m\u00e9dias institutionnels comme tous ceux qui s\u2019opposent \u00e0 la technocrature europ\u00e9enne et sa politique suicidaire ; ensuite en ne se d\u00e9robant pas quand d\u2019Eric Montana lui demande comment Zelinsky peut \u00eatre \u00e0 la fois juif et nazi. Farid Kassem attribue ce myst\u00e8re \u00e0 la russophobie galopante qui l\u2019aveugle et le rend fou, et en ne se d\u00e9robant pas non plus quand Claude Janvier l\u2019interroge sur une \u00e9ventuelle alliance avec des mouvements souverainistes comme R\u00e9publique souveraine de Georges Kuzmanovic, Philippot, Asselineau et Dupont-Aignan avec qui le PRCF semble avoir beaucoup de points communs. Farid Kassem r\u00e9pond que le PRCF a des partenaires et des alli\u00e9s qui tous promeuvent une \u00ab\u00a0alternative rouge et tricolore\u00a0\u00bb, et donc le but est certes le Frexit, mais pour rompre avec le capitalisme.<\/p>\n<p>Perso, j\u2019ai trouv\u00e9 l\u2019entretien tr\u00e8s int\u00e9ressant, et je ne regrette pas d\u2019avoir vot\u00e9 pour le PRCF aux derni\u00e8res l\u00e9gislatives.<\/p>\n<p><strong>Fadi Kassem<\/strong> : Le PRCF est n\u00e9 du constat, en 2004, que le PC fran\u00e7ais avait d\u00e9riv\u00e9 vers le lib\u00e9ral socialisme et \u00e9tait irr\u00e9cup\u00e9rable. Notre but est de reconstruire un vrai parti communiste, sur une ligne claire que nous appelons <strong>le Frexit progressiste<\/strong>, la sortie de l\u2019UE et du capitalisme.<\/p>\n<p><strong>Que penses-tu du discours de Macron sur la \u00ab\u00a0menace russe\u00a0\u00bb?<\/strong><\/p>\n<p>Macron cherche \u00e0 mobiliser par tous les moyens pour faire oublier l\u2019\u00e9chec de sa politique \u00e9conomique et op\u00e9rer le saut f\u00e9d\u00e9ral europ\u00e9en qui passe par la construction d\u2019une Europe de la d\u00e9fense pour, en r\u00e9alit\u00e9, attaquer la Russie. C\u2019est compl\u00e8tement rocambolesque ! Il n\u2019y a pas d\u2019argent pour quoi que ce soit en France mais il y en a pour alimenter une guerre perdue d\u2019avance, men\u00e9e par des n\u00e9o-nazis contre la Russie, sur l\u2019ordre des D\u00e9mocrates \u00e9tasuniens qui ne sont m\u00eame plus au pouvoir aux USA.<\/p>\n<p>Les Fran\u00e7ais ne sont pas dupes. Ils comprennent bien que Macron est un despote pr\u00eat \u00e0 tout pour devenir le nouvel imperator europ\u00e9en, et que c\u2019est lui la principale menace pour la France, comme \u00a0l\u2019a d\u2019ailleurs dit le vice-pr\u00e9sident US \u00e0 la Conf\u00e9rence de Munich le 15 f\u00e9vrier dernier : \u00a0\u00bb <em>L<\/em><em>a menace qui m\u2019inqui\u00e8te le plus vis-\u00e0-vis de l\u2019Europe n\u2019est pas la Russie, ce n\u2019est pas la Chine, ce n\u2019est aucun autre acteur ext\u00e9rieur. C<\/em><em>e qui m\u2019inqui\u00e8te, c\u2019est la menace de l\u2019int\u00e9rieur\u00a0: le recul de l\u2019Europe sur certaines de ses valeurs les plus fondamentales. Des valeurs partag\u00e9es avec les \u00c9tats-Unis\u00a0\u00bb.<\/em><\/p>\n<h3 class=\"wp-block-heading\">La France est le second vendeur d\u2019armes au monde. Qu\u2019en penses-tu?<\/h3>\n<p>Jaur\u00e8s disait \u00ab\u00a0<em>Le capitalisme porte la guerre comme la nu\u00e9e porte l\u2019orage<\/em>\u00ab\u00a0. Les armes, cela rapporte, et l\u2019essence du capitalisme, c\u2019est le profit. C\u2019est pourquoi il faut en finir avec l\u2019ordre capitaliste qui m\u00e8ne l\u2019humanit\u00e9 \u00e0 sa perte. Georges Gastaud, le fondateur du PRCF, parle d\u2019exterminisme. Il faut donc sortir au plus vite de l\u2019UE, de l\u2019OTAN et du capitalisme.<\/p>\n<h3 class=\"wp-block-heading\"><strong>Pourquoi la finance apatride appelle-t-elle, par la voix des Rothschild, \u00e0 \u00e9liminer la Russie? Est-ce parce que la Russie veut instaurer un monde multipolaire?<\/strong><\/h3>\n<p>C\u2019est s\u00fbr que la Russie s\u2019oppose \u00e0 ce que nous appelons l\u2019h\u00e9g\u00e9monisme, qui est presque le stade supr\u00eame de l\u2019imp\u00e9rialiste. La Russie est encercl\u00e9e depuis 1991 par des bases de l\u2019OTAN. L\u2019Occident m\u00e8ne une guerre de propagande et d\u00e9sormais une guerre militaire contre la Russie avec la Chine en ligne de mire. C\u2019est la fameuse \u00ab\u00a0destin\u00e9e manifeste\u00a0\u00bb. L\u2019app\u00e9tit de profit et l\u2019id\u00e9ologie \u00a0se nourrissent mutuellement. Les dirigeants \u00e9tasuniens, Netanyahou et m\u00eame Macron se croient \u00e9lus de dieu. Ce sont des illumin\u00e9s et en r\u00e9alit\u00e9 les vrais complotistes parce qu\u2019ils nous servent un narratif compl\u00e8tement coup\u00e9 de la r\u00e9alit\u00e9 et tr\u00e8s dangereux.<\/p>\n<p><strong>Que faire? Les gens ne croient plus en la politique\u2026<\/strong><\/p>\n<p>Cela d\u00e9pend de la politique. La lutte des gilets jaunes avait un vrai contenu politique. Le probl\u00e8me, c\u2019est que les partis de gauche ont abandonn\u00e9 les travailleurs qui du coup ne votent plus. C\u2019est pourquoi nos id\u00e9es avancent au sein des syndicats et des partis.<\/p>\n<h3 class=\"wp-block-heading\"><strong>Sommes-nous encore dans un \u00e9tat de droit, une d\u00e9mocratie?<\/strong><\/h3>\n<p>Non, et c\u2019est clair depuis que Sarkozy a fait ratifier en 2007 le trait\u00e9 de Lisbonne qui \u00e9tait identique au trait\u00e9 constitutionnel europ\u00e9en qui avait \u00e9t\u00e9 rejet\u00e9 le 29 mai 2005 par les Fran\u00e7ais. Depuis, nous vivons dans la prison du TINA (there is no alternative) de Thatcher, et tout est verrouill\u00e9, le politique, l\u2019\u00e9conomique, l\u2019information, l\u2019administratif, le judiciaire (la r\u00e9pression judiciaire des GJ est moins connue que la r\u00e9pression physique, mais elle a \u00e9t\u00e9 tout aussi sanglante). Donc \u00e0 partir de l\u00e0, la d\u00e9mocratie, c\u2019est une blague !<\/p>\n<h3 class=\"wp-block-heading\"><strong>Kennedy avait-il raison de dire : \u00ab\u00a0Ceux qui emp\u00eachent les r\u00e9volutions pacifiques rendent in\u00e9vitables les r\u00e9volutions violentes\u00a0\u00bb.<\/strong><\/h3>\n<p>Oui, bien s\u00fbr. Pour le moment, beaucoup de Fran\u00e7ais croient encore au narratif illumin\u00e9 qu\u2019on leur sert. La sid\u00e9ration est grande et bien entretenue par Macron qui joue son va-tout, mais tout doucement ils finissent par se rendre compte que ce n\u2019est pas normal qu\u2019il n\u2019y a plus un sou pour le quotidien, mais qu\u2019il y ait des milliards pour aller faire la guerre aux Russes qui ne nous ont rien fait\u2026<\/p>\n<p>En 1914, il n\u2019y avait pas Internet, ni de r\u00e9seaux sociaux, aujourd\u2019hui, les circonstances sont moins favorables aux bellicistes. Surtout que cette fois, il ne s\u2019agit pas seulement d\u2019aller guerroyer, il s\u2019agit d\u2019un suicide, avec un risque de guerre nucl\u00e9aire, il s\u2019agit bien d\u2019exterminisme comme je le disais tout \u00e0 l\u2019heure.<\/p>\n<p>Mais nous gardons espoir car nous pensons que l\u2019histoire va dans notre sens.<\/p>\n<p><iframe loading=\"lazy\" title=\"O\u00f9 va ce monde. Face \u00e0 la &quot;fi\u00e8vre&quot; des va-t-en guerre, de droite comme de gauche.\" width=\"1110\" height=\"624\" src=\"https:\/\/www.youtube.com\/embed\/s9n8ncn5Kv8?feature=oembed\" frameborder=\"0\" allow=\"accelerometer; autoplay; clipboard-write; encrypted-media; gyroscope; picture-in-picture; web-share\" referrerpolicy=\"strict-origin-when-cross-origin\" allowfullscreen><\/iframe><\/p>\n<h3 class=\"wp-block-heading\"><strong>Les bobos de <em>C\u2019est \u00e0 vous<\/em> d\u00e9couvrent, avec une horreur feinte, l\u2019ins\u00e9curit\u00e9 qui r\u00e8gne dans l\u2019Etat failli qu\u2019est devenu la France et dont, par leur statut privil\u00e9gi\u00e9, ils sont enti\u00e8rement prot\u00e9g\u00e9s.<\/strong><\/h3>\n<p><a target=\"_blank\" href=\"https:\/\/www.youtube.com\/watch?v=O1gmsSkRUVw\">https:\/\/www.youtube.com\/watch?v=O1gmsSkRUVw<\/a><\/p>\n<h3 class=\"wp-block-heading\"><strong>Laurent Firode \u2013 <em>C\u2019est pas nous<\/em>, l\u2019antidote \u00e0 <em>C \u00e0 vous<\/em><\/strong><\/h3>\n<p>Laurent Firode se moque gentiment des bobos de <em>C\u2019est \u00e0 vous<\/em>, dans un de ses d\u00e9licieux petits films.<\/p>\n<p><iframe loading=\"lazy\" title=\"C Pas Nous\" width=\"1110\" height=\"624\" src=\"https:\/\/www.youtube.com\/embed\/db5ZtSO5ZnA?feature=oembed\" frameborder=\"0\" allow=\"accelerometer; autoplay; clipboard-write; encrypted-media; gyroscope; picture-in-picture; web-share\" referrerpolicy=\"strict-origin-when-cross-origin\" allowfullscreen><\/iframe><\/p>\n<h3 class=\"wp-block-heading\"><strong>\u00a0Roxane d\u2019Espalungue \u2013 Les vraies raisons de l\u2019affolement de Macron !\u00a0<\/strong><\/h3>\n<p>Tocsin nous offre une plong\u00e9e humoristique dans la psych\u00e9 de notre timonier bien aim\u00e9, \u00a0celui que le monde entier nous envie, le grand, le beau, l\u2019incomparable Emmanuel Macron, qui sera bient\u00f4t sacr\u00e9 empereur d\u2019Europe pour notre plus grande fiert\u00e9.<\/p>\n<p><iframe loading=\"lazy\" title=\"Menace russe : les vraies raisons de l&#039;affolement de Macron ! - Roxane d&#039;Espalungue\" width=\"1110\" height=\"624\" src=\"https:\/\/www.youtube.com\/embed\/5BHGPRj1cPA?feature=oembed\" frameborder=\"0\" allow=\"accelerometer; autoplay; clipboard-write; encrypted-media; gyroscope; picture-in-picture; web-share\" referrerpolicy=\"strict-origin-when-cross-origin\" allowfullscreen><\/iframe><\/p>\n<h3 class=\"wp-block-heading\"><strong>Greg Tabibian \u2013 UKRAINE : MACRON est devenu FOU. Il faut le DESTITUER !!!<\/strong><\/h3>\n<p>Le c\u00e9l\u00e8bre blogueur de \u00ab\u00a0J\u2019suis pas content\u00a0\u00bb r\u00e8gle ses comptes avec notre \u00ab\u00a0petit monarque\u00a0\u00bb, \u00e0 7\u201930, avec beaucoup de verve et d\u2019\u00e0-propos : \u00ab\u00a0<em>Manuel, tu n\u2019es qu\u2019un petit monarque de pacotille, jouant \u00e0 Louis XIV dans les dorures de l\u2019Elys\u00e9e pendant que son royaume part en lambeaux, un Jupiter en carton p\u00e2te, enfant pourri-g\u00e2t\u00e9 de la R\u00e9publique qui pr\u00e9f\u00e9rerait faire atomiser la France, plut\u00f4t que d\u2019admettre un seul instant que son tr\u00f4ne vacille sous le poids de son incomp\u00e9tence flagrante..<\/em>.\u00a0\u00bb Et \u00e7a continue comme \u00e7a\u2026<\/p>\n<p>Une v\u00e9ritable catharsis qui ne doit pas nous faire oublier que nos quolibets n\u2019emp\u00eacheront sans doute pas Macron d\u2019essayer de se faire couronner empereur.<\/p>\n<p><iframe loading=\"lazy\" title=\"\ud83d\udca3\ud83d\udca3\ud83d\udca3 UKRAINE : MACRON est devenu FOU. Il faut le DESTITUER !!! \ud83d\udca3\ud83d\udca3\ud83d\udca3 [J&#039;suis pas content ! #Hors-S\u00e9rie]\" width=\"1110\" height=\"624\" src=\"https:\/\/www.youtube.com\/embed\/fWcYMGVPYDU?feature=oembed\" frameborder=\"0\" allow=\"accelerometer; autoplay; clipboard-write; encrypted-media; gyroscope; picture-in-picture; web-share\" referrerpolicy=\"strict-origin-when-cross-origin\" allowfullscreen><\/iframe><\/p>\n<p>La source originale de cet article est Mondialisation.ca<\/p>\n<p>Copyright \u00a9 <a target=\"_blank\" href=\"https:\/\/www.mondialisation.ca\/author\/dominique-muselet\">Dominique Muselet<\/a>, Mondialisation.ca, 2025<\/p>\n<p>Tous les articles, la tribune libre et commentaires sont sous la responsabilit\u00e9 de leurs auteurs. Les Moutons Enrag\u00e9s ne sauraient \u00eatre tenus responsables de leur contenu ou orientation.<\/p>\n<\/p><\/div>\n<p><br \/>\n<br \/><a href=\"https:\/\/lesmoutonsenrages.fr\/2025\/03\/17\/fidel-castro-lavait-predit-en-1992-la-guerre-prochaine-sera-en-europe-entre-la-russie-et-le-fascisme-sauf-que-le-fascisme-sera-appele-democratie\/\" target=\"_blank\"\">Source link <\/a><\/p>\n","protected":false},"excerpt":{"rendered":"<p>Par Dominique Muselet pour Mondialisation.ca La petite revue de presse de Dominique : Alexander Mercouris \u2013 Poutine rejette avec diplomatie, la proposition d\u2019un cessez-le-feu de 30 jours en Ukraine Pendant&hellip; <\/p>\n","protected":false},"author":1,"featured_media":4598,"comment_status":"open","ping_status":"open","sticky":false,"template":"","format":"standard","meta":{"footnotes":""},"categories":[1],"tags":[],"class_list":["post-4597","post","type-post","status-publish","format-standard","has-post-thumbnail","hentry","category-non-classe"],"_links":{"self":[{"href":"https:\/\/monde25.info\/index.php\/wp-json\/wp\/v2\/posts\/4597","targetHints":{"allow":["GET"]}}],"collection":[{"href":"https:\/\/monde25.info\/index.php\/wp-json\/wp\/v2\/posts"}],"about":[{"href":"https:\/\/monde25.info\/index.php\/wp-json\/wp\/v2\/types\/post"}],"author":[{"embeddable":true,"href":"https:\/\/monde25.info\/index.php\/wp-json\/wp\/v2\/users\/1"}],"replies":[{"embeddable":true,"href":"https:\/\/monde25.info\/index.php\/wp-json\/wp\/v2\/comments?post=4597"}],"version-history":[{"count":0,"href":"https:\/\/monde25.info\/index.php\/wp-json\/wp\/v2\/posts\/4597\/revisions"}],"wp:featuredmedia":[{"embeddable":true,"href":"https:\/\/monde25.info\/index.php\/wp-json\/wp\/v2\/media\/4598"}],"wp:attachment":[{"href":"https:\/\/monde25.info\/index.php\/wp-json\/wp\/v2\/media?parent=4597"}],"wp:term":[{"taxonomy":"category","embeddable":true,"href":"https:\/\/monde25.info\/index.php\/wp-json\/wp\/v2\/categories?post=4597"},{"taxonomy":"post_tag","embeddable":true,"href":"https:\/\/monde25.info\/index.php\/wp-json\/wp\/v2\/tags?post=4597"}],"curies":[{"name":"wp","href":"https:\/\/api.w.org\/{rel}","templated":true}]}}