{"id":4599,"date":"2025-03-17T10:45:36","date_gmt":"2025-03-17T09:45:36","guid":{"rendered":"https:\/\/monde25.info\/index.php\/2025\/03\/17\/un-nouveau-repit-pour-les-opposants\/"},"modified":"2025-03-17T10:45:36","modified_gmt":"2025-03-17T09:45:36","slug":"un-nouveau-repit-pour-les-opposants","status":"publish","type":"post","link":"https:\/\/monde25.info\/index.php\/2025\/03\/17\/un-nouveau-repit-pour-les-opposants\/","title":{"rendered":"un nouveau r\u00e9pit pour les opposants"},"content":{"rendered":"<p> <br \/>\n<\/p>\n<div>\n<p>    <span class=\"date\">17 mars 2025  \u00e0 09h54<\/span><\/p>\n<p class=\"duree_lecture\">\n        Dur\u00e9e de lecture : 4 minutes\n      <\/p>\n<\/p><\/div>\n<div>\n<p class=\"indication_lieu\">Saint-P\u00e9ray (Ard\u00e8che), reportage<\/p>\n<p>Un chant s\u2019envole sur la plaine de Saint-P\u00e9ray. <i>\u00ab<small class=\"fine d-inline\">\u00a0<\/small>Touchez pas \u00e0 la plaine, touchez pas<small class=\"fine d-inline\">\u00a0<\/small>; Des routes et des bagnoles on n\u2019en veut pas<small class=\"fine d-inline\">\u00a0<\/small>; Notre plaine on la pr\u00e9servera<small class=\"fine d-inline\">\u00a0<\/small>!<small class=\"fine d-inline\">\u00a0<\/small>\u00bb<\/i> entonne la chorale de la Cavale sur un chemin qui borde le dernier corridor \u00e9cologique \u00e0 l\u2019ouest de Valence. Comme les 70\u00a0personnes pr\u00e9sentes, ses choristes sont venues le 15\u00a0mars participer \u00e0 une promenade festive d\u2019opposition \u00e0 la <a target=\"_blank\" href=\"https:\/\/reporterre.net\/En-Ardeche-des-militants-occupent-des-arbres-pour-protester-contre-un-projet-routier\">d\u00e9viation de la route d\u00e9partementale\u00a086<\/a> (<span class=\"caps\">RD86<\/span>), qui doit couler son bitume sur ces 50\u00a0hectares de terres agricoles.<\/p>\n<p>Vieux de 40\u00a0ans, ce projet routier a \u00e9t\u00e9 sorti de l\u2019oubli par la communaut\u00e9 de communes de Rh\u00f4ne Crussol (<span class=\"caps\">CCRC<\/span>), pr\u00e9sid\u00e9 par Jacques Dubay, le maire de Saint-P\u00e9ray. L\u2019\u00e9lu, qui dispose du soutien du d\u00e9partement et de la r\u00e9gion Auvergne-Rh\u00f4ne-Alpes, esp\u00e8re fluidifier la circulation bouchonn\u00e9e de sa commune. <i>\u00ab<small class=\"fine d-inline\">\u00a0<\/small>Ils devraient plut\u00f4t investir dans le r\u00e9seau ferroviaire, il n\u2019y a plus aucun train de voyageurs en Ard\u00e8che<small class=\"fine d-inline\">\u00a0<\/small>!<small class=\"fine d-inline\">\u00a0<\/small>\u00bb<\/i> s\u2019exclame Dominique, une choriste qui a grandi \u00e0 Saint-P\u00e9ray.<\/p>\n<p><a target=\"_blank\" href=\"https:\/\/reporterre.net\/En-Ardeche-des-militants-occupent-des-arbres-pour-protester-contre-un-projet-routier\" class=\"lien_lireaussi\"><strong>Lire aussi : <\/strong> <span>En Ard\u00e8che, des militants occupent des arbres pour protester contre un projet routier<\/span><\/a><\/p>\n<p>Un sentiment de soulagement souffle sur la foule. Le 14\u00a0mars, la pr\u00e9f\u00e8te de l\u2019Ard\u00e8che <a target=\"_blank\" href=\"https:\/\/www.ardeche.gouv.fr\/Actualites\/Espace-Presse\/Communiques-de-presse\/Annee-2025\/Mars-2025\/Deviation-de-Saint-Peray-reprise-partielle-des-travaux\" class=\"spip_out\" rel=\"external\">a repouss\u00e9 la reprise des travaux<\/a> au 1<sup class=\"typo_exposants\">er<\/sup>\u00a0septembre et demand\u00e9 \u00e0 la <span class=\"caps\">CCRC<\/span> de d\u00e9poser une demande de d\u00e9rogation \u00e0 la protection des esp\u00e8ces. <i>\u00ab<small class=\"fine d-inline\">\u00a0<\/small>C\u2019est une victoire pour le droit de l\u2019environnement et de la mobilisation citoyenne<small class=\"fine d-inline\">\u00a0<\/small>\u00bb<\/i>, savoure Maud Grard, conseill\u00e8re r\u00e9gionale \u00e9cologiste. Mais pas la fin de la lutte, temp\u00e8re Edwige Roche, de la Frapna Dr\u00f4me Nature Environnement\u00a0: <i>\u00ab<small class=\"fine d-inline\">\u00a0<\/small>On attend la publication de l\u2019arr\u00eat\u00e9 pour voir de quoi il en retourne, et si besoin l\u2019attaquer au tribunal administratif.<small class=\"fine d-inline\">\u00a0<\/small>\u00bb<\/i><\/p>\n<div class=\"spip_document_89454 spip_document spip_documents spip_document_image spip_documents_center spip_document_center spip_document_avec_legende\" data-legende-len=\"137\" data-legende-lenx=\"xxx\">\n<figure class=\"spip_doc_inner\">\n      <picture><source type=\"image\/webp\" srcset=\"https:\/\/reporterre.net\/local\/cache-vignettes\/L1050xH700\/saint_peray_3-fa86b.jpg@.webp?1742196583\"><img decoding=\"async\" src=\"https:\/\/reporterre.net\/IMG\/jpg\/saint_peray_3.jpg\" width=\"1200\" height=\"800\" loading=\"lazy\" alt=\"\"\/><br \/>\n    <\/source><\/picture><figcaption class=\"spip_doc_legende\">\n<p>La chorale autog\u00e9r\u00e9e de la Cavale contre le projet de d\u00e9viation de la <span class=\"caps\"><span class=\"caps\">RD86<\/span><\/span>, le 15\u00a0mars 2025 \u00e0 Saint-P\u00e9ray.<br \/>\n<i>\u00a9 Moran Kerinec \/ Reporterre<\/i><\/p>\n<\/figcaption><\/figure>\n<\/p><\/div>\n<h2 class=\"spip\">Risque d\u2019amiante et plaintes en s\u00e9rie<\/h2>\n<p>Une vigilance de rigueur. <i>\u00ab<small class=\"fine d-inline\">\u00a0<\/small>Ce n\u2019est plus une plaine, c\u2019est les montagnes russes<small class=\"fine d-inline\">\u00a0<\/small>\u00bb<\/i>, plaisante un opposant. Ses travaux ont \u00e9t\u00e9 stopp\u00e9s cet automne apr\u00e8s la d\u00e9couverte d\u2019amiante sur le lieu-dit Le Nichoir. Aucun ouvrier ne disposait d\u2019\u00e9quipement de protection contre les fibres canc\u00e9rog\u00e8nes. \u00c0 l\u2019\u00e9poque, Jacques Dubay a ni\u00e9 tout risque aupr\u00e8s de <i>Reporterre<\/i>.<\/p>\n<p>Si un diagnostic amiante a bien \u00e9t\u00e9 men\u00e9 par la commune, celle-ci refuse d\u2019en d\u00e9voiler le contenu, malgr\u00e9 un avis favorable de la commission d\u2019acc\u00e8s aux documents administratifs saisis par Maud Grard. <i>\u00ab<small class=\"fine d-inline\">\u00a0<\/small>Une plainte va \u00eatre d\u00e9pos\u00e9e par un salari\u00e9 expos\u00e9 \u00e0 l\u2019amiante<small class=\"fine d-inline\">\u00a0<\/small>\u00bb<\/i>, annonce l\u2019\u00e9lue \u00e9cologiste. Sollicit\u00e9, Jacques Dubay n\u2019a pas r\u00e9pondu \u00e0 <i>Reporterre<\/i>.<\/p>\n<p>En retour, cinq plaintes ont \u00e9t\u00e9 d\u00e9pos\u00e9es contre Maud Grard par des membres de la mairie pour, notamment, <i>\u00ab<small class=\"fine d-inline\">\u00a0<\/small>d\u00e9nonciation calomnieuse<small class=\"fine d-inline\">\u00a0<\/small>\u00bb<\/i>, <i>\u00ab<small class=\"fine d-inline\">\u00a0<\/small>menace de crime ou d\u00e9lit \u00e0 l\u2019encontre d\u2019un charg\u00e9 de mission du service public<small class=\"fine d-inline\">\u00a0<\/small>\u00bb<\/i> et <i>\u00ab<small class=\"fine d-inline\">\u00a0<\/small>port ill\u00e9gal de l\u2019\u00e9charpe d\u2019\u00e9lu<small class=\"fine d-inline\">\u00a0<\/small>\u00bb<\/i>.<\/p>\n<div class=\"spip_document_89453 spip_document spip_documents spip_document_image spip_documents_center spip_document_center spip_document_avec_legende\" data-legende-len=\"126\" data-legende-lenx=\"xx\">\n<figure class=\"spip_doc_inner\">\n      <picture><source type=\"image\/webp\" srcset=\"https:\/\/reporterre.net\/local\/cache-vignettes\/L1050xH700\/saint_peray_1-8af1b.jpg@.webp?1742196584\"><img decoding=\"async\" src=\"https:\/\/reporterre.net\/IMG\/jpg\/saint_peray_1.jpg\" width=\"1200\" height=\"800\" loading=\"lazy\" alt=\"\"\/><br \/>\n    <\/source><\/picture><figcaption class=\"spip_doc_legende\">\n<p>Manifestation festive contre le projet de d\u00e9viation de la <span class=\"caps\"><span class=\"caps\">RD86<\/span><\/span>, \u00e0 Saint-P\u00e9ray, le 15\u00a0mars 2025.<br \/>\n<i>\u00a9 Moran Kerinec \/ Reporterre<\/i><\/p>\n<\/figcaption><\/figure>\n<\/p><\/div>\n<p>La poussi\u00e8re de l\u2019amiante retomb\u00e9e, des activistes \u00e9cologistes ont <a target=\"_blank\" href=\"https:\/\/reporterre.net\/En-Ardeche-des-militants-occupent-des-arbres-pour-protester-contre-un-projet-routier\">occup\u00e9 en octobre dernier Le Nichoir<\/a> pour emp\u00eacher la reprise des travaux. Ce r\u00e9pit a permis aux associations Alterre et Frapna de <a target=\"_blank\" href=\"https:\/\/reporterre.net\/Peripherique-de-Valence-le-chantier-suspendu\">remporter un r\u00e9f\u00e9r\u00e9<\/a> au tribunal administratif de Lyon, qui a somm\u00e9 la <span class=\"caps\">CCRC<\/span> de revoir sa copie.<\/p>\n<h2 class=\"spip\">Un inventaire naturaliste \u00e0 trous<\/h2>\n<p>Une expertise compl\u00e9mentaire a \u00e9t\u00e9 command\u00e9e par la collectivit\u00e9 au bureau d\u2019\u00e9tudes Capse. Cette nouvelle analyse aborde des enjeux \u00e9cologiques jusqu\u2019ici n\u00e9glig\u00e9s, telle la pr\u00e9sence de chauves-souris prot\u00e9g\u00e9es, et propose des mesures <span class=\"caps\">ERC<\/span> (\u00e9viter, r\u00e9duire, compenser) plus importantes\u2026 Sans convaincre les associations environnementales, qui l\u2019ont faite expertiser par la Ligue pour la protection des oiseaux (<span class=\"caps\">LPO<\/span>) Dr\u00f4me-Ard\u00e8che et l\u2019\u00e9cologue Maxime Zucca.<\/p>\n<p><i>\u00ab<small class=\"fine d-inline\">\u00a0<\/small>Les enjeux sp\u00e9cifiques du territoire sont insuffisamment d\u00e9taill\u00e9s, voire ignor\u00e9s<small class=\"fine d-inline\">\u00a0<\/small>\u00bb<\/i>, pointe la <span class=\"caps\">LPO<\/span> dans <a target=\"_blank\" href=\"https:\/\/reporterre.net\/IMG\/pdf\/analyse_de_la_note_comple_mentaire_vf_20250219.pdf\">un communiqu\u00e9<\/a>. Le naturaliste <a target=\"_blank\" href=\"https:\/\/reporterre.net\/IMG\/pdf\/analyse_de_la_note_complementaire_capse_dec_2024_maxime_zucca-1.pdf\">d\u00e9nonce<\/a> le parti pris de Capse de <i>\u00ab<small class=\"fine d-inline\">\u00a0<\/small>d\u00e9crire les habitats comme d\u00e9grad\u00e9s<small class=\"fine d-inline\">\u00a0<\/small>\u00bb<\/i> de mani\u00e8re \u00e0 affaiblir leur int\u00e9r\u00eat, et donc les mesures compensatoires \u00e0 entreprendre. Certains reptiles, oiseaux et chauves-souris ont \u00e9t\u00e9 <i>\u00ab<small class=\"fine d-inline\">\u00a0<\/small>largement sous-estim\u00e9s<small class=\"fine d-inline\">\u00a0<\/small>\u00bb<\/i> voire <i>\u00ab<small class=\"fine d-inline\">\u00a0<\/small>omis<small class=\"fine d-inline\">\u00a0<\/small>\u00bb<\/i>, tel le l\u00e9zard ocell\u00e9, pourtant pr\u00e9sent dans la r\u00e9gion selon le plan national d\u2019action des esp\u00e8ces prot\u00e9g\u00e9es. La faute \u00e0 un inventaire men\u00e9 seulement l\u2019hiver plut\u00f4t que sur les quatre saisons.<\/p>\n<p>La <span class=\"caps\">LPO<\/span> s\u2019\u00e9tonne qu\u2019aucune mesure de compensation ne soit pr\u00e9vue malgr\u00e9 les cons\u00e9quences de la d\u00e9viation. <i>\u00ab<small class=\"fine d-inline\">\u00a0<\/small>Les ruptures de corridors [\u00e9cologiques] et les collisions qui en d\u00e9coulent ne sont pas trait\u00e9es, alors que c\u2019est un des enjeux principaux li\u00e9s \u00e0 la cr\u00e9ation d\u2019un axe routier<small class=\"fine d-inline\">\u00a0<\/small>\u00bb<\/i>, observe-t-elle. <i>\u00ab<small class=\"fine d-inline\">\u00a0<\/small>Vraisemblablement conscient de cela, le bureau d\u2019\u00e9tudes a ajout\u00e9 des mesures d\u2019accompagnement qui sont en r\u00e9alit\u00e9 des mesures compensatoires d\u00e9guis\u00e9es<small class=\"fine d-inline\">\u00a0<\/small>\u00bb<\/i>, estime Maxime Zucca. Cerise sur le bitume, une des mesures de r\u00e9duction doit supprimer une voie v\u00e9lo\u2026 Pour laisser la route aux voitures.<\/p>\n<aside class=\"boite_encarts\">\n<div class=\"encart encart_gris noprint\">\n<p><strong>Puisque vous \u00eates l\u00e0&#8230;<\/strong><\/p>\n<p>&#8230; nous avons un petit service \u00e0 vous demander.<br class=\"autobr\"\/><br \/>\nEntre la pr\u00e9sence d\u2019un climatosceptique \u00e0 la t\u00eate de la premi\u00e8re puissance mondiale, un gouvernement fran\u00e7ais qui flirte avec l\u2019extr\u00eame-droite, et les catastrophes climatiques qui s\u2019enchainent&#8230; Faire vivre l\u2019\u00e9cologie dans le d\u00e9bat public est un enjeu crucial.<\/p>\n<p>Personne ne modifie ce que nous publions. Nous n\u2019avons ni actionnaire, ni propri\u00e9taire milliardaire \u2014 seulement une \u00e9quipe d\u2019irr\u00e9ductibles journalistes, pleine de d\u00e9termination.<\/p>\n<p>Nous avons la conviction que l\u2019urgence \u00e9cologique est l\u2019enjeu majeur de notre \u00e9poque. Et comme plus de 2 millions de lectrices et lecteurs chaque mois, vous partagez sans doute cette conviction&#8230;<\/p>\n<p><strong>Depuis 12 ans, nous publions des articles de qualit\u00e9 sur l\u2019\u00e9cologie, en acc\u00e8s libre et sans publicit\u00e9, pour tous.<\/strong><br class=\"autobr\"\/><br \/>\nMais ce travail demande beaucoup de temps et de ressources.<\/p>\n<p>Alors, si vous en avez les moyens, sachez qu\u2019un don, m\u00eame d\u20191\u20ac, est un acte de soutien fort pour l\u2019\u00e9cologie et le journalisme ind\u00e9pendant.<br class=\"autobr\"\/><br \/>\n(Et \u00e7a vous prendra moins de temps que la lecture de ce texte).<\/p>\n<p><strong>Si vous le pouvez, choisissez un soutien mensuel. Merci.<\/strong><\/p>\n<p><a target=\"_blank\" href=\"https:\/\/reporterre.net\/dons\" class=\"bt_soutenir\">Je soutiens <i>Reporterre<\/i><\/a><\/p>\n<\/p><\/div>\n<div class=\"encart encart_vert noprint montre_1023\">\n<div class=\"infolettre-form-container noprint\">\n<p>Abonnez-vous \u00e0 la lettre d\u2019info de Reporterre<\/p>\n<\/div><\/div>\n<\/aside>\n<aside class=\"boite_apresarticle encart_note\">\n<h4>Apr\u00e8s cet article<\/h4>\n<p>      <a target=\"_blank\" href=\"https:\/\/reporterre.net\/En-Ardeche-des-militants-occupent-des-arbres-pour-protester-contre-un-projet-routier\" class=\"lien_article\">\n      <picture class=\"vignette_gauche\"><source type=\"image\/webp\" srcset=\"https:\/\/reporterre.net\/local\/cache-vignettes\/L450xH300\/saint-peray_3-7cd2c.jpg@.webp?1737370913\"><img decoding=\"async\" src=\"https:\/\/reporterre.net\/local\/cache-vignettes\/L450xH300\/saint-peray_3-7cd2c.jpg?1737370913\" width=\"450\" height=\"300\" alt=\"\" class=\"marge12\" loading=\"lazy\"\/><br \/>\n<\/source><\/picture>\n<p class=\"libelle\">\n<p>          Reportage \u2014<\/p>\n<p>      Luttes\n    <\/p>\n<p class=\"titre pol20\">En Ard\u00e8che, des militants occupent des arbres pour protester contre un projet routier<\/p>\n<p>      <\/a><br \/>\n    <\/aside>\n<aside class=\"boite_complement texte\">\n<p>      <!-- zone_forum --><br \/>\n          <\/aside>\n<aside class=\"boite_lireaussi noprint\">\n<\/aside>\n<aside class=\"colonne\">\n<div class=\"article_info cache_1023 noprint\">\n<p>    <span class=\"date\">17 mars 2025  \u00e0 09h54<\/span><\/p>\n<p class=\"duree_lecture\">\n        Dur\u00e9e de lecture : 4 minutes\n      <\/p>\n<\/p><\/div>\n<div class=\"bloc_infolettre\">\n<div class=\"infolettre-form-container noprint\">\n<p>Abonnez-vous \u00e0 la lettre d\u2019info de Reporterre<\/p>\n<\/div><\/div>\n<\/aside>\n<div id=\"galerie\">\n  <img decoding=\"async\" src=\"\" class=\"principale\" id=\"principale\"\/><\/p>\n<p id=\"legende\">legende<\/p>\n<\/div>\n<footer class=\"noprint\">\n<\/footer>\n<\/div>\n<p><br \/>\n<br \/><a href=\"https:\/\/reporterre.net\/En-Ardeche-un-nouveau-repit-contre-le-chantier-d-une-deviation-routiere\" target=\"_blank\"\">Source link <\/a><\/p>\n","protected":false},"excerpt":{"rendered":"<p>17 mars 2025 \u00e0 09h54 Dur\u00e9e de lecture : 4 minutes Saint-P\u00e9ray (Ard\u00e8che), reportage Un chant s\u2019envole sur la plaine de Saint-P\u00e9ray. \u00ab\u00a0Touchez pas \u00e0 la plaine, touchez pas\u00a0; Des&hellip; <\/p>\n","protected":false},"author":1,"featured_media":4600,"comment_status":"open","ping_status":"open","sticky":false,"template":"","format":"standard","meta":{"footnotes":""},"categories":[1],"tags":[],"class_list":["post-4599","post","type-post","status-publish","format-standard","has-post-thumbnail","hentry","category-non-classe"],"_links":{"self":[{"href":"https:\/\/monde25.info\/index.php\/wp-json\/wp\/v2\/posts\/4599","targetHints":{"allow":["GET"]}}],"collection":[{"href":"https:\/\/monde25.info\/index.php\/wp-json\/wp\/v2\/posts"}],"about":[{"href":"https:\/\/monde25.info\/index.php\/wp-json\/wp\/v2\/types\/post"}],"author":[{"embeddable":true,"href":"https:\/\/monde25.info\/index.php\/wp-json\/wp\/v2\/users\/1"}],"replies":[{"embeddable":true,"href":"https:\/\/monde25.info\/index.php\/wp-json\/wp\/v2\/comments?post=4599"}],"version-history":[{"count":0,"href":"https:\/\/monde25.info\/index.php\/wp-json\/wp\/v2\/posts\/4599\/revisions"}],"wp:featuredmedia":[{"embeddable":true,"href":"https:\/\/monde25.info\/index.php\/wp-json\/wp\/v2\/media\/4600"}],"wp:attachment":[{"href":"https:\/\/monde25.info\/index.php\/wp-json\/wp\/v2\/media?parent=4599"}],"wp:term":[{"taxonomy":"category","embeddable":true,"href":"https:\/\/monde25.info\/index.php\/wp-json\/wp\/v2\/categories?post=4599"},{"taxonomy":"post_tag","embeddable":true,"href":"https:\/\/monde25.info\/index.php\/wp-json\/wp\/v2\/tags?post=4599"}],"curies":[{"name":"wp","href":"https:\/\/api.w.org\/{rel}","templated":true}]}}