{"id":4603,"date":"2025-03-17T11:52:46","date_gmt":"2025-03-17T10:52:46","guid":{"rendered":"https:\/\/monde25.info\/index.php\/2025\/03\/17\/le-sionisme-interpretation-reseau-international\/"},"modified":"2025-03-17T11:52:46","modified_gmt":"2025-03-17T10:52:46","slug":"le-sionisme-interpretation-reseau-international","status":"publish","type":"post","link":"https:\/\/monde25.info\/index.php\/2025\/03\/17\/le-sionisme-interpretation-reseau-international\/","title":{"rendered":"Le Sionisme : interpr\u00e9tation &#8211; R\u00e9seau International"},"content":{"rendered":"<p> <br \/>\n<\/p>\n<div>\n<p>par <strong>Alain Graux<\/strong><\/p>\n<p>\u00ab<em>Le sionisme, c\u2019est d\u00e8s le d\u00e9part le refus du \u00abvivre ensemble\u00bb, du m\u00e9lange et de l\u2019\u00e9galit\u00e9 des droits. On ne comprend pas ce que les Isra\u00e9liens font \u00e0 Gaza depuis le 7 octobre 2023 si on n\u2019a pas cela en t\u00eate.<\/em><\/p>\n<p><em>Le sionisme est aussi un roman national qui raconte une histoire fantastique : le royaume unifi\u00e9, l\u2019exil et le retour. Mais cette histoire est invent\u00e9e. Le sionisme fonctionne avec des formules choc : la \u00abterre sans peuple pour un peuple sans terre\u00bb ou \u00abdu d\u00e9sert, nous avons fait un jardin\u00bb\u2026<\/em><\/p>\n<p><em>Le sionisme est bien s\u00fbr un colonialisme. Mais \u00e0 la diff\u00e9rence des colonialismes fran\u00e7ais ou britannique, ce colonialisme ne vise pas \u00e0 exploiter le peuple autochtone. Il nie son existence. C\u2019est un colonialisme de remplacement qui vise \u00e0 expulser les \u00abindig\u00e8nes\u00bb consid\u00e9r\u00e9s comme des intrus et les remplacer par de nouveaux immigrants<\/em>\u00bb.<\/p>\n<p>Bien nommer les choses contribue sans doute, sinon au bonheur, du moins \u00e0 la clart\u00e9 de ce qu\u2019est le monde. Ne pas prendre position vis-\u00e0-vis du sionisme revient \u00e0 accepter la situation actuelle des Palestiniens, et d\u00e9nie notre existence m\u00eame en tant que Collectif. Nous avons pour but la paix, or pas de paix sans justice.<\/p>\n<p>Quant \u00e0 ce qui est du Hamas, je ne rappelle pas le contexte, qui a fait que \u00e7a ne pouvait qu\u2019exploser.<\/p>\n<p>\u00ab<em>Quelle honte absolue d\u2019entendre nos m\u00e9dias r\u00e9p\u00e9ter \u00e0 l\u2019envi qu\u2019Isra\u00ebl a \u00e9t\u00e9 attaqu\u00e9 le 7 octobre. Qui attaque qui ?<\/em><\/p>\n<p><em>75 ans apr\u00e8s l\u2019expulsion, 56 ans apr\u00e8s l\u2019occupation, 17 ans apr\u00e8s un blocus int\u00e9gral, les Palestiniens n\u2019auraient qu\u2019un seul droit, celui de mourir \u00e0 petit feu ?<\/em><\/p>\n<p><em>Comment le discours des gentils cow-boys contre les m\u00e9chants Indiens qui veulent les scalper peut-il \u00eatre r\u00e9p\u00e9t\u00e9 de fa\u00e7on aussi caricaturale ? La responsabilit\u00e9 incombe totalement au gouvernement d\u2019apartheid d\u2019Isra\u00ebl<\/em>\u00bb.<\/p>\n<p>Je cite Nurit Peled, <em>un Isra\u00e9lien<\/em>, dont la fille est morte dans un attentat du Hamas \u00e0 J\u00e9rusalem, et qui s\u2019adresse ainsi \u00e0 Netanyahou : \u00ab<em>tu es le responsable. Tu obliges nos enfants \u00e0 \u00eatre assassins ou assassin\u00e9s. Seule la coexistence entre les deux peuples mettra fin au cycle de la violence et de la mort d\u2019innocents<\/em>\u00bb.<\/p>\n<p>Comment imaginer que la soci\u00e9t\u00e9 civile d\u2019un \u00c9tat colonial ne paie pas un jour le prix de ce qui est inflig\u00e9 aux colonis\u00e9s ?<\/p>\n<p><strong>Dans le droit international, la r\u00e9sistance arm\u00e9e n\u2019est pas seulement un droit, c\u2019est un devoir.<\/strong><\/p>\n<p>On peut regretter le 7 octobre, mais on ne peut pas le d\u00e9tacher de l\u2019histoire de 150 ann\u00e9es de colonisation, de la premi\u00e8re alya en 1882 \u00e0 celles qui ont suivies la Premi\u00e8re Guerre mondiale (d\u00e9claration du foyer juif par le ministre britannique Balfour, les accords franco-britannique Sykes-Pico, la deuxi\u00e8me guerre mondiale (Partition de la Palestine et Reconnaissance de l\u2019\u00c9tat d\u2019Isra\u00ebl par l\u2019ONU, accentu\u00e9e par la colonisation apr\u00e8s la guerre des six jours en 1967, jusqu\u2019\u00e0 nos jours.<\/p>\n<p>C\u2019est malheureusement trop souvent le cas \u2026 Si on peut excuser les jeunes gens d\u2019ignorer cette histoire, les dirigeants politiques, \u00e0 commencer par Emmanuel Macron devraient s\u2019y r\u00e9f\u00e9rer avant de d\u00e9former la v\u00e9rit\u00e9 factuelle pour soutenir un gouvernement isra\u00e9lien d\u2019extr\u00eame-droite fascisante \u2013 et dominateur comme le proclamait le g\u00e9n\u00e9ral de Gaulle \u2013 ainsi que les journalistes ignorants ou manipulateurs des m\u00e9dias mainstream.<\/p>\n<p>Le Hamas, ou plus certainement des civils arm\u00e9s avides de vengeance, ayant perdu une femme, un enfant ont commis des crimes de guerre le 7 octobre. Et l\u2019arm\u00e9e isra\u00e9lienne commet depuis cette date \u00e0 Gaza, des massacres massifs de guerre, des crimes de guerre et contre l\u2019humanit\u00e9, un v\u00e9ritable g\u00e9nocide.<\/p>\n<p>source : Pierre Stambul de l\u2019Union des Juifs pour la Paix : \u00abdu projet sioniste au g\u00e9nocide\u00bb<\/p>\n<p>Et la contribution de Th\u00e9r\u00e8se qui a inspir\u00e9 ce texte d\u2019explication.<\/p>\n<p>source : <a target=\"_blank\" href=\"https:\/\/allaingraux.over-blog.com\/2025\/03\/le-sionisme-interpretation.html\" target=\"_blank\" rel=\"noopener\" title=\"\">Alain Graux<\/a><\/p>\n<div class=\"sharedaddy sd-block sd-like jetpack-likes-widget-wrapper jetpack-likes-widget-unloaded\" id=\"like-post-wrapper-237719536-448093-67d7fecfbfbeb\" data-src=\"https:\/\/widgets.wp.com\/likes\/?ver=14.2.1#blog_id=237719536&amp;post_id=448093&amp;origin=reseauinternational.net&amp;obj_id=237719536-448093-67d7fecfbfbeb&amp;n=1\" data-name=\"like-post-frame-237719536-448093-67d7fecfbfbeb\" data-title=\"Aimer ou rebloguer\">\n<h3 class=\"sd-title\">J\u2019aime \u00e7a\u00a0:<\/h3>\n<p><span class=\"button\"><span>J\u2019aime<\/span><\/span> <span class=\"loading\">chargement\u2026<\/span><\/p>\n<p><span class=\"sd-text-color\"\/><a target=\"_blank\" class=\"sd-link-color\"\/><\/div>\n<p><meta itemscope=\"\" itemprop=\"mainEntityOfPage\" itemtype=\"https:\/\/schema.org\/WebPage\" itemid=\"https:\/\/reseauinternational.net\/le-sionisme-interpretation\/\"\/><meta itemprop=\"headline\" content=\"Le Sionisme : interpr\u00e9tation\"\/><span style=\"display: none;\" itemprop=\"author\" itemscope=\"\" itemtype=\"https:\/\/schema.org\/Person\"><meta itemprop=\"name\" content=\"R\u00e9seau International\"\/><\/span><span style=\"display: none;\" itemprop=\"image\" itemscope=\"\" itemtype=\"https:\/\/schema.org\/ImageObject\"><meta itemprop=\"url\" content=\"https:\/\/i0.wp.com\/reseauinternational.net\/wp-content\/uploads\/2025\/03\/Sans-titre-21-11.png?fit=800%2C467&amp;quality=100&amp;ssl=1\"\/><meta itemprop=\"width\" content=\"800\"\/><meta itemprop=\"height\" content=\"467\"\/><\/span><span style=\"display: none;\" itemprop=\"publisher\" itemscope=\"\" itemtype=\"https:\/\/schema.org\/Organization\"><span style=\"display: none;\" itemprop=\"logo\" itemscope=\"\" itemtype=\"https:\/\/schema.org\/ImageObject\"><meta itemprop=\"url\" content=\"https:\/\/reseauinternational.net\/wp-content\/uploads\/2022\/06\/Capture-de\u0301cran-2022-06-14-a\u0300-16.51.07.png\"\/><\/span><meta itemprop=\"name\" content=\"R\u00e9seau International\"\/><\/span><meta itemprop=\"datePublished\" content=\"2025-03-17T08:46:16+00:00\"\/><meta itemprop=\"dateModified\" content=\"2025-03-17T08:46:59+00:00\"\/><\/div>\n<p><br \/>\n<br \/><a href=\"https:\/\/reseauinternational.net\/le-sionisme-interpretation\/\" target=\"_blank\"\">Source link <\/a><\/p>\n","protected":false},"excerpt":{"rendered":"<p>par Alain Graux \u00abLe sionisme, c\u2019est d\u00e8s le d\u00e9part le refus du \u00abvivre ensemble\u00bb, du m\u00e9lange et de l\u2019\u00e9galit\u00e9 des droits. On ne comprend pas ce que les Isra\u00e9liens font&hellip; <\/p>\n","protected":false},"author":1,"featured_media":4604,"comment_status":"open","ping_status":"open","sticky":false,"template":"","format":"standard","meta":{"footnotes":""},"categories":[1],"tags":[],"class_list":["post-4603","post","type-post","status-publish","format-standard","has-post-thumbnail","hentry","category-non-classe"],"_links":{"self":[{"href":"https:\/\/monde25.info\/index.php\/wp-json\/wp\/v2\/posts\/4603","targetHints":{"allow":["GET"]}}],"collection":[{"href":"https:\/\/monde25.info\/index.php\/wp-json\/wp\/v2\/posts"}],"about":[{"href":"https:\/\/monde25.info\/index.php\/wp-json\/wp\/v2\/types\/post"}],"author":[{"embeddable":true,"href":"https:\/\/monde25.info\/index.php\/wp-json\/wp\/v2\/users\/1"}],"replies":[{"embeddable":true,"href":"https:\/\/monde25.info\/index.php\/wp-json\/wp\/v2\/comments?post=4603"}],"version-history":[{"count":0,"href":"https:\/\/monde25.info\/index.php\/wp-json\/wp\/v2\/posts\/4603\/revisions"}],"wp:featuredmedia":[{"embeddable":true,"href":"https:\/\/monde25.info\/index.php\/wp-json\/wp\/v2\/media\/4604"}],"wp:attachment":[{"href":"https:\/\/monde25.info\/index.php\/wp-json\/wp\/v2\/media?parent=4603"}],"wp:term":[{"taxonomy":"category","embeddable":true,"href":"https:\/\/monde25.info\/index.php\/wp-json\/wp\/v2\/categories?post=4603"},{"taxonomy":"post_tag","embeddable":true,"href":"https:\/\/monde25.info\/index.php\/wp-json\/wp\/v2\/tags?post=4603"}],"curies":[{"name":"wp","href":"https:\/\/api.w.org\/{rel}","templated":true}]}}