{"id":4609,"date":"2025-03-17T13:33:00","date_gmt":"2025-03-17T12:33:00","guid":{"rendered":"https:\/\/monde25.info\/index.php\/2025\/03\/17\/le-rwanda-denonce-la-belgique-et-rompt-ses-relations-diplomatiques-rt-en-francais\/"},"modified":"2025-03-17T13:33:00","modified_gmt":"2025-03-17T12:33:00","slug":"le-rwanda-denonce-la-belgique-et-rompt-ses-relations-diplomatiques-rt-en-francais","status":"publish","type":"post","link":"https:\/\/monde25.info\/index.php\/2025\/03\/17\/le-rwanda-denonce-la-belgique-et-rompt-ses-relations-diplomatiques-rt-en-francais\/","title":{"rendered":"Le Rwanda d\u00e9nonce la Belgique et rompt ses relations diplomatiques \u2014 RT en fran\u00e7ais"},"content":{"rendered":"<p> <br \/>\n<br \/><img decoding=\"async\" src=\"https:\/\/mf.b37mrtl.ru\/french\/images\/2025.03\/thumbnail\/67d8110f87f3ec3e6f0354ef.JPG\" \/><\/p>\n<div>\n<p class=\"text__summary\">\n                                        Le gouvernement du Rwanda a annonc\u00e9, le 17 mars, la rupture de ses relations diplomatiques avec la Belgique. Cette d\u00e9cision serait la cons\u00e9quence d\u2019une politique n\u00e9ocoloniale belge, selon un communiqu\u00e9 du minist\u00e8re rwandais des Affaires \u00e9trang\u00e8res et de la Coop\u00e9ration internationale.\n                                    <\/p>\n<p>Le Rwanda a rompu ses relations diplomatiques avec l&rsquo;ancienne puissance coloniale, la Belgique, apr\u00e8s un discours prononc\u00e9 par le pr\u00e9sident rwandais, Paul Kagame, dans lequel ce dernier a accus\u00e9 la Belgique de plaider en faveur de sanctions internationales contre son pays en raison du conflit dans l\u2019est de la R\u00e9publique D\u00e9mocratique du Congo (RDC).<\/p>\n<p>\u00abLes Belges vont \u00e0 Kinshasa, pointent du doigt le Rwanda et disent qu\u2019ils vont nous imposer des sanctions et mobiliser le monde contre nous. Ils n\u2019ont aucune honte. Mobiliser le monde contre le Rwanda, un si petit pays ?\u00bb, a d\u00e9clar\u00e9 Kagame.<\/p>\n<div class=\"rtcode\">\n<blockquote class=\"twitter-tweet\">\n<p lang=\"fr\" dir=\"ltr\">LE RWANDA ROMPT SES RELATIONS DIPLOMATIQUES AVEC LA BELGIQUE<\/p>\n<p>Le Gouvernement du Rwanda a notifi\u00e9 aujourd\u2019hui le Gouvernement de Belgique de sa d\u00e9cision de rompre les relations diplomatiques, avec effet imm\u00e9diat. Cette d\u00e9cision a \u00e9t\u00e9 prise apr\u00e8s une r\u00e9flexion approfondie de\u2026 <a target=\"_blank\" href=\"https:\/\/t.co\/QfUxyq2Vwa\">pic.twitter.com\/QfUxyq2Vwa<\/a><\/p>\n<p>\u2014 Ministry of Foreign Affairs &amp; Int&rsquo;l Cooperation (@RwandaMFA) <a target=\"_blank\" href=\"https:\/\/twitter.com\/RwandaMFA\/status\/1901589606530752668?ref_src=twsrc%5Etfw\">March 17, 2025<\/a><\/p><\/blockquote>\n<\/div>\n<p>En effet, la Belgique et plusieurs autres pays accusent le Rwanda de soutenir les rebelles du M23, qui ont attaqu\u00e9 les forces arm\u00e9es de la RDC dans l&rsquo;est du pays. Les rebelles ont r\u00e9ussi \u00e0 prendre plusieurs villes importantes telles que Goma, Bukavu et plus r\u00e9cemment Nyabiondo.<\/p>\n<h2>Une d\u00e9cision regrettable et disproportionn\u00e9e<\/h2>\n<p>Selon le communiqu\u00e9 du minist\u00e8re rwandais des Affaires \u00e9trang\u00e8res, les diplomates belges pr\u00e9sents au Rwanda ont 48 heures pour quitter le pays. Cette d\u00e9cision a \u00e9t\u00e9 qualifi\u00e9e de disproportionn\u00e9e par le vice-Premier ministre belge et ministre des Affaires \u00e9trang\u00e8res, des Affaires europ\u00e9ennes et de la Coop\u00e9ration au d\u00e9veloppement, Maxime Pr\u00e9vot.<\/p>\n<p>Ce dernier a r\u00e9agi sur X en d\u00e9clarant que la Belgique regrettait la d\u00e9cision du Rwanda et que des mesures similaires seraient prises, \u00e0 savoir la convocation du charg\u00e9 d&rsquo;affaires rwandais et la d\u00e9claration des diplomates rwandais persona non grata.<\/p>\n<div class=\"rtcode\">\n<blockquote class=\"twitter-tweet\">\n<p lang=\"fr\" dir=\"ltr\">La Belgique regrette la d\u00e9cision du Rwanda de rompre les relations diplomatiques avec la Belgique et de d\u00e9clarer les diplomates belges persona non grata. <\/p>\n<p>Cette d\u00e9cision est disproportionn\u00e9e et illustre que lorsque nous sommes en d\u00e9saccord avec le Rwanda, il pr\u00e9f\u00e8re ne pas\u2026<\/p>\n<p>\u2014 Maxime PREVOT (@prevotmaxime) <a target=\"_blank\" href=\"https:\/\/twitter.com\/prevotmaxime\/status\/1901586660178985187?ref_src=twsrc%5Etfw\">March 17, 2025<\/a><\/p><\/blockquote>\n<\/div>\n<\/div>\n<p><script async src=\"\/\/platform.twitter.com\/widgets.js\" charset=\"utf-8\"><\/script><br \/>\n<br \/><br \/>\n<br \/><a href=\"https:\/\/francais.rt.com\/international\/118112-rwanda-denonce-belgique-rompt-ses-rdc-m23\" target=\"_blank\"\">Source link <\/a><\/p>\n","protected":false},"excerpt":{"rendered":"<p>Le gouvernement du Rwanda a annonc\u00e9, le 17 mars, la rupture de ses relations diplomatiques avec la Belgique. Cette d\u00e9cision serait la cons\u00e9quence d\u2019une politique n\u00e9ocoloniale belge, selon un communiqu\u00e9&hellip; <\/p>\n","protected":false},"author":1,"featured_media":4610,"comment_status":"open","ping_status":"open","sticky":false,"template":"","format":"standard","meta":{"footnotes":""},"categories":[1],"tags":[],"class_list":["post-4609","post","type-post","status-publish","format-standard","has-post-thumbnail","hentry","category-non-classe"],"_links":{"self":[{"href":"https:\/\/monde25.info\/index.php\/wp-json\/wp\/v2\/posts\/4609","targetHints":{"allow":["GET"]}}],"collection":[{"href":"https:\/\/monde25.info\/index.php\/wp-json\/wp\/v2\/posts"}],"about":[{"href":"https:\/\/monde25.info\/index.php\/wp-json\/wp\/v2\/types\/post"}],"author":[{"embeddable":true,"href":"https:\/\/monde25.info\/index.php\/wp-json\/wp\/v2\/users\/1"}],"replies":[{"embeddable":true,"href":"https:\/\/monde25.info\/index.php\/wp-json\/wp\/v2\/comments?post=4609"}],"version-history":[{"count":0,"href":"https:\/\/monde25.info\/index.php\/wp-json\/wp\/v2\/posts\/4609\/revisions"}],"wp:featuredmedia":[{"embeddable":true,"href":"https:\/\/monde25.info\/index.php\/wp-json\/wp\/v2\/media\/4610"}],"wp:attachment":[{"href":"https:\/\/monde25.info\/index.php\/wp-json\/wp\/v2\/media?parent=4609"}],"wp:term":[{"taxonomy":"category","embeddable":true,"href":"https:\/\/monde25.info\/index.php\/wp-json\/wp\/v2\/categories?post=4609"},{"taxonomy":"post_tag","embeddable":true,"href":"https:\/\/monde25.info\/index.php\/wp-json\/wp\/v2\/tags?post=4609"}],"curies":[{"name":"wp","href":"https:\/\/api.w.org\/{rel}","templated":true}]}}