{"id":4620,"date":"2025-03-17T17:24:19","date_gmt":"2025-03-17T16:24:19","guid":{"rendered":"https:\/\/monde25.info\/index.php\/2025\/03\/17\/les-pieges-bouteilles-a-bannir\/"},"modified":"2025-03-17T17:24:19","modified_gmt":"2025-03-17T16:24:19","slug":"les-pieges-bouteilles-a-bannir","status":"publish","type":"post","link":"https:\/\/monde25.info\/index.php\/2025\/03\/17\/les-pieges-bouteilles-a-bannir\/","title":{"rendered":"les pi\u00e8ges bouteilles \u00e0 bannir"},"content":{"rendered":"<p> <br \/>\n<\/p>\n<div>\n<p>R\u00e9unions d\u2019information, distribution de pi\u00e8ges, m\u00e9diatisation\u2026 C\u2019est le branle-bas de combat chez les apiculteurs et dans les collectivit\u00e9s locales. Avec l\u2019arriv\u00e9e du printemps et des temp\u00e9ratures plus cl\u00e9mentes, les reines de frelons \u00e0 pattes jaunes (ou frelons\u00a0asiatiques) sortent de leur hivernage. Alors, dans les villes et les campagnes, la lutte s\u2019organise contre <i>Vespa velutina<\/i>, introduit involontairement en France il y a plus de 20\u00a0ans.<\/p>\n<p><i>\u00ab<small class=\"fine d-inline\">\u00a0<\/small>La p\u00e9riode recommand\u00e9e pour installer les pi\u00e8ges s\u2019\u00e9tend du 15\u00a0f\u00e9vrier au 15\u00a0mai, parce que le pic de population des fondatrices est aux alentours de la mi-avril<\/i>, explique Sophie Memeteau, v\u00e9t\u00e9rinaire charg\u00e9e de mission au sein du r\u00e9seau du Groupement de d\u00e9fense sanitaire (<span class=\"caps\">GDS<\/span>) France. C\u2019est lors de cette p\u00e9riode que les reines construisent un premier nid, assez petit, pour pondre les larves des premi\u00e8res ouvri\u00e8res. \u00c0 partir de juin, la colonie part construire le nid secondaire, le plus visible, celui qu\u2019on aper\u00e7oit tout en haut des arbres.<\/p>\n<h2 class=\"spip\">Des millions d\u2019euros de pertes pour les apiculteurs<\/h2>\n<p>Sur les 20<small class=\"fine d-inline\">\u00a0<\/small>% de mortalit\u00e9 des abeilles domestiques, la pr\u00e9dation des frelons jouerait un r\u00f4le important. La fili\u00e8re apicole \u00e9value ses pertes \u00e0 pr\u00e8s de 12\u00a0millions d\u2019euros par an. Face \u00e0 cette h\u00e9catombe, le pi\u00e9geage printanier des femelles reproductrices appara\u00eet indispensable \u00e0 nombre d\u2019apiculteurs. Mais \u00e9galement aux particuliers et collectivit\u00e9s locales soucieux de ne pas \u00eatre envahis durant l\u2019\u00e9t\u00e9 ou <a target=\"_blank\" href=\"https:\/\/reporterre.net\/Frelons-asiatiques-un-essaim-de-prejuges\">inquiets d\u2019une possible attaque<\/a>.<\/p>\n<p>Pourtant, le pi\u00e9geage ne doit se faire <i>\u00ab<small class=\"fine d-inline\">\u00a0<\/small>ni n\u2019importe comment ni n\u2019importe o\u00f9, au risque d\u2019\u00eatre contreproductif<\/i>, insiste Sophie Memeteau. <i>Le frelon est install\u00e9, on sait qu\u2019on ne l\u2019\u00e9radiquera plus. Maintenant, il faut pouvoir le pi\u00e9ger \u00e0 la p\u00e9riode o\u00f9 on sera le plus efficace.<small class=\"fine d-inline\">\u00a0<\/small>\u00bb<\/i><\/p>\n<h2 class=\"spip\">99 autres insectes tu\u00e9s pour 1 frelon attrap\u00e9<\/h2>\n<p>Le printemps est tout indiqu\u00e9, mais poser des pi\u00e8ges en plein r\u00e9veil des populations d\u2019insectes pr\u00e9sente un risque. Car la plupart des pi\u00e8ges ne sont pas assez s\u00e9lectifs, avertit Quentin Rome, charg\u00e9 de mission Frelon asiatique au Mus\u00e9um national d\u2019histoire naturelle (<span class=\"caps\">MNHN<\/span>). <i>\u00ab<small class=\"fine d-inline\">\u00a0<\/small>Nous avions rep\u00e9r\u00e9 avec l\u2019<span class=\"caps\">ITSAP<\/span> [Institut de l\u2019abeille] un pi\u00e8ge qui nous semblait vraiment bon lors de nos premiers tests. Mais quand nous l\u2019avons d\u00e9ploy\u00e9 l\u2019ann\u00e9e suivante \u00e0 plus grande \u00e9chelle, on s\u2019est aper\u00e7u que parmi les insectes pi\u00e9g\u00e9s, seulement 25<small class=\"fine d-inline\">\u00a0<\/small>% \u00e9taient des frelons asiatiques.<small class=\"fine d-inline\">\u00a0<\/small>\u00bb<\/i><\/p>\n<p>Les r\u00e9sultats seraient encore plus catastrophiques avec les autres syst\u00e8mes, selon le scientifique, notamment les pi\u00e8ges fabriqu\u00e9s de fa\u00e7on artisanale \u00e0 partir de simples bouteilles ou de bidons\u00a0: les frelons \u00e0 pattes jaunes ne repr\u00e9senteraient que 1<small class=\"fine d-inline\">\u00a0<\/small>% des captures. Autrement dit, pour un frelon attrap\u00e9, ce sont 99\u00a0autres insectes qui p\u00e9rissent, dont de nombreux pollinisateurs et insectes auxiliaires.<\/p>\n<div class=\"spip_document_89469 spip_document spip_documents spip_document_image spip_documents_center spip_document_center spip_document_avec_legende\" data-legende-len=\"136\" data-legende-lenx=\"xxx\">\n<figure class=\"spip_doc_inner\">\n      <picture><source type=\"image\/webp\" srcset=\"https:\/\/reporterre.net\/local\/cache-vignettes\/L1050xH700\/ehfrelotasunegrossetete-b149b.jpg@.webp?1742214941\"><img decoding=\"async\" src=\"https:\/\/reporterre.net\/IMG\/jpg\/ehfrelotasunegrossetete.jpg\" width=\"1200\" height=\"800\" loading=\"lazy\" alt=\"\"\/><br \/>\n    <\/source><\/picture><figcaption class=\"spip_doc_legende\">\n<\/figcaption><\/figure>\n<\/p><\/div>\n<p>Trois mod\u00e8les sont cependant recommand\u00e9s dans le cadre d\u2019<a target=\"_blank\" href=\"https:\/\/www.gdsfrance.org\/wp-content\/uploads\/Strategie-et-plan-national-de-lutte-contre-le-frelon-asiatique-a-pattes-jaunes-2025.pdf\" class=\"spip_out\" rel=\"external\">un plan national de lutte contre le frelon \u00e0 pattes jaunes<\/a>, initi\u00e9 en 2024 par le r\u00e9seau <span class=\"caps\">GDS<\/span> France et le r\u00e9seau Fredon France<span class=\"spip_note_ref\">\u00a0[<a target=\"_blank\" href=\"#nb2-1\" class=\"spip_note\" rel=\"appendix\" title=\"GDS France et Fredon France sont deux organismes \u00e0 vocation sanitaire (OVS),\u00a0(\u2026)\" id=\"nh2-1\">1<\/a>]<\/span>\u00a0: <a target=\"_blank\" href=\"https:\/\/www.neozone.org\/innovation\/frelons-asiatiques-un-nouveau-piege-selectif-venu-du-japon-pour-lutter-contre-lespece-invasive\/\" class=\"spip_out\" rel=\"external\">le pi\u00e8ge japonais<\/a>, le pi\u00e8ge <a target=\"_blank\" href=\"https:\/\/www.beevital.com\/be\/velutina-trap\" class=\"spip_out\" rel=\"external\">cor\u00e9en \u00e0 ailes<\/a> et le pi\u00e8ge <a target=\"_blank\" href=\"https:\/\/www.neozone.org\/innovation\/neoppi-linvention-dune-grille-pour-pieger-les-frelons-asiatiques-et-proteger-les-abeilles\/\" class=\"spip_out\" rel=\"external\">nasse \u00e0 grilles N\u00e9oppi jaunes<\/a>.<\/p>\n<p><i>\u00ab<small class=\"fine d-inline\">\u00a0<\/small>On sait qu\u2019ils ne sont pas s\u00e9lectifs \u00e0 100<small class=\"fine d-inline\">\u00a0<\/small>%, mais ce sont ceux qui le sont le plus aujourd\u2019hui, \u00e0 notre connaissance<small class=\"fine d-inline\">\u00a0<\/small>\u00bb<\/i>, dit Sophie Memeteau qui s\u2019occupe du suivi de ce plan national volontaire. Ce dernier impose des pi\u00e8ges \u00e9quip\u00e9s de c\u00f4nes d\u2019entr\u00e9e, <i>\u00ab<small class=\"fine d-inline\">\u00a0<\/small>avec une s\u00e9paration entre l\u2019app\u00e2t et la partie de captures afin de retenir les fondatrices et ouvri\u00e8res en laissant \u00e9chapper un maximum d\u2019esp\u00e8ces non-cibles<small class=\"fine d-inline\">\u00a0<\/small>\u00bb<\/i>. Il interdit en revanche le recours aux pi\u00e8ges artisanaux, de type bouteilles, et recommande un pi\u00e9geage de deux mois maximum afin de limiter les d\u00e9g\u00e2ts sur les autres insectes.<\/p>\n<p>Mais l\u2019information a encore du mal \u00e0 essaimer, d\u00e9plore Sophie Memeteau. <i>\u00ab<small class=\"fine d-inline\">\u00a0<\/small>Plein d\u2019initiatives sont prises \u00e0 droite et \u00e0 gauche. Encore r\u00e9cemment, dans un reportage sur <span class=\"caps\">TF1<\/span> <a target=\"_blank\" href=\"https:\/\/www.tf1info.fr\/environnement-ecologie\/video-tf1-1300-frelons-asiatiques-captures-en-24-heures-la-redoutable-technique-d-un-agriculteur-2356318.html\" class=\"spip_out\" rel=\"external\">diffus\u00e9 le 26\u00a0f\u00e9vrier<\/a>, l\u2019utilisation de pi\u00e8ges bouteille ou de pi\u00e8ges cloche \u00e9tait montr\u00e9e sous un angle assez positif. Certes, ceux-ci sont tr\u00e8s simples \u00e0 fabriquer et ne co\u00fbtent pas cher, mais ils occasionnent beaucoup de d\u00e9g\u00e2ts chez l\u2019entomofaune.<small class=\"fine d-inline\">\u00a0<\/small>\u00bb<\/i> L\u2019experte constate aussi que la lutte contre le frelon est devenue un lucratif march\u00e9 avec de nombreux vendeurs qui d\u00e9marchent les communes et autres collectivit\u00e9s.<\/p>\n<h2 class=\"spip\">Indemnisation des apiculteurs<\/h2>\n<p>Ces pratiques seront-elles bient\u00f4t mieux encadr\u00e9es gr\u00e2ce \u00e0 la loi <i>\u00ab<small class=\"fine d-inline\">\u00a0<\/small>visant \u00e0 endiguer la prolif\u00e9ration du frelon asiatique et \u00e0 pr\u00e9server la fili\u00e8re apicole<small class=\"fine d-inline\">\u00a0<\/small>\u00bb<\/i>, qui a \u00e9t\u00e9 publi\u00e9e <a target=\"_blank\" href=\"https:\/\/www.legifrance.gouv.fr\/jorf\/id\/JORFTEXT000051329052\" class=\"spip_out\" rel=\"external\">le 15\u00a0mars<\/a> au <i>Journal officiel<\/i><small class=\"fine d-inline\">\u00a0<\/small>? Ce texte a en tout cas pour objectif d\u2019harmoniser les moyens utilis\u00e9s dans cette lutte et de la rendre plus efficace.<\/p>\n<p>Il acte notamment la cr\u00e9ation d\u2019un plan national, d\u00e9clin\u00e9 au niveau des d\u00e9partements, destin\u00e9 \u00e0 mieux coordonner les actions. <i>\u00ab<small class=\"fine d-inline\">\u00a0<\/small>Il serait logique qu\u2019il reprenne le plan d\u00e9j\u00e0 mis en place par <span class=\"caps\">GDS<\/span> France et Fredon France<\/i>, estime Sophie Memeteau, <i>mais il faut d\u00e9sormais attendre le d\u00e9cret d\u2019application.<small class=\"fine d-inline\">\u00a0<\/small>\u00bb<\/i><\/p>\n<p>Pour la v\u00e9t\u00e9rinaire de <span class=\"caps\">GDS<\/span> France, <i>\u00ab<small class=\"fine d-inline\">\u00a0<\/small>l\u2019avantage de la loi, c\u2019est qu\u2019elle va permettre de cadrer les choses. Parce que notre plan national n\u2019a rien de r\u00e9glementaire. On communique tout un tas de recommandations tr\u00e8s pratiques, on fait plein de choses, mais une loi va fixer les choses beaucoup plus dans le dur. Pour les collectivit\u00e9s, ce sera aussi plus rassurant.<small class=\"fine d-inline\">\u00a0<\/small>\u00bb<\/i><\/p>\n<blockquote class=\"spip\">\n<p>\u00ab<small class=\"fine d-inline\">\u00a0<\/small>La loi va permettre de cadrer les choses<small class=\"fine d-inline\">\u00a0<\/small>\u00bb<\/p>\n<\/blockquote>\n<p>La fili\u00e8re apicole a salu\u00e9 le texte <a target=\"_blank\" href=\"https:\/\/www.unaf-apiculture.info\/actualites\/adoption-a-l-unanimite-de-la-loi-contre-le-frelon-asiatique-une-avancee.html\" class=\"spip_out\" rel=\"external\">dans un communiqu\u00e9<\/a>. <i>\u00ab<small class=\"fine d-inline\">\u00a0<\/small>Ce texte r\u00e9pare un vide l\u00e9gislatif qui a trop longtemps laiss\u00e9 les apiculteurs seuls face \u00e0 cette crise dont les co\u00fbts devenaient exponentiels pour le monde apicole et les collectivit\u00e9s<small class=\"fine d-inline\">\u00a0<\/small>\u00bb<\/i>, a estim\u00e9 Christian Pons, pr\u00e9sident de l\u2019Union nationale de l\u2019apiculture fran\u00e7aise (Unaf).<\/p>\n<p>La loi pr\u00e9voit pour la premi\u00e8re fois la mise en place d\u2019une indemnisation des pertes de ruchers attaqu\u00e9s \u2014\u00a0pour les exploitants apicoles uniquement. Et aussi, des financements pour l\u2019information au public et la recherche scientifique.<\/p>\n<p>Lors des <a target=\"_blank\" href=\"https:\/\/www.assemblee-nationale.fr\/dyn\/17\/comptes-rendus\/cion-dvp\/l17cion-dvp2425033_compte-rendu#\" class=\"spip_out\" rel=\"external\">d\u00e9bats parlementaires du 6\u00a0mars dernier<\/a>, plusieurs d\u00e9put\u00e9s ont cependant regrett\u00e9 que le texte n\u2019oblige pas explicitement \u00e0 utiliser en priorit\u00e9 des techniques respectueuses de l\u2019environnement pour lutter contre le frelon. Par exemple, les aspirateurs \u00e0 dos pour la destruction des nids ou encore l\u2019installation de harpes \u00e9lectriques pour prot\u00e9ger l\u2019entr\u00e9e des ruches. Leurs amendements ont \u00e9t\u00e9 rejet\u00e9s.<\/p>\n<p> <i>\u00ab<small class=\"fine d-inline\">\u00a0<\/small>Le frelon asiatique constitue une menace pour les abeilles, mais le d\u00e9r\u00e8glement climatique et l\u2019\u00e9pandage de produits toxiques encore plus<small class=\"fine d-inline\">\u00a0<\/small>\u00bb<\/i>, a tenu \u00e0 rappeler la d\u00e9put\u00e9e \u00e9cologiste Marie Pochon.<\/p>\n<aside class=\"boite_encarts\">\n<div class=\"encart encart_gris noprint\">\n<p><strong>Puisque vous \u00eates l\u00e0&#8230;<\/strong><\/p>\n<p>&#8230; nous avons un petit service \u00e0 vous demander.<br class=\"autobr\"\/><br \/>\nEntre la pr\u00e9sence d\u2019un climatosceptique \u00e0 la t\u00eate de la premi\u00e8re puissance mondiale, un gouvernement fran\u00e7ais qui flirte avec l\u2019extr\u00eame-droite, et les catastrophes climatiques qui s\u2019enchainent&#8230; Faire vivre l\u2019\u00e9cologie dans le d\u00e9bat public est un enjeu crucial.<\/p>\n<p>Personne ne modifie ce que nous publions. Nous n\u2019avons ni actionnaire, ni propri\u00e9taire milliardaire \u2014 seulement une \u00e9quipe d\u2019irr\u00e9ductibles journalistes, pleine de d\u00e9termination.<\/p>\n<p>Nous avons la conviction que l\u2019urgence \u00e9cologique est l\u2019enjeu majeur de notre \u00e9poque. Et comme plus de 2 millions de lectrices et lecteurs chaque mois, vous partagez sans doute cette conviction&#8230;<\/p>\n<p><strong>Depuis 12 ans, nous publions des articles de qualit\u00e9 sur l\u2019\u00e9cologie, en acc\u00e8s libre et sans publicit\u00e9, pour tous.<\/strong><br class=\"autobr\"\/><br \/>\nMais ce travail demande beaucoup de temps et de ressources.<\/p>\n<p>Alors, si vous en avez les moyens, sachez qu\u2019un don, m\u00eame d\u20191\u20ac, est un acte de soutien fort pour l\u2019\u00e9cologie et le journalisme ind\u00e9pendant.<br class=\"autobr\"\/><br \/>\n(Et \u00e7a vous prendra moins de temps que la lecture de ce texte).<\/p>\n<p><strong>Si vous le pouvez, choisissez un soutien mensuel. Merci.<\/strong><\/p>\n<p><a target=\"_blank\" href=\"https:\/\/reporterre.net\/dons\" class=\"bt_soutenir\">Je soutiens <i>Reporterre<\/i><\/a><\/p>\n<\/p><\/div>\n<div class=\"encart encart_vert noprint montre_1023\">\n<div class=\"infolettre-form-container noprint\">\n<p>Abonnez-vous \u00e0 la lettre d\u2019info de Reporterre<\/p>\n<\/div><\/div>\n<\/aside>\n<aside class=\"boite_apresarticle encart_note\">\n<h4>Apr\u00e8s cet article<\/h4>\n<p>      <a target=\"_blank\" href=\"https:\/\/reporterre.net\/Frelons-asiatiques-un-essaim-de-prejuges\" class=\"lien_article\">\n      <picture class=\"vignette_gauche\"><source type=\"image\/webp\" srcset=\"https:\/\/reporterre.net\/local\/cache-vignettes\/L450xH300\/arton29132f-930dc.png@.webp?1737368249\"><img decoding=\"async\" src=\"https:\/\/reporterre.net\/local\/cache-vignettes\/L450xH300\/arton29132f-930dc.png?1737368249\" width=\"450\" height=\"300\" alt=\"\" class=\"marge12\" loading=\"lazy\"\/><br \/>\n<\/source><\/picture>\n<p class=\"libelle\">\n<p>      Animaux\n    <\/p>\n<p class=\"titre pol20\">Frelons asiatiques, un essaim de pr\u00e9jug\u00e9s<\/p>\n<p>      <\/a><br \/>\n    <\/aside>\n<aside class=\"boite_complement texte\">\n<div class=\"encart_note\">\n<h4>Notes<\/h4>\n<div id=\"nb2-1\">\n<p><span class=\"spip_note_ref\">[<a target=\"_blank\" href=\"#nh2-1\" class=\"spip_note\" title=\"Notes 2-1\" rev=\"appendix\">1<\/a>]\u00a0<\/span><span class=\"caps\"><span class=\"caps\">GDS<\/span><\/span> France et Fredon France sont deux organismes \u00e0 vocation sanitaire (<span class=\"caps\"><span class=\"caps\">OVS<\/span><\/span>), le premier dans le domaine animal, le second dans le v\u00e9g\u00e9tal. Ils collaborent dans le cadre de l\u2019Association fran\u00e7aise sanitaire et environnementale (<span class=\"caps\"><span class=\"caps\">AFSE<\/span><\/span>).<\/p>\n<\/div><\/div>\n<p>      <!-- zone_forum --><br \/>\n          <\/aside>\n<aside class=\"boite_lireaussi noprint\">\n<\/aside>\n<aside class=\"colonne\">\n<div class=\"article_info cache_1023 noprint\">\n<p>    <span class=\"date\">17 mars 2025  \u00e0 16h40<\/span><\/p>\n<p class=\"duree_lecture\">\n        Dur\u00e9e de lecture : 6 minutes\n      <\/p>\n<\/p><\/div>\n<div class=\"bloc_infolettre\">\n<div class=\"infolettre-form-container noprint\">\n<p>Abonnez-vous \u00e0 la lettre d\u2019info de Reporterre<\/p>\n<\/div><\/div>\n<\/aside>\n<div id=\"galerie\">\n  <img decoding=\"async\" src=\"\" class=\"principale\" id=\"principale\"\/><\/p>\n<p id=\"legende\">legende<\/p>\n<\/div>\n<footer class=\"noprint\">\n<\/footer>\n<\/div>\n<p><br \/>\n<br \/><a href=\"https:\/\/reporterre.net\/Frelon-asiatique-les-pieges-bouteilles-a-bannir\" target=\"_blank\"\">Source link <\/a><\/p>\n","protected":false},"excerpt":{"rendered":"<p>R\u00e9unions d\u2019information, distribution de pi\u00e8ges, m\u00e9diatisation\u2026 C\u2019est le branle-bas de combat chez les apiculteurs et dans les collectivit\u00e9s locales. Avec l\u2019arriv\u00e9e du printemps et des temp\u00e9ratures plus cl\u00e9mentes, les reines&hellip; <\/p>\n","protected":false},"author":1,"featured_media":4621,"comment_status":"open","ping_status":"open","sticky":false,"template":"","format":"standard","meta":{"footnotes":""},"categories":[1],"tags":[],"class_list":["post-4620","post","type-post","status-publish","format-standard","has-post-thumbnail","hentry","category-non-classe"],"_links":{"self":[{"href":"https:\/\/monde25.info\/index.php\/wp-json\/wp\/v2\/posts\/4620","targetHints":{"allow":["GET"]}}],"collection":[{"href":"https:\/\/monde25.info\/index.php\/wp-json\/wp\/v2\/posts"}],"about":[{"href":"https:\/\/monde25.info\/index.php\/wp-json\/wp\/v2\/types\/post"}],"author":[{"embeddable":true,"href":"https:\/\/monde25.info\/index.php\/wp-json\/wp\/v2\/users\/1"}],"replies":[{"embeddable":true,"href":"https:\/\/monde25.info\/index.php\/wp-json\/wp\/v2\/comments?post=4620"}],"version-history":[{"count":0,"href":"https:\/\/monde25.info\/index.php\/wp-json\/wp\/v2\/posts\/4620\/revisions"}],"wp:featuredmedia":[{"embeddable":true,"href":"https:\/\/monde25.info\/index.php\/wp-json\/wp\/v2\/media\/4621"}],"wp:attachment":[{"href":"https:\/\/monde25.info\/index.php\/wp-json\/wp\/v2\/media?parent=4620"}],"wp:term":[{"taxonomy":"category","embeddable":true,"href":"https:\/\/monde25.info\/index.php\/wp-json\/wp\/v2\/categories?post=4620"},{"taxonomy":"post_tag","embeddable":true,"href":"https:\/\/monde25.info\/index.php\/wp-json\/wp\/v2\/tags?post=4620"}],"curies":[{"name":"wp","href":"https:\/\/api.w.org\/{rel}","templated":true}]}}