{"id":4622,"date":"2025-03-17T17:57:01","date_gmt":"2025-03-17T16:57:01","guid":{"rendered":"https:\/\/monde25.info\/index.php\/2025\/03\/17\/la-mort-de-la-liberte-dexpression-aux-etats-unis\/"},"modified":"2025-03-17T17:57:01","modified_gmt":"2025-03-17T16:57:01","slug":"la-mort-de-la-liberte-dexpression-aux-etats-unis","status":"publish","type":"post","link":"https:\/\/monde25.info\/index.php\/2025\/03\/17\/la-mort-de-la-liberte-dexpression-aux-etats-unis\/","title":{"rendered":"La mort de la libert\u00e9 d\u2019expression aux \u00c9tats-Unis ?"},"content":{"rendered":"<p> <br \/>\n<\/p>\n<div>\n<p>par <strong>Philip Giraldi<\/strong><\/p>\n<p><strong>Vous pouvez remercier Isra\u00ebl et ses nombreux amis.<\/strong><\/p>\n<p>Il ne fait aucun doute que la relation entre les \u00c9tats-Unis et Isra\u00ebl a caus\u00e9 de terribles dommages aux institutions am\u00e9ricaines et aux libert\u00e9s constitutionnelles. Le soutien inconditionnel et bipartite des \u00c9tats-Unis au g\u00e9nocide isra\u00e9lien du peuple palestinien n\u2019est pas pass\u00e9 inaper\u00e7u dans le reste du monde, qui m\u00e9prise d\u00e9sormais le syst\u00e8me politique corrompu des \u00c9tats-Unis et ses dirigeants de plus en plus bizarres et d\u00e9connect\u00e9s de la r\u00e9alit\u00e9. Il y a eu <a target=\"_blank\" href=\"https:\/\/responsiblestatecraft.org\/palestinians-sudan-somalia\" target=\"_blank\" rel=\"noopener\" title=\"\">m\u00eame des rapports<\/a> la semaine derni\u00e8re selon lesquels Washington et Tel-Aviv auraient discut\u00e9 de l\u2019exp\u00e9dition de plus de deux millions de Palestiniens au Soudan et en Somalie, deux des endroits les plus violents de la plan\u00e8te, pour permettre le d\u00e9veloppement de la station baln\u00e9aire Trump Gaza et l\u2019annexion du reste de la Palestine historique par Isra\u00ebl.<\/p>\n<p>Il est certain que le cancer au c\u0153ur de la relation entre Isra\u00ebl et les \u00c9tats-Unis, si l\u2019on peut m\u00eame l\u2019appeler ainsi, est en place depuis longtemps, alors que les politiciens am\u00e9ricains se d\u00e9m\u00e8nent pour obtenir leur part de l\u2019argent des milliardaires juifs en \u00e9change d\u2019une <em>carte blanche<\/em> en cas de mauvaise conduite d\u2019Isra\u00ebl. Je me souviens qu\u2019en mai 2023, le nouveau pr\u00e9sident de la Chambre des repr\u00e9sentants, Kevin McCarthy, s\u2019est exprim\u00e9 devant la Knesset isra\u00e9lienne. McCarthy s\u2019est fait un point d\u2019honneur de flatter ses h\u00f4tes isra\u00e9liens en soulignant que son voyage en Isra\u00ebl \u00e9tait son premier voyage \u00e0 l\u2019\u00e9tranger en tant que pr\u00e9sident de la Chambre des repr\u00e9sentants, soulignant ainsi la valeur de la relation.<\/p>\n<p>McCarthy \u00e9tait accompagn\u00e9 de la cohorte habituelle de flagorneurs du Congr\u00e8s qui affluent en Isra\u00ebl \u00e0 chaque pause. Le groupe \u00e9tait bipartite et comprenait l\u2019odieux Steny Hoyer du Maryland qui a fait et m\u00eame dirig\u00e9 l\u2019entourage servile plus de vingt fois. McCarthy, un homme ambitieux qui n\u2019a jamais \u00e9t\u00e9 r\u00e9put\u00e9 pour sa grande intelligence, a prononc\u00e9 un <a target=\"_blank\" href=\"https:\/\/www.c-span.org\/video\/?527777-1\/house-speaker-mccarthy-addresses-israeli-knesset\" target=\"_blank\" rel=\"noopener\" title=\"\">discours pr\u00e9visible<\/a> qui a suscit\u00e9 les ovations <em>pro forma<\/em> de l\u2019auditoire, mais j\u2019aimerais attirer l\u2019attention sur une partie en particulier o\u00f9 il a d\u00e9clar\u00e9 : \u00ab<em>C\u2019est le fondement de notre relation sp\u00e9ciale : nous sommes les deux seuls pays de l\u2019histoire qui ont \u00e9t\u00e9 con\u00e7us dans la libert\u00e9 et consacr\u00e9s au principe que nous sommes tous \u00e9gaux. Nos valeurs sont vos valeurs. Notre h\u00e9ritage est votre h\u00e9ritage. Nos r\u00eaves sont vos r\u00eaves. Les \u00c9tats-Unis sont reconnaissants de leur amiti\u00e9 avec Isra\u00ebl. Nous sommes un meilleur pays gr\u00e2ce \u00e0 lui. Et nous ne devons jamais h\u00e9siter \u00e0 le d\u00e9fendre\u2026 Tant que je serai pr\u00e9sident de la Chambre des repr\u00e9sentants, les \u00c9tats-Unis continueront \u00e0 soutenir le financement int\u00e9gral de l\u2019aide \u00e0 la s\u00e9curit\u00e9 en Isra\u00ebl<\/em>\u00bb.<\/p>\n<p>Presque chaque ligne de cette partie du discours de McCarthy est soit un mensonge \u00e9hont\u00e9, soit une d\u00e9formation de la r\u00e9alit\u00e9 \u00e0 un point tel qu\u2019elle en devient incompr\u00e9hensible, mais elle a servi de cadre au Congr\u00e8s pour d\u00e9pouiller le peuple am\u00e9ricain tout en le privant de ses libert\u00e9s. \u00c0 peu pr\u00e8s \u00e0 la m\u00eame \u00e9poque, le lobby pro-isra\u00e9lien bas\u00e9 aux \u00c9tats-Unis travaillait s\u00e9par\u00e9ment et assid\u00fbment \u00e0 criminaliser toute critique du comportement collectif des juifs et\/ou de l\u2019\u00c9tat d\u2019Isra\u00ebl. Personne n\u2019a travaill\u00e9 plus dur \u00e0 cette t\u00e2che que le gouverneur de Floride, hyper-ambitieux et aspirant \u00e0 la pr\u00e9sidence, dont la performance servile consistant \u00e0 s\u2019incliner devant le pouvoir et l\u2019argent juifs lors de son propre voyage en Isra\u00ebl a culmin\u00e9 avec la signature d\u2019une nouvelle loi de l\u2019\u00c9tat qui, <em>entre autres<\/em>, exploite le m\u00e9canisme de la \u00abhaine\u00bb pour criminaliser presque toutes les critiques, voire le scepticisme, concernant l\u2019apartheid isra\u00e9lien, le r\u00e9cit de l\u2019holocauste ou le comportement des groupes et des individus juifs. Lors de la signature, DeSantis <a target=\"_blank\" href=\"https:\/\/www.jpost.com\/israel-news\/article-741389\" target=\"_blank\" rel=\"noopener\" title=\"\">s\u2019est vant\u00e9<\/a> que la l\u00e9gislation visait tr\u00e8s clairement \u00e0 prot\u00e9ger Isra\u00ebl, <a target=\"_blank\" href=\"https:\/\/jewishjournal.com\/israel\/358309\/fl-gov-ron-desantis-signs-bill-addressing-antisemitic-hate-crimes\/\" target=\"_blank\" rel=\"noopener\" title=\"\">soutenant que<\/a> rejeter \u00ab<em>le droit d\u2019Isra\u00ebl \u00e0 exister est de l\u2019antis\u00e9mitisme<\/em>\u00bb, ce qui est la ligne qui pr\u00e9vaut actuellement parmi les politiciens d\u00e9mocrates et r\u00e9publicains et qui a \u00e9galement \u00e9t\u00e9 copi\u00e9e par de nombreuses autres l\u00e9gislatures d\u2019\u00c9tat. Outre la Floride, trente-six autres \u00c9tats <a target=\"_blank\" href=\"https:\/\/www.jta.org\/2023\/05\/03\/politics\/jewish-doctor-denied-500-payment-after-refusing-to-promise-arkansas-he-wont-boycott-israel\" target=\"_blank\" rel=\"noopener\" title=\"\">ont sanctionn\u00e9 toute personne<\/a> cherchant \u00e0 boycotter Isra\u00ebl ou \u00e0 accepter de le faire, parfois en refusant notamment des emplois ou des avantages gouvernementaux.<\/p>\n<p>Il se trouve que, ces deux derni\u00e8res semaines, Donald Trump et sa bande de laquais sionistes ont finalement touch\u00e9 le fond avec l\u2019arrestation et la menace d\u2019expulsion d\u2019un \u00e9tudiant qui avait aid\u00e9 \u00e0 organiser des manifestations non violentes sur le campus contre le massacre des Gazaouis par Isra\u00ebl. Cette affaire a \u00e9t\u00e9 suivie par des menaces de Trump contre un membre tr\u00e8s respect\u00e9 du Congr\u00e8s qui a critiqu\u00e9 un certain nombre de questions concernant \u00e0 la fois la politique \u00e9trang\u00e8re de l\u2019administration et le Congr\u00e8s. Au fond, les deux \u00e9taient et sont des questions de libert\u00e9 d\u2019expression relevant du Premier Amendement et reposent toutes deux sur une pr\u00e9somption de la Maison-Blanche selon laquelle, puisqu\u2019elle d\u00e9signe quelqu\u2019un comme une \u00abmenace\u00bb, elle n\u2019a pas \u00e0 fournir de preuve que c\u2019est effectivement le cas. Et l\u00e0, dans la r\u00e8gle d\u2019exception en vigueur, qui permet \u00e0 l\u2019\u00c9tat juif d\u2019\u00e9chapper \u00e0 toute cons\u00e9quence de ses actes. Toute \u00ablibert\u00e9 d\u2019expression\u00bb qui critique ou offense le pays \u00e9tranger auquel la plupart des politiciens am\u00e9ricains et une grande partie des m\u00e9dias am\u00e9ricains traditionnels obs\u00e9quieux doivent leur all\u00e9geance principale est clairement consid\u00e9r\u00e9e comme hors des limites d\u2019un comportement acceptable, m\u00eame lorsqu\u2019elle soutient toutes les valeurs et tous les principes auxquels les gouvernements am\u00e9ricains ont hypocritement pr\u00e9tendu adh\u00e9rer.<\/p>\n<p>Parall\u00e8lement, le gouvernement fait pression sur les universit\u00e9s am\u00e9ricaines pour qu\u2019elles r\u00e9priment s\u00e9v\u00e8rement toute personne qui manifeste en faveur des Palestiniens, en utilisant la formulation de DeSantis selon laquelle ils sont \u00e0 la fois antis\u00e9mites et partisans du terrorisme. L\u2019universit\u00e9 de Columbia est particuli\u00e8rement touch\u00e9e et s\u2019est vu bloquer 400 millions de dollars de fonds f\u00e9d\u00e9raux pour la recherche. L\u2019administration Trump <a target=\"_blank\" href=\"https:\/\/www.nytimes.com\/2025\/03\/13\/nyregion\/columbia-university-students-disciplined-hamilton-hall.html\" target=\"_blank\" rel=\"noopener\" title=\"\">a exig\u00e9 que<\/a> Columbia apporte des changements radicaux \u00e0 la discipline et aux admissions des \u00e9tudiants avant de pouvoir discuter de la lev\u00e9e de l\u2019annulation des fonds. Elle a \u00e9galement d\u00e9clar\u00e9 que l\u2019ultimatum \u00e9tait n\u00e9cessaire en raison de ce qu\u2019elle a d\u00e9crit comme l\u2019incapacit\u00e9 de Columbia \u00e0 prot\u00e9ger les \u00e9tudiants juifs contre le harc\u00e8lement. L\u2019administration Trump a exig\u00e9 que l\u2019universit\u00e9 formalise sa d\u00e9finition de l\u2019antis\u00e9mitisme afin d\u2019y inclure la critique d\u2019Isra\u00ebl et de placer le d\u00e9partement des \u00e9tudes moyen-orientales, sud-asiatiques et africaines de l\u2019\u00e9cole sous \u00abmise sous tutelle acad\u00e9mique\u00bb, l\u2019\u00e9quivalent d\u2019une surveillance constante par le gouvernement. L\u2019universit\u00e9 a c\u00e9d\u00e9, r\u00e9agissant en licenciant un certain nombre d\u2019\u00e9tudiants impliqu\u00e9s dans les manifestations non violentes apr\u00e8s les avoir suspendus et, dans certains cas, expuls\u00e9s. Il est int\u00e9ressant de noter que les contre-manifestants juifs, responsables de la plupart des violences, n\u2019ont fait l\u2019objet d\u2019aucune sanction, car, selon l\u2019argument avanc\u00e9, il n\u2019est question que d\u2019antis\u00e9mitisme. En effet, pour d\u00e9montrer son s\u00e9rieux, le d\u00e9partement de la Justice <a target=\"_blank\" href=\"https:\/\/news.antiwar.com\/2025\/03\/13\/doj-deploys-antisemitism-task-force-to-four-us-cities-as-part-of-crackdown-on-pro-palestine-protests\/\" target=\"_blank\" rel=\"noopener\" title=\"\">a d\u00e9p\u00each\u00e9 une task force<\/a> dans quatre villes am\u00e9ricaines (New York, Chicago, Boston, Los Angeles) pour enqu\u00eater sur le probl\u00e8me de l\u2019antis\u00e9mitisme et des manifestations palestiniennes.<\/p>\n<p>L\u2019\u00e9tudiant qui a \u00e9t\u00e9 arr\u00eat\u00e9 a obtenu un master \u00e0 l\u2019universit\u00e9 de Columbia en d\u00e9cembre de l\u2019ann\u00e9e derni\u00e8re. Il s\u2019agit de <a target=\"_blank\" href=\"https:\/\/www.yahoo.com\/news\/ask-an-attorney-an-immigration-lawyer-breaks-down-the-mahmoud-khalil-case-180657551.html\" target=\"_blank\" rel=\"noopener\" title=\"\">Mahmoud Khalil<\/a>, un Palestinien mari\u00e9 \u00e0 une Am\u00e9ricaine qui serait enceinte de huit mois. Khalil a le statut de r\u00e9sident permanent l\u00e9gal aux \u00c9tats-Unis, ce qu\u2019on appelle la \u00abcarte verte\u00bb. L\u2019administration Trump, sans citer aucun pr\u00e9c\u00e9dent ni ant\u00e9c\u00e9dent de comportement criminel, a insist\u00e9 sur le fait qu\u2019<a target=\"_blank\" href=\"https:\/\/ronpaulinstitute.org\/maybe-the-reason-the-trump-administration-wants-to-deport-mahmoud-khalil-is-because-there-is-no-good-reason-to-deport-him\/\" target=\"_blank\" rel=\"noopener\" title=\"\">elle pouvait d\u00e9tenir Khalil<\/a> sans l\u2019inculper et faire ce qu\u2019elle voulait de lui, alors que le seul probl\u00e8me le concernant est qu\u2019il a exerc\u00e9 sa libert\u00e9 d\u2019expression, garantie par le premier amendement de la Constitution am\u00e9ricaine.<\/p>\n<p>Lundi dernier, le pr\u00e9sident Trump a confirm\u00e9 que \u00ab<em>l\u2019arrestation et la tentative d\u2019expulsion de Khalil s\u2019inscrivent dans le cadre des efforts de son administration pour s\u00e9vir contre les \u00ab\u00e9tudiants de Columbia et d\u2019autres universit\u00e9s du pays qui se sont livr\u00e9s \u00e0 des activit\u00e9s pro-terroristes, antis\u00e9mites et anti-am\u00e9ricaines\u00bb\u2026 C\u2019est la premi\u00e8re arrestation d\u2019une longue s\u00e9rie<\/em>\u00bb. Khalil a \u00e9t\u00e9 envoy\u00e9 dans une prison f\u00e9d\u00e9rale en Louisiane, \u00e0 mille kilom\u00e8tres de chez lui \u00e0 Manhattan, probablement pour l\u2019\u00e9loigner <a target=\"_blank\" href=\"https:\/\/mondoweiss.net\/2025\/03\/mahmoud-khalil-will-remain-detained-in-louisiana-following-brief-court-hearing\/?ml_recipient=148758609201727038&amp;ml_link=148758575367325336&amp;utm_source=newsletter&amp;utm_medium=email&amp;utm_term=2025-03-13&amp;utm_campaign=Daily+Headlines+RSS+Automation\" target=\"_blank\" rel=\"noopener\" title=\"\">de ses partisans \u00e0 New York<\/a>, m\u00eame si le gouvernement ne peut produire aucune preuve qu\u2019il a menac\u00e9 qui que ce soit ou commis un crime. Mercredi, le d\u00e9partement de la S\u00e9curit\u00e9 int\u00e9rieure <a target=\"_blank\" href=\"https:\/\/www.yahoo.com\/news\/judge-determine-next-steps-arrest-150004052.html\" target=\"_blank\" rel=\"noopener\" title=\"\">a publi\u00e9 un document<\/a> citant une disposition pr\u00e9sum\u00e9e de la loi sur l\u2019immigration qui donne au gouvernement le pouvoir d\u2019expulser toute personne si \u00ab<em>le secr\u00e9taire d\u2019\u00c9tat a d\u00e9termin\u00e9 que [sa] pr\u00e9sence ou [ses] activit\u00e9s aux \u00c9tats-Unis auraient de graves cons\u00e9quences n\u00e9fastes en mati\u00e8re de politique \u00e9trang\u00e8re pour les \u00c9tats-Unis<\/em>\u00bb. La nature de ces \u00abcons\u00e9quences\u00bb dans le cas de Khalil n\u2019a pas \u00e9t\u00e9 pr\u00e9cis\u00e9e et devrait \u00eatre consid\u00e9r\u00e9e comme contestable par les avocats de la d\u00e9fense.<\/p>\n<p>Le membre du Congr\u00e8s qui subit des pressions <a target=\"_blank\" href=\"https:\/\/vtforeignpolicy.com\/2025\/03\/take-a-hike-trump-real-american-patriots-support-thomas-massie-of-tennessee\/\" target=\"_blank\" rel=\"noopener\" title=\"\">est Tom Massie<\/a>, du Kentucky. Il envisage de se pr\u00e9senter au si\u00e8ge du S\u00e9nat qui sera bient\u00f4t vacant dans l\u2019\u00c9tat, mais Trump a demand\u00e9 au Parti r\u00e9publicain de le soumettre \u00e0 une primaire afin qu\u2019il ne re\u00e7oive m\u00eame pas l\u2019investiture. En outre, la Coalition r\u00e9publicaine juive s\u2019est engag\u00e9e \u00e0 <a target=\"_blank\" href=\"https:\/\/israelpalestinenews.org\/israel-first-groups-target-thomas-massie\/\" target=\"_blank\" rel=\"noopener\" title=\"\">\u00ab<em>d\u00e9penser sans limite pour bloquer Massie<\/em>\u00bb<\/a> s\u2019il d\u00e9cide de se pr\u00e9senter. Massie est l\u2019un des <a target=\"_blank\" href=\"https:\/\/www.google.com\/search?client=safari&amp;rls=en&amp;q=jewish+insider+republicans+constrain&amp;ie=UTF-8&amp;oe=UTF-8\" target=\"_blank\" rel=\"noopener\" title=\"\">plus fervents opposants \u00e0 la l\u00e9gislation<\/a> visant \u00e0 soutenir Isra\u00ebl et \u00e0 criminaliser ce que l\u2019on appelle l\u2019antis\u00e9mitisme \u00e0 la Chambre des repr\u00e9sentants, de sorte que la perspective de sa candidature \u00ab<em>suscite d\u00e9j\u00e0 une vive opposition de la part de la communaut\u00e9 juive locale et nationale<\/em>\u00bb. Massie est surtout connu dans certains milieux pour avoir affirm\u00e9 lors d\u2019une <a target=\"_blank\" href=\"https:\/\/youtu.be\/omBSEuFTYEo?si=GGdCbdYs2Dgb0xnY&amp;t=686\" target=\"_blank\" rel=\"noopener\" title=\"\">interview dans l\u2019\u00e9mission de Tucker Carlson<\/a> qu\u2019il \u00e9tait le seul membre du Congr\u00e8s \u00e0 <a target=\"_blank\" href=\"https:\/\/youtu.be\/FlSIJJdpj4c?si=adbKoF7cInJgAw-r\">ne pas avoir de \u00ab<em>type de l\u2019AIPAC<\/em><\/a>\u00bb dans son \u00e9quipe qui lui servirait de \u00ab<em>baby-sitter<\/em>\u00bb aupr\u00e8s du lobby isra\u00e9lien. Massie <a target=\"_blank\" href=\"https:\/\/www.theinteldrop.org\/2025\/03\/11\/congressman-thomas-massie-faces-trumps-wrath-over-dual-citizenship-proposal-and-aipac-stance\/\" target=\"_blank\" rel=\"noopener\" title=\"\">s\u2019oppose \u00e9galement \u00e0 ce que<\/a> des membres du Congr\u00e8s aient une \u00ab<em>double nationalit\u00e9<\/em>\u00bb secr\u00e8te, ce qui aurait probablement un impact sur la plupart des l\u00e9gislateurs juifs am\u00e9ricains qui ont \u00e9galement la nationalit\u00e9 isra\u00e9lienne. Massie est tr\u00e8s respect\u00e9 dans les milieux conservateurs et libertaires. Il est syst\u00e9matiquement contre la guerre et critique \u00e9galement la corruption et les d\u00e9penses excessives du gouvernement f\u00e9d\u00e9ral. C\u2019est ce qui passe pour un comportement malveillant de nos jours.<\/p>\n<p>Si l\u2019administration Trump, travaillant main dans la main avec le gouvernement isra\u00e9lien et le lobby pro-isra\u00e9lien am\u00e9ricain, peut se permettre de bafouer la libert\u00e9 la plus fondamentale de la Constitution am\u00e9ricaine, celle de la libert\u00e9 d\u2019expression, il y aura \u00ab<em>l\u2019enfer \u00e0 payer<\/em>\u00bb, pour reprendre la m\u00e9taphore pr\u00e9f\u00e9r\u00e9e de Donald. Une fois \u00e9tabli le principe selon lequel le chef de l\u2019\u00c9tat ne peut pas se tromper, m\u00eame lorsque ce qu\u2019il fait est visiblement suicidaire, les \u00c9tats-Unis que nous, Am\u00e9ricains, connaissions autrefois auront disparu \u00e0 jamais. Et la trag\u00e9die est aggrav\u00e9e par le fait qu\u2019elle aura largement \u00e9t\u00e9 caus\u00e9e par le service inutile rendu \u00e0 un petit pays raciste qui est manifestement et tr\u00e8s ouvertement le plus mal\u00e9fique de la plan\u00e8te.<\/p>\n<p>source : <a target=\"_blank\" href=\"https:\/\/www.unz.com\/pgiraldi\/the-death-of-free-speech-in-america\/\" target=\"_blank\" rel=\"noopener\" title=\"\">The Unz Review<\/a><\/p>\n<div class=\"sharedaddy sd-block sd-like jetpack-likes-widget-wrapper jetpack-likes-widget-unloaded\" id=\"like-post-wrapper-237719536-448094-67d846e44bf84\" data-src=\"https:\/\/widgets.wp.com\/likes\/?ver=14.2.1#blog_id=237719536&amp;post_id=448094&amp;origin=reseauinternational.net&amp;obj_id=237719536-448094-67d846e44bf84&amp;n=1\" data-name=\"like-post-frame-237719536-448094-67d846e44bf84\" data-title=\"Aimer ou rebloguer\">\n<h3 class=\"sd-title\">J\u2019aime \u00e7a\u00a0:<\/h3>\n<p><span class=\"button\"><span>J\u2019aime<\/span><\/span> <span class=\"loading\">chargement\u2026<\/span><\/p>\n<p><span class=\"sd-text-color\"\/><a target=\"_blank\" class=\"sd-link-color\"\/><\/div>\n<p><meta itemscope=\"\" itemprop=\"mainEntityOfPage\" itemtype=\"https:\/\/schema.org\/WebPage\" itemid=\"https:\/\/reseauinternational.net\/la-mort-de-la-liberte-dexpression-aux-etats-unis\/\"\/><meta itemprop=\"headline\" content=\"La mort de la libert\u00e9 d\u2019expression aux \u00c9tats-Unis ?\"\/><span style=\"display: none;\" itemprop=\"author\" itemscope=\"\" itemtype=\"https:\/\/schema.org\/Person\"><meta itemprop=\"name\" content=\"R\u00e9seau International\"\/><\/span><span style=\"display: none;\" itemprop=\"image\" itemscope=\"\" itemtype=\"https:\/\/schema.org\/ImageObject\"><meta itemprop=\"url\" content=\"https:\/\/i0.wp.com\/reseauinternational.net\/wp-content\/uploads\/2025\/03\/Sans-titre-20-11.png?fit=800%2C467&amp;quality=100&amp;ssl=1\"\/><meta itemprop=\"width\" content=\"800\"\/><meta itemprop=\"height\" content=\"467\"\/><\/span><span style=\"display: none;\" itemprop=\"publisher\" itemscope=\"\" itemtype=\"https:\/\/schema.org\/Organization\"><span style=\"display: none;\" itemprop=\"logo\" itemscope=\"\" itemtype=\"https:\/\/schema.org\/ImageObject\"><meta itemprop=\"url\" content=\"https:\/\/reseauinternational.net\/wp-content\/uploads\/2022\/06\/Capture-de\u0301cran-2022-06-14-a\u0300-16.51.07.png\"\/><\/span><meta itemprop=\"name\" content=\"R\u00e9seau International\"\/><\/span><meta itemprop=\"datePublished\" content=\"2025-03-17T08:46:12+00:00\"\/><meta itemprop=\"dateModified\" content=\"2025-03-17T08:46:50+00:00\"\/><\/div>\n<p><br \/>\n<br \/><a href=\"https:\/\/reseauinternational.net\/la-mort-de-la-liberte-dexpression-aux-etats-unis\/\" target=\"_blank\"\">Source link <\/a><\/p>\n","protected":false},"excerpt":{"rendered":"<p>par Philip Giraldi Vous pouvez remercier Isra\u00ebl et ses nombreux amis. Il ne fait aucun doute que la relation entre les \u00c9tats-Unis et Isra\u00ebl a caus\u00e9 de terribles dommages aux&hellip; <\/p>\n","protected":false},"author":1,"featured_media":4623,"comment_status":"open","ping_status":"open","sticky":false,"template":"","format":"standard","meta":{"footnotes":""},"categories":[1],"tags":[],"class_list":["post-4622","post","type-post","status-publish","format-standard","has-post-thumbnail","hentry","category-non-classe"],"_links":{"self":[{"href":"https:\/\/monde25.info\/index.php\/wp-json\/wp\/v2\/posts\/4622","targetHints":{"allow":["GET"]}}],"collection":[{"href":"https:\/\/monde25.info\/index.php\/wp-json\/wp\/v2\/posts"}],"about":[{"href":"https:\/\/monde25.info\/index.php\/wp-json\/wp\/v2\/types\/post"}],"author":[{"embeddable":true,"href":"https:\/\/monde25.info\/index.php\/wp-json\/wp\/v2\/users\/1"}],"replies":[{"embeddable":true,"href":"https:\/\/monde25.info\/index.php\/wp-json\/wp\/v2\/comments?post=4622"}],"version-history":[{"count":0,"href":"https:\/\/monde25.info\/index.php\/wp-json\/wp\/v2\/posts\/4622\/revisions"}],"wp:featuredmedia":[{"embeddable":true,"href":"https:\/\/monde25.info\/index.php\/wp-json\/wp\/v2\/media\/4623"}],"wp:attachment":[{"href":"https:\/\/monde25.info\/index.php\/wp-json\/wp\/v2\/media?parent=4622"}],"wp:term":[{"taxonomy":"category","embeddable":true,"href":"https:\/\/monde25.info\/index.php\/wp-json\/wp\/v2\/categories?post=4622"},{"taxonomy":"post_tag","embeddable":true,"href":"https:\/\/monde25.info\/index.php\/wp-json\/wp\/v2\/tags?post=4622"}],"curies":[{"name":"wp","href":"https:\/\/api.w.org\/{rel}","templated":true}]}}