{"id":4636,"date":"2025-03-17T23:24:45","date_gmt":"2025-03-17T22:24:45","guid":{"rendered":"https:\/\/monde25.info\/index.php\/2025\/03\/17\/un-homme-contre-un-peuple-par-serge-halimi-le-monde-diplomatique-fevrier-2023\/"},"modified":"2025-03-17T23:24:45","modified_gmt":"2025-03-17T22:24:45","slug":"un-homme-contre-un-peuple-par-serge-halimi-le-monde-diplomatique-fevrier-2023","status":"publish","type":"post","link":"https:\/\/monde25.info\/index.php\/2025\/03\/17\/un-homme-contre-un-peuple-par-serge-halimi-le-monde-diplomatique-fevrier-2023\/","title":{"rendered":"Un homme contre un peuple, par Serge Halimi (Le Monde diplomatique, f\u00e9vrier 2023)"},"content":{"rendered":"<p> <br \/>\n<\/p>\n<div couleurfade=\"fde9e5\" couleurclaire=\"f5e7d5\" couleurpale=\"f3d0a4\" couleurmi=\"be2e0d\" couleurfoncee=\"8e220a\" couleursombre=\"2f0b03\" couleurfond=\"7b554c\" couleurtexte=\"ffffff\">\n<p><span class=\"mot-lettrine\"><span class=\"lettrine\">Q<\/span>uelques<\/span> semaines apr\u00e8s l\u2019accession de M.\u00a0Emmanuel Macron \u00e0 l\u2019\u00c9lys\u00e9e, un de ses partisans, l\u2019actuel pr\u00e9sident de la commission des affaires \u00e9trang\u00e8res de l\u2019Assembl\u00e9e nationale, r\u00e9suma la politique \u00e9conomique et sociale qui allait suivre\u00a0: <i>\u00ab<small class=\"fine\">\u00a0<\/small>Objectivement, les probl\u00e8mes de ce pays impliquent des solutions favorables aux hauts revenus<\/i><span class=\"spip_note_ref\">\u00a0(<a target=\"_blank\" href=\"http:\/\/www.monde-diplomatique.fr\/2023\/02\/HALIMI\/65501#nb1\" class=\"spip_note\" rel=\"appendix\" title=\"M.\u00a0Jean-Louis Bourlanges, cit\u00e9 dans \u00ab\u00a0Une politique pour les riches\u2026 et alors\u00a0?\u00a0\u00a0(...)\" id=\"nh1\">1<\/a>)<\/span>.<i><small class=\"fine\">\u00a0<\/small>\u00bb<\/i> Ces privil\u00e9gi\u00e9s prouveraient ensuite leur reconnaissance envers leur bienfaiteur puisque, entre 2017 et 2022, du premier tour d\u2019une \u00e9lection pr\u00e9sidentielle \u00e0 l\u2019autre, M.\u00a0Macron vit son score chez les plus riches passer de 34<small class=\"fine\">\u00a0<\/small>% \u00e0 48<small class=\"fine\">\u00a0<\/small>%. Quand la gauche est au pouvoir, elle d\u00e9montre rarement autant de maestria \u00e0 satisfaire son \u00e9lectorat\u2026<\/p>\n<p>Le chef de l\u2019\u00c9tat ayant \u00e9galement accru sa popularit\u00e9 aupr\u00e8s des \u00e9lecteurs de plus de 65\u00a0ans d\u2019un scrutin pr\u00e9sidentiel \u00e0 l\u2019autre, on mesure la port\u00e9e du \u00ab<small class=\"fine\">\u00a0<\/small>courage<small class=\"fine\">\u00a0<\/small>\u00bb dont M.\u00a0Macron se gargarise lorsqu\u2019il cherche \u00e0 convaincre le pays d\u2019accepter une \u00ab<small class=\"fine\">\u00a0<\/small>r\u00e9forme<small class=\"fine\">\u00a0<\/small>\u00bb des retraites dont les principales victimes seront les classes populaires, qui ont tr\u00e8s majoritairement vot\u00e9 contre lui. Alors que sa remise en cause des conquis sociaux \u00e9pargnera le capital, tout comme les retrait\u00e9s (m\u00eame les plus ais\u00e9s), elle imposera donc deux ann\u00e9es de travail suppl\u00e9mentaires aux ouvriers, dont l\u2019esp\u00e9rance de vie en bonne sant\u00e9 est inf\u00e9rieure de dix ans \u00e0 celle des cadres sup\u00e9rieurs<span class=\"spip_note_ref\">\u00a0(<a target=\"_blank\" href=\"http:\/\/www.monde-diplomatique.fr\/2023\/02\/HALIMI\/65501#nb2\" class=\"spip_note\" rel=\"appendix\" title=\"Selon l\u2019Observatoire des in\u00e9galit\u00e9s, l\u2019esp\u00e9rance de vie \u00e0 35\u00a0ans des cadres,\u00a0(...)\" id=\"nh2\">2<\/a>)<\/span>. Pour ceux que le salariat a souvent us\u00e9s, \u00e9puis\u00e9s, cass\u00e9s, la ligne d\u2019arriv\u00e9e recule \u00e0 nouveau. Le temps du repos, des projets, des engagements choisis sera mang\u00e9 par le travail obligatoire ou par le ch\u00f4mage.<\/p>\n<p>Et pour quelle raison cette mesure qu\u2019aucune urgence n\u2019appelle<small class=\"fine\">\u00a0<\/small>? Parce que le choix du pouvoir n\u2019est pas de rem\u00e9dier \u00e0 la d\u00e9liquescence des h\u00f4pitaux et des \u00e9coles, mais d\u2019\u00ab<small class=\"fine\">\u00a0<\/small>abaisser le poids des d\u00e9penses de retraite<small class=\"fine\">\u00a0<\/small>\u00bb dans l\u2019\u00e9conomie nationale au moment o\u00f9, par ailleurs, les d\u00e9penses militaires vont s\u2019envoler (le ministre des arm\u00e9es pr\u00e9voit qu\u2019elles auront doubl\u00e9 entre\u00a02017 et 2030). Le projet de civilisation que de telles priorit\u00e9s dessinent est suffisamment sordide pour que, contrairement \u00e0 ce qu\u2019on observa lors d\u2019un autre mouvement social immense ressemblant \u00e0 celui en cours, m\u00eame certains des m\u00e9dias les mieux dispos\u00e9s envers le pouvoir aient d\u00fb (provisoirement) rendre les armes <i>(lire le texte d\u2019Annie Ernaux \u00ab<small class=\"fine\">\u00a0<\/small><a target=\"_blank\" href=\"https:\/\/www.monde-diplomatique.fr\/2023\/02\/ERNAUX\/65517\" class=\"spip_in\">Relever la t\u00eate<\/a><small class=\"fine\">\u00a0<\/small>\u00bb).<\/i><\/p>\n<p>D\u00e9cid\u00e9e \u00e0 pers\u00e9v\u00e9rer malgr\u00e9 tout, la premi\u00e8re ministre \u00c9lisabeth Borne s\u2019inqui\u00e8te n\u00e9anmoins que son texte puisse <i>\u00ab<small class=\"fine\">\u00a0<\/small>donner du grain \u00e0 moudre au Rassemblement national<small class=\"fine\">\u00a0<\/small>\u00bb.<\/i> Le pr\u00e9sident qui l\u2019a nomm\u00e9e n\u2019a pas ce souci. <i>\u00ab<small class=\"fine\">\u00a0<\/small>En 2027,<\/i> a-t-il expliqu\u00e9 en d\u00e9cembre dernier, <i>je ne serai pas candidat, je ne serai donc pas comptable de ce qui arrivera<\/i><span class=\"spip_note_ref\">\u00a0(<a target=\"_blank\" href=\"http:\/\/www.monde-diplomatique.fr\/2023\/02\/HALIMI\/65501#nb3\" class=\"spip_note\" rel=\"appendix\" title=\"Le Monde, 8-9\u00a0janvier 2023.\" id=\"nh3\">3<\/a>)<\/span>.<i><small class=\"fine\">\u00a0<\/small>\u00bb<\/i> La post\u00e9rit\u00e9 pourra donc bien retenir de sa pr\u00e9sidence arrogante qu\u2019elle aura servi de marchepied \u00e0 Mme\u00a0Marine Le Pen, l\u2019avenir de M.\u00a0Macron est assur\u00e9. Si dans les semaines qui viennent il \u00e9crase la r\u00e9sistance populaire et conquiert ses galons de \u00ab<small class=\"fine\">\u00a0<\/small>r\u00e9formateur<small class=\"fine\">\u00a0<\/small>\u00bb aupr\u00e8s de la droite et de la Commission europ\u00e9enne, il pourra ensuite discourir \u00e0 Davos ou au Qatar, et pr\u00e9tendre \u00e0 la direction d\u2019Uber, de BlaBlaCar ou d\u2019une banque d\u2019affaires internationale.<\/p>\n<\/p><\/div>\n<p><br \/>\n<br \/><a href=\"https:\/\/www.monde-diplomatique.fr\/2023\/02\/HALIMI\/65501\" target=\"_blank\"\">Source link <\/a><\/p>\n","protected":false},"excerpt":{"rendered":"<p>Quelques semaines apr\u00e8s l\u2019accession de M.\u00a0Emmanuel Macron \u00e0 l\u2019\u00c9lys\u00e9e, un de ses partisans, l\u2019actuel pr\u00e9sident de la commission des affaires \u00e9trang\u00e8res de l\u2019Assembl\u00e9e nationale, r\u00e9suma la politique \u00e9conomique et sociale&hellip; <\/p>\n","protected":false},"author":1,"featured_media":4637,"comment_status":"open","ping_status":"open","sticky":false,"template":"","format":"standard","meta":{"footnotes":""},"categories":[1],"tags":[],"class_list":["post-4636","post","type-post","status-publish","format-standard","has-post-thumbnail","hentry","category-non-classe"],"_links":{"self":[{"href":"https:\/\/monde25.info\/index.php\/wp-json\/wp\/v2\/posts\/4636","targetHints":{"allow":["GET"]}}],"collection":[{"href":"https:\/\/monde25.info\/index.php\/wp-json\/wp\/v2\/posts"}],"about":[{"href":"https:\/\/monde25.info\/index.php\/wp-json\/wp\/v2\/types\/post"}],"author":[{"embeddable":true,"href":"https:\/\/monde25.info\/index.php\/wp-json\/wp\/v2\/users\/1"}],"replies":[{"embeddable":true,"href":"https:\/\/monde25.info\/index.php\/wp-json\/wp\/v2\/comments?post=4636"}],"version-history":[{"count":0,"href":"https:\/\/monde25.info\/index.php\/wp-json\/wp\/v2\/posts\/4636\/revisions"}],"wp:featuredmedia":[{"embeddable":true,"href":"https:\/\/monde25.info\/index.php\/wp-json\/wp\/v2\/media\/4637"}],"wp:attachment":[{"href":"https:\/\/monde25.info\/index.php\/wp-json\/wp\/v2\/media?parent=4636"}],"wp:term":[{"taxonomy":"category","embeddable":true,"href":"https:\/\/monde25.info\/index.php\/wp-json\/wp\/v2\/categories?post=4636"},{"taxonomy":"post_tag","embeddable":true,"href":"https:\/\/monde25.info\/index.php\/wp-json\/wp\/v2\/tags?post=4636"}],"curies":[{"name":"wp","href":"https:\/\/api.w.org\/{rel}","templated":true}]}}