{"id":4638,"date":"2025-03-17T23:57:53","date_gmt":"2025-03-17T22:57:53","guid":{"rendered":"https:\/\/monde25.info\/index.php\/2025\/03\/17\/dans-les-quartiers-populaires-le-monde-dapres-est-pire-que-celui-davant\/"},"modified":"2025-03-17T23:57:53","modified_gmt":"2025-03-17T22:57:53","slug":"dans-les-quartiers-populaires-le-monde-dapres-est-pire-que-celui-davant","status":"publish","type":"post","link":"https:\/\/monde25.info\/index.php\/2025\/03\/17\/dans-les-quartiers-populaires-le-monde-dapres-est-pire-que-celui-davant\/","title":{"rendered":"Dans les quartiers populaires, le \u00ab\u00a0monde d\u2019apr\u00e8s\u00a0\u00bb est pire que celui d\u2019avant"},"content":{"rendered":"<p> <br \/>\n<\/p>\n<div>\n<p class=\"indication_lieu\">Villetaneuse (Seine-Saint-Denis), reportage<\/p>\n<p><i>\u00ab<small class=\"fine d-inline\">\u00a0<\/small>Le Covid m\u2019a enlev\u00e9 mon fr\u00e8re jumeau, et la possibilit\u00e9 de faire mon deuil.<small class=\"fine d-inline\">\u00a0<\/small>\u00bb<\/i> La voix de Josselyne tremble, ses yeux s\u2019embuent. Elle s\u2019accorde quelques secondes de chagrin silencieux. C\u2019\u00e9tait en 2020, \u00e0 la premi\u00e8re vague de la pand\u00e9mie de Covid-19. <i>\u00ab<small class=\"fine d-inline\">\u00a0<\/small>Le virus a trouv\u00e9 ses poumons de fumeur\u2026 \u00c7a n\u2019a pas arrang\u00e9 les choses.<small class=\"fine d-inline\">\u00a0<\/small>\u00bb<\/i> Son fr\u00e8re vivait en Martinique, leur \u00eele natale. Elle, confin\u00e9e dans un appartement exigu \u00e0 \u00c9pinay-sur-Seine (Seine-Saint-Denis) avec sa fille, son gendre et ses petits-enfants, n\u2019a rien pu faire. Pas de dernier regard, pas de main \u00e0 tenir. <i>\u00ab<small class=\"fine d-inline\">\u00a0<\/small>Il a \u00e9t\u00e9 retrouv\u00e9 seul chez lui<\/i>, murmure-t-elle. <i>Personne ne m\u00e9rite de partir seul.<small class=\"fine d-inline\">\u00a0<\/small>\u00bb<\/i><\/p>\n<p>Depuis, c\u2019est \u00e0 Villetaneuse, dans le m\u00eame d\u00e9partement, dans un jardin partag\u00e9 bord\u00e9 par le tramway T8, que Josselyne se raccroche. Un peu plus t\u00f4t, sous un ciel gris, elle riait en faisant courir ses doigts sur un bouquet de basilic. <i>\u00ab<small class=\"fine d-inline\">\u00a0<\/small>\u00c7a, c\u2019est l\u2019odeur de l\u2019Italie<small class=\"fine d-inline\">\u00a0<\/small>!<small class=\"fine d-inline\">\u00a0<\/small>\u00bb<\/i> s\u2019exclamait-elle apr\u00e8s avoir pris une grande inspiration. Avant de livrer, enjou\u00e9e, les secrets de sa recette de pesto.<\/p>\n<div class=\"spip_document_89460 spip_document spip_documents spip_document_image spip_documents_center spip_document_center spip_document_avec_legende\" data-legende-len=\"105\" data-legende-lenx=\"xx\">\n<figure class=\"spip_doc_inner\">\n      <picture><source type=\"image\/webp\" srcset=\"https:\/\/reporterre.net\/local\/cache-vignettes\/L1050xH700\/120325_nmn_4594_jardins_villetaneuse_5anscovid__c_nnoman-34a4e.jpg@.webp?1742208579\"><img decoding=\"async\" src=\"https:\/\/reporterre.net\/IMG\/jpg\/120325_nmn_4594_jardins_villetaneuse_5anscovid__c_nnoman.jpg\" width=\"1200\" height=\"800\" loading=\"lazy\" alt=\"\"\/><br \/>\n    <\/source><\/picture><figcaption class=\"spip_doc_legende\">\n<p>Josselyne fait pousser du basilic dans le jardin partag\u00e9 de Villetaneuse.<br \/>\n<i>\u00a9 NnoMan Cadoret \/ Reporterre<\/i><\/p>\n<\/figcaption><\/figure>\n<\/p><\/div>\n<p>Remuer les souvenirs de la pand\u00e9mie, en Seine-Saint-Denis, c\u2019est souffler sur une plaie \u00e0 vif. Ici, le Covid n\u2019a pas \u00e9t\u00e9 une simple parenth\u00e8se, mais une d\u00e9flagration. Un r\u00e9v\u00e9lateur brutal <a target=\"_blank\" href=\"https:\/\/reporterre.net\/La-catastrophe-du-confinement-pour-les-mal-loges\" class=\"spip_in\">d\u2019injustices anciennes<\/a>. C\u2019est peu dire que le virus a durement frapp\u00e9 celles et ceux qui gravitent autour de ce potager rebelle, anim\u00e9 par le collectif du Ver galant et l\u2019association L\u2019Autre champ. Une rare parcelle de terre arrach\u00e9e au b\u00e9ton, o\u00f9 l\u2019on respire et cultive la dignit\u00e9, offrant \u00e0 des familles un acc\u00e8s local \u00e0 une alimentation bio, go\u00fbteuse et tr\u00e8s bon march\u00e9.<\/p>\n<h2 class=\"spip\">\u00ab<small class=\"fine d-inline\">\u00a0<\/small>Pas d\u2019augmentation, pas de moyens. Juste l\u2019oubli<small class=\"fine d-inline\">\u00a0<\/small>\u00bb<\/h2>\n<p>Au printemps 2020, le d\u00e9partement affichait <a target=\"_blank\" href=\"https:\/\/www.lemonde.fr\/societe\/article\/2020\/05\/17\/coronavirus-une-surmortalite-tres-elevee-en-seine-saint-denis_6039910_3224.html\" class=\"spip_out\" rel=\"external\">une surmortalit\u00e9 de plus de 130<small class=\"fine d-inline\">\u00a0<\/small>%<\/a> en raison du Covid-19. Les morgues d\u00e9bordaient, le virus affaiblissant particuli\u00e8rement les personnes atteintes de diab\u00e8te ou d\u2019une maladie respiratoire chronique. Premiers de corv\u00e9e, les caissiers, livreurs et soignants \u00e9taient surexpos\u00e9s. Les <i>\u00ab<small class=\"fine d-inline\">\u00a0<\/small>clusters familiaux<small class=\"fine d-inline\">\u00a0<\/small>\u00bb<\/i> explosaient dans les logements trop petits et surpeupl\u00e9s. Le 93 cumulait tous les facteurs de risque\u00a0: pr\u00e9carit\u00e9, comorbidit\u00e9, d\u00e9sert m\u00e9dical.<\/p>\n<p>Josselyne venait de perdre son petit pavillon \u00e0 Villetaneuse quand Emmanuel Macron a annonc\u00e9 le premier confinement, le 17\u00a0mars 2020. En raison d\u2019un incendie dans sa cuisine, elle a d\u00fb d\u00e9m\u00e9nager \u00e0 la h\u00e2te. Cette retrait\u00e9e de la restauration collective s\u2019est retrouv\u00e9e, du jour au lendemain, confin\u00e9e avec ses petits-enfants. Ces semaines ont \u00e9t\u00e9 longues.<\/p>\n<p>Lors des courses \u00e0 Lidl, son caddie restait d\u00e9sesp\u00e9r\u00e9ment vide. <i>\u00ab<small class=\"fine d-inline\">\u00a0<\/small>Pour 50\u00a0euros, tu repartais avec trois fois rien [le prix de certains produits ayant augment\u00e9 durant cette p\u00e9riode].<small class=\"fine d-inline\">\u00a0<\/small>\u00bb<\/i> \u00c0 la maison, il fallait occuper les enfants qui tournaient en rond. L\u2019\u00e9cole en visio, les journ\u00e9es scotch\u00e9es \u00e0 la t\u00e9l\u00e9vision. <i>\u00ab<small class=\"fine d-inline\">\u00a0<\/small>C\u2019\u00e9tait pas marrant<small class=\"fine d-inline\">\u00a0<\/small>\u00bb<\/i>. Et puis, il y avait les tensions entre les adultes. <i>\u00ab<small class=\"fine d-inline\">\u00a0<\/small>On n\u2019est pas faits pour rester enferm\u00e9s [\u00e0 six] avec les m\u00eames personnes, dans de petits espaces.<small class=\"fine d-inline\">\u00a0<\/small>\u00bb<\/i> Elle pose le doigt sur sa tempe. <i>\u00ab<small class=\"fine d-inline\">\u00a0<\/small>C\u2019est ici que \u00e7a tape le plus fort.<small class=\"fine d-inline\">\u00a0<\/small>\u00bb<\/i><\/p>\n<div class=\"spip_document_89463 spip_document spip_documents spip_document_image spip_documents_center spip_document_center spip_document_avec_legende\" data-legende-len=\"116\" data-legende-lenx=\"xx\">\n<figure class=\"spip_doc_inner\">\n      <picture><source type=\"image\/webp\" srcset=\"https:\/\/reporterre.net\/local\/cache-vignettes\/L1050xH700\/120325_nmn_4619_jardins_villetaneuse_5anscovid__c_nnoman-32960.jpg@.webp?1742208579\"><img decoding=\"async\" src=\"https:\/\/reporterre.net\/IMG\/jpg\/120325_nmn_4619_jardins_villetaneuse_5anscovid__c_nnoman.jpg\" width=\"1200\" height=\"800\" loading=\"lazy\" alt=\"\"\/><br \/>\n    <\/source><\/picture><figcaption class=\"spip_doc_legende\">\n<p>Le jardin partag\u00e9 de Villetaneuse a permis aux habitants du coin de respirer un peu.<br \/>\n<i>\u00a9 NnoMan Cadoret \/ Reporterre<\/i><\/p>\n<\/figcaption><\/figure>\n<\/p><\/div>\n<p>Aziza, elle, n\u2019a jamais \u00e9t\u00e9 confin\u00e9e. Aide-soignante, elle se souvient du vertige des premiers jours. <i>\u00ab<small class=\"fine d-inline\">\u00a0<\/small>On allait bosser sans masque, sans rien. On nous disait\u00a0: \u201cD\u00e9brouillez-vous\u201d.<small class=\"fine d-inline\">\u00a0<\/small>\u00bb<\/i> Elle rentrait chez elle la peur au ventre, se changeait sur le palier, filait sous la douche. Son mari a une pathologie cardiaque, son fils est asthmatique. Autour d\u2019elle, des coll\u00e8gues ont craqu\u00e9. Trop de fatigue, trop peu de reconnaissance. <i>\u00ab<small class=\"fine d-inline\">\u00a0<\/small>\u00c0 20 heures, les gens applaudissaient aux fen\u00eatres. \u00c7a a dur\u00e9 un temps. Puis plus rien. Pas d\u2019augmentation, pas de moyens. Juste l\u2019oubli.<small class=\"fine d-inline\">\u00a0<\/small>\u00bb<\/i><\/p>\n<p>Atteint d\u2019un cancer, son beau-p\u00e8re est d\u00e9c\u00e9d\u00e9 des suites du Covid. Sans pouvoir exaucer son dernier v\u0153u\u00a0: \u00eatre enterr\u00e9 en Kabylie, au nord de l\u2019Alg\u00e9rie, o\u00f9 il est n\u00e9. Les fronti\u00e8res \u00e9taient ferm\u00e9es, pour les vivants comme pour les morts. <i>\u00ab<small class=\"fine d-inline\">\u00a0<\/small>Ma belle-m\u00e8re, elle, \u00e9tait bloqu\u00e9e l\u00e0-bas. Elle n\u2019a m\u00eame pas pu enterrer son propre mari.<small class=\"fine d-inline\">\u00a0<\/small>\u00bb<\/i> Des milliers de familles ont v\u00e9cu ce deuil emp\u00each\u00e9.<\/p>\n<blockquote class=\"spip\">\n<p>\u00ab<small class=\"fine d-inline\">\u00a0<\/small>Les jeunes \u00e9taient coinc\u00e9s chez eux \u00e0 huit ou neuf. Comment respirer<small class=\"fine d-inline\">\u00a0<\/small>?<small class=\"fine d-inline\">\u00a0<\/small>\u00bb<\/p>\n<\/blockquote>\n<p>Pendant que le virus fauchait les plus fragiles, la r\u00e9pression s\u2019abattait sur les quartiers. Samuel Lehoux, coordinateur de l\u2019association L\u2019Autre champ, se souvient des descentes de police dans sa tour de quinze \u00e9tages. <i>\u00ab<small class=\"fine d-inline\">\u00a0<\/small>C\u2019\u00e9tait la chasse aux gamins. Ils couraient dans les escaliers, les flics leur tombaient dessus. \u00c0 chaque \u00e9tage, on frappait aux portes\u00a0: \u201cOuvrez<small class=\"fine d-inline\">\u00a0<\/small>! Ils sont o\u00f9<small class=\"fine d-inline\">\u00a0<\/small>?\u201d<small class=\"fine d-inline\">\u00a0<\/small>\u00bb<\/i> Il secoue la t\u00eate.<\/p>\n<p><i>\u00ab<small class=\"fine d-inline\">\u00a0<\/small>C\u2019\u00e9tait pareil chez moi<\/i>, intervient Josselyne, choqu\u00e9e par l\u2019usage imm\u00e9diat du tutoiement par la police. <i>Vous savez, ce sont les m\u00eames jeunes qui m\u2019aidaient \u00e0 monter les courses chaque fois qu\u2019ils me voyaient rentrer.<small class=\"fine d-inline\">\u00a0<\/small>\u00bb<\/i><\/p>\n<div class=\"spip_document_89465 spip_document spip_documents spip_document_image spip_documents_center spip_document_center spip_document_avec_legende\" data-legende-len=\"177\" data-legende-lenx=\"xxx\">\n<figure class=\"spip_doc_inner\">\n      <picture><source type=\"image\/webp\" srcset=\"https:\/\/reporterre.net\/local\/cache-vignettes\/L1050xH700\/120325_nmn_4651_jardins_villetaneuse_5anscovid__c_nnoman-85784.jpg@.webp?1742208579\"><img decoding=\"async\" src=\"https:\/\/reporterre.net\/IMG\/jpg\/120325_nmn_4651_jardins_villetaneuse_5anscovid__c_nnoman.jpg\" width=\"1200\" height=\"800\" loading=\"lazy\" alt=\"\"\/><br \/>\n    <\/source><\/picture><figcaption class=\"spip_doc_legende\">\n<p>\u00ab<small class=\"fine d-inline\">\u00a0<\/small><small class=\"fine d-inline\">\u00a0<\/small>Nous, ce qu\u2019on a surtout entendu, ce sont les sir\u00e8nes de la police<small class=\"fine d-inline\">\u00a0<\/small><small class=\"fine d-inline\">\u00a0<\/small>\u00bb, sourit, amer, Samuel Lehoux, coordinateur de l\u2019association L\u2019Autre champ.<br \/>\n<i>\u00a9 NnoMan Cadoret \/ Reporterre<\/i><\/p>\n<\/figcaption><\/figure>\n<\/p><\/div>\n<p>Les chiffres confirment cette stigmatisation\u00a0: en Seine-Saint-Denis, les habitants <a target=\"_blank\" href=\"https:\/\/www.liberation.fr\/france\/2020\/04\/26\/confinement-en-seine-saint-denis-un-taux-de-verbalisation-trois-fois-plus-important-qu-ailleurs_1786462\/\" class=\"spip_out\" rel=\"external\">ont \u00e9t\u00e9 plus contr\u00f4l\u00e9s et verbalis\u00e9s qu\u2019ailleurs<\/a>. <i>\u00ab<small class=\"fine d-inline\">\u00a0<\/small>Les jeunes \u00e9taient coinc\u00e9s chez eux \u00e0 huit\u00a0ou\u00a0neuf. Comment respirer<small class=\"fine d-inline\">\u00a0<\/small>? Mais dehors, c\u2019\u00e9tait l\u2019amende assur\u00e9e.<small class=\"fine d-inline\">\u00a0<\/small>\u00bb<\/i> Samuel sourit, amer. <i>\u00ab<small class=\"fine d-inline\">\u00a0<\/small>Pendant la pand\u00e9mie, certains <a target=\"_blank\" href=\"https:\/\/reporterre.net\/Le-confinement-a-permis-le-retour-du-silence-et-du-plaisir-d-ecouter\" class=\"spip_in\">red\u00e9couvraient le chant des oiseaux<\/a>. Nous, ce qu\u2019on a surtout entendu, ce sont les sir\u00e8nes de la police.<small class=\"fine d-inline\">\u00a0<\/small>\u00bb<\/i><\/p>\n<h2 class=\"spip\">Oasis verte<\/h2>\n<p>Dans ce marasme, un \u00eelot de r\u00e9sistance\u00a0: le jardin partag\u00e9 de Villetaneuse. Samuel s\u2019y rendait chaque jour. <i>\u00ab<small class=\"fine d-inline\">\u00a0<\/small>On faisait les semis sur le temps autoris\u00e9 par nos attestations.<small class=\"fine d-inline\">\u00a0<\/small>\u00bb<\/i> Quand la mairie leur a interdit d\u2019ouvrir pour distribuer des graines aux voisins, ils ont improvis\u00e9 un <i>click and collect<\/i> sur leurs r\u00e9seaux.<\/p>\n<p><i>\u00ab<small class=\"fine d-inline\">\u00a0<\/small>Les gens se ruaient sur nos plants de tomates, de basilic. Ils voulaient apprendre \u00e0 faire pousser leurs l\u00e9gumes dans leur jardin ou sur leur balcon.<small class=\"fine d-inline\">\u00a0<\/small>\u00bb<\/i> Il a \u00e9t\u00e9 confort\u00e9 dans l\u2019id\u00e9e que <i>\u00ab<small class=\"fine d-inline\">\u00a0<\/small>l\u2019autonomie alimentaire est une arme importante. Quand les prix montent et que tout le monde gal\u00e8re, savoir faire pousser ses l\u00e9gumes devient un acte de r\u00e9sistance<small class=\"fine d-inline\">\u00a0<\/small>\u00bb<\/i>.<\/p>\n<p>Depuis lors, ce jardin est une bou\u00e9e de secours. Les distributions alimentaires ont pris une ampleur in\u00e9dite. <i>\u00ab<small class=\"fine d-inline\">\u00a0<\/small>On r\u00e9cup\u00e8re des invendus \u00e0 Rungis [au grand march\u00e9 alimentaire], on les redistribue<small class=\"fine d-inline\">\u00a0<\/small>\u00bb<\/i>, raconte Fadma, b\u00e9n\u00e9vole depuis 2017. Toutes les semaines, des cagettes remplies de l\u00e9gumes divers sont distribu\u00e9es \u00e0 2\u00a0euros.<\/p>\n<div class=\"spip_document_89466 spip_document spip_documents spip_document_image spip_documents_center spip_document_center spip_document_avec_legende\" data-legende-len=\"85\" data-legende-lenx=\"xx\">\n<figure class=\"spip_doc_inner\">\n      <picture><source type=\"image\/webp\" srcset=\"https:\/\/reporterre.net\/local\/cache-vignettes\/L1050xH700\/120325_nnom1146_jardins_villetaneuse_5anscovid__c_nnoman-763e8.jpg@.webp?1742208702\"><img decoding=\"async\" src=\"https:\/\/reporterre.net\/IMG\/jpg\/120325_nnom1146_jardins_villetaneuse_5anscovid__c_nnoman.jpg\" width=\"1200\" height=\"800\" loading=\"lazy\" alt=\"\"\/><br \/>\n    <\/source><\/picture><figcaption class=\"spip_doc_legende\">\n<p>Distribution de cagettes alimentaires dans le jardin.<br \/>\n<i>\u00a9 NnoMan Cadoret \/ Reporterre<\/i><\/p>\n<\/figcaption><\/figure>\n<\/p><\/div>\n<p><i>\u00ab<small class=\"fine d-inline\">\u00a0<\/small>Ici, on manque de beaucoup de choses, mais on a au moins \u00e7a, un certain sens de la solidarit\u00e9.<small class=\"fine d-inline\">\u00a0<\/small>\u00bb<\/i> Elle se souvient d\u2019un homme malade, clo\u00eetr\u00e9 chez lui, incapable d\u2019aller \u00e0 la pharmacie pendant le confinement. <i>\u00ab<small class=\"fine d-inline\">\u00a0<\/small>Je l\u2019ai appris par nos r\u00e9seaux et j\u2019ai fait une course express pour lui. Un sac de Doliprane, du gel hydroalcoolique, des mouchoirs. Je l\u2019ai laiss\u00e9 sur son palier. Il m\u2019a dit\u00a0: \u201cTu m\u2019as sauv\u00e9 la vie\u201d. J\u2019ai r\u00e9pondu\u00a0: \u201cNon, c\u2019est Dieu qui t\u2019a sauv\u00e9. Moi, j\u2019ai juste apport\u00e9 des m\u00e9dicaments\u201d.<small class=\"fine d-inline\">\u00a0<\/small>\u00bb<\/i><\/p>\n<p>Josselyne, elle, en raison de l\u2019incendie et de son relogement, \u00e9tait trop loin du jardin. La terre lui a manqu\u00e9 pendant le confinement. Aujourd\u2019hui, elle y met les mains toutes les semaines et, parfois, les souvenirs de sa terre natale affluent. Sainte-Luce, en Martinique. Les bacs suspendus que son p\u00e8re et sa m\u00e8re installaient pour \u00e9viter les sols contamin\u00e9s au chlord\u00e9cone. <i>\u00ab<small class=\"fine d-inline\">\u00a0<\/small>Avec mon fr\u00e8re, on plantait nos salades, nos oignons\u2026<small class=\"fine d-inline\">\u00a0<\/small>\u00bb<\/i><\/p>\n<div class=\"spip_document_89464 spip_document spip_documents spip_document_image spip_documents_center spip_document_center spip_document_avec_legende\" data-legende-len=\"107\" data-legende-lenx=\"xx\">\n<figure class=\"spip_doc_inner\">\n      <picture><source type=\"image\/webp\" srcset=\"https:\/\/reporterre.net\/local\/cache-vignettes\/L1050xH700\/120325_nmn_4641_jardins_villetaneuse_5anscovid__c_nnoman-2cedb.jpg@.webp?1742208638\"><img decoding=\"async\" src=\"https:\/\/reporterre.net\/IMG\/jpg\/120325_nmn_4641_jardins_villetaneuse_5anscovid__c_nnoman.jpg\" width=\"1200\" height=\"800\" loading=\"lazy\" alt=\"\"\/><br \/>\n    <\/source><\/picture><figcaption class=\"spip_doc_legende\">\n<p>Pour de nombreux habitants, \u00ab<small class=\"fine d-inline\">\u00a0<\/small><small class=\"fine d-inline\">\u00a0<\/small>rien n\u2019a \u00e9t\u00e9 r\u00e9solu<small class=\"fine d-inline\">\u00a0<\/small><small class=\"fine d-inline\">\u00a0<\/small>\u00bb apr\u00e8s les confinements.<br \/>\n<i>\u00a9 NnoMan Cadoret \/ Reporterre<\/i><\/p>\n<\/figcaption><\/figure>\n<\/p><\/div>\n<h2 class=\"spip\">\u00ab<small class=\"fine d-inline\">\u00a0<\/small>L\u2019\u00c9tat nous utilise, puis dispara\u00eet<small class=\"fine d-inline\">\u00a0<\/small>\u00bb<\/h2>\n<p>Une fois le choc du confinement pass\u00e9, les files d\u2019attente devant les supermarch\u00e9s et les attestations griffonn\u00e9es \u00e0 la va-vite ont laiss\u00e9 place \u00e0 un retour \u00e0 la normale. Mais en pire.<\/p>\n<p><i>\u00ab<small class=\"fine d-inline\">\u00a0<\/small>Les prix montent, les loyers aussi, on ne trouve pas de m\u00e9decins<small class=\"fine d-inline\">\u00a0<\/small>\u00bb<\/i>, \u00e9gr\u00e8ne Josselyne. Samuel acquiesce\u00a0: <i>\u00ab<small class=\"fine d-inline\">\u00a0<\/small>Rien n\u2019a \u00e9t\u00e9 r\u00e9solu\u00a0: ni l\u2019acc\u00e8s aux soins dans les services publics en berne, ni la pr\u00e9carit\u00e9 qui s\u2019est aggrav\u00e9e, ni la hausse des prix qui a suivi, ni les terres qui sont encore englouties par le b\u00e9ton des am\u00e9nageurs, notamment avec les Jeux olympiques de 2024.<small class=\"fine d-inline\">\u00a0<\/small>\u00bb<\/i><\/p>\n<p>Aziza, Samuel, Fadma\u2026 Tous se souviennent pourtant des promesses d\u2019une soci\u00e9t\u00e9 plus solidaire, plus juste, qui ne laisserait plus les premiers de corv\u00e9e dans l\u2019ombre. <i>\u00ab<small class=\"fine d-inline\">\u00a0<\/small>Vous y avez cru, vous<small class=\"fine d-inline\">\u00a0<\/small>?<small class=\"fine d-inline\">\u00a0<\/small>\u00bb<\/i> demande Fadma, qui ne se faisait pas d\u2019illusion. <i>\u00ab<small class=\"fine d-inline\">\u00a0<\/small>Castex, V\u00e9ran\u2026 Ils sont venus une fois faire de la com\u2019 \u00e0 Villetaneuse [Jean Castex \u00e9tait alors Premier ministre et Olivier V\u00e9ran ministre de la Sant\u00e9]<\/i>, se souvient Samuel. <i>Apr\u00e8s, plus rien. L\u2019\u00c9tat nous utilise quand il en a besoin, puis dispara\u00eet.<small class=\"fine d-inline\">\u00a0<\/small>\u00bb<\/i><\/p>\n<p>Une petite fille arrose une plante \u2014 et surtout le sol \u2014 avec un arrosoir perc\u00e9. Le soleil pointe enfin le bout de son nez. <i>\u00ab<small class=\"fine d-inline\">\u00a0<\/small>Ici en tout cas, on continue. On plante, on partage, on r\u00e9siste<small class=\"fine d-inline\">\u00a0<\/small>\u00bb<\/i>, dit Samuel en effleurant du bout des doigts les fleurs d\u2019un prunus florissant. <i>\u00ab<small class=\"fine d-inline\">\u00a0<\/small>C\u2019est \u00e0 partir de lieux comme \u00e7a qu\u2019on retrouve foi en la solidarit\u00e9, pas gr\u00e2ce aux gens qui nous gouvernent<small class=\"fine d-inline\">\u00a0<\/small>\u00bb<\/i>, dit Josselyne. Cette ann\u00e9e, elle retournera en Martinique, enfin. Dire adieu \u00e0 son fr\u00e8re.<\/p>\n<p><center><br \/>\n  <\/p>\n<p><\/center><\/p>\n<aside class=\"boite_encarts\">\n<div class=\"encart encart_gris noprint\">\n<p><strong>Puisque vous \u00eates l\u00e0&#8230;<\/strong><\/p>\n<p>&#8230; nous avons un petit service \u00e0 vous demander.<br class=\"autobr\"\/><br \/>\nEntre la pr\u00e9sence d\u2019un climatosceptique \u00e0 la t\u00eate de la premi\u00e8re puissance mondiale, un gouvernement fran\u00e7ais qui flirte avec l\u2019extr\u00eame-droite, et les catastrophes climatiques qui s\u2019enchainent&#8230; Faire vivre l\u2019\u00e9cologie dans le d\u00e9bat public est un enjeu crucial.<\/p>\n<p>Personne ne modifie ce que nous publions. Nous n\u2019avons ni actionnaire, ni propri\u00e9taire milliardaire \u2014 seulement une \u00e9quipe d\u2019irr\u00e9ductibles journalistes, pleine de d\u00e9termination.<\/p>\n<p>Nous avons la conviction que l\u2019urgence \u00e9cologique est l\u2019enjeu majeur de notre \u00e9poque. Et comme plus de 2 millions de lectrices et lecteurs chaque mois, vous partagez sans doute cette conviction&#8230;<\/p>\n<p><strong>Depuis 12 ans, nous publions des articles de qualit\u00e9 sur l\u2019\u00e9cologie, en acc\u00e8s libre et sans publicit\u00e9, pour tous.<\/strong><br class=\"autobr\"\/><br \/>\nMais ce travail demande beaucoup de temps et de ressources.<\/p>\n<p>Alors, si vous en avez les moyens, sachez qu\u2019un don, m\u00eame d\u20191\u20ac, est un acte de soutien fort pour l\u2019\u00e9cologie et le journalisme ind\u00e9pendant.<br class=\"autobr\"\/><br \/>\n(Et \u00e7a vous prendra moins de temps que la lecture de ce texte).<\/p>\n<p><strong>Si vous le pouvez, choisissez un soutien mensuel. Merci.<\/strong><\/p>\n<p><a target=\"_blank\" href=\"https:\/\/reporterre.net\/dons\" class=\"bt_soutenir\">Je soutiens <i>Reporterre<\/i><\/a><\/p>\n<\/p><\/div>\n<div class=\"encart encart_vert noprint montre_1023\">\n<div class=\"infolettre-form-container noprint\">\n<p>Abonnez-vous \u00e0 la lettre d\u2019info de Reporterre<\/p>\n<\/div><\/div>\n<\/aside>\n<aside class=\"boite_apresarticle encart_note\">\n<h4>Apr\u00e8s cet article<\/h4>\n<p>      <a target=\"_blank\" href=\"https:\/\/reporterre.net\/La-catastrophe-du-confinement-pour-les-mal-loges\" class=\"lien_article\">\n      <picture class=\"vignette_gauche\"><source type=\"image\/webp\" srcset=\"https:\/\/reporterre.net\/local\/cache-vignettes\/L450xH281\/arton20067-edc0e.jpg@.webp?1737376425\"><img decoding=\"async\" src=\"https:\/\/reporterre.net\/local\/cache-vignettes\/L450xH281\/arton20067-edc0e.jpg?1737376425\" width=\"450\" height=\"281\" alt=\"\" class=\"marge12\" loading=\"lazy\"\/><br \/>\n<\/source><\/picture>\n<p class=\"libelle\">\n<p>          Enqu\u00eate \u2014<\/p>\n<p>      Habitat et urbanisme\n    <\/p>\n<p class=\"titre pol20\">La \u00ab<small class=\"fine d-inline\">\u00a0<\/small>catastrophe<small class=\"fine d-inline\">\u00a0<\/small>\u00bb du confinement pour les mal-log\u00e9s<\/p>\n<p>      <\/a><br \/>\n    <\/aside>\n<aside class=\"boite_complement texte\">\n<p>      <!-- zone_forum --><br \/>\n          <\/aside>\n<aside class=\"boite_lireaussi noprint\">\n<\/aside>\n<aside class=\"colonne\">\n<div class=\"article_info cache_1023 noprint\">\n<p>    <span class=\"date\">17 mars 2025  \u00e0 16h25<\/span><\/p>\n<p>    <span class=\"date_modif\">Mis \u00e0 jour le 17 mars 2025 \u00e0 20h21<\/span>      <\/p>\n<p class=\"duree_lecture\">\n        Dur\u00e9e de lecture : 8 minutes\n      <\/p>\n<\/p><\/div>\n<div class=\"bloc_infolettre\">\n<div class=\"infolettre-form-container noprint\">\n<p>Abonnez-vous \u00e0 la lettre d\u2019info de Reporterre<\/p>\n<\/div><\/div>\n<\/aside><\/div>\n<p><br \/>\n<br \/><a href=\"https:\/\/reporterre.net\/Covid-et-confinements-5-ans-apres-l-oubli-des-quartiers-populaires\" target=\"_blank\"\">Source link <\/a><\/p>\n","protected":false},"excerpt":{"rendered":"<p>Villetaneuse (Seine-Saint-Denis), reportage \u00ab\u00a0Le Covid m\u2019a enlev\u00e9 mon fr\u00e8re jumeau, et la possibilit\u00e9 de faire mon deuil.\u00a0\u00bb La voix de Josselyne tremble, ses yeux s\u2019embuent. Elle s\u2019accorde quelques secondes de&hellip; <\/p>\n","protected":false},"author":1,"featured_media":4639,"comment_status":"open","ping_status":"open","sticky":false,"template":"","format":"standard","meta":{"footnotes":""},"categories":[1],"tags":[],"class_list":["post-4638","post","type-post","status-publish","format-standard","has-post-thumbnail","hentry","category-non-classe"],"_links":{"self":[{"href":"https:\/\/monde25.info\/index.php\/wp-json\/wp\/v2\/posts\/4638","targetHints":{"allow":["GET"]}}],"collection":[{"href":"https:\/\/monde25.info\/index.php\/wp-json\/wp\/v2\/posts"}],"about":[{"href":"https:\/\/monde25.info\/index.php\/wp-json\/wp\/v2\/types\/post"}],"author":[{"embeddable":true,"href":"https:\/\/monde25.info\/index.php\/wp-json\/wp\/v2\/users\/1"}],"replies":[{"embeddable":true,"href":"https:\/\/monde25.info\/index.php\/wp-json\/wp\/v2\/comments?post=4638"}],"version-history":[{"count":0,"href":"https:\/\/monde25.info\/index.php\/wp-json\/wp\/v2\/posts\/4638\/revisions"}],"wp:featuredmedia":[{"embeddable":true,"href":"https:\/\/monde25.info\/index.php\/wp-json\/wp\/v2\/media\/4639"}],"wp:attachment":[{"href":"https:\/\/monde25.info\/index.php\/wp-json\/wp\/v2\/media?parent=4638"}],"wp:term":[{"taxonomy":"category","embeddable":true,"href":"https:\/\/monde25.info\/index.php\/wp-json\/wp\/v2\/categories?post=4638"},{"taxonomy":"post_tag","embeddable":true,"href":"https:\/\/monde25.info\/index.php\/wp-json\/wp\/v2\/tags?post=4638"}],"curies":[{"name":"wp","href":"https:\/\/api.w.org\/{rel}","templated":true}]}}