{"id":4642,"date":"2025-03-18T01:03:50","date_gmt":"2025-03-18T00:03:50","guid":{"rendered":"https:\/\/monde25.info\/index.php\/2025\/03\/18\/roumanie-george-simion-en-tete-des-sondages-appelle-aux-observateurs-internationaux-pour-contrer-la-possibilite-dingerence-electorale\/"},"modified":"2025-03-18T01:03:50","modified_gmt":"2025-03-18T00:03:50","slug":"roumanie-george-simion-en-tete-des-sondages-appelle-aux-observateurs-internationaux-pour-contrer-la-possibilite-dingerence-electorale","status":"publish","type":"post","link":"https:\/\/monde25.info\/index.php\/2025\/03\/18\/roumanie-george-simion-en-tete-des-sondages-appelle-aux-observateurs-internationaux-pour-contrer-la-possibilite-dingerence-electorale\/","title":{"rendered":"Roumanie : George Simion en t\u00eate des sondages appelle aux observateurs internationaux pour contrer la possibilit\u00e9 d&rsquo;ing\u00e9rence \u00e9lectorale"},"content":{"rendered":"<p> <br \/>\n<\/p>\n<div>\n<p><span class=\"css-1jxf684 r-bcqeeo r-1ttztb7 r-qvutc0 r-poiln3 r-a8ghvy\">Bucarest, le 17 mars 2025 \u2013 \u00c0 l\u2019approche des \u00e9lections pr\u00e9sidentielles roumaines pr\u00e9vues pour les 4 et 18 mai 2025, le paysage politique est en pleine effervescence. Apr\u00e8s une p\u00e9riode de crise marqu\u00e9e par l\u2019annulation du premier tour en novembre 2024 et l\u2019exclusion controvers\u00e9e de C\u0103lin Georgescu, favori des sondages soup\u00e7onn\u00e9 d\u2019ing\u00e9rence russe, George Simion, leader de l\u2019Alliance pour l\u2019unit\u00e9 des Roumains (AUR), \u00e9merge comme une figure centrale de cette course \u00e9lectorale. Dans un communiqu\u00e9 publi\u00e9 ce lundi, son \u00e9quipe annonce <strong>qu\u2019il domine les sondages et appelle \u00e0 une surveillance internationale <\/strong>pour garantir l\u2019int\u00e9grit\u00e9 du scrutin, alors que les craintes de manipulation \u00e9lectorale grandissent.<\/span><\/p>\n<p>\u00a0<\/p>\n<h5><span class=\"css-1jxf684 r-bcqeeo r-1ttztb7 r-qvutc0 r-poiln3 r-a8ghvy\">Les candidats en lice<\/span><\/h5>\n<div class=\"css-146c3p1 r-bcqeeo r-1ttztb7 r-qvutc0 r-37j5jr r-a023e6 r-16dba41 r-1adg3ll r-1b5gpbm r-a8ghvy\" dir=\"ltr\"><a target=\"_blank\" href=\"https:\/\/www.francesoir.fr\/politique-monde\/george-simion-le-flambeau-du-souverainisme-roumain-candidat-la-presidentielle-une\" target=\"_blank\"><span class=\"css-1jxf684 r-bcqeeo r-1ttztb7 r-qvutc0 r-poiln3 r-a8ghvy\">George Simion<\/span><\/a><span class=\"css-1jxf684 r-bcqeeo r-1ttztb7 r-qvutc0 r-poiln3 r-a8ghvy\">, 38 ans, s\u2019est impos\u00e9 comme le porte-drapeau du mouvement souverainiste apr\u00e8s l\u2019\u00e9viction de C\u0103lin Georgescu. Ancien candidat en novembre 2024, o\u00f9 il avait obtenu pr\u00e8s de 14 % des voix avant de se rallier \u00e0 Georgescu, Simion a repris le flambeau avec une mobilisation impressionnante : 600 000 signatures recueillies en moins de 48 heures pour valider sa candidature. Soutenu par une base militante active, il pr\u00f4ne une \u00ab <\/span><em><span class=\"css-1jxf684 r-bcqeeo r-1ttztb7 r-qvutc0 r-poiln3 r-a8ghvy\">Roumanie patriote <\/span><\/em><span class=\"css-1jxf684 r-bcqeeo r-1ttztb7 r-qvutc0 r-poiln3 r-a8ghvy\">\u00bb, s\u2019opposant \u00e0 l\u2019aide militaire \u00e0 l\u2019Ukraine et d\u00e9fendant une Europe des nations souveraines.<\/span><\/div>\n<p><span class=\"css-1jxf684 r-bcqeeo r-1ttztb7 r-qvutc0 r-poiln3 r-a8ghvy\">Face \u00e0 lui, d\u2019autres figures politiques se disputent les suffrages. Crin Antonescu, repr\u00e9sentant la coalition proeurop\u00e9enne au pouvoir, et Nicu\u0219or Dan, maire ind\u00e9pendant de Bucarest, oscillent entre 15 et 20 % dans les intentions de vote, selon les derni\u00e8res estimations. Anamaria Gavrila, du Parti de la jeunesse (POT), \u00e9galement issue du camp nationaliste, s\u2019est alli\u00e9e \u00e0 Simion dans une strat\u00e9gie visant \u00e0 maximiser les chances de l\u2019extr\u00eame droite, bien qu\u2019elle ait promis de se retirer si leurs deux candidatures sont valid\u00e9es. Enfin, Diana \u0218o\u0219oac\u0103, candidate controvers\u00e9e,\u00a0estim\u00e9e prorusse, tente un retour apr\u00e8s avoir \u00e9t\u00e9 \u00e9cart\u00e9e par le pass\u00e9, mais ses chances restent incertaines.<\/span><\/p>\n<p>\u00a0<\/p>\n<h5><span class=\"css-1jxf684 r-bcqeeo r-1ttztb7 r-qvutc0 r-poiln3 r-a8ghvy\">Les sondages : Simion en t\u00eate<\/span><\/h5>\n<p><span class=\"css-1jxf684 r-bcqeeo r-1ttztb7 r-qvutc0 r-poiln3 r-a8ghvy\">Selon le dernier communiqu\u00e9 de l\u2019\u00e9quipe de Simion, il caracole en t\u00eate des sondages, port\u00e9 par un \u00e9lan populaire croissant. Bien que les chiffres exacts ne soient pas pr\u00e9cis\u00e9s dans le communiqu\u00e9, des enqu\u00eates r\u00e9centes, comme celle de l\u2019institut CURS en novembre 2024, le pla\u00e7aient d\u00e9j\u00e0 \u00e0 17 %, derri\u00e8re Marcel Ciolacu (28 %) mais au coude-\u00e0-coude avec Nicolae-Ionel Ciuc\u0103. Depuis l\u2019exclusion de Georgescu, cr\u00e9dit\u00e9 de 40 % avant son \u00e9viction, <strong>Simion semble avoir capt\u00e9 une large part de cet \u00e9lectorat <\/strong>souverainiste. Cette dynamique est renforc\u00e9e par son discours virulent contre un \u00ab<\/span><em><span class=\"css-1jxf684 r-bcqeeo r-1ttztb7 r-qvutc0 r-poiln3 r-a8ghvy\"> syst\u00e8me corrompu <\/span><\/em><span class=\"css-1jxf684 r-bcqeeo r-1ttztb7 r-qvutc0 r-poiln3 r-a8ghvy\">\u00bb et une \u00e9lite pro-europ\u00e9enne per\u00e7ue comme d\u00e9connect\u00e9e.<\/span><\/p>\n<p><span class=\"css-1jxf684 r-bcqeeo r-1ttztb7 r-qvutc0 r-poiln3 r-a8ghvy\">Cependant, les sondages en Roumanie restent sujets \u00e0 caution, comme l\u2019a montr\u00e9 l\u2019\u00e9cart entre les pr\u00e9visions et les r\u00e9sultats du premier tour annul\u00e9 en 2024. La polarisation entre souverainistes et pro-europ\u00e9ens complique encore davantage les pronostics.<\/span><\/p>\n<p>\u00a0<\/p>\n<p><img decoding=\"async\" data-entity-uuid=\"c43a0ddb-d3f7-4840-9028-5eeae0dcccba\" data-entity-type=\"file\" alt=\"George Simion 2025 - photo France-Soir\" width=\"441\" height=\"588\" loading=\"lazy\" class=\"lazyload\" src=\"https:\/\/www.francesoir.fr\/sites\/default\/files\/inline-images\/image_136.png\"\/><\/p>\n<p>\u00a0<\/p>\n<h5><span class=\"css-1jxf684 r-bcqeeo r-1ttztb7 r-qvutc0 r-poiln3 r-a8ghvy\">Les risques d\u2019ing\u00e9rence et de fraude \u00e9lectorale<\/span><\/h5>\n<p><span class=\"css-1jxf684 r-bcqeeo r-1ttztb7 r-qvutc0 r-poiln3 r-a8ghvy\">Le spectre de l\u2019ing\u00e9rence plane lourdement sur cette \u00e9lection. L\u2019exclusion de C\u0103lin Georgescu, accus\u00e9 sans preuves formelles d\u2019avoir b\u00e9n\u00e9fici\u00e9 d\u2019une campagne massive sur TikTok orchestr\u00e9e par des int\u00e9r\u00eats russes, a aliment\u00e9 les soup\u00e7ons et la d\u00e9fiance envers les institutions. George Simion, bien qu\u2019il rejette cat\u00e9goriquement toute accusation de liens avec la Russie, fait face \u00e0 des critiques similaires de la part de ses adversaires pro-europ\u00e9ens, qui le d\u00e9peignent comme une menace populiste.<\/span><\/p>\n<p><span class=\"css-1jxf684 r-bcqeeo r-1ttztb7 r-qvutc0 r-poiln3 r-a8ghvy\">Simion met en garde contre une probable tentative de fraude \u00e9lectorale de la part de l\u2019establishment politique. \u00ab <\/span><em><span class=\"css-1jxf684 r-bcqeeo r-1ttztb7 r-qvutc0 r-poiln3 r-a8ghvy\">Truquer cette \u00e9lection n\u2019est plus une simple possibilit\u00e9, c\u2019est une probabilit\u00e9 <\/span><\/em><span class=\"css-1jxf684 r-bcqeeo r-1ttztb7 r-qvutc0 r-poiln3 r-a8ghvy\">\u00bb, d\u00e9clare-t-il, pointant du doigt des institutions qu\u2019il juge pr\u00eates \u00e0 tout pour conserver le pouvoir. Il appelle \u00e0 l\u2019intervention imm\u00e9diate d\u2019observateurs internationaux neutres pour superviser le processus, du vote au d\u00e9pouillement, afin de garantir la transparence. \u00ab <\/span><em><span class=\"css-1jxf684 r-bcqeeo r-1ttztb7 r-qvutc0 r-poiln3 r-a8ghvy\">Les yeux du monde doivent \u00eatre tourn\u00e9s vers la Roumanie <\/span><\/em><span class=\"css-1jxf684 r-bcqeeo r-1ttztb7 r-qvutc0 r-poiln3 r-a8ghvy\">\u00bb, insiste-t-il, soulignant que la l\u00e9gitimit\u00e9 du scrutin est en jeu.<\/span><\/p>\n<p><span class=\"css-1jxf684 r-bcqeeo r-1ttztb7 r-qvutc0 r-poiln3 r-a8ghvy\">Cette demande fait \u00e9cho \u00e0 une mont\u00e9e de la m\u00e9fiance populaire envers les autorit\u00e9s, exacerb\u00e9e par la crise d\u00e9mocratique r\u00e9cente. L\u2019annulation du scrutin de novembre 2024 par la Cour constitutionnelle, sans justification claire, et l\u2019interdiction de Georgescu ont \u00e9t\u00e9 per\u00e7ues par beaucoup comme des man\u0153uvres politiques plut\u00f4t que des d\u00e9cisions juridiques impartiales. Des leaders conservateurs internationaux, comme Santiago Abascal (VOX) ou Mateusz Morawiecki (ECR), ont \u00e9galement exprim\u00e9 leur soutien \u00e0 Simion, alertant sur les risques pour la d\u00e9mocratie roumaine.<\/span><\/p>\n<p>\u00a0<\/p>\n<div class=\"css-146c3p1 r-bcqeeo r-1ttztb7 r-qvutc0 r-37j5jr r-a023e6 r-16dba41 r-1adg3ll r-1b5gpbm r-a8ghvy\" dir=\"ltr\">\n<div>\n<h5><span class=\"css-1jxf684 r-bcqeeo r-1ttztb7 r-qvutc0 r-poiln3 r-a8ghvy\">Le r\u00f4le des m\u00e9dias ind\u00e9pendants et des associations<\/span><\/h5>\n<p><span class=\"css-1jxf684 r-bcqeeo r-1ttztb7 r-qvutc0 r-poiln3 r-a8ghvy\">En compl\u00e9ment des observateurs internationaux, des m\u00e9dias ind\u00e9pendants et des associations pourraient jouer un r\u00f4le cl\u00e9 dans la surveillance de cette \u00e9lection. <\/span><span class=\"css-1jxf684 r-bcqeeo r-1ttztb7 r-qvutc0 r-poiln3 r-a8ghvy r-36ujnk\">Notamment ceux<\/span><span class=\"css-1jxf684 r-bcqeeo r-1ttztb7 r-qvutc0 r-poiln3 r-a8ghvy\">, connus pour leurs attachements aux faits en faisant des enqu\u00eates critiques questionnant les narratifs officiels. Ils \u00a0pourraient offrir une couverture alternative citoyenne, mettant en lumi\u00e8re d\u2019\u00e9ventuelles irr\u00e9gularit\u00e9s ou manipulations ignor\u00e9es par les m\u00e9dias mainstream. Des associations qui militent pour la transparence et la d\u00e9fense des libert\u00e9s individuelles pourraient mobiliser des observateurs citoyens pour documenter le scrutin sur le terrain. Ces acteurs pourraient r\u00e9pondre \u00e0 l\u2019appel de Simion pour une vigilance accrue, renfor\u00e7ant la pression sur les autorit\u00e9s pour un processus \u00e9lectoral irr\u00e9prochable.<\/span><\/p>\n<\/div>\n<\/div>\n<p>\u00a0<\/p>\n<h5><span class=\"css-1jxf684 r-bcqeeo r-1ttztb7 r-qvutc0 r-poiln3 r-a8ghvy\">Une \u00e9lection sous haute tension<\/span><\/h5>\n<p><span class=\"css-1jxf684 r-bcqeeo r-1ttztb7 r-qvutc0 r-poiln3 r-a8ghvy\">\u00c0 moins de deux mois du premier tour, la Roumanie se trouve \u00e0 un carrefour. George Simion, avec son discours anti-establishment et son appel \u00e0 une surveillance internationale, incarne pour ses partisans une chance de restaurer la souverainet\u00e9 nationale. Pour ses d\u00e9tracteurs, il repr\u00e9sente un danger pour l\u2019ancrage pro-europ\u00e9en et atlantiste du pays, membre de l\u2019UE et de l\u2019OTAN. Les enjeux sont d\u2019autant plus cruciaux que la Roumanie joue un r\u00f4le strat\u00e9gique cl\u00e9, bord\u00e9e par l\u2019Ukraine et la mer Noire.<\/span><\/p>\n<p><span class=\"css-1jxf684 r-bcqeeo r-1ttztb7 r-qvutc0 r-poiln3 r-a8ghvy\">\u00ab <\/span><em><span class=\"css-1jxf684 r-bcqeeo r-1ttztb7 r-qvutc0 r-poiln3 r-a8ghvy\">Ce n\u2019est pas seulement \u00e0 propos de moi, c\u2019est \u00e0 propos de l\u2019avenir de la Roumanie <\/span><\/em><span class=\"css-1jxf684 r-bcqeeo r-1ttztb7 r-qvutc0 r-poiln3 r-a8ghvy\">\u00bb, conclut Simion dans son communiqu\u00e9. Alors que les tensions montent et que la communaut\u00e9 internationale observe, une chose est certaine : cette \u00e9lection sera un test d\u00e9cisif pour la d\u00e9mocratie roumaine. <strong>Reste \u00e0 savoir si le peuple pourra r\u00e9ellement faire entendre sa voix, ou si les ombres de la manipulation viendront une fois encore obscurcir le processus.<\/strong><\/span><\/p>\n<p>\u00a0<\/p>\n<\/div>\n<p><script>(function(d, s, id) {  var js, fjs = d.getElementsByTagName(s)[0];  if (d.getElementById(id)) return;  js = d.createElement(s); js.id = id;  js.src = \"\/\/connect.facebook.net\/fr_FR\/sdk.js#xfbml=1&version=v2.3\";  fjs.parentNode.insertBefore(js, fjs);}(document, \"script\", \"facebook-jssdk\"));<\/script><br \/>\n<br \/><br \/>\n<br \/><a href=\"https:\/\/www.francesoir.fr\/politique-monde\/roumanie-george-simion-en-tete-des-sondages-appelle-aux-observateurs-internationaux\" target=\"_blank\"\">Source link <\/a><\/p>\n","protected":false},"excerpt":{"rendered":"<p>Bucarest, le 17 mars 2025 \u2013 \u00c0 l\u2019approche des \u00e9lections pr\u00e9sidentielles roumaines pr\u00e9vues pour les 4 et 18 mai 2025, le paysage politique est en pleine effervescence. Apr\u00e8s une p\u00e9riode&hellip; <\/p>\n","protected":false},"author":1,"featured_media":4643,"comment_status":"open","ping_status":"open","sticky":false,"template":"","format":"standard","meta":{"footnotes":""},"categories":[1],"tags":[],"class_list":["post-4642","post","type-post","status-publish","format-standard","has-post-thumbnail","hentry","category-non-classe"],"_links":{"self":[{"href":"https:\/\/monde25.info\/index.php\/wp-json\/wp\/v2\/posts\/4642","targetHints":{"allow":["GET"]}}],"collection":[{"href":"https:\/\/monde25.info\/index.php\/wp-json\/wp\/v2\/posts"}],"about":[{"href":"https:\/\/monde25.info\/index.php\/wp-json\/wp\/v2\/types\/post"}],"author":[{"embeddable":true,"href":"https:\/\/monde25.info\/index.php\/wp-json\/wp\/v2\/users\/1"}],"replies":[{"embeddable":true,"href":"https:\/\/monde25.info\/index.php\/wp-json\/wp\/v2\/comments?post=4642"}],"version-history":[{"count":0,"href":"https:\/\/monde25.info\/index.php\/wp-json\/wp\/v2\/posts\/4642\/revisions"}],"wp:featuredmedia":[{"embeddable":true,"href":"https:\/\/monde25.info\/index.php\/wp-json\/wp\/v2\/media\/4643"}],"wp:attachment":[{"href":"https:\/\/monde25.info\/index.php\/wp-json\/wp\/v2\/media?parent=4642"}],"wp:term":[{"taxonomy":"category","embeddable":true,"href":"https:\/\/monde25.info\/index.php\/wp-json\/wp\/v2\/categories?post=4642"},{"taxonomy":"post_tag","embeddable":true,"href":"https:\/\/monde25.info\/index.php\/wp-json\/wp\/v2\/tags?post=4642"}],"curies":[{"name":"wp","href":"https:\/\/api.w.org\/{rel}","templated":true}]}}