{"id":4646,"date":"2025-03-18T02:11:23","date_gmt":"2025-03-18T01:11:23","guid":{"rendered":"https:\/\/monde25.info\/index.php\/2025\/03\/18\/francois-bayrou-veut-miser-sur-une-forte-reserve-militaire-pour-renforcer-la-defense-rt-en-francais\/"},"modified":"2025-03-18T02:11:23","modified_gmt":"2025-03-18T01:11:23","slug":"francois-bayrou-veut-miser-sur-une-forte-reserve-militaire-pour-renforcer-la-defense-rt-en-francais","status":"publish","type":"post","link":"https:\/\/monde25.info\/index.php\/2025\/03\/18\/francois-bayrou-veut-miser-sur-une-forte-reserve-militaire-pour-renforcer-la-defense-rt-en-francais\/","title":{"rendered":"Fran\u00e7ois Bayrou veut miser sur une forte r\u00e9serve militaire pour renforcer la d\u00e9fense \u2014 RT en fran\u00e7ais"},"content":{"rendered":"<p> <br \/>\n<br \/><img decoding=\"async\" src=\"https:\/\/mf.b37mrtl.ru\/french\/images\/2025.03\/thumbnail\/67d8604887f3ec552b72b6f5.jpg\" \/><\/p>\n<div>\n<p class=\"text__summary\">\n                                        Le Premier ministre fran\u00e7ais a exprim\u00e9 son souhait de renforcer la r\u00e9serve militaire fran\u00e7aise. \u00c9cartant l&rsquo;id\u00e9e d&rsquo;un retour au service militaire obligatoire, il d\u00e9fend la n\u00e9cessit\u00e9 d\u2019une \u00abarm\u00e9e de r\u00e9serve\u00bb pour appuyer les forces professionnelles. Une proposition qui s\u2019inscrit dans la continuit\u00e9 des annonces de S\u00e9bastien Lecornu sur le sujet.\n                                    <\/p>\n<p>Ce 16 mars, Fran\u00e7ois Bayrou a annonc\u00e9 sur France Inter et Franceinfo qu&rsquo;il souhaitait renforcer la r\u00e9serve militaire en compl\u00e9ment de l&rsquo;arm\u00e9e de m\u00e9tier. \u00abIl faut que nous ajoutions sans doute \u00e0 cette arm\u00e9e professionnelle une arm\u00e9e de r\u00e9serve\u00bb, a-t-il d\u00e9clar\u00e9. Toutefois, il a soulign\u00e9 les contraintes budg\u00e9taires et logistiques que repr\u00e9senterait une telle mesure. Le Premier ministre n\u2019a pas avanc\u00e9 de chiffres pr\u00e9cis.<\/p>\n<p>L\u2019id\u00e9e d\u2019un renforcement des effectifs de la r\u00e9serve avait d\u00e9j\u00e0 \u00e9t\u00e9 \u00e9voqu\u00e9e par Emmanuel Macron fin janvier. Selon le chef de l\u2019\u00c9tat, le contexte international impose de mobiliser plus de jeunes volontaires. De son c\u00f4t\u00e9, le ministre des Arm\u00e9es S\u00e9bastien Lecornu a pr\u00e9cis\u00e9 sur France 2 le 13 mars que l\u2019objectif \u00e9tait d\u2019atteindre 100 000 r\u00e9servistes, soit un ratio d&rsquo;un r\u00e9serviste pour deux militaires d\u2019active.<\/p>\n<h2><strong>Qui compose la r\u00e9serve militaire ?<\/strong><\/h2>\n<p>La r\u00e9serve op\u00e9rationnelle est compos\u00e9e de volontaires \u00e2g\u00e9s de 17 \u00e0 72 ans, sous certaines conditions : casier judiciaire vierge, aptitude physique et m\u00e9dicale, et participation \u00e0 la Journ\u00e9e de d\u00e9fense et de citoyennet\u00e9, explique le site officiel service-public.fr. Ces r\u00e9servistes peuvent \u00eatre appel\u00e9s en renfort dans diverses missions : op\u00e9rations Sentinelle et Vigipirate, protection du territoire ou interventions \u00e0 l\u2019\u00e9tranger. Ils sont r\u00e9mun\u00e9r\u00e9s entre 40 et 200 euros par jour, selon leur grade, et leur engagement varie de 5 \u00e0 120 jours par an, voire 210 en cas de n\u00e9cessit\u00e9 exceptionnelle, pr\u00e9cise le minist\u00e8re de la D\u00e9fense.<\/p>\n<p>\u00c0 c\u00f4t\u00e9 de cette r\u00e9serve active, il existe \u00e9galement une r\u00e9serve citoyenne, o\u00f9 des volontaires s\u2019engagent \u00e0 titre b\u00e9n\u00e9vole pour renforcer le lien entre la soci\u00e9t\u00e9 civile et l\u2019arm\u00e9e, selon la gendarmerie nationale.<\/p>\n<h2><strong>Des obstacles budg\u00e9taires et logistiques<\/strong><\/h2>\n<p>Si le gouvernement vise une mont\u00e9e en puissance de la r\u00e9serve, plusieurs contraintes pratiques restent \u00e0 r\u00e9soudre. Fran\u00e7ois Bayrou a mis en garde contre les co\u00fbts \u00e9lev\u00e9s d\u2019un tel projet. \u00abSi l&rsquo;on faisait quelque chose de tr\u00e8s large, cela co\u00fbterait tr\u00e8s cher. O\u00f9 est-ce qu&rsquo;on les loge ? Dans quelle caserne ? Quel encadrement ?\u00bb a-t-il questionn\u00e9 lors de son interview sur France Inter le 16 mars.<\/p>\n<p>De plus, selon le commandant Christophe Soulard, d\u00e9l\u00e9gu\u00e9 national de l\u2019Union des officiers de r\u00e9serve, la France n\u2019a plus l\u2019infrastructure ni les capacit\u00e9s de formation n\u00e9cessaires pour r\u00e9tablir un service militaire obligatoire, aboli en 1997. Il a soulign\u00e9 ces limites sur BFMTV le 17 mars.<\/p>\n<p>En parall\u00e8le, un sondage du centre Destin Commun pour Ouest-France indique que 61% des Fran\u00e7ais seraient favorables au retour d\u2019une forme de service militaire obligatoire. Toutefois, Emmanuel Macron a \u00e9cart\u00e9 cette option, expliquant dans un entretien accord\u00e9 \u00e0 la presse r\u00e9gionale qu\u2019un tel projet n\u2019\u00e9tait \u00abpas une option r\u00e9aliste\u00bb en raison d\u2019un manque de logistique et de moyens. Il privil\u00e9gie donc une grande refonte du service national universel (SNU), jug\u00e9e plus adapt\u00e9e aux besoins actuels.<\/p>\n<p>Avec ces annonces, l\u2019ex\u00e9cutif mise donc sur un doublement des effectifs de la r\u00e9serve, sans pour autant bouleverser l\u2019organisation actuelle de l\u2019arm\u00e9e fran\u00e7aise. Reste \u00e0 savoir comment ces ambitions seront mises en \u0153uvre dans un cadre budg\u00e9taire contraint.<\/p>\n<\/div>\n<p><br \/>\n<br \/><a href=\"https:\/\/francais.rt.com\/france\/118134-francois-bayrou-veut-miser-sur-une-forte-reserve-militaire-pour-renforcer-la-defense\" target=\"_blank\"\">Source link <\/a><\/p>\n","protected":false},"excerpt":{"rendered":"<p>Le Premier ministre fran\u00e7ais a exprim\u00e9 son souhait de renforcer la r\u00e9serve militaire fran\u00e7aise. \u00c9cartant l&rsquo;id\u00e9e d&rsquo;un retour au service militaire obligatoire, il d\u00e9fend la n\u00e9cessit\u00e9 d\u2019une \u00abarm\u00e9e de r\u00e9serve\u00bb&hellip; <\/p>\n","protected":false},"author":1,"featured_media":4647,"comment_status":"open","ping_status":"open","sticky":false,"template":"","format":"standard","meta":{"footnotes":""},"categories":[1],"tags":[],"class_list":["post-4646","post","type-post","status-publish","format-standard","has-post-thumbnail","hentry","category-non-classe"],"_links":{"self":[{"href":"https:\/\/monde25.info\/index.php\/wp-json\/wp\/v2\/posts\/4646","targetHints":{"allow":["GET"]}}],"collection":[{"href":"https:\/\/monde25.info\/index.php\/wp-json\/wp\/v2\/posts"}],"about":[{"href":"https:\/\/monde25.info\/index.php\/wp-json\/wp\/v2\/types\/post"}],"author":[{"embeddable":true,"href":"https:\/\/monde25.info\/index.php\/wp-json\/wp\/v2\/users\/1"}],"replies":[{"embeddable":true,"href":"https:\/\/monde25.info\/index.php\/wp-json\/wp\/v2\/comments?post=4646"}],"version-history":[{"count":0,"href":"https:\/\/monde25.info\/index.php\/wp-json\/wp\/v2\/posts\/4646\/revisions"}],"wp:featuredmedia":[{"embeddable":true,"href":"https:\/\/monde25.info\/index.php\/wp-json\/wp\/v2\/media\/4647"}],"wp:attachment":[{"href":"https:\/\/monde25.info\/index.php\/wp-json\/wp\/v2\/media?parent=4646"}],"wp:term":[{"taxonomy":"category","embeddable":true,"href":"https:\/\/monde25.info\/index.php\/wp-json\/wp\/v2\/categories?post=4646"},{"taxonomy":"post_tag","embeddable":true,"href":"https:\/\/monde25.info\/index.php\/wp-json\/wp\/v2\/tags?post=4646"}],"curies":[{"name":"wp","href":"https:\/\/api.w.org\/{rel}","templated":true}]}}