{"id":4652,"date":"2025-03-18T05:31:38","date_gmt":"2025-03-18T04:31:38","guid":{"rendered":"https:\/\/monde25.info\/index.php\/2025\/03\/18\/relever-la-tete-par-annie-ernaux-le-monde-diplomatique-fevrier-2023\/"},"modified":"2025-03-18T05:31:38","modified_gmt":"2025-03-18T04:31:38","slug":"relever-la-tete-par-annie-ernaux-le-monde-diplomatique-fevrier-2023","status":"publish","type":"post","link":"https:\/\/monde25.info\/index.php\/2025\/03\/18\/relever-la-tete-par-annie-ernaux-le-monde-diplomatique-fevrier-2023\/","title":{"rendered":"Relever la t\u00eate, par Annie Ernaux (Le Monde diplomatique, f\u00e9vrier 2023)"},"content":{"rendered":"<p> <br \/>\n<\/p>\n<div couleurfade=\"e5e8f3\" couleurclaire=\"dbe0ef\" couleurpale=\"aabbed\" couleurmi=\"3e518d\" couleurfoncee=\"152f83\" couleursombre=\"0f1423\" couleurfond=\"4c5369\" couleurtexte=\"ffffff\">\n<figure class=\"spip_document_31001 spip_documents spip_documents_center xl\" style=\"width:890px;\">\n<div class=\"limage\">\n<p>\t\t\t<img loading=\"lazy\" decoding=\"async\" src=\"https:\/\/www.monde-diplomatique.fr\/\/local\/cache-vignettes\/L890xH890\/img001-62-e82a5.jpg?1675165523\" width=\"890\" height=\"890\" class=\"spip_logos\" alt=\"JPEG - 190.6\u00a0ko\"\/><\/p><\/div><figcaption>\n<p>Marylin Cavin. \u2013 \u00ab<small class=\"fine\">\u00a0<\/small>En cadence<small class=\"fine\">\u00a0<\/small>\u00bb, 2019<\/p>\n<\/figcaption><\/figure>\n<p><span class=\"mot-lettrine\"><span class=\"lettrine\">C<\/span>omme<\/span> souvent, on n\u2019avait pas vu venir les choses. Jacques Chirac venait de remporter l\u2019\u00e9lection pr\u00e9sidentielle en d\u00e9non\u00e7ant la \u00ab<small class=\"fine\">\u00a0<\/small>fracture sociale<small class=\"fine\">\u00a0<\/small>\u00bb. Il incarnait une droite populaire, du moins soucieuse de son \u00e9lectorat populaire. \u00c0 la diff\u00e9rence du projet pour les retraites du pouvoir actuel, celui de 1995 sur la S\u00e9curit\u00e9 sociale, l\u2019alignement du public sur le priv\u00e9 concernant les pensions, et autres points de r\u00e9forme, n\u2019avait pas \u00e9t\u00e9 du tout annonc\u00e9, pr\u00e9par\u00e9 par des d\u00e9bats. En novembre\u00a01995, \u00e7a nous est tomb\u00e9 dessus et on a mis un peu de temps \u00e0 comprendre ce qui se jouait. Mais il y avait cette arrogance d\u2019Alain Jupp\u00e9, le premier ministre et auteur du plan, sa morgue de celui qui sait mieux et donne la sensation humiliante en l\u2019\u00e9coutant de faire partie d\u2019une masse forc\u00e9ment stupide. Je crois qu\u2019au d\u00e9but on a surtout refus\u00e9 \u00e7a, cette arrogance. Qu\u2019on avait besoin de relever la t\u00eate.<\/p>\n<p>Le 24\u00a0novembre 1995, c\u2019est la premi\u00e8re grande journ\u00e9e de gr\u00e8ve contre le plan Jupp\u00e9 et le d\u00e9but d\u2019une mobilisation de tous les secteurs publics. Ni trains, ni m\u00e9tros, ni postes, ni \u00e9coles. Il faisait tr\u00e8s froid. Je me souviens d\u2019avoir \u00e9prouv\u00e9 un sentiment exaltant d\u2019incertitude, d\u2019\u00eatre dans ces moments, rares, o\u00f9 l\u2019histoire se fait, parce que pour une fois les gens qui travaillent en sont les acteurs. Pendant une semaine, je crois ne pas avoir \u00e9t\u00e9 seule \u00e0 penser que nous \u00e9tions dans un temps pr\u00e9r\u00e9volutionnaire. \u00c0 la diff\u00e9rence de Mai\u00a068, la population dans son ensemble soutenait la gr\u00e8ve. Les travailleurs du priv\u00e9, qui, eux, ne faisaient pas gr\u00e8ve, disaient \u00e0 ceux du public\u00a0: \u00ab<small class=\"fine\">\u00a0<\/small>Vous faites la gr\u00e8ve pour nous, \u00e0 notre place.<small class=\"fine\">\u00a0<\/small>\u00bb On sortait brusquement du tunnel des ann\u00e9es d\u2019apr\u00e8s 1983, de cette fin du politique partout annonc\u00e9e. En revendiquant leurs droits, les cheminots, les agents d\u2019EDF <i>[\u00c9lectricit\u00e9 de France]<\/i> et les postiers s\u2019opposaient au r\u00e8gne in\u00e9luctable de l\u2019\u00e9conomie, ils d\u00e9fiaient l\u2019ordre du monde. Je ne sais plus si on a entendu le slogan \u00ab<small class=\"fine\">\u00a0<\/small>Un autre monde est possible<small class=\"fine\">\u00a0<\/small>\u00bb, comme au Forum de Porto Alegre et dans les rues de Seattle et de G\u00eanes un peu plus tard.<\/p>\n<p>Mais c\u2019est dans ces jours de d\u00e9cembre\u00a01995 que, en France, s\u2019est faite la prise de conscience que les march\u00e9s, l\u2019internationalisation des \u00e9changes, la construction d\u2019une Europe lib\u00e9rale dirigeaient la vie des gens. Qu\u2019on a commenc\u00e9 \u00e0 lier construction de l\u2019Europe et d\u00e9molition des droits sociaux, ou plut\u00f4t qu\u2019on a commenc\u00e9 \u00e0 d\u00e9noncer les r\u00e9formes comme autant de concessions \u00e0 la Commission de Bruxelles. Avec beaucoup d\u2019autres, en 1992, j\u2019avais vot\u00e9 \u00ab<small class=\"fine\">\u00a0<\/small>non<small class=\"fine\">\u00a0<\/small>\u00bb au r\u00e9f\u00e9rendum de Maastricht. L\u2019int\u00e9gration europ\u00e9enne d\u00e9fendue par Fran\u00e7ois Mitterrand, avec tout ce qu\u2019elle impliquait \u2014 la concurrence, le d\u00e9mant\u00e8lement des services publics\u00a0\u2014, \u00e9tait pass\u00e9e \u00e0 presque rien.<\/p>\n<p>Des socialistes au pouvoir, on avait attendu qu\u2019ils changent la vie. Comme ils l\u2019avaient promis. En 1981, il y avait eu beaucoup de mesures sociales importantes, comme la cinqui\u00e8me semaine de cong\u00e9s pay\u00e9s et la retraite \u00e0 60\u00a0ans. Puis, avec le \u00ab<small class=\"fine\">\u00a0<\/small>tournant de la rigueur<small class=\"fine\">\u00a0<\/small>\u00bb, en fait tournant lib\u00e9ral, on \u00e9tait \u00e0 mille lieues du Front populaire de 1936 esp\u00e9r\u00e9. Ma rupture in\u00e9luctable avec cette gauche avait \u00e9t\u00e9 la guerre du Golfe en 1991, la pompe glaciale de Mitterrand \u2014 <i>\u00ab<small class=\"fine\">\u00a0<\/small>les armes vont parler<small class=\"fine\">\u00a0<\/small>\u00bb<\/i>\u00a0\u2014, l\u2019implication de la France aux c\u00f4t\u00e9s des Am\u00e9ricains, les milliers de morts sous les bombes \u00e0 Bagdad et l\u2019enthousiasme m\u00e9diatique pour l\u2019op\u00e9ration \u00ab<small class=\"fine\">\u00a0<\/small>Temp\u00eate du d\u00e9sert<small class=\"fine\">\u00a0<\/small>\u00bb.<\/p>\n<figure class=\"spip_document_31002 spip_documents spip_documents_center xl\" style=\"width:890px;\">\n<div class=\"limage\">\n<p>\t\t\t<img loading=\"lazy\" decoding=\"async\" src=\"https:\/\/www.monde-diplomatique.fr\/\/local\/cache-vignettes\/L890xH709\/img018-1-23be9.jpg?1675165523\" width=\"890\" height=\"709\" class=\"spip_logos\" alt=\"JPEG - 124.5\u00a0ko\"\/><\/p><\/div><figcaption>\n<p>Marylin Cavin. \u2013 \u00ab<small class=\"fine\">\u00a0<\/small>Destination inconnue<small class=\"fine\">\u00a0<\/small>\u00bb, 2019  <\/p>\n<\/figcaption><\/figure>\n<p>La gauche du reniement, les \u00e9ditorialistes, les experts\u00a0: en 1995, tous ceux-l\u00e0 se sont mobilis\u00e9s pour Jupp\u00e9. En soutien \u00e0 son plan, on trouvait des rocardiens. Il y avait Nicole Notat, qui ira jusqu\u2019\u00e0 demander au gouvernement d\u2019instaurer un service minimum dans les transports (elle sera hu\u00e9e par des militants de la CFDT <i>[Conf\u00e9d\u00e9ration fran\u00e7aise d\u00e9mocratique du travail],<\/i> \u00e0 la manif du 24\u00a0novembre). Il y avait les grands m\u00e9dias, y compris le service public, France Inter par exemple, tous favorables aux mesures du gouvernement.<\/p>\n<p>C\u2019est \u00e0 ce moment-l\u00e0 qu\u2019appara\u00eet une scission de la gauche intellectuelle. Une partie d\u2019elle avait sign\u00e9 une p\u00e9tition favorable \u00e0 la r\u00e9forme. On y retrouvait le philosophe Paul Ric\u0153ur, le sociologue Alain Touraine, Pierre Rosanvallon, ou Jo\u00ebl Roman et Olivier Mongin, de la r\u00e9daction de l\u2019encore influente revue <i>Esprit.<\/i> Moi qui avais de l\u2019admiration pour l\u2019\u0153uvre de Ric\u0153ur, j\u2019\u00e9tais atterr\u00e9e, r\u00e9volt\u00e9e de lire qu\u2019il y avait au fond d\u2019un c\u00f4t\u00e9 une \u00e9lite qui poss\u00e8de <i>\u00ab<small class=\"fine\">\u00a0<\/small>une compr\u00e9hension rationnelle du monde<small class=\"fine\">\u00a0<\/small>\u00bb<\/i> et de l\u2019autre la grande masse des gens qui suit ses passions, col\u00e8re ou d\u00e9sir. C\u2019est ce que dira Pierre Bourdieu aux cheminots en lutte dans un formidable et m\u00e9morable discours \u00e0 la gare de Lyon, dont je crois qu\u2019il n\u2019y a pas beaucoup \u00e0 changer en 2023\u00a0: <i>\u00ab<small class=\"fine\">\u00a0<\/small>Cette opposition entre la vision \u00e0 long terme de \u201cl\u2019\u00e9lite\u201d \u00e9clair\u00e9e et les pulsions \u00e0 courte vue du peuple ou de ses repr\u00e9sentants est typique de la pens\u00e9e r\u00e9actionnaire de tous les temps et de tous les pays.<small class=\"fine\">\u00a0<\/small>\u00bb<\/i><\/p>\n<p>Pierre Bourdieu aura \u00e9t\u00e9 l\u2019une des principales figures de l\u2019autre p\u00e9tition d\u2019intellectuels, celle qui soutenait les gr\u00e9vistes. Je l\u2019ai sign\u00e9e parce que j\u2019\u00e9tais \u00e9videmment de ce c\u00f4t\u00e9-l\u00e0<span class=\"spip_note_ref\">\u00a0(<a target=\"_blank\" href=\"http:\/\/www.monde-diplomatique.fr\/2023\/02\/ERNAUX\/65517#nb1\" class=\"spip_note\" rel=\"appendix\" title=\"Pierre Bourdieu, Contre-feux, Raisons d\u2019agir, Paris, 1998. Cf. aussi, chez\u00a0(...)\" id=\"nh1\">1<\/a>)<\/span>. Ce fut l\u2019occasion de m\u2019engager aux c\u00f4t\u00e9s de quelqu\u2019un qui avait compt\u00e9 dans mon \u00e9mancipation intellectuelle et mon devenir d\u2019\u00e9crivaine. C\u2019est \u00e0 la lecture des <i>H\u00e9ritiers<\/i> en 1971 que je m\u2019\u00e9tais sentie autoris\u00e9e \u00e0 \u00e9crire <i>Les Armoires vides,<\/i> sorti en 1974. Depuis je continuais de le lire, <i>La Distinction, La Noblesse d\u2019\u00c9tat,<\/i> et ce livre qui est \u00e0 la fois un tableau et une analyse de la soci\u00e9t\u00e9 fran\u00e7aise, paru deux ans avant le plan Jupp\u00e9, <i>La Mis\u00e8re du monde.<\/i> L\u2019engagement politique de Bourdieu dans la gr\u00e8ve a eu pour moi valeur d\u2019obligation, en tant qu\u2019\u00e9crivaine, de ne pas rester spectatrice de la vie publique. Voir ce sociologue, internationalement reconnu, s\u2019impliquer dans le conflit social, l\u2019entendre, \u00e9tait une immense joie, une lib\u00e9ration. Il nous faisait, lui, nous redresser quand Jupp\u00e9 et les autres voulaient nous faire plier l\u2019\u00e9chine.<\/p>\n<h3 class=\"spip\">Un acte de m\u00e9moire<\/h3>\n<p>Les gr\u00e8ves dures et longues ont en commun de briser le cours habituel des jours. Celles de 1995 avaient comme particularit\u00e9 qu\u2019une partie de la population continuait \u00e0 devoir se rendre \u00e0 l\u2019usine ou au bureau sans moyen de transport autre que la voiture. Il y avait beaucoup de solidarit\u00e9, pas mal de d\u00e9brouille. On improvisait du covoiturage. La vente de v\u00e9los a explos\u00e9. Je me souviens que mon fils pour aller travailler de Paris en banlieue a d\u00fb acheter un VTT et que dans la grande surface o\u00f9 il est all\u00e9, c\u2019est Poulidor en personne qui en faisait la promotion<small class=\"fine\">\u00a0<\/small>! Mais on a tous march\u00e9 beaucoup, en files serr\u00e9es sur des trottoirs g\u00e9n\u00e9ralement vides, comme entre le quartier de la D\u00e9fense et l\u2019avenue de la Grande-Arm\u00e9e, sur le pont de Neuilly. Il faisait un froid glacial, il y avait de la neige. Dans <i>Les Ann\u00e9es,<\/i> j\u2019ai d\u00e9crit cette marche hivernale comme un acte de m\u00e9moire. Quand les gens crapahutaient dans des villes sans bus ni m\u00e9tro, il y avait dans les corps, obscur\u00e9ment, de la mythologie, celle des grandes gr\u00e8ves racont\u00e9es, qu\u2019on n\u2019a pas forc\u00e9ment connues.<\/p>\n<p>Je me souviens du sentiment \u00e9trange en lisant <i>Le Monde,<\/i> le soir, comme si celui-ci \u00e9tait <i>au-dessous<\/i> de la r\u00e9alit\u00e9, du pr\u00e9sent, sentiment d\u2019ailleurs que provoque tout bouleversement social. D\u2019une mani\u00e8re g\u00e9n\u00e9rale, les journaux et les radios regorgeaient d\u2019\u00e9ditoriaux raisonneurs, de haine des salari\u00e9s en lutte. Je me r\u00e9jouirai de la cr\u00e9ation quelques ann\u00e9es plus tard de <i>PLPL,<\/i> \u00ab<small class=\"fine\">\u00a0<\/small>le journal qui mord et fuit<small class=\"fine\">\u00a0<\/small>\u00bb<span class=\"spip_note_ref\">\u00a0(<a target=\"_blank\" href=\"http:\/\/www.monde-diplomatique.fr\/2023\/02\/ERNAUX\/65517#nb2\" class=\"spip_note\" rel=\"appendix\" title=\"NDLR. Pour lire pas lu, PLPL, \u00e9tait un journal de critique des m\u00e9dias. Cr\u00e9\u00e9\u00a0(...)\" id=\"nh2\">2<\/a>)<\/span>.<\/p>\n<p>Dans la mobilisation si rapide et si forte contre le projet du gouvernement, le r\u00f4le de deux leaders syndicaux a \u00e9t\u00e9 important, Marc Blondel pour FO <i>[Force ouvri\u00e8re],<\/i> Bernard Thibault pour la CGT <i>[Conf\u00e9d\u00e9ration g\u00e9n\u00e9rale du travail],<\/i> ainsi que celui de dissidents de la CFDT qui cr\u00e9eront SUD <i>[Solidaires, unitaires, d\u00e9mocratiques]<\/i> \u2014 lequel va s\u2019imposer apr\u00e8s 1995 comme un mouvement de lutte majeur. Mais cette mobilisation ne peut se comprendre sans l\u2019esp\u00e8ce d\u2019\u00e9lectrochoc qu\u2019avait produit le plan Jupp\u00e9 dans la soci\u00e9t\u00e9 fran\u00e7aise. Celui-ci remettait en cause la S\u00e9curit\u00e9 sociale, conqu\u00eate de la Lib\u00e9ration, les retraites, donc des choses fondamentales, existentielles m\u00eame. Peu importait que la r\u00e9forme vise les fonctionnaires et les salari\u00e9s des entreprises publiques. Les gens se rendaient compte que l\u2019\u00c9tat, en s\u2019en prenant aux agents des services publics, attaquait indirectement le mode de vie de tout le monde, et on voit bien aujourd\u2019hui que c\u2019est en effet ce qu\u2019il s\u2019est produit en vingt ans. Les manifestants de 1995 l\u2019avaient bien compris qui entonnaient \u00ab<small class=\"fine\">\u00a0<\/small>Tous ensemble<small class=\"fine\">\u00a0<\/small>!<small class=\"fine\">\u00a0<\/small>\u00bb pour d\u00e9fendre les \u00ab<small class=\"fine\">\u00a0<\/small>acquis sociaux<small class=\"fine\">\u00a0<\/small>\u00bb \u2014 une expression qui, je crois, s\u2019impose \u00e0 ce moment-l\u00e0. On l\u2019entend moins aujourd\u2019hui. Des d\u00e9cennies de lib\u00e9ralisme \u00e9conomique ont fini par rendre cette expression quasi honteuse, coupable. Tout est fait pour enlever cette id\u00e9e de notre t\u00eate et de notre vie alors que les acquis des plus ais\u00e9s sont, eux, l\u00e9gitimes. L\u2019\u00e2ge l\u00e9gal de d\u00e9part \u00e0 la retraite est devenu une variable d\u2019ajustement d\u2019int\u00e9r\u00eats \u00e9conomiques. Et c\u2019est cela qui est en jeu aujourd\u2019hui\u00a0: la conscience que l\u2019\u00c9tat a tous les droits sur la vie des citoyens et peut reculer \u00e0 sa guise le moment o\u00f9 l\u2019on pourra enfin jouir de l\u2019existence. C\u2019est \u00e0 l\u2019esp\u00e9rance du repos, de la libert\u00e9, du plaisir que s\u2019en prend la r\u00e9forme voulue par Macron. D\u2019o\u00f9 l\u2019opposition de toutes les cat\u00e9gories actives, jeunes et moins jeunes, de la population. Il est s\u00fbr, en revanche, que le pr\u00e9sident peut compter sur le soutien des retrait\u00e9s ais\u00e9s \u2014 son \u00e9lectorat depuis le d\u00e9but \u2014 \u00e0 une r\u00e9forme qui n\u2019affectera nullement leur vie.<\/p>\n<p>De 1995 reste surtout le souvenir de la derni\u00e8re mobilisation syndicale victorieuse. Voire plut\u00f4t d\u2019une semi-victoire. Si le gouvernement Jupp\u00e9 a renonc\u00e9 \u00e0 aligner les retraites du public, il fera passer l\u2019autre volet du plan, les mesures de reprise en main de la S\u00e9curit\u00e9 sociale <i>(lire \u00ab<small class=\"fine\">\u00a0<\/small><a target=\"_blank\" href=\"https:\/\/www.monde-diplomatique.fr\/2023\/02\/DA_SILVA\/65533\" class=\"spip_in\">Novembre-d\u00e9cembre 1995, qu\u2019en reste-t-il<small class=\"fine\">\u00a0<\/small>?<\/a><small class=\"fine\">\u00a0<\/small>\u00bb).<\/i> Surtout, on a \u00e9chou\u00e9 \u00e0 changer d\u2019avenir. Malgr\u00e9 les luttes \u00e0 l\u2019h\u00f4pital, \u00e0 l\u2019\u00e9cole, \u00e0 l\u2019universit\u00e9, apr\u00e8s vingt-cinq ann\u00e9es de lib\u00e9ralisme effr\u00e9n\u00e9, on vit dans un pays aux services publics (\u00e9cole, universit\u00e9, h\u00f4pital) d\u00e9mantel\u00e9s.<\/p>\n<p>Tout le monde voit monter une exasp\u00e9ration sans pr\u00e9c\u00e9dent du salariat qui n\u2019en peut plus de la pr\u00e9carit\u00e9 des contrats ou de l\u2019absurdit\u00e9 du travail. Nul ne peut d\u00e9sesp\u00e9rer d\u2019une jeunesse qui a bloqu\u00e9 nagu\u00e8re lyc\u00e9es et universit\u00e9s contre la marchandisation de l\u2019\u00e9ducation, qui partout se bat contre les grands projets inutiles et pour le climat. Depuis #MeToo en 2017, le f\u00e9minisme a retrouv\u00e9 une force extraordinaire. Surtout, il y a eu un tel m\u00e9pris des classes populaires, de ce que je nomme ma race et qu\u2019on m\u2019a reproch\u00e9 de vouloir venger\u2026 On sent bien, quelle que soit l\u2019issue de la lutte en cours, qu\u2019un autre vent de col\u00e8re se l\u00e8vera encore.<\/p>\n<h3 class=\"spip\">\u00ab<small class=\"fine\">\u00a0<\/small>Chacun se croyait seul<small class=\"fine\">\u00a0<\/small>\u00bb<\/h3>\n<p>D\u2019ores et d\u00e9j\u00e0, il y a eu cette mobilisation extraordinaire le 19\u00a0janvier dernier. Quelle joie ce matin-l\u00e0 de mettre la radio et d\u2019entendre la musique ininterrompue des jours de gr\u00e8ve plut\u00f4t que les questions plus ou moins perfides des animateurs matinaux, des chansons plut\u00f4t que les chroniques du d\u00e9sastre. Et j\u2019ai \u00e9t\u00e9 combl\u00e9e le soir quand j\u2019ai appris que deux millions de personnes avaient march\u00e9 partout en France, pour refuser le projet du gouvernement.<\/p>\n<p>Malgr\u00e9 nos d\u00e9faites, m\u00eame si le souvenir de l\u2019hiver\u00a01995 et de ses nuits froides me semble parfois s\u2019estomper comme celui d\u2019un r\u00eave lointain, ces manifestants de janvier\u00a02023, si nombreux qu\u2019ils peinaient \u00e0 s\u2019extraire de la place de la R\u00e9publique, m\u2019ont fait repenser, encore une fois, aux vers d\u2019\u00c9luard\u00a0: <i>\u00ab<small class=\"fine\">\u00a0<\/small>Ils n\u2019\u00e9taient que quelques-uns \/ Sur toute la terre \/ Chacun se croyait seul \/ Ils furent foule soudain<small class=\"fine\">\u00a0<\/small>\u00bb.<\/i> Je voudrais les en remercier. Ne baissons plus la t\u00eate.<\/p>\n<\/p><\/div>\n<p><br \/>\n<br \/><a href=\"https:\/\/www.monde-diplomatique.fr\/2023\/02\/ERNAUX\/65517\" target=\"_blank\"\">Source link <\/a><\/p>\n","protected":false},"excerpt":{"rendered":"<p>Marylin Cavin. \u2013 \u00ab\u00a0En cadence\u00a0\u00bb, 2019 Comme souvent, on n\u2019avait pas vu venir les choses. Jacques Chirac venait de remporter l\u2019\u00e9lection pr\u00e9sidentielle en d\u00e9non\u00e7ant la \u00ab\u00a0fracture sociale\u00a0\u00bb. Il incarnait une&hellip; <\/p>\n","protected":false},"author":1,"featured_media":4653,"comment_status":"open","ping_status":"open","sticky":false,"template":"","format":"standard","meta":{"footnotes":""},"categories":[1],"tags":[],"class_list":["post-4652","post","type-post","status-publish","format-standard","has-post-thumbnail","hentry","category-non-classe"],"_links":{"self":[{"href":"https:\/\/monde25.info\/index.php\/wp-json\/wp\/v2\/posts\/4652","targetHints":{"allow":["GET"]}}],"collection":[{"href":"https:\/\/monde25.info\/index.php\/wp-json\/wp\/v2\/posts"}],"about":[{"href":"https:\/\/monde25.info\/index.php\/wp-json\/wp\/v2\/types\/post"}],"author":[{"embeddable":true,"href":"https:\/\/monde25.info\/index.php\/wp-json\/wp\/v2\/users\/1"}],"replies":[{"embeddable":true,"href":"https:\/\/monde25.info\/index.php\/wp-json\/wp\/v2\/comments?post=4652"}],"version-history":[{"count":0,"href":"https:\/\/monde25.info\/index.php\/wp-json\/wp\/v2\/posts\/4652\/revisions"}],"wp:featuredmedia":[{"embeddable":true,"href":"https:\/\/monde25.info\/index.php\/wp-json\/wp\/v2\/media\/4653"}],"wp:attachment":[{"href":"https:\/\/monde25.info\/index.php\/wp-json\/wp\/v2\/media?parent=4652"}],"wp:term":[{"taxonomy":"category","embeddable":true,"href":"https:\/\/monde25.info\/index.php\/wp-json\/wp\/v2\/categories?post=4652"},{"taxonomy":"post_tag","embeddable":true,"href":"https:\/\/monde25.info\/index.php\/wp-json\/wp\/v2\/tags?post=4652"}],"curies":[{"name":"wp","href":"https:\/\/api.w.org\/{rel}","templated":true}]}}