{"id":4656,"date":"2025-03-18T06:37:38","date_gmt":"2025-03-18T05:37:38","guid":{"rendered":"https:\/\/monde25.info\/index.php\/2025\/03\/18\/larticle-122-arme-secrete-dursula-von-der-leyen\/"},"modified":"2025-03-18T06:37:38","modified_gmt":"2025-03-18T05:37:38","slug":"larticle-122-arme-secrete-dursula-von-der-leyen","status":"publish","type":"post","link":"https:\/\/monde25.info\/index.php\/2025\/03\/18\/larticle-122-arme-secrete-dursula-von-der-leyen\/","title":{"rendered":"L\u2019article 122, arme secr\u00e8te d\u2019Ursula von der Leyen"},"content":{"rendered":"<p> <br \/>\n<\/p>\n<div>\n<p>par <strong>Emilien Lacombe<\/strong><\/p>\n<p><strong>Bruxelles d\u00e9bloque 800 milliards d\u2019euros sans consulter les \u00c9tats, alors que des n\u00e9gociations de paix se profilent.<\/strong><\/p>\n<h5 class=\"wp-block-heading\"><strong>L\u2019UE finance l\u2019effort de guerre pendant que le monde parle de paix<\/strong><\/h5>\n<p>Alors que des n\u00e9gociations de paix s\u2019engagent entre Vladimir Poutine, Volodymyr Zelensky et Donald Trump, la pr\u00e9sidente de la Commission europ\u00e9enne, Ursula von der Leyen, adopte une toute autre approche. Plut\u00f4t que d\u2019accompagner cet \u00e9lan diplomatique, elle plaide pour <strong>un r\u00e9armement massif de l\u2019Europe<\/strong> et d\u00e9bloque 800 milliards d\u2019euros pour soutenir l\u2019industrie militaire, sans consultation des \u00c9tats membres.<\/p>\n<p>Pour ce faire, elle s\u2019appuie sur <strong>l\u2019article 122 du Trait\u00e9 sur le fonctionnement de l\u2019Union europ\u00e9enne<\/strong> (TFUE), un m\u00e9canisme qui permet \u00e0 Bruxelles d\u2019agir sans l\u2019aval des gouvernements nationaux. Un v\u00e9ritable \u00ab49.3\u00bb \u00e0 l\u2019\u00e9chelle europ\u00e9enne, utilis\u00e9 cette fois <strong>pour forcer les pays \u00e0 investir dans l\u2019armement, au m\u00e9pris des consultations d\u00e9mocratiques.<\/strong><\/p>\n<h5 class=\"wp-block-heading\"><strong>L\u2019article 122 : un passe-droit pour imposer la politique de Bruxelles<\/strong><\/h5>\n<p>Initialement con\u00e7u pour r\u00e9pondre \u00e0 des crises exceptionnelles, l\u2019article 122 du TFUE permet \u00e0 l\u2019Union europ\u00e9enne de prendre des d\u00e9cisions sans passer par le vote des \u00c9tats membres. Ursula von der Leyen l\u2019a utilis\u00e9 pour justifier une lev\u00e9e de fonds massive, <strong>destin\u00e9e \u00e0 la course \u00e0 l\u2019armement contre la Russie.<\/strong><\/p>\n<p>\u00ab<em>La paix ne peut plus \u00eatre tenue pour acquise<\/em>\u00bb et \u00ab<strong><em>l\u2019heure est \u00e0 la paix par la force<\/em><\/strong>\u00bb, a-t-elle d\u00e9clar\u00e9 r\u00e9cemment. Une position qui interroge, alors que les pourparlers de paix entre grandes puissances semblent ouvrir une porte vers la d\u00e9sescalade.<\/p>\n<h5 class=\"wp-block-heading\"><strong>L\u2019Union europ\u00e9enne sous tension face \u00e0 Trump<\/strong><\/h5>\n<p>Avec Donald Trump de retour \u00e0 la Maison-Blanche, l\u2019\u00e9quilibre de l\u2019Union europ\u00e9enne vacille. Oppos\u00e9 \u00e0 l\u2019interventionnisme bruxellois, le pr\u00e9sident am\u00e9ricain voit d\u2019un mauvais \u0153il l\u2019activisme militaire de l\u2019UE et pourrait remettre en cause ses engagements avec l\u2019OTAN. Ursula von der Leyen joue alors une partie serr\u00e9e : en entretenant un climat de tension, elle tente de justifier la centralisation du pouvoir \u00e0 Bruxelles et de pr\u00e9server l\u2019influence de la Commission europ\u00e9enne.<\/p>\n<figure class=\"wp-block-embed is-type-rich is-provider-twitter wp-block-embed-twitter\">\n<div class=\"wp-block-embed__wrapper\">\n<blockquote class=\"twitter-tweet\" data-width=\"550\" data-dnt=\"true\">\n<p lang=\"fr\" dir=\"ltr\">Ursula von der Leyen utilise l&rsquo;Article 122 pour interdire aux pays d&rsquo;\u00eatre consult\u00e9s et partir \u00e0 la guerre\u2026<\/p>\n<p>Alors que la paix en Ukraine semble \u00e0 port\u00e9e de main avec l\u2019ouverture de n\u00e9gociations entre Vladimir Poutine, Volodymyr Zelensky et Donald Trump, Ursula von der Leyen,\u2026 <a target=\"_blank\" href=\"https:\/\/t.co\/Q4QkWMrzSe\">pic.twitter.com\/Q4QkWMrzSe<\/a><\/p>\n<p>\u2014 Richard K. (@Krieger66362259) <a target=\"_blank\" href=\"https:\/\/twitter.com\/Krieger66362259\/status\/1899831553317904875?ref_src=twsrc%5Etfw\">March 12, 2025<\/a><\/p><\/blockquote>\n<\/div>\n<\/figure>\n<p>Mais cette fuite en avant pourrait se retourner contre elle. \u00c0 force de contourner les peuples et de s\u2019affranchir des d\u00e9cisions d\u00e9mocratiques, l\u2019Union europ\u00e9enne risque de voir ses fondations fragilis\u00e9es. L\u2019article 122 appara\u00eet d\u00e9sormais comme un levier dangereux, transform\u00e9 en outil d\u2019imposition autoritaire, qui pourrait pr\u00e9cipiter une crise institutionnelle.<\/p>\n<p>En cherchant \u00e0 renforcer le poids de l\u2019UE par la contrainte, Ursula von der Leyen fait un pari risqu\u00e9 : celui de voir l\u2019Europe se fissurer sous le poids de ses propres contradictions.<\/p>\n<figure class=\"wp-block-embed is-type-rich is-provider-twitter wp-block-embed-twitter\">\n<div class=\"wp-block-embed__wrapper\">\n<blockquote class=\"twitter-tweet\" data-width=\"550\" data-dnt=\"true\">\n<p lang=\"fr\" dir=\"ltr\">\u00ab Nous avons choisi la proc\u00e9dure d\u2019urgence en vertu de l\u2019article 122 \u00bb<\/p>\n<p>Article 122<br \/>Constitue une fin de non-recevoir tout moyen qui tend \u00e0 faire d\u00e9clarer l&rsquo;adversaire irrecevable en sa demande, sans examen au fond, pour d\u00e9faut de droit d&rsquo;agir, tel le d\u00e9faut de qualit\u00e9, le d\u00e9faut\u2026 <a target=\"_blank\" href=\"https:\/\/t.co\/TBeYFLtAIG\">pic.twitter.com\/TBeYFLtAIG<\/a><\/p>\n<p>\u2014 \ud83d\udd4a\ufe0fMyriam\ud83d\udd4a\ufe0fSauvons L\u2019humanit\u00e9\ud83d\udd4a\ufe0f@CelebritesSM\ud83d\udd4a (@Resistance_SM) <a target=\"_blank\" href=\"https:\/\/twitter.com\/Resistance_SM\/status\/1899582893011149171?ref_src=twsrc%5Etfw\">March 11, 2025<\/a><\/p><\/blockquote>\n<\/div>\n<\/figure>\n<p>source : <a target=\"_blank\" href=\"https:\/\/infodujour.fr\/societe\/geopolitique\/79473-larticle-122-arme-secrete-dursula-von-der-leyen\">Infodujour<\/a><\/p>\n<div class=\"sharedaddy sd-block sd-like jetpack-likes-widget-wrapper jetpack-likes-widget-unloaded\" id=\"like-post-wrapper-237719536-448096-67d9064aa0447\" data-src=\"https:\/\/widgets.wp.com\/likes\/?ver=14.2.1#blog_id=237719536&amp;post_id=448096&amp;origin=reseauinternational.net&amp;obj_id=237719536-448096-67d9064aa0447&amp;n=1\" data-name=\"like-post-frame-237719536-448096-67d9064aa0447\" data-title=\"Aimer ou rebloguer\">\n<h3 class=\"sd-title\">J\u2019aime \u00e7a\u00a0:<\/h3>\n<p><span class=\"button\"><span>J\u2019aime<\/span><\/span> <span class=\"loading\">chargement\u2026<\/span><\/p>\n<p><span class=\"sd-text-color\"\/><a target=\"_blank\" class=\"sd-link-color\"\/><\/div>\n<p><meta itemscope=\"\" itemprop=\"mainEntityOfPage\" itemtype=\"https:\/\/schema.org\/WebPage\" itemid=\"https:\/\/reseauinternational.net\/larticle-122-arme-secrete-dursula-von-der-leyen\/\"\/><meta itemprop=\"headline\" content=\"L\u2019article 122, arme secr\u00e8te d\u2019Ursula von der Leyen\"\/><span style=\"display: none;\" itemprop=\"author\" itemscope=\"\" itemtype=\"https:\/\/schema.org\/Person\"><meta itemprop=\"name\" content=\"R\u00e9seau International\"\/><\/span><span style=\"display: none;\" itemprop=\"image\" itemscope=\"\" itemtype=\"https:\/\/schema.org\/ImageObject\"><meta itemprop=\"url\" content=\"https:\/\/i0.wp.com\/reseauinternational.net\/wp-content\/uploads\/2025\/03\/Sans-titre-18-8.png?fit=800%2C467&amp;quality=100&amp;ssl=1\"\/><meta itemprop=\"width\" content=\"800\"\/><meta itemprop=\"height\" content=\"467\"\/><\/span><span style=\"display: none;\" itemprop=\"publisher\" itemscope=\"\" itemtype=\"https:\/\/schema.org\/Organization\"><span style=\"display: none;\" itemprop=\"logo\" itemscope=\"\" itemtype=\"https:\/\/schema.org\/ImageObject\"><meta itemprop=\"url\" content=\"https:\/\/reseauinternational.net\/wp-content\/uploads\/2022\/06\/Capture-de\u0301cran-2022-06-14-a\u0300-16.51.07.png\"\/><\/span><meta itemprop=\"name\" content=\"R\u00e9seau International\"\/><\/span><meta itemprop=\"datePublished\" content=\"2025-03-17T08:46:03+00:00\"\/><meta itemprop=\"dateModified\" content=\"2025-03-17T08:46:45+00:00\"\/><\/div>\n<p><script async src=\"\/\/platform.twitter.com\/widgets.js\" charset=\"utf-8\"><\/script><br \/>\n<br \/><br \/>\n<br \/><a href=\"https:\/\/reseauinternational.net\/larticle-122-arme-secrete-dursula-von-der-leyen\/\" target=\"_blank\"\">Source link <\/a><\/p>\n","protected":false},"excerpt":{"rendered":"<p>par Emilien Lacombe Bruxelles d\u00e9bloque 800 milliards d\u2019euros sans consulter les \u00c9tats, alors que des n\u00e9gociations de paix se profilent. L\u2019UE finance l\u2019effort de guerre pendant que le monde parle&hellip; <\/p>\n","protected":false},"author":1,"featured_media":4657,"comment_status":"open","ping_status":"open","sticky":false,"template":"","format":"standard","meta":{"footnotes":""},"categories":[1],"tags":[],"class_list":["post-4656","post","type-post","status-publish","format-standard","has-post-thumbnail","hentry","category-non-classe"],"_links":{"self":[{"href":"https:\/\/monde25.info\/index.php\/wp-json\/wp\/v2\/posts\/4656","targetHints":{"allow":["GET"]}}],"collection":[{"href":"https:\/\/monde25.info\/index.php\/wp-json\/wp\/v2\/posts"}],"about":[{"href":"https:\/\/monde25.info\/index.php\/wp-json\/wp\/v2\/types\/post"}],"author":[{"embeddable":true,"href":"https:\/\/monde25.info\/index.php\/wp-json\/wp\/v2\/users\/1"}],"replies":[{"embeddable":true,"href":"https:\/\/monde25.info\/index.php\/wp-json\/wp\/v2\/comments?post=4656"}],"version-history":[{"count":0,"href":"https:\/\/monde25.info\/index.php\/wp-json\/wp\/v2\/posts\/4656\/revisions"}],"wp:featuredmedia":[{"embeddable":true,"href":"https:\/\/monde25.info\/index.php\/wp-json\/wp\/v2\/media\/4657"}],"wp:attachment":[{"href":"https:\/\/monde25.info\/index.php\/wp-json\/wp\/v2\/media?parent=4656"}],"wp:term":[{"taxonomy":"category","embeddable":true,"href":"https:\/\/monde25.info\/index.php\/wp-json\/wp\/v2\/categories?post=4656"},{"taxonomy":"post_tag","embeddable":true,"href":"https:\/\/monde25.info\/index.php\/wp-json\/wp\/v2\/tags?post=4656"}],"curies":[{"name":"wp","href":"https:\/\/api.w.org\/{rel}","templated":true}]}}