{"id":4662,"date":"2025-03-18T08:16:01","date_gmt":"2025-03-18T07:16:01","guid":{"rendered":"https:\/\/monde25.info\/index.php\/2025\/03\/18\/la-france-reporte-a-2038-la-mise-en-service-du-premier-reacteur-nucleaire-epr2-rt-en-francais\/"},"modified":"2025-03-18T08:16:01","modified_gmt":"2025-03-18T07:16:01","slug":"la-france-reporte-a-2038-la-mise-en-service-du-premier-reacteur-nucleaire-epr2-rt-en-francais","status":"publish","type":"post","link":"https:\/\/monde25.info\/index.php\/2025\/03\/18\/la-france-reporte-a-2038-la-mise-en-service-du-premier-reacteur-nucleaire-epr2-rt-en-francais\/","title":{"rendered":"La France reporte \u00e0 2038 la mise en service du premier r\u00e9acteur nucl\u00e9aire EPR2 \u2014 RT en fran\u00e7ais"},"content":{"rendered":"<p> <br \/>\n<br \/><img decoding=\"async\" src=\"https:\/\/mf.b37mrtl.ru\/french\/images\/2025.03\/thumbnail\/67d879396f7ccc36784ac135.jpg\" \/><\/p>\n<div>\n<p class=\"text__summary\">\n                                        Lors du Conseil de politique nucl\u00e9aire du 17 mars \u00e0 l\u2019\u00c9lys\u00e9e, Emmanuel Macron a rappel\u00e9 \u00e0 EDF ses engagements pour la construction des six r\u00e9acteurs EPR2. L\u2019entreprise doit pr\u00e9senter un chiffrage pr\u00e9cis d\u2019ici la fin de l\u2019ann\u00e9e. La mise en service du premier r\u00e9acteur est repouss\u00e9e \u00e0 2038, un retard qui inqui\u00e8te.\n                                    <\/p>\n<p>Lundi 17 mars, Emmanuel Macron a pr\u00e9sid\u00e9 la quatri\u00e8me r\u00e9union du Conseil de politique nucl\u00e9aire (CPN) afin de faire un point d&rsquo;\u00e9tape sur la relance du nucl\u00e9aire en France. L&rsquo;\u00c9lys\u00e9e a mis EDF sous pression, exigeant un chiffrage \u00abengageant\u00bb en termes de co\u00fbts et de d\u00e9lais d&rsquo;ici la fin de l&rsquo;ann\u00e9e. L\u2019objectif est d\u2019assurer une meilleure ma\u00eetrise industrielle du projet, alors que les pr\u00e9c\u00e9dentes exp\u00e9riences ont \u00e9t\u00e9 marqu\u00e9es par des retards et des surco\u00fbts consid\u00e9rables.<\/p>\n<p>La premi\u00e8re mise en service d\u2019un r\u00e9acteur EPR2, initialement pr\u00e9vue pour 2035, est d\u00e9sormais repouss\u00e9e \u00e0 2038. Un retard qui rappelle les difficult\u00e9s du secteur, notamment le projet de Flamanville qui a accumul\u00e9 13 ans de retard et des surco\u00fbts atteignant 12 milliards d\u2019euros. La Cour des comptes a d\u2019ailleurs soulign\u00e9 en janvier dernier que le co\u00fbt du programme EPR2, estim\u00e9 en 2022 \u00e0 51,7 milliards d\u2019euros, est d\u00e9sormais \u00e9valu\u00e9 \u00e0 67,4 milliards d&rsquo;euros et pourrait atteindre pr\u00e8s de 80 milliards d\u2019euros en tenant compte de l\u2019inflation.<\/p>\n<p>Le financement du programme a \u00e9galement \u00e9t\u00e9 au c\u0153ur des discussions.\u00a0L\u2019\u00c9tat pr\u00e9voit d&rsquo;accorder un pr\u00eat bonifi\u00e9 couvrant au moins la moiti\u00e9 des co\u00fbts de construction. Ce mod\u00e8le de financement, similaire \u00e0 celui valid\u00e9 par la Commission europ\u00e9enne pour la centrale tch\u00e8que de Dukovany, permettra \u00e0 EDF de s\u00e9curiser son investissement final pr\u00e9vu pour 2026. En compl\u00e9ment, un contrat garantira un prix de rachat de l\u2019\u00e9lectricit\u00e9 produite \u00e0 hauteur de 100 euros\/MWh.<\/p>\n<p>Outre les r\u00e9acteurs EPR2, l\u2019\u00c9lys\u00e9e a d\u00e9cid\u00e9 d\u2019accorder un acc\u00e8s au site nucl\u00e9aire de Cadarache \u00e0 la start-up Calogena pour le d\u00e9veloppement d\u2019un mini-r\u00e9acteur. Selon <em>Les \u00c9chos<\/em>, cette initiative s\u2019inscrit dans la volont\u00e9 du gouvernement de soutenir les petits r\u00e9acteurs modulaires (SMR), per\u00e7us comme un \u00e9l\u00e9ment cl\u00e9 de l\u2019avenir \u00e9nerg\u00e9tique fran\u00e7ais. D\u2019autres sites comme Marcoule pourraient \u00e9galement \u00eatre mis \u00e0 disposition pour ce type de projet.<\/p>\n<p>Enfin, la question de l\u2019approvisionnement en uranium a \u00e9t\u00e9 abord\u00e9e. Apr\u00e8s la perte d\u2019acc\u00e8s aux mines du Niger en 2023, l\u2019\u00c9tat a valid\u00e9 une nouvelle strat\u00e9gie de d\u00e9veloppement minier pour Orano.\u00a0La soci\u00e9t\u00e9 publique a r\u00e9cemment sign\u00e9 des accords avec l\u2019Ouzb\u00e9kistan et la Mongolie pour s\u00e9curiser ses approvisionnements, tout en obtenant un pr\u00eat de 400 millions d\u2019euros de la Banque europ\u00e9enne d\u2019investissement pour moderniser son usine d\u2019enrichissement de Tricastin.<\/p>\n<p>Le Conseil de politique nucl\u00e9aire a \u00e9galement relanc\u00e9 la recherche sur la \u00abfermeture du cycle du combustible\u00bb, un projet qui permettrait \u00e0 terme de recycler ind\u00e9finiment le combustible nucl\u00e9aire us\u00e9. EDF, Framatome et Orano devront pr\u00e9senter une feuille de route d\u2019ici fin 2025. Cette initiative vise \u00e0 r\u00e9duire la d\u00e9pendance de la France aux importations d\u2019uranium.<\/p>\n<p>Si le pr\u00e9sident fran\u00e7ais souhaite acc\u00e9l\u00e9rer la relance du nucl\u00e9aire, les obstacles restent n\u00e9anmoins nombreux, notamment en mati\u00e8re de ma\u00eetrise des co\u00fbts et des d\u00e9lais. L\u2019ann\u00e9e 2026 sera d\u00e9cisive pour EDF, avec la d\u00e9cision finale concernant l\u2019investissement sur les r\u00e9acteurs EPR2.<\/p>\n<\/div>\n<p><br \/>\n<br \/><a href=\"https:\/\/francais.rt.com\/france\/118137-france-reporte-mise-service-premier-reacteur-nucleaire\" target=\"_blank\"\">Source link <\/a><\/p>\n","protected":false},"excerpt":{"rendered":"<p>Lors du Conseil de politique nucl\u00e9aire du 17 mars \u00e0 l\u2019\u00c9lys\u00e9e, Emmanuel Macron a rappel\u00e9 \u00e0 EDF ses engagements pour la construction des six r\u00e9acteurs EPR2. L\u2019entreprise doit pr\u00e9senter un&hellip; <\/p>\n","protected":false},"author":1,"featured_media":4663,"comment_status":"open","ping_status":"open","sticky":false,"template":"","format":"standard","meta":{"footnotes":""},"categories":[1],"tags":[],"class_list":["post-4662","post","type-post","status-publish","format-standard","has-post-thumbnail","hentry","category-non-classe"],"_links":{"self":[{"href":"https:\/\/monde25.info\/index.php\/wp-json\/wp\/v2\/posts\/4662","targetHints":{"allow":["GET"]}}],"collection":[{"href":"https:\/\/monde25.info\/index.php\/wp-json\/wp\/v2\/posts"}],"about":[{"href":"https:\/\/monde25.info\/index.php\/wp-json\/wp\/v2\/types\/post"}],"author":[{"embeddable":true,"href":"https:\/\/monde25.info\/index.php\/wp-json\/wp\/v2\/users\/1"}],"replies":[{"embeddable":true,"href":"https:\/\/monde25.info\/index.php\/wp-json\/wp\/v2\/comments?post=4662"}],"version-history":[{"count":0,"href":"https:\/\/monde25.info\/index.php\/wp-json\/wp\/v2\/posts\/4662\/revisions"}],"wp:featuredmedia":[{"embeddable":true,"href":"https:\/\/monde25.info\/index.php\/wp-json\/wp\/v2\/media\/4663"}],"wp:attachment":[{"href":"https:\/\/monde25.info\/index.php\/wp-json\/wp\/v2\/media?parent=4662"}],"wp:term":[{"taxonomy":"category","embeddable":true,"href":"https:\/\/monde25.info\/index.php\/wp-json\/wp\/v2\/categories?post=4662"},{"taxonomy":"post_tag","embeddable":true,"href":"https:\/\/monde25.info\/index.php\/wp-json\/wp\/v2\/tags?post=4662"}],"curies":[{"name":"wp","href":"https:\/\/api.w.org\/{rel}","templated":true}]}}