{"id":4666,"date":"2025-03-18T09:54:46","date_gmt":"2025-03-18T08:54:46","guid":{"rendered":"https:\/\/monde25.info\/index.php\/2025\/03\/18\/macron-veut-envoyer-larmee-francaise-en-ukraine-et-cest-de-la-folie-les-moutons-enrages\/"},"modified":"2025-03-18T09:54:46","modified_gmt":"2025-03-18T08:54:46","slug":"macron-veut-envoyer-larmee-francaise-en-ukraine-et-cest-de-la-folie-les-moutons-enrages","status":"publish","type":"post","link":"https:\/\/monde25.info\/index.php\/2025\/03\/18\/macron-veut-envoyer-larmee-francaise-en-ukraine-et-cest-de-la-folie-les-moutons-enrages\/","title":{"rendered":"Macron veut envoyer l\u2019arm\u00e9e fran\u00e7aise en Ukraine et c\u2019est de la folie. \u2013 Les moutons enrag\u00e9s"},"content":{"rendered":"<p> <br \/>\n<\/p>\n<div>\n<p>Source <a target=\"_blank\" href=\"https:\/\/insolentiae.com\/macron-veut-envoyer-larmee-francaise-en-ukraine-et-cest-de-la-folie\/\" data-type=\"link\" data-id=\"https:\/\/insolentiae.com\/macron-veut-envoyer-larmee-francaise-en-ukraine-et-cest-de-la-folie\/\">INSOLENTIAE<\/a><\/p>\n<div class=\"wp-block-image\">\n<figure class=\"aligncenter size-large is-resized\"><img fetchpriority=\"high\" decoding=\"async\" width=\"528\" height=\"330\" src=\"https:\/\/lesmoutonsenrages.fr\/wp-content\/uploads\/2025\/03\/image-69-528x330.png\" alt=\"\" class=\"wp-image-165930\" style=\"width:419px;height:auto\" srcset=\"https:\/\/lesmoutonsenrages.fr\/wp-content\/uploads\/2025\/03\/image-69-528x330.png 528w, https:\/\/lesmoutonsenrages.fr\/wp-content\/uploads\/2025\/03\/image-69-250x156.png 250w, https:\/\/lesmoutonsenrages.fr\/wp-content\/uploads\/2025\/03\/image-69-768x480.png 768w, https:\/\/lesmoutonsenrages.fr\/wp-content\/uploads\/2025\/03\/image-69-150x94.png 150w, https:\/\/lesmoutonsenrages.fr\/wp-content\/uploads\/2025\/03\/image-69.png 1080w\" sizes=\"(max-width: 528px) 100vw, 528px\"\/><\/figure>\n<\/div>\n<p>Dans cet article de France Info (<a target=\"_blank\" href=\"https:\/\/www.francetvinfo.fr\/monde\/europe\/manifestations-en-ukraine\/la-russie-previent-qu-elle-considerera-comme-un-conflit-arme-direct-le-deploiement-de-soldats-de-la-paix-europeens-en-ukraine_7127529.html\" target=\"_blank\" rel=\"noreferrer noopener\">source ici<\/a>) vous pourrez v\u00e9rifier la position officielle de la Russie sur l\u2019envoi sur son sol de soldats europ\u00e9ens et otanien en force de maintien de la paix.<\/p>\n<p>\u201cLa Russie a averti jeudi 13 mars qu\u2019elle consid\u00e9rerait l\u2019envoi de soldats de la paix europ\u00e9ens en Ukraine comme un \u201cconflit arm\u00e9 direct\u201d avec Moscou. \u201cIl est absolument inacceptable pour nous que soient d\u00e9ploy\u00e9es des unit\u00e9s des forces arm\u00e9es d\u2019autres Etats en Ukraine\u201d, a d\u00e9clar\u00e9 \u00e0 la presse la porte-parole de la diplomatie russe, Maria Zakharova, commentant cette id\u00e9e avanc\u00e9e notamment par la France.<\/p>\n<p>\u201cIl est important que Washington prenne ses distances, du moins en paroles, avec les projets de Londres et de Paris de d\u00e9ployer un contingent en Ukraine\u201d, a ajout\u00e9 la porte-parole, cit\u00e9e par l\u2019agence russe Tass. \u201cNous avons soulign\u00e9 \u00e0 plusieurs reprises, \u00e0 diff\u00e9rents niveaux, que de telles initiatives ne feraient qu\u2019aggraver la situation\u201d, a-t-elle ajout\u00e9. Une d\u00e9l\u00e9gation am\u00e9ricaine est arriv\u00e9e jeudi en Russie pour discuter du conflit en Ukraine et d\u2019un \u00e9ventuel cessez-le-feu d\u2019une dur\u00e9e de 30 jours.\u201d<\/p>\n<p>Mais Macron notre Professeur Trouposol national ne l\u2019entend pas de cette oreille.<\/p>\n<p><span id=\"more-165929\"\/><\/p>\n<p>Il veut sa guerre contre la Russie.<\/p>\n<p>Il veut son d\u00e9ploiement de force au sol.<\/p>\n<p>Il veut envoyer notre arm\u00e9e se faire trucider dans les tranch\u00e9es ukrainiennes.<\/p>\n<p>Alors pour lui, la Russie dit ce qu\u2019elle veut et lui fait ce qu\u2019il souhaite\u2026 avec les vies des autres.<\/p>\n<figure class=\"wp-block-embed is-type-rich is-provider-twitter wp-block-embed-twitter\">\n<div class=\"wp-block-embed__wrapper\">\n<blockquote class=\"twitter-tweet\" data-width=\"550\" data-dnt=\"true\">\n<p lang=\"fr\" dir=\"ltr\">\ud83d\udea8\ud83c\uddeb\ud83c\uddf7\ud83c\uddf7\ud83c\uddfa ALERTE INFO | Alors que la Russie a affirm\u00e9 qu\u2019elle r\u00e9pondrait \u00ab\u00a0PAR TOUS LES MOYENS DISPONIBLES\u00a0\u00bb au d\u00e9ploiement de soldats de la paix europ\u00e9ens en Ukraine, le consid\u00e9rant comme un \u00ab\u00a0CONFLIT ARM\u00c9 DIRECT\u00a0\u00bb, Emmanuel Macron a d\u00e9clar\u00e9 que la Russie n\u2019avait pas SON MOT \u00c0 DIRE si\u2026 <a target=\"_blank\" href=\"https:\/\/t.co\/NeTMjmL1yn\">pic.twitter.com\/NeTMjmL1yn<\/a><\/p>\n<p>\u2014 Cerfia (@CerfiaFR) <a target=\"_blank\" href=\"https:\/\/twitter.com\/CerfiaFR\/status\/1901168807592554515?ref_src=twsrc%5Etfw\">March 16, 2025<\/a><\/p><\/blockquote>\n<\/div>\n<\/figure>\n<p>Macron n\u2019a rien compris aux relations internationales et \u00e0 la Russie de Poutine ou \u00e0 l\u2019Am\u00e9rique de Trump et nous envoie dans le mur en nous f\u00e2chant avec les deux plus grandes puissances.<\/p>\n<p>Plus grave, personne ne semble vouloir lui expliquer que ce n\u2019est pas lui qui d\u00e9cide ce que pense l\u2019ennemi, que ce n\u2019est pas lui qui dicte ses r\u00e8gles ou la mani\u00e8re de faire. Si Poutine consid\u00e8re que nos troupes au sol sont une menace, alors il attaquera nos hommes et que fera Macron ? Il ripostera avec l\u2019arme nucl\u00e9aire en d\u00e9clenchant la fin du monde ? Ou il enverra encore plus de fils de France se faire tuer au combat pour assouvir son besoin de toute puissance ?<\/p>\n<p>Tout ce que fait ce pr\u00e9sident devient totalement outrancier, diplomatiquement tr\u00e8s dangereux, moralement condamnable, et psychologiquement d\u00e9lirant.<\/p>\n<p>Charles SANNAT<\/p>\n<p>Tous les articles, la tribune libre et commentaires sont sous la responsabilit\u00e9 de leurs auteurs. Les Moutons Enrag\u00e9s ne sauraient \u00eatre tenus responsables de leur contenu ou orientation.<\/p>\n<\/p><\/div>\n<p><script async src=\"\/\/platform.twitter.com\/widgets.js\" charset=\"utf-8\"><\/script><br \/>\n<br \/><br \/>\n<br \/><a href=\"https:\/\/lesmoutonsenrages.fr\/2025\/03\/18\/macron-veut-envoyer-larmee-francaise-en-ukraine-et-cest-de-la-folie\/\" target=\"_blank\"\">Source link <\/a><\/p>\n","protected":false},"excerpt":{"rendered":"<p>Source INSOLENTIAE Dans cet article de France Info (source ici) vous pourrez v\u00e9rifier la position officielle de la Russie sur l\u2019envoi sur son sol de soldats europ\u00e9ens et otanien en&hellip; <\/p>\n","protected":false},"author":1,"featured_media":4667,"comment_status":"open","ping_status":"open","sticky":false,"template":"","format":"standard","meta":{"footnotes":""},"categories":[1],"tags":[],"class_list":["post-4666","post","type-post","status-publish","format-standard","has-post-thumbnail","hentry","category-non-classe"],"_links":{"self":[{"href":"https:\/\/monde25.info\/index.php\/wp-json\/wp\/v2\/posts\/4666","targetHints":{"allow":["GET"]}}],"collection":[{"href":"https:\/\/monde25.info\/index.php\/wp-json\/wp\/v2\/posts"}],"about":[{"href":"https:\/\/monde25.info\/index.php\/wp-json\/wp\/v2\/types\/post"}],"author":[{"embeddable":true,"href":"https:\/\/monde25.info\/index.php\/wp-json\/wp\/v2\/users\/1"}],"replies":[{"embeddable":true,"href":"https:\/\/monde25.info\/index.php\/wp-json\/wp\/v2\/comments?post=4666"}],"version-history":[{"count":0,"href":"https:\/\/monde25.info\/index.php\/wp-json\/wp\/v2\/posts\/4666\/revisions"}],"wp:featuredmedia":[{"embeddable":true,"href":"https:\/\/monde25.info\/index.php\/wp-json\/wp\/v2\/media\/4667"}],"wp:attachment":[{"href":"https:\/\/monde25.info\/index.php\/wp-json\/wp\/v2\/media?parent=4666"}],"wp:term":[{"taxonomy":"category","embeddable":true,"href":"https:\/\/monde25.info\/index.php\/wp-json\/wp\/v2\/categories?post=4666"},{"taxonomy":"post_tag","embeddable":true,"href":"https:\/\/monde25.info\/index.php\/wp-json\/wp\/v2\/tags?post=4666"}],"curies":[{"name":"wp","href":"https:\/\/api.w.org\/{rel}","templated":true}]}}