{"id":4686,"date":"2025-03-18T15:58:47","date_gmt":"2025-03-18T14:58:47","guid":{"rendered":"https:\/\/monde25.info\/index.php\/2025\/03\/18\/la-france-sapprete-a-deployer-des-armes-nucleaires-a-la-frontiere-franco-allemande-rt-en-francais\/"},"modified":"2025-03-18T15:58:47","modified_gmt":"2025-03-18T14:58:47","slug":"la-france-sapprete-a-deployer-des-armes-nucleaires-a-la-frontiere-franco-allemande-rt-en-francais","status":"publish","type":"post","link":"https:\/\/monde25.info\/index.php\/2025\/03\/18\/la-france-sapprete-a-deployer-des-armes-nucleaires-a-la-frontiere-franco-allemande-rt-en-francais\/","title":{"rendered":"La France s&rsquo;appr\u00eate \u00e0 d\u00e9ployer des armes nucl\u00e9aires \u00e0 la fronti\u00e8re franco-allemande \u2014 RT en fran\u00e7ais"},"content":{"rendered":"<p> <br \/>\n<br \/><img decoding=\"async\" src=\"https:\/\/mf.b37mrtl.ru\/french\/images\/2025.03\/thumbnail\/67d983436f7ccc7eb1155c34.jpg\" \/><\/p>\n<div>\n<p class=\"text__summary\">\n                                        Lors de son d\u00e9placement \u00e0 la base a\u00e9rienne 116 de Luxeuil-les-Bains, Emmanuel Macron a annonc\u00e9 un programme de modernisation militaire de 1,5 milliard d\u2019euros. La base accueillera deux escadrons de Rafale et retrouvera un r\u00f4le dans la dissuasion nucl\u00e9aire, alors que la France cherche \u00e0 renforcer ses capacit\u00e9s face aux tensions internationales.\n                                    <\/p>\n<p>Ce mardi 18 mars, Emmanuel Macron s\u2019est rendu sur la base a\u00e9rienne 116 de Luxeuil-les-Bains, en Haute-Sa\u00f4ne, un site strat\u00e9gique pour la d\u00e9fense a\u00e9rienne fran\u00e7aise. Selon <em>Le Figaro<\/em>, cette base est un \u00e9l\u00e9ment cl\u00e9 du dispositif fran\u00e7ais et est qualifi\u00e9e de \u00abpolice du ciel\u00bb, qui intervient tant sur le territoire national que dans l\u2019espace a\u00e9rien des alli\u00e9s de l\u2019OTAN.<\/p>\n<p>Lors de son discours, le pr\u00e9sident fran\u00e7ais a annonc\u00e9 que 1,5 milliard d\u2019euros allaient \u00eatre investis pour moderniser la base et adapter ses infrastructures. Ce projet pr\u00e9voit l\u2019accueil de deux escadrons de Rafale, ce qui va doubler le format de la base et porter le nombre de militaires et civils pr\u00e9sents \u00e0 pr\u00e8s de 2 000 d\u2019ici 2035. Ce plan aura aussi des r\u00e9percussions sur la r\u00e9gion, avec l\u2019arriv\u00e9e de plusieurs milliers d\u2019habitants suppl\u00e9mentaires.<\/p>\n<p>Ce renforcement s\u2019inscrit dans une politique plus large de r\u00e9armement. Emmanuel Macron a insist\u00e9 sur la n\u00e9cessit\u00e9 pour la France d\u2019augmenter ses capacit\u00e9s militaires face \u00e0 un environnement international qu\u2019il qualifie de \u00abplus dangereux et incertain\u00bb. Le chef de l\u2019\u00c9tat a d\u00e9clar\u00e9 que \u00abl\u2019arm\u00e9e fran\u00e7aise est \u00e0 coup s\u00fbr l\u2019arm\u00e9e la plus efficace du continent\u00bb.<\/p>\n<p>L\u2019une des annonces les plus marquantes concerne le retour de la dissuasion nucl\u00e9aire sur la base de Luxeuil. Apr\u00e8s le retrait des forces nucl\u00e9aires en 2011, des Rafale \u00e9quip\u00e9s de missiles nucl\u00e9aires hypersoniques seront stationn\u00e9s sur la base d\u00e8s 2035. Cette d\u00e9cision, qui marque une \u00e9volution importante de la posture militaire fran\u00e7aise, est pr\u00e9sent\u00e9e par l\u2019\u00c9lys\u00e9e comme une r\u00e9ponse aux tensions croissantes en Europe.<\/p>\n<p><iframe loading=\"lazy\" src=\"https:\/\/vk.com\/video_ext.php?oid=-216965535&amp;id=456261055&amp;hd=2&amp;autoplay=1\" width=\"853\" height=\"480\" allow=\"autoplay; encrypted-media; fullscreen; picture-in-picture; screen-wake-lock;\" frameborder=\"0\" allowfullscreen=\"\"><\/iframe><\/p>\n<p>Cette annonce s\u2019inscrit \u00e9galement dans un contexte o\u00f9 la France tente de repositionner sa strat\u00e9gie militaire au sein de l\u2019Europe, notamment en raison de la politique \u00e9trang\u00e8re incertaine des \u00c9tats-Unis. D\u2019apr\u00e8s <em>Le Figaro<\/em>, Paris cherche ainsi \u00e0 consolider son r\u00f4le dans la d\u00e9fense des int\u00e9r\u00eats de l\u2019OTAN, en mettant en avant son arsenal nucl\u00e9aire comme un facteur de dissuasion.<\/p>\n<p>Emmanuel Macron a insist\u00e9 sur l\u2019importance de cette modernisation pour assurer la protection du territoire fran\u00e7ais. Il a affirm\u00e9 : \u00absi nous voulons \u00e9viter la guerre, nous devons nous doter des moyens n\u00e9cessaires pour nous d\u00e9fendre\u00bb, insistant sur le fait que la France devait continuer \u00e0 investir dans ses capacit\u00e9s militaires et \u00e0 renforcer la souverainet\u00e9 de sa d\u00e9fense.<\/p>\n<\/div>\n<p><br \/>\n<br \/><a href=\"https:\/\/francais.rt.com\/france\/118170-france-armes-nucleaires-frontiere-franco-allemande\" target=\"_blank\"\">Source link <\/a><\/p>\n","protected":false},"excerpt":{"rendered":"<p>Lors de son d\u00e9placement \u00e0 la base a\u00e9rienne 116 de Luxeuil-les-Bains, Emmanuel Macron a annonc\u00e9 un programme de modernisation militaire de 1,5 milliard d\u2019euros. La base accueillera deux escadrons de&hellip; <\/p>\n","protected":false},"author":1,"featured_media":4687,"comment_status":"open","ping_status":"open","sticky":false,"template":"","format":"standard","meta":{"footnotes":""},"categories":[1],"tags":[],"class_list":["post-4686","post","type-post","status-publish","format-standard","has-post-thumbnail","hentry","category-non-classe"],"_links":{"self":[{"href":"https:\/\/monde25.info\/index.php\/wp-json\/wp\/v2\/posts\/4686","targetHints":{"allow":["GET"]}}],"collection":[{"href":"https:\/\/monde25.info\/index.php\/wp-json\/wp\/v2\/posts"}],"about":[{"href":"https:\/\/monde25.info\/index.php\/wp-json\/wp\/v2\/types\/post"}],"author":[{"embeddable":true,"href":"https:\/\/monde25.info\/index.php\/wp-json\/wp\/v2\/users\/1"}],"replies":[{"embeddable":true,"href":"https:\/\/monde25.info\/index.php\/wp-json\/wp\/v2\/comments?post=4686"}],"version-history":[{"count":0,"href":"https:\/\/monde25.info\/index.php\/wp-json\/wp\/v2\/posts\/4686\/revisions"}],"wp:featuredmedia":[{"embeddable":true,"href":"https:\/\/monde25.info\/index.php\/wp-json\/wp\/v2\/media\/4687"}],"wp:attachment":[{"href":"https:\/\/monde25.info\/index.php\/wp-json\/wp\/v2\/media?parent=4686"}],"wp:term":[{"taxonomy":"category","embeddable":true,"href":"https:\/\/monde25.info\/index.php\/wp-json\/wp\/v2\/categories?post=4686"},{"taxonomy":"post_tag","embeddable":true,"href":"https:\/\/monde25.info\/index.php\/wp-json\/wp\/v2\/tags?post=4686"}],"curies":[{"name":"wp","href":"https:\/\/api.w.org\/{rel}","templated":true}]}}