{"id":4690,"date":"2025-03-18T17:05:15","date_gmt":"2025-03-18T16:05:15","guid":{"rendered":"https:\/\/monde25.info\/index.php\/2025\/03\/18\/scandale-detat-un-match-interrompu-2-minutes-pour-rompre-le-jeune-du-ramadan\/"},"modified":"2025-03-18T17:05:15","modified_gmt":"2025-03-18T16:05:15","slug":"scandale-detat-un-match-interrompu-2-minutes-pour-rompre-le-jeune-du-ramadan","status":"publish","type":"post","link":"https:\/\/monde25.info\/index.php\/2025\/03\/18\/scandale-detat-un-match-interrompu-2-minutes-pour-rompre-le-jeune-du-ramadan\/","title":{"rendered":"Scandale d&rsquo;\u00e9tat : un match \u00ab\u00a0interrompu\u00a0\u00bb 2 minutes pour rompre le je\u00fbne du ramadan !"},"content":{"rendered":"<p> <br \/>\n<\/p>\n<div>\n<div class=\"intro-text\">\n<p><span class=\"dropcap \" style=\"background-color: #ffffff; color: #000000; border-color: #ffffff;\"><strong>C\u2019<\/strong><\/span>est le chaos en France, le monde politico-m\u00e9diatique est en \u00e9moi ! D\u2019aucuns ont accus\u00e9 un footballeur et l\u2019arbitre du match Angers-Monaco d\u2019avoir simul\u00e9 une blessure pour arr\u00eater le match 2 minutes et permettre \u00e0 des musulmans de rompre le je\u00fbne du ramadan. Pourtant la premi\u00e8re version de l\u2019info est une fake news puisqu\u2019ils parlent d\u2019un match interrompu pour rompre le Ramadan ce qui est totalement faux. Un communiqu\u00e9 de la FFF parle bien d\u2019une blessure.<\/p>\n<p>Mais c\u2019est sans compter sur Pascal Praud et les autres islamomaniaques des plateaux t\u00e9l\u00e9 et radio parisiens : pour eux c\u2019est une fausse blessure ! Pourtant 50% des blessures de foot sont des simulations. Pour lui c\u2019est une affaire tr\u00e8s grave qui n\u00e9cessite des r\u00e9actions imm\u00e9diates ! Les violences sexuelles dans le sport, le racisme, les matchs truqu\u00e9s\u2026 voici des affaires gravissimes et des urgences \u00e0 traiter. Ehhhh oui ! De toute fa\u00e7on on est dans un monde orwellien et ils n\u2019ont plus de limite dans leur b\u00eatise crasse.<\/p>\n<p>Bien s\u00fbr, cette non affaire a \u00e9t\u00e9 une occasion en or pour la racaille politique islamophobe. Elle s\u2019est d\u00e9cha\u00een\u00e9e et a multipli\u00e9 les d\u00e9clarations mensong\u00e8res ! Commen\u00e7ons par l\u2019escroc Wauquiez qui se gave d\u2019argent public en restaurant \u00e0 800\u20ac par t\u00eate pour se cr\u00e9er son r\u00e9seau politique. Il n\u2019y a pas eu d\u2019interruption ; il y a eu blessure mais ceci n\u2019est qu\u2019un d\u00e9tail.<\/p>\n<hr\/>\n<\/div>\n<p><a target=\"_blank\" href=\"https:\/\/i0.wp.com\/www.lelibrepenseur.org\/wp-content\/uploads\/2025\/03\/Capture-decran-2025-03-18-103850.png?ssl=1\"><img data-recalc-dims=\"1\" loading=\"lazy\" decoding=\"async\" data-attachment-id=\"6053284\" data-permalink=\"https:\/\/www.lelibrepenseur.org\/scandale-detat-un-match-interrompu-2-minutes-pour-rompre-le-jeune-du-ramadan\/capture-decran-2025-03-18-103850\/\" data-orig-file=\"https:\/\/i0.wp.com\/www.lelibrepenseur.org\/wp-content\/uploads\/2025\/03\/Capture-decran-2025-03-18-103850.png?fit=770%2C383&amp;ssl=1\" data-orig-size=\"770,383\" data-comments-opened=\"1\" data-image-meta=\"{&quot;aperture&quot;:&quot;0&quot;,&quot;credit&quot;:&quot;&quot;,&quot;camera&quot;:&quot;&quot;,&quot;caption&quot;:&quot;&quot;,&quot;created_timestamp&quot;:&quot;0&quot;,&quot;copyright&quot;:&quot;&quot;,&quot;focal_length&quot;:&quot;0&quot;,&quot;iso&quot;:&quot;0&quot;,&quot;shutter_speed&quot;:&quot;0&quot;,&quot;title&quot;:&quot;&quot;,&quot;orientation&quot;:&quot;0&quot;}\" data-image-title=\"Capture d&amp;rsquo;\u00e9cran 2025-03-18 103850\" data-image-description=\"\" data-image-caption=\"\" data-medium-file=\"https:\/\/i0.wp.com\/www.lelibrepenseur.org\/wp-content\/uploads\/2025\/03\/Capture-decran-2025-03-18-103850.png?fit=300%2C149&amp;ssl=1\" data-large-file=\"https:\/\/i0.wp.com\/www.lelibrepenseur.org\/wp-content\/uploads\/2025\/03\/Capture-decran-2025-03-18-103850.png?fit=770%2C383&amp;ssl=1\" class=\" wp-image-6053284 aligncenter\" data-pagespeed-lazy-src=\"https:\/\/i0.wp.com\/www.lelibrepenseur.org\/wp-content\/uploads\/2025\/03\/Capture-decran-2025-03-18-103850.png?resize=549%2C273&amp;ssl=1\" alt=\"\" width=\"549\" height=\"273\" data-pagespeed-lazy-srcset=\"https:\/\/i0.wp.com\/www.lelibrepenseur.org\/wp-content\/uploads\/2025\/03\/Capture-decran-2025-03-18-103850.png?w=770&amp;ssl=1 770w, https:\/\/i0.wp.com\/www.lelibrepenseur.org\/wp-content\/uploads\/2025\/03\/Capture-decran-2025-03-18-103850.png?resize=300%2C149&amp;ssl=1 300w, https:\/\/i0.wp.com\/www.lelibrepenseur.org\/wp-content\/uploads\/2025\/03\/Capture-decran-2025-03-18-103850.png?resize=768%2C382&amp;ssl=1 768w, https:\/\/i0.wp.com\/www.lelibrepenseur.org\/wp-content\/uploads\/2025\/03\/Capture-decran-2025-03-18-103850.png?resize=24%2C12&amp;ssl=1 24w, https:\/\/i0.wp.com\/www.lelibrepenseur.org\/wp-content\/uploads\/2025\/03\/Capture-decran-2025-03-18-103850.png?resize=36%2C18&amp;ssl=1 36w, https:\/\/i0.wp.com\/www.lelibrepenseur.org\/wp-content\/uploads\/2025\/03\/Capture-decran-2025-03-18-103850.png?resize=48%2C24&amp;ssl=1 48w, https:\/\/i0.wp.com\/www.lelibrepenseur.org\/wp-content\/uploads\/2025\/03\/Capture-decran-2025-03-18-103850.png?resize=600%2C298&amp;ssl=1 600w, https:\/\/i0.wp.com\/www.lelibrepenseur.org\/wp-content\/uploads\/2025\/03\/Capture-decran-2025-03-18-103850.png?resize=360%2C180&amp;ssl=1 360w, https:\/\/i0.wp.com\/www.lelibrepenseur.org\/wp-content\/uploads\/2025\/03\/Capture-decran-2025-03-18-103850.png?resize=750%2C373&amp;ssl=1 750w\" sizes=\"auto, (max-width: 549px) 100vw, 549px\" src=\"\/pagespeed_static\/1.JiBnMqyl6S.gif\" onload=\"pagespeed.lazyLoadImages.loadIfVisibleAndMaybeBeacon(this);\" onerror=\"this.onerror=null;pagespeed.lazyLoadImages.loadIfVisibleAndMaybeBeacon(this);\"\/><\/a><\/p>\n<hr\/>\n<div class=\"intro-text\">\n<p>Ensuite ce sera au tour de F.-X. Bellamy sur Sud Radio. L\u00e0 encore il n\u2019y a pas eu d\u2019interruption mais blessure. Puis il attaque directement et parle d\u2019entrisme islamiste dans le sport car faire le je\u00fbne est donc une d\u00e9rive int\u00e9griste dangereuse ce qui d\u2019une gravit\u00e9 folle pour un politicien ! Pour lui rompre le je\u00fbne est une strat\u00e9gie de \u00ab\u00a0division\u00a0\u00bb de la France, rien que \u00e7a ! Il est en roue libre et ce n\u2019est certainement pas le pervers de Bourdin qui le contredira\u2026<\/p>\n<\/div>\n<hr\/>\n<p><a target=\"_blank\" href=\"https:\/\/i0.wp.com\/www.lelibrepenseur.org\/wp-content\/uploads\/2025\/03\/Capture-decran-2025-03-18-103517.png?ssl=1\"><img data-recalc-dims=\"1\" loading=\"lazy\" decoding=\"async\" data-attachment-id=\"6053286\" data-permalink=\"https:\/\/www.lelibrepenseur.org\/scandale-detat-un-match-interrompu-2-minutes-pour-rompre-le-jeune-du-ramadan\/capture-decran-2025-03-18-103517\/\" data-orig-file=\"https:\/\/i0.wp.com\/www.lelibrepenseur.org\/wp-content\/uploads\/2025\/03\/Capture-decran-2025-03-18-103517.png?fit=761%2C586&amp;ssl=1\" data-orig-size=\"761,586\" data-comments-opened=\"1\" data-image-meta=\"{&quot;aperture&quot;:&quot;0&quot;,&quot;credit&quot;:&quot;&quot;,&quot;camera&quot;:&quot;&quot;,&quot;caption&quot;:&quot;&quot;,&quot;created_timestamp&quot;:&quot;0&quot;,&quot;copyright&quot;:&quot;&quot;,&quot;focal_length&quot;:&quot;0&quot;,&quot;iso&quot;:&quot;0&quot;,&quot;shutter_speed&quot;:&quot;0&quot;,&quot;title&quot;:&quot;&quot;,&quot;orientation&quot;:&quot;0&quot;}\" data-image-title=\"Capture d&amp;rsquo;\u00e9cran 2025-03-18 103517\" data-image-description=\"\" data-image-caption=\"\" data-medium-file=\"https:\/\/i0.wp.com\/www.lelibrepenseur.org\/wp-content\/uploads\/2025\/03\/Capture-decran-2025-03-18-103517.png?fit=300%2C231&amp;ssl=1\" data-large-file=\"https:\/\/i0.wp.com\/www.lelibrepenseur.org\/wp-content\/uploads\/2025\/03\/Capture-decran-2025-03-18-103517.png?fit=761%2C586&amp;ssl=1\" class=\"wp-image-6053286 aligncenter\" data-pagespeed-lazy-src=\"https:\/\/i0.wp.com\/www.lelibrepenseur.org\/wp-content\/uploads\/2025\/03\/Capture-decran-2025-03-18-103517.png?resize=551%2C424&amp;ssl=1\" alt=\"\" width=\"551\" height=\"424\" data-pagespeed-lazy-srcset=\"https:\/\/i0.wp.com\/www.lelibrepenseur.org\/wp-content\/uploads\/2025\/03\/Capture-decran-2025-03-18-103517.png?w=761&amp;ssl=1 761w, https:\/\/i0.wp.com\/www.lelibrepenseur.org\/wp-content\/uploads\/2025\/03\/Capture-decran-2025-03-18-103517.png?resize=300%2C231&amp;ssl=1 300w, https:\/\/i0.wp.com\/www.lelibrepenseur.org\/wp-content\/uploads\/2025\/03\/Capture-decran-2025-03-18-103517.png?resize=24%2C18&amp;ssl=1 24w, https:\/\/i0.wp.com\/www.lelibrepenseur.org\/wp-content\/uploads\/2025\/03\/Capture-decran-2025-03-18-103517.png?resize=36%2C28&amp;ssl=1 36w, https:\/\/i0.wp.com\/www.lelibrepenseur.org\/wp-content\/uploads\/2025\/03\/Capture-decran-2025-03-18-103517.png?resize=48%2C37&amp;ssl=1 48w, https:\/\/i0.wp.com\/www.lelibrepenseur.org\/wp-content\/uploads\/2025\/03\/Capture-decran-2025-03-18-103517.png?resize=600%2C462&amp;ssl=1 600w, https:\/\/i0.wp.com\/www.lelibrepenseur.org\/wp-content\/uploads\/2025\/03\/Capture-decran-2025-03-18-103517.png?resize=750%2C578&amp;ssl=1 750w\" sizes=\"auto, (max-width: 551px) 100vw, 551px\" src=\"\/pagespeed_static\/1.JiBnMqyl6S.gif\" onload=\"pagespeed.lazyLoadImages.loadIfVisibleAndMaybeBeacon(this);\" onerror=\"this.onerror=null;pagespeed.lazyLoadImages.loadIfVisibleAndMaybeBeacon(this);\"\/><\/a><\/p>\n<hr\/>\n<div class=\"intro-text\">\n<p>Puis on a le courrier officiel du d\u00e9put\u00e9 Matthias Renault, RN, dont les dirigeants du parti sont tous impliqu\u00e9s dans de graves affaires judiciaires (Marine, Rachline\u2026). Il \u00e9crit au patron de la FFF avec papier \u00e0 en-t\u00eate de l\u2019Assembl\u00e9e pour lui demander des comptes ! On croit r\u00eaver !<\/p>\n<\/div>\n<hr\/>\n<p><a target=\"_blank\" href=\"https:\/\/i0.wp.com\/www.lelibrepenseur.org\/wp-content\/uploads\/2025\/03\/Depute-ecrit-a-la-FFF-pour-la-rupture-jeune-Ramadan-match-Monaco.jpg?ssl=1\"><img data-recalc-dims=\"1\" loading=\"lazy\" decoding=\"async\" data-attachment-id=\"6053283\" data-permalink=\"https:\/\/www.lelibrepenseur.org\/scandale-detat-un-match-interrompu-2-minutes-pour-rompre-le-jeune-du-ramadan\/depute-ecrit-a-la-fff-pour-la-rupture-jeune-ramadan-match-monaco\/\" data-orig-file=\"https:\/\/i0.wp.com\/www.lelibrepenseur.org\/wp-content\/uploads\/2025\/03\/Depute-ecrit-a-la-FFF-pour-la-rupture-jeune-Ramadan-match-Monaco.jpg?fit=845%2C963&amp;ssl=1\" data-orig-size=\"845,963\" data-comments-opened=\"1\" data-image-meta=\"{&quot;aperture&quot;:&quot;0&quot;,&quot;credit&quot;:&quot;&quot;,&quot;camera&quot;:&quot;&quot;,&quot;caption&quot;:&quot;&quot;,&quot;created_timestamp&quot;:&quot;0&quot;,&quot;copyright&quot;:&quot;&quot;,&quot;focal_length&quot;:&quot;0&quot;,&quot;iso&quot;:&quot;0&quot;,&quot;shutter_speed&quot;:&quot;0&quot;,&quot;title&quot;:&quot;&quot;,&quot;orientation&quot;:&quot;0&quot;}\" data-image-title=\"D\u00e9put\u00e9 \u00e9crit \u00e0 la FFF pour la rupture jeune Ramadan match Monaco\" data-image-description=\"\" data-image-caption=\"\" data-medium-file=\"https:\/\/i0.wp.com\/www.lelibrepenseur.org\/wp-content\/uploads\/2025\/03\/Depute-ecrit-a-la-FFF-pour-la-rupture-jeune-Ramadan-match-Monaco.jpg?fit=263%2C300&amp;ssl=1\" data-large-file=\"https:\/\/i0.wp.com\/www.lelibrepenseur.org\/wp-content\/uploads\/2025\/03\/Depute-ecrit-a-la-FFF-pour-la-rupture-jeune-Ramadan-match-Monaco.jpg?fit=845%2C963&amp;ssl=1\" class=\"wp-image-6053283 aligncenter\" data-pagespeed-lazy-src=\"https:\/\/i0.wp.com\/www.lelibrepenseur.org\/wp-content\/uploads\/2025\/03\/Depute-ecrit-a-la-FFF-pour-la-rupture-jeune-Ramadan-match-Monaco.jpg?resize=551%2C628&amp;ssl=1\" alt=\"\" width=\"551\" height=\"628\" data-pagespeed-lazy-srcset=\"https:\/\/i0.wp.com\/www.lelibrepenseur.org\/wp-content\/uploads\/2025\/03\/Depute-ecrit-a-la-FFF-pour-la-rupture-jeune-Ramadan-match-Monaco.jpg?w=845&amp;ssl=1 845w, https:\/\/i0.wp.com\/www.lelibrepenseur.org\/wp-content\/uploads\/2025\/03\/Depute-ecrit-a-la-FFF-pour-la-rupture-jeune-Ramadan-match-Monaco.jpg?resize=263%2C300&amp;ssl=1 263w, https:\/\/i0.wp.com\/www.lelibrepenseur.org\/wp-content\/uploads\/2025\/03\/Depute-ecrit-a-la-FFF-pour-la-rupture-jeune-Ramadan-match-Monaco.jpg?resize=768%2C875&amp;ssl=1 768w, https:\/\/i0.wp.com\/www.lelibrepenseur.org\/wp-content\/uploads\/2025\/03\/Depute-ecrit-a-la-FFF-pour-la-rupture-jeune-Ramadan-match-Monaco.jpg?resize=21%2C24&amp;ssl=1 21w, https:\/\/i0.wp.com\/www.lelibrepenseur.org\/wp-content\/uploads\/2025\/03\/Depute-ecrit-a-la-FFF-pour-la-rupture-jeune-Ramadan-match-Monaco.jpg?resize=32%2C36&amp;ssl=1 32w, https:\/\/i0.wp.com\/www.lelibrepenseur.org\/wp-content\/uploads\/2025\/03\/Depute-ecrit-a-la-FFF-pour-la-rupture-jeune-Ramadan-match-Monaco.jpg?resize=42%2C48&amp;ssl=1 42w, https:\/\/i0.wp.com\/www.lelibrepenseur.org\/wp-content\/uploads\/2025\/03\/Depute-ecrit-a-la-FFF-pour-la-rupture-jeune-Ramadan-match-Monaco.jpg?resize=600%2C684&amp;ssl=1 600w, https:\/\/i0.wp.com\/www.lelibrepenseur.org\/wp-content\/uploads\/2025\/03\/Depute-ecrit-a-la-FFF-pour-la-rupture-jeune-Ramadan-match-Monaco.jpg?resize=750%2C855&amp;ssl=1 750w\" sizes=\"auto, (max-width: 551px) 100vw, 551px\" src=\"\/pagespeed_static\/1.JiBnMqyl6S.gif\" onload=\"pagespeed.lazyLoadImages.loadIfVisibleAndMaybeBeacon(this);\" onerror=\"this.onerror=null;pagespeed.lazyLoadImages.loadIfVisibleAndMaybeBeacon(this);\"\/><\/a><\/p>\n<hr\/>\n<div class=\"intro-text\">\n<p>Au m\u00eame moment, un licenci\u00e9 \u00e9crit \u00e0 la f\u00e9d\u00e9ration de football \u2013 image ci-dessous \u2013 pour lui expliquer \u00e0 quel point cette guerre ridicule faite aux musulmans est absurde. Elle n\u2019a pas lieu d\u2019\u00eatre d\u2019autant que lorsqu\u2019il s\u2019agit de pratiques religieuses chr\u00e9tiennes dans le foot, \u00e7a ne choque personne et c\u2019est tant mieux. Il rappelle que c\u2019est juste une pause de 2 minutes pour s\u2019abreuver et prendre un fruit. Le faire ne peut peut pas saper et mettre en danger la R\u00e9publique autrement celle-ci est bien trop fragile. En r\u00e9alit\u00e9 ce sont ces politiciens qui divisent le pays et la communaut\u00e9 nationale en cr\u00e9ant ces fausses pol\u00e9miques. Sur le terrain rompre le je\u00fbne ne d\u00e9range personne.<\/p>\n<p>On aimerait d\u2019ailleurs comprendre \u00e0 quel moment jouer au foot est un service public qui impose le respect de la la\u00efcit\u00e9. Rappelons aussi que la la\u00efcit\u00e9 est le fait d\u2019interdire \u00e0 l\u2019\u00e9tat de s\u2019ing\u00e9rer dans les affaire religieuses ce qui est totalement invers\u00e9 ici. La la\u00efcit\u00e9 est l\u00e0 pour prot\u00e9ger les croyants dans leurs cultes et non pas leur interdire de le pratiquer.<\/p>\n<p>Nous vivons une \u00e9poque dangereuse dans laquelle on peut voir la France sombrer \u00e0 vue d\u2019\u0153il. Sauf que les politiciens responsables de cette faillite ont besoin d\u2019un bouc \u00e9missaire pour \u00e9chapper \u00e0 la col\u00e8re populaire. Le musulman est la cible historique id\u00e9ale. Si ce n\u2019est pas le je\u00fbne, ce sera le voile dans le sport ou la p\u00e9nurie d\u2019huile ou d\u2019\u0153ufs\u2026 Le futur qui nous attend est sombre.<\/p>\n<\/div>\n<hr\/>\n<p><a target=\"_blank\" href=\"https:\/\/i0.wp.com\/www.lelibrepenseur.org\/wp-content\/uploads\/2025\/03\/Courrier-Equipe-concernant-la-FFF-et-le-Ramadan-de-Regis-Dupont.png?ssl=1\"><img data-recalc-dims=\"1\" loading=\"lazy\" decoding=\"async\" data-attachment-id=\"6053285\" data-permalink=\"https:\/\/www.lelibrepenseur.org\/scandale-detat-un-match-interrompu-2-minutes-pour-rompre-le-jeune-du-ramadan\/courrier-equipe-concernant-la-fff-et-le-ramadan-de-regis-dupont\/\" data-orig-file=\"https:\/\/i0.wp.com\/www.lelibrepenseur.org\/wp-content\/uploads\/2025\/03\/Courrier-Equipe-concernant-la-FFF-et-le-Ramadan-de-Regis-Dupont.png?fit=622%2C830&amp;ssl=1\" data-orig-size=\"622,830\" data-comments-opened=\"1\" data-image-meta=\"{&quot;aperture&quot;:&quot;0&quot;,&quot;credit&quot;:&quot;&quot;,&quot;camera&quot;:&quot;&quot;,&quot;caption&quot;:&quot;&quot;,&quot;created_timestamp&quot;:&quot;0&quot;,&quot;copyright&quot;:&quot;&quot;,&quot;focal_length&quot;:&quot;0&quot;,&quot;iso&quot;:&quot;0&quot;,&quot;shutter_speed&quot;:&quot;0&quot;,&quot;title&quot;:&quot;&quot;,&quot;orientation&quot;:&quot;0&quot;}\" data-image-title=\"Courrier Equipe concernant la FFF et le Ramadan de R\u00e9gis Dupont\" data-image-description=\"\" data-image-caption=\"\" data-medium-file=\"https:\/\/i0.wp.com\/www.lelibrepenseur.org\/wp-content\/uploads\/2025\/03\/Courrier-Equipe-concernant-la-FFF-et-le-Ramadan-de-Regis-Dupont.png?fit=225%2C300&amp;ssl=1\" data-large-file=\"https:\/\/i0.wp.com\/www.lelibrepenseur.org\/wp-content\/uploads\/2025\/03\/Courrier-Equipe-concernant-la-FFF-et-le-Ramadan-de-Regis-Dupont.png?fit=622%2C830&amp;ssl=1\" class=\"wp-image-6053285 aligncenter\" data-pagespeed-lazy-src=\"https:\/\/i0.wp.com\/www.lelibrepenseur.org\/wp-content\/uploads\/2025\/03\/Courrier-Equipe-concernant-la-FFF-et-le-Ramadan-de-Regis-Dupont.png?resize=549%2C733&amp;ssl=1\" alt=\"\" width=\"549\" height=\"733\" data-pagespeed-lazy-srcset=\"https:\/\/i0.wp.com\/www.lelibrepenseur.org\/wp-content\/uploads\/2025\/03\/Courrier-Equipe-concernant-la-FFF-et-le-Ramadan-de-Regis-Dupont.png?w=622&amp;ssl=1 622w, https:\/\/i0.wp.com\/www.lelibrepenseur.org\/wp-content\/uploads\/2025\/03\/Courrier-Equipe-concernant-la-FFF-et-le-Ramadan-de-Regis-Dupont.png?resize=225%2C300&amp;ssl=1 225w, https:\/\/i0.wp.com\/www.lelibrepenseur.org\/wp-content\/uploads\/2025\/03\/Courrier-Equipe-concernant-la-FFF-et-le-Ramadan-de-Regis-Dupont.png?resize=18%2C24&amp;ssl=1 18w, https:\/\/i0.wp.com\/www.lelibrepenseur.org\/wp-content\/uploads\/2025\/03\/Courrier-Equipe-concernant-la-FFF-et-le-Ramadan-de-Regis-Dupont.png?resize=27%2C36&amp;ssl=1 27w, https:\/\/i0.wp.com\/www.lelibrepenseur.org\/wp-content\/uploads\/2025\/03\/Courrier-Equipe-concernant-la-FFF-et-le-Ramadan-de-Regis-Dupont.png?resize=36%2C48&amp;ssl=1 36w, https:\/\/i0.wp.com\/www.lelibrepenseur.org\/wp-content\/uploads\/2025\/03\/Courrier-Equipe-concernant-la-FFF-et-le-Ramadan-de-Regis-Dupont.png?resize=600%2C801&amp;ssl=1 600w\" sizes=\"auto, (max-width: 549px) 100vw, 549px\" src=\"\/pagespeed_static\/1.JiBnMqyl6S.gif\" onload=\"pagespeed.lazyLoadImages.loadIfVisibleAndMaybeBeacon(this);\" onerror=\"this.onerror=null;pagespeed.lazyLoadImages.loadIfVisibleAndMaybeBeacon(this);\"\/><\/a><\/p>\n<hr\/>\n<blockquote>\n<p class=\"asset asset-text\"><strong><span class=\"dropcap \" style=\"background-color: #ffffff; color: #1e73be; border-color: #ffffff;\">U<\/span>ne 13e minute symbolique. Pour la toute premi\u00e8re fois en Ligue 1, un match de football professionnel a \u00e9t\u00e9 interrompu le temps de quelques instants pour permettre aux joueurs concern\u00e9s de <a target=\"_blank\" href=\"https:\/\/www.huffingtonpost.fr\/life\/video\/pendant-le-ramadan-ces-chats-confus-par-les-horaires-de-jeune-deviennent-les-mascottes-de-tiktok_247119.html\">rompre le je\u00fbne du ramadan<\/a>. <\/strong><\/p>\n<p class=\"asset asset-text\">Cette sc\u00e8ne s\u2019est d\u00e9roul\u00e9e ce samedi 15\u00a0mars lors de la rencontre Angers-Monaco, pour le compte de\u00a0<a target=\"_blank\" href=\"https:\/\/www.huffingtonpost.fr\/sport\/article\/avant-psg-om-luis-enrique-lance-un-appel-au-calme-aux-supporters-parisiens-pour-eviter-les-debordements_247508.html\">la 26e\u00a0journ\u00e9e de Ligue 1<\/a>.<\/p>\n<p class=\"asset asset-text\">Comme le rapporte\u00a0<a target=\"_blank\" title=\"Nouvelle fen\u00eatre\" href=\"https:\/\/rmcsport.bfmtv.com\/football\/ligue-1\/angers-monaco-le-match-brievement-interrompu-pour-rompre-le-jeune-du-ramadan-une-premiere-en-ligue-1_AV-202503160252.html\" target=\"_blank\" rel=\"noopener\">RMC Sport<\/a>, c\u2019est juste apr\u00e8s une interruption du jeu provoqu\u00e9e involontairement par un joueur angevin \u00e0 la 13e minute que le match a \u00e9t\u00e9 interrompu pour accorder ce moment aux joueurs de\u00a0<a target=\"_blank\" title=\"Nouvelle fen\u00eatre\" href=\"https:\/\/www.huffingtonpost.fr\/culture\/article\/la-france-tu-l-aimes-mais-tu-la-quittes-ce-qu-il-faut-savoir-sur-ce-livre-sur-l-islamophobie_233204.html\" target=\"_blank\" rel=\"noopener\">confession musulmane<\/a>\u00a0des deux formations. Une d\u00e9cision act\u00e9e par le d\u00e9l\u00e9gu\u00e9 du match, apr\u00e8s un accord trouv\u00e9 entre le staff des deux \u00e9quipes qui ont donc demand\u00e9 l\u2019accord \u00e0 la Ligue de football professionnelle.<\/p>\n<div class=\"ads ads-inreadArticle\">\n<div class=\"ads-content ads-placeholder\" data-related-slot=\"inread_top\">\n<div id=\"inread_top\" class=\"dfp-slot adm-ad-empty\" data-format=\"inread_top\" aria-hidden=\"true\" data-has-placeholder=\"1\" data-google-query-id=\"CIO_u_K4kYwDFcBapAQdLdAugg\">\n<p>Parmi les joueurs concern\u00e9s, l\u2019international libyen Al-Musrati pour Monaco et trois joueurs du SCO d\u2019Angers, Zinedine Ferhat, Carlens Arcus, Yassin Belkhdim. Une pause de quelques instants, qui a d\u2019ailleurs permis au reste des joueurs de s\u2019hydrater. Les d\u00e9bats sportifs ont ensuite repris naturellement, avec une victoire mon\u00e9gasque 2-0 \u00e0 la cl\u00e9.<\/p>\n<\/div>\n<\/div>\n<\/div>\n<p class=\"asset asset-text\">Seul b\u00e9mol avec cette interruption\u00a0: elle est normalement proscrite par la\u00a0<a target=\"_blank\" href=\"https:\/\/www.huffingtonpost.fr\/sport\/article\/la-fff-condamne-fermement-les-propos-homophobes-d-airine-fontaine-joueuse-du-fc-fleury_247498.html\">F\u00e9d\u00e9ration Fran\u00e7aise de Football (FFF)<\/a>. Alors qu\u2019une interruption du match est d\u00e9sormais autoris\u00e9e dans plusieurs championnats europ\u00e9ens comme la Premier League anglaise ou la Bundesliga allemande. La Ligue des champions, plus prestigieuse comp\u00e9tition de clubs en Europe, l\u2019autorise \u00e9galement\u2026<\/p>\n<h6 class=\"caption\">Photo d\u2019illustration : Pendant la premi\u00e8re mi-temps d\u2019Angers-Monaco, une courte pause a \u00e9t\u00e9 accord\u00e9e lors d\u2019un arr\u00eat de jeu pour permettre aux joueurs de confession musulmane de rompre le je\u00fbne du ramadan. JEAN-FRANCOIS MONIER \/ AFP<\/h6>\n<p>Maxime Birken<\/p>\n<p><a target=\"_blank\" href=\"https:\/\/www.huffingtonpost.fr\/sport\/article\/le-match-de-ligue-1-angers-monaco-interrompu-pour-briser-le-jeune-du-ramadan-de-plusieurs-joueurs_247529.html?s=03\"><img decoding=\"async\" data-pagespeed-lazy-src=\"https:\/\/www.huffingtonpost.fr\/bucket\/assets\/7db038347adfdfe1c17f38bc57d2f3f4ce8af3e6\/img\/svg\/shared\/logo-small.svg\" src=\"\/pagespeed_static\/1.JiBnMqyl6S.gif\" onload=\"pagespeed.lazyLoadImages.loadIfVisibleAndMaybeBeacon(this);\" onerror=\"this.onerror=null;pagespeed.lazyLoadImages.loadIfVisibleAndMaybeBeacon(this);\"\/>Huffington Post<\/a><\/p>\n<h6>16 mars 2025<\/h6>\n<\/blockquote>\n<\/div>\n<p><br \/>\n<br \/><a href=\"https:\/\/www.lelibrepenseur.org\/scandale-detat-un-match-interrompu-2-minutes-pour-rompre-le-jeune-du-ramadan\/\" target=\"_blank\"\">Source link <\/a><\/p>\n","protected":false},"excerpt":{"rendered":"<p>C\u2019est le chaos en France, le monde politico-m\u00e9diatique est en \u00e9moi ! D\u2019aucuns ont accus\u00e9 un footballeur et l\u2019arbitre du match Angers-Monaco d\u2019avoir simul\u00e9 une blessure pour arr\u00eater le match&hellip; <\/p>\n","protected":false},"author":1,"featured_media":0,"comment_status":"open","ping_status":"open","sticky":false,"template":"","format":"standard","meta":{"footnotes":""},"categories":[1],"tags":[],"class_list":["post-4690","post","type-post","status-publish","format-standard","hentry","category-non-classe"],"_links":{"self":[{"href":"https:\/\/monde25.info\/index.php\/wp-json\/wp\/v2\/posts\/4690","targetHints":{"allow":["GET"]}}],"collection":[{"href":"https:\/\/monde25.info\/index.php\/wp-json\/wp\/v2\/posts"}],"about":[{"href":"https:\/\/monde25.info\/index.php\/wp-json\/wp\/v2\/types\/post"}],"author":[{"embeddable":true,"href":"https:\/\/monde25.info\/index.php\/wp-json\/wp\/v2\/users\/1"}],"replies":[{"embeddable":true,"href":"https:\/\/monde25.info\/index.php\/wp-json\/wp\/v2\/comments?post=4690"}],"version-history":[{"count":0,"href":"https:\/\/monde25.info\/index.php\/wp-json\/wp\/v2\/posts\/4690\/revisions"}],"wp:attachment":[{"href":"https:\/\/monde25.info\/index.php\/wp-json\/wp\/v2\/media?parent=4690"}],"wp:term":[{"taxonomy":"category","embeddable":true,"href":"https:\/\/monde25.info\/index.php\/wp-json\/wp\/v2\/categories?post=4690"},{"taxonomy":"post_tag","embeddable":true,"href":"https:\/\/monde25.info\/index.php\/wp-json\/wp\/v2\/tags?post=4690"}],"curies":[{"name":"wp","href":"https:\/\/api.w.org\/{rel}","templated":true}]}}