{"id":4693,"date":"2025-03-18T18:10:56","date_gmt":"2025-03-18T17:10:56","guid":{"rendered":"https:\/\/monde25.info\/index.php\/2025\/03\/18\/au-groenland-lindependance-a-petits-pas-par-philippe-descamps-le-monde-diplomatique-fevrier-2023\/"},"modified":"2025-03-18T18:10:56","modified_gmt":"2025-03-18T17:10:56","slug":"au-groenland-lindependance-a-petits-pas-par-philippe-descamps-le-monde-diplomatique-fevrier-2023","status":"publish","type":"post","link":"https:\/\/monde25.info\/index.php\/2025\/03\/18\/au-groenland-lindependance-a-petits-pas-par-philippe-descamps-le-monde-diplomatique-fevrier-2023\/","title":{"rendered":"Au Groenland, l\u2019ind\u00e9pendance \u00e0 petits pas, par Philippe Descamps (Le Monde diplomatique, f\u00e9vrier 2023)"},"content":{"rendered":"<p> <br \/>\n<\/p>\n<div couleurfade=\"e5e6e7\" couleurclaire=\"e3e5e7\" couleurpale=\"bdccda\" couleurmi=\"5f666c\" couleurfoncee=\"374d61\" couleursombre=\"17191b\" couleurfond=\"4c4e50\" couleurtexte=\"ffffff\">\n<figure class=\"spip_document_30999 spip_documents spip_documents_center xl\" style=\"width:890px;\">\n<div class=\"limage\">\n<p>\t\t\t<img loading=\"lazy\" decoding=\"async\" src=\"https:\/\/www.monde-diplomatique.fr\/\/local\/cache-vignettes\/L890xH636\/img004-45-0a3c8.jpg?1675175493\" width=\"890\" height=\"636\" class=\"spip_logos\" alt=\"JPEG - 132.4\u00a0ko\"\/><\/p><\/div><figcaption>\n<p>Jonas Bendiksen. \u2014 Sc\u00e8ne de rue \u00e0 Nuuk, Groenland, 2018<\/p>\n<p>\u00a9 Jonas Bendiksen\/Magnum Photos\n<\/p>\n<\/figcaption><\/figure>\n<p><span class=\"mot-lettrine\"><span class=\"lettrine\">U<\/span>ne<\/span> foule compacte chante en ch\u0153ur dans le Foyerkoncert de Nuuk. Des adolescents aux quinquag\u00e9naires, tous reprennent les refrains en groenlandais de Zikaza. Le chanteur charismatique Siiva Fleischer a fond\u00e9 ce groupe de rock \u00e0 Aarhus, la deuxi\u00e8me ville du Danemark, dans les ann\u00e9es\u00a01980. Il a choisi de revenir vivre et de se produire chez lui depuis une quinzaine d\u2019ann\u00e9es. En d\u00e9pit d\u2019une modeste population de 19\u00a0000\u00a0personnes, la capitale du Groenland n\u2019ignore rien de la vie culturelle moderne\u00a0: th\u00e9\u00e2tre, cin\u00e9ma, discoth\u00e8que, une politique d\u2019art urbain (fresques, sculptures), des mus\u00e9es d\u2019histoire et de peinture, des festivals de films ou de musique\u2026<\/p>\n<p>Le peuple inuit fascine pour avoir travers\u00e9 les si\u00e8cles dans des conditions de subsistance extr\u00eames<span class=\"spip_note_ref\">\u00a0(<a target=\"_blank\" href=\"http:\/\/www.monde-diplomatique.fr\/2023\/02\/DESCAMPS\/65507#nb1\" class=\"spip_note\" rel=\"appendix\" title=\"Sur ce destin, l\u2019ethnologue Jean Malaurie laisse une \u0153uvre immense et\u00a0(...)\" id=\"nh1\">1<\/a>)<\/span>. S\u2019il vit pleinement dans la modernit\u00e9 aujourd\u2019hui, on oublie un peu vite que les contraintes naturelles hors norme n\u2019ont pas disparu. En proposant d\u2019acheter le Groenland au Danemark en ao\u00fbt\u00a02019, le pr\u00e9sident am\u00e9ricain Donald Trump avait reconduit l\u2019un des clich\u00e9s les plus courants sur cette \u00eele\u00a0: la d\u00e9glaciation lib\u00e9rerait des ressources naturelles abondantes qu\u2019il n\u2019y aurait plus qu\u2019\u00e0 ramasser. Comme lors des pr\u00e9c\u00e9dentes initiatives am\u00e9ricaines de ce type en 1867, 1910 ou 1946, le Danemark rejeta cette offre. L\u2019\u00eele n\u2019est pas \u00e0 vendre<small class=\"fine\">\u00a0<\/small>! Au contraire, ses habitants entendent s\u2019occuper pleinement de leur avenir. Le dernier sondage montre que plus des deux tiers des Groenlandais aspirent \u00e0 l\u2019ind\u00e9pendance, soit une proportion en hausse.<\/p>\n<p>Les deux partis sortis vainqueurs des \u00e9lections au parlement local d\u2019avril\u00a02021 \u2014 Inuit Ataqatigiit (socialiste et \u00e9cologiste) et le Siumut (social-d\u00e9mocrate) \u2014 soutiennent de longue date une telle perspective. \u00ab<small class=\"fine\">\u00a0<\/small><i>Il existe des opinions diff\u00e9rentes sur le type d\u2019ind\u00e9pendance et d\u2019union avec la couronne du Danemark,<\/i> explique Mme\u00a0Sara Olsvig, ancienne cheffe du parti Inuit Ataqatigiit, aujourd\u2019hui chercheuse et pr\u00e9sidente du Conseil circumpolaire inuit<span class=\"spip_note_ref\">\u00a0(<a target=\"_blank\" href=\"http:\/\/www.monde-diplomatique.fr\/2023\/02\/DESCAMPS\/65507#nb2\" class=\"spip_note\" rel=\"appendix\" title=\"Communaut\u00e9 autochtone qui rassemble les Inuits du Groenland et du Canada,\u00a0(...)\" id=\"nh2\">2<\/a>)<\/span>. <i>Mais je vois une pression commune et constante pour d\u00e9cider de notre avenir. Les peuples autochtones aspirent en premier lieu \u00e0 \u00eatre reconnus \u00e9gaux de tous les autres peuples. Si vous \u00e9tudiez l\u2019histoire de Kalaallit Nunaat<\/i> [le Groenland] <i>et celle des Inuits \u00e0 travers l\u2019Arctique, un tr\u00e8s haut niveau d\u2019autonomie \u00e9tait n\u00e9cessaire pour survivre dans cet environnement. C\u2019\u00e9tait d\u00e9j\u00e0 une forme d\u2019autod\u00e9termination.<small class=\"fine\">\u00a0<\/small>\u00bb<\/i><\/p>\n<p>Depuis la fin du statut colonial, en 1953, les Groenlandais se sont progressivement \u00e9mancip\u00e9s par voie de r\u00e9f\u00e9rendum\u00a0: autonomie interne en 1979, sortie de la Communaut\u00e9 \u00e9conomique europ\u00e9enne en 1982, autonomie renforc\u00e9e, contr\u00f4le des ressources naturelles et droit \u00e0 l\u2019autod\u00e9termination en 2009. <i>\u00ab<small class=\"fine\">\u00a0<\/small>Le gouvernement danois reconna\u00eet pleinement la possibilit\u00e9 de l\u2019ind\u00e9pendance du Groenland<small class=\"fine\">\u00a0<\/small>\u00bb,<\/i> confirme Mme\u00a0Julie Pr\u00e6st, haute-commissaire du Groenland. La repr\u00e9sentante du royaume souligne toutefois qu\u2019il ne s\u2019agit pas d\u2019une question urgente\u00a0: <i>\u00ab<small class=\"fine\">\u00a0<\/small>Le gouvernement danois ne prend actuellement aucune mesure active pour s\u2019y pr\u00e9parer.<small class=\"fine\">\u00a0<\/small>\u00bb<\/i><\/p>\n<p>Quand on lui demande une date, le secr\u00e9taire du parti Siumut, M.\u00a0Ole Aggo Markussen, reformule l\u2019interrogation\u00a0: <i>\u00ab<small class=\"fine\">\u00a0<\/small>La question est plut\u00f4t de savoir qui dans le monde est vraiment ind\u00e9pendant<small class=\"fine\">\u00a0<\/small>? La th\u00e9orie de l\u2019\u00c9tat-nation telle qu\u2019elle apparaissait au moment de la d\u00e9colonisation rel\u00e8ve de la foutaise aujourd\u2019hui. M\u00eame la France d\u00e9pend de l\u2019Union europ\u00e9enne. Notre union avec le Danemark ressemble \u00e0 celle d\u2019un mariage forc\u00e9. L\u2019\u00e9pouse veut sa libert\u00e9 depuis quarante-cinq ans. Le mari lui r\u00e9pond qu\u2019elle peut partir, mais il garde tout l\u2019argent. Une bonne partie de la cha\u00eene de valeur est ailleurs\u00a0: les poissons p\u00each\u00e9s ici sont transform\u00e9s au Danemark.<small class=\"fine\">\u00a0<\/small>\u00bb<\/i><\/p>\n<h3 class=\"spip\">Un casse-t\u00eate pour les transports et les services<\/h3>\n<p>Suivant le contrat renouvel\u00e9 en 2009, le gouvernement danois s\u2019engage \u00e0 verser chaque ann\u00e9e une subvention globale qui atteint 3,9\u00a0milliards de couronnes (520\u00a0millions d\u2019euros) en 2022, soit environ 19<small class=\"fine\">\u00a0<\/small>% du produit int\u00e9rieur brut (PIB) de l\u2019\u00eele<span class=\"spip_note_ref\">\u00a0(<a target=\"_blank\" href=\"http:\/\/www.monde-diplomatique.fr\/2023\/02\/DESCAMPS\/65507#nb3\" class=\"spip_note\" rel=\"appendix\" title=\"Sauf indication particuli\u00e8re, tous les chiffres viennent de \u00ab\u00a0Greenland in\u00a0(...)\" id=\"nh3\">3<\/a>)<\/span>. <i>\u00ab<small class=\"fine\">\u00a0<\/small>Il n\u2019est pas pr\u00e9vu de modifier la subvention globale<small class=\"fine\">\u00a0<\/small>\u00bb,<\/i> pr\u00e9cise Mme\u00a0Pr\u00e6st. \u00c0 ces subventions s\u2019ajoutent des soutiens financiers de l\u2019Union europ\u00e9enne en mati\u00e8re de p\u00eache et d\u2019\u00e9ducation.<i> \u00ab<small class=\"fine\">\u00a0<\/small>Ces aides nous sont profitables dans l\u2019imm\u00e9diat, mais elles ne sont pas bonnes pour aller vers l\u2019ind\u00e9pendance,<\/i> juge M.\u00a0Jess G. Berthelsen, pr\u00e9sident du syndicat des travailleurs du Groenland, le SIK, principale organisation des salari\u00e9s du pays. <i>Si nous voulons cette ind\u00e9pendance, nous devons gagner de l\u2019argent par nous-m\u00eames, et nous en sommes encore loin.<small class=\"fine\">\u00a0<\/small>\u00bb<\/i><\/p>\n<p>La premi\u00e8re contrainte majeure tient au hiatus entre la taille de l\u2019\u00eele et sa d\u00e9mographie. Le Groenland mesure 2,1\u00a0millions de kilom\u00e8tres carr\u00e9s, soit la moiti\u00e9 de la superficie de l\u2019Union europ\u00e9enne ou cinquante fois celle du Danemark. Mais sa population plafonne depuis trente ans \u00e0 56\u00a0000\u00a0habitants (dont pr\u00e8s de neuf sur dix sont autochtones ou m\u00e9tis), soit moins de 1<small class=\"fine\">\u00a0<\/small>% de celle du Danemark\u2026 L\u2019essentiel du pays (81<small class=\"fine\">\u00a0<\/small>%) est recouvert par des glaciers et surtout l\u2019inlandsis, cette calotte de glace qui mesure jusqu\u2019\u00e0 plus de trois kilom\u00e8tres d\u2019\u00e9paisseur. Le peuplement des c\u00f4tes ressemble \u00e0 celui d\u2019un archipel <i>(voir la carte \u00ab<small class=\"fine\">\u00a0<\/small><a target=\"_blank\" href=\"https:\/\/www.monde-diplomatique.fr\/cartes\/groenland-archipel\" class=\"spip_in\">Archipel de vie autour d\u2019un d\u00e9sert de glace<\/a><small class=\"fine\">\u00a0<\/small>\u00bb).<\/i> Aucune liaison routi\u00e8re ou ferr\u00e9e n\u2019est possible entre de rares implantations souvent tr\u00e8s \u00e9loign\u00e9es les unes des autres. Les sept cents membres de la communaut\u00e9 humaine la plus septentrionale du monde, autour de Qaanaaq, r\u00e9sident \u00e0 six cents kilom\u00e8tres de leurs premiers voisins, et \u00e0 1\u00a0600\u00a0kilom\u00e8tres de Nuuk. Les 2\u00a0200\u00a0habitants de la r\u00e9gion de Tasiilaq vivent aussi \u00e0 plus de six cents kilom\u00e8tres des b\u00e2tisses les plus proches. Pour acc\u00e9der aux services de base et garantir son approvisionnement, chaque communaut\u00e9 doit avoir sa centrale de production \u00e9lectrique, son adduction d\u2019eau, son port, son a\u00e9roport<small class=\"fine\">\u00a0<\/small>; ce qui a conduit les autorit\u00e9s danoises par le pass\u00e9 \u00e0 forcer des populations \u00e0 d\u00e9m\u00e9nager.<\/p>\n<p>Cern\u00e9e par l\u2019eau et des montagnes enneig\u00e9es une bonne partie de l\u2019ann\u00e9e, Nuuk n\u2019est qu\u2019une bourgade modeste<span class=\"spip_note_ref\">\u00a0(<a target=\"_blank\" href=\"http:\/\/www.monde-diplomatique.fr\/2023\/02\/DESCAMPS\/65507#nb4\" class=\"spip_note\" rel=\"appendix\" title=\"Sur Nuuk, Arctique, ENS \u00c9ditions, coll. \u00ab\u00a0Odyss\u00e9e, villes-portraits\u00a0\u00bb, Lyon,\u00a0(...)\" id=\"nh4\">4<\/a>)<\/span>. Mais sa vitalit\u00e9 est inversement proportionnelle \u00e0 celle \u2014 en berne \u2014 de la plupart des autres villes ou villages. Un peu partout, des immeubles aux couleurs vives imitant celles des maisons scandinaves surgissent de terre et trouvent de nouveaux occupants avant m\u00eame leur ach\u00e8vement. Depuis un an, la ville vit au rythme des travaux de l\u2019a\u00e9roport, qui la coupe en deux. Des millions de m\u00e8tres cubes de roches sont concass\u00e9s \u00e0 proximit\u00e9 des t\u00e9l\u00e9skis qui dominent la baie, puis d\u00e9plac\u00e9s pour doubler la piste en largeur et en longueur afin d\u2019accueillir des avions de ligne \u00e0 r\u00e9action. L\u2019a\u00e9rodrome actuel n\u2019accepte que des appareils \u00e0 atterrissage court et principalement des Dash 8-200 \u00e0 h\u00e9lices de trente-sept passagers.<\/p>\n<div class=\"carto_in\">\n<figure style=\"width:890px\">\n\t\t<img loading=\"lazy\" decoding=\"async\" src=\"https:\/\/www.monde-diplomatique.fr\/\/local\/cache-vignettes\/L890xH1407\/groenland-2f45b-f0a01.png?1675100863\" width=\"890\" height=\"1407\" data-photo=\"IMG\/png\/groenland.png\" data-photo-w=\"1200\" data-photo-h=\"1897\" alt=\"Archipel de vie autour d'un d\u00e9sert de glace\"\/><figcaption>\n<p><h3>Archipel de vie autour d\u2019un d\u00e9sert de glace<\/h3>\n<\/p>\n<\/figcaption><\/figure>\n<\/div>\n<p>Les deux seules longues pistes du pays ont \u00e9t\u00e9 construites par l\u2019arm\u00e9e am\u00e9ricaine durant la seconde guerre mondiale \u00e0 Kangerlussuaq et Narsarsuaq, loin des zones habit\u00e9es. \u00c0 l\u2019exception de ceux venant d\u2019Islande en Dash 8-200, tous les autres passagers internationaux doivent aujourd\u2019hui passer par Copenhague et ces deux a\u00e9roports situ\u00e9s \u00ab<small class=\"fine\">\u00a0<\/small>au milieu de nulle part<small class=\"fine\">\u00a0<\/small>\u00bb, avant de rejoindre leur destination avec un petit avion ou un h\u00e9licopt\u00e8re. Aucun vol civil direct n\u2019est assur\u00e9 vers l\u2019Am\u00e9rique du Nord. Ainsi pour venir d\u2019Iqaluit, une jeune Inuk canadienne t\u00e9moigne avoir d\u00fb prendre six avions, alors que la capitale de la province du Nunavut n\u2019est qu\u2019\u00e0 huit cents kilom\u00e8tres de Nuuk.<\/p>\n<p>Les d\u00e9placements par mer et par air restent tributaires d\u2019un climat rigoureux. M\u00eame r\u00e9duite par le r\u00e9chauffement, la banquise entrave les communications maritimes une partie de l\u2019ann\u00e9e. En outre, toute la c\u00f4te atlantique est soumise au redoutable courant froid du Groenland oriental charriant des morceaux de banquise fragment\u00e9e et des icebergs dont les d\u00e9rives sont susceptibles de bloquer n\u2019importe quel fjord en quelques heures. Des temp\u00eates soudaines clouent tr\u00e8s r\u00e9guli\u00e8rement au sol les avions, entra\u00eenant annulations et retards en cascade.<\/p>\n<h3 class=\"spip\">Au c\u0153ur des \u00ab<small class=\"fine\">\u00a0<\/small>routes polaires de la soie<small class=\"fine\">\u00a0<\/small>\u00bb<\/h3>\n<p>En 2015, le parlement groenlandais a pris la d\u00e9cision de construire trois longues pistes de 2\u00a0200\u00a0m\u00e8tres \u00e0 Nuuk, la capitale, Ilulissat, la principale ville touristique situ\u00e9e en bordure de la baie de Disko r\u00e9put\u00e9e pour ses icebergs (et class\u00e9e au patrimoine mondial de l\u2019Unesco), et \u00e0 Qaqortoq, afin de remplacer la vieille piste de Narsarsuaq qui doit fermer en 2025. Pour boucler le financement, le gouvernement groenlandais s\u2019est rapproch\u00e9 d\u2019int\u00e9r\u00eats chinois, disponibles dans le cadre des \u00ab<small class=\"fine\">\u00a0<\/small>routes polaires de la soie<small class=\"fine\">\u00a0<\/small>\u00bb.<\/p>\n<p><i>\u00ab<small class=\"fine\">\u00a0<\/small>D\u00e9j\u00e0 en 2016, les Chinois voulaient acheter l\u2019ancienne base navale de Gr\u00f8nnedal (ou Kangilinnguit) fond\u00e9e pendant la guerre pour prot\u00e9ger les mines de cryolite, puis g\u00e9r\u00e9e par les Danois de 1951 \u00e0 sa fermeture en 2012,<\/i> explique Rasmus Leander Nielsen, de l\u2019universit\u00e9 du Groenland. <i>Washington avait fait savoir au Danemark qu\u2019il ne pouvait pas autoriser les Chinois \u00e0 racheter cette base. C\u2019est un peu la m\u00eame chose qui s\u2019est produite pour l\u2019a\u00e9roport. Washington a pos\u00e9 une sorte de veto, et Copenhague a d\u00fb trouver une autre solution. L\u2019ouverture d\u2019un consulat am\u00e9ricain \u00e0 Nuuk ne vise pas seulement \u00e0 aider le Groenland, mais aussi \u00e0 maintenir la Chine en dehors de ses affaires.<small class=\"fine\">\u00a0<\/small>\u00bb<\/i> L\u2019accord sign\u00e9 en septembre\u00a02018 pr\u00e9voit que, sur un co\u00fbt total de 500\u00a0millions d\u2019euros, l\u2019\u00c9tat danois apporte le tiers en capital, ainsi qu\u2019un pr\u00eat convertible en capital de 60\u00a0millions d\u2019euros et des garanties d\u2019emprunts d\u2019un m\u00eame montant.<\/p>\n<p>Les Groenlandais ont su jouer des craintes qu\u2019inspirent les Chinois\u2026 <i>\u00ab<small class=\"fine\">\u00a0<\/small>Membre fondateur de l\u2019OTAN en 1949, le Danemark est un petit pays super atlantiste par choix,<\/i> analyse Sara Olsvig. <i>Le Groenland l\u2019est par n\u00e9cessit\u00e9, car il ne peut pas vraiment changer sa localisation et sa position g\u00e9opolitique. Mais cela lui donne des cartes pour un dialogue avec les \u00c9tats-Unis.<small class=\"fine\">\u00a0<\/small>\u00bb<\/i> D\u00e8s l\u2019occupation du Danemark par les nazis en 1940, le gouvernement am\u00e9ricain avait n\u00e9goci\u00e9 avec l\u2019ambassadeur du royaume \u00e0 Washington l\u2019installation de bases a\u00e9riennes et de radars sur l\u2019\u00eele. Apr\u00e8s la seconde guerre mondiale, certaines bases ont \u00e9t\u00e9 abandonn\u00e9es, d\u2019autres converties en a\u00e9rodromes civils. Celle de Thul\u00e9, situ\u00e9e au nord-ouest, a \u00e9t\u00e9 agrandie en 1953. \u00c0 \u00e9quidistance de New York et Moscou, elle joua un r\u00f4le strat\u00e9gique durant la guerre froide et reste primordiale en mati\u00e8re de surveillance de l\u2019espace ou de d\u00e9fense antimissile. C\u00f4t\u00e9 danois, l\u2019Arktisk Kommando (commandement de l\u2019Arctique) install\u00e9 \u00e0 Nuuk ne pilote que quelques vaisseaux et h\u00e9licopt\u00e8res, et de petites unit\u00e9s comme celle de la Station Nord gard\u00e9e par cinq hommes. Le Danemark ne dispose d\u2019aucun brise-glace lourd capable d\u2019assurer sa souverainet\u00e9 maritime<span class=\"spip_note_ref\">\u00a0(<a target=\"_blank\" href=\"http:\/\/www.monde-diplomatique.fr\/2023\/02\/DESCAMPS\/65507#nb5\" class=\"spip_note\" rel=\"appendix\" title=\"Lire \u00ab\u00a0G\u00e9opolitique du brise-glace\u00a0\u00bb, Le Monde diplomatique, avril\u00a0\u00a0(...)\" id=\"nh5\">5<\/a>)<\/span>.<\/p>\n<h3 class=\"spip\">Le r\u00e9chauffement bouleverse l\u2019acc\u00e8s aux ressources<\/h3>\n<p>Copenhague conserve les domaines r\u00e9galiens (monnaie, police, d\u00e9fense et relations ext\u00e9rieures). Cependant, Nuuk aspire \u00e0 jouer un r\u00f4le plus important en politique \u00e9trang\u00e8re. Le Groenland si\u00e8ge d\u00e9j\u00e0 au Conseil de l\u2019Arctique, o\u00f9 il pr\u00e9side la d\u00e9l\u00e9gation danoise<span class=\"spip_note_ref\">\u00a0(<a target=\"_blank\" href=\"http:\/\/www.monde-diplomatique.fr\/2023\/02\/DESCAMPS\/65507#nb6\" class=\"spip_note\" rel=\"appendix\" title=\"Cette pr\u00e9cision, \u00ab\u00a0la d\u00e9l\u00e9gation danoise\u00a0\u00bb, a \u00e9t\u00e9 ajout\u00e9e dans la pr\u00e9sente version\u00a0(...)\" id=\"nh6\">6<\/a>)<\/span> dans deux groupes de travail en tant que \u00ab<small class=\"fine\">\u00a0<\/small>pays constitutif<small class=\"fine\">\u00a0<\/small>\u00bb du royaume. Ancienne pr\u00e9sidente du parlement pour le parti Siumut, la ministre des affaires \u00e9trang\u00e8res Vivian Motzfeldt soutient la politique des sanctions occidentales contre la Russie, tout en marquant sa nuance\u00a0: <i>\u00ab<small class=\"fine\">\u00a0<\/small>Nous devons \u00eatre capables de parler ensemble demain. La Russie ne va pas dispara\u00eetre. Nous avons aussi beaucoup d\u2019amis en Russie.<small class=\"fine\">\u00a0<\/small>\u00bb<\/i> Une enqu\u00eate men\u00e9e par l\u2019universit\u00e9 de Nuuk pr\u00e9sente les Groenlandais comme plut\u00f4t pacifistes\u00a0: si 68<small class=\"fine\">\u00a0<\/small>% entendent conserver les alliances actuelles, 81<small class=\"fine\">\u00a0<\/small>% refusent que leur pays suive la politique am\u00e9ricaine envers la Chine, dont ils voient majoritairement le r\u00f4le international comme positif et avec laquelle ils veulent conserver de bonnes relations \u00e9conomiques<span class=\"spip_note_ref\">\u00a0(<a target=\"_blank\" href=\"http:\/\/www.monde-diplomatique.fr\/2023\/02\/DESCAMPS\/65507#nb7\" class=\"spip_note\" rel=\"appendix\" title=\"\u00ab\u00a0The first foreign and security policy opinion poll\u00a0\u00bb, Ilisimatusarfik,\u00a0(...)\" id=\"nh7\">7<\/a>)<\/span>. En outre, ils restent hostiles \u00e0 une adh\u00e9sion \u00e0 l\u2019Union europ\u00e9enne. <i>\u00ab<small class=\"fine\">\u00a0<\/small>On mesure l\u2019effet des sanctions contre la Russie, dont le march\u00e9 est important pour le Groenland,<\/i> explique Sara Olsvig. <i>Si quelque chose de semblable se produisait sur le march\u00e9 asiatique, cela aurait des cons\u00e9quences s\u00e9v\u00e8res. Rester proches de ses alli\u00e9s tout en conservant un acc\u00e8s aux march\u00e9s dans le monde rel\u00e8ve d\u2019un \u00e9quilibre permanent, avec ce paradoxe\u00a0: les amis am\u00e9ricains du Groenland ne repr\u00e9sentent pas un grand march\u00e9 pour ses produits, qui viennent essentiellement de la mer.<small class=\"fine\">\u00a0<\/small>\u00bb<\/i><\/p>\n<p>La pr\u00e9sidente du Conseil circumpolaire inuit met surtout l\u2019accent sur le d\u00e9r\u00e8glement du climat, beaucoup plus rapide dans l\u2019Arctique\u00a0: <i>\u00ab<small class=\"fine\">\u00a0<\/small>Il faut s\u2019adapter, car cela arrive. Mais il faut \u00eatre clair\u00a0: vu d\u2019une perspective inuite il n\u2019y a rien de positif dans le changement climatique.<small class=\"fine\">\u00a0<\/small>\u00bb<\/i> La d\u00e9glaciation en cours suscite de plus en plus d\u2019int\u00e9r\u00eat et d\u2019\u00e9tudes internationales, car \u00e0 terme la fonte de l\u2019inlandsis repr\u00e9senterait une hausse des oc\u00e9ans de plus de sept m\u00e8tres. Cette menace mondiale \u00e0 l\u2019horizon de plusieurs si\u00e8cles int\u00e9resse localement pour d\u2019autres effets d\u00e9j\u00e0 perceptibles. Le r\u00e9chauffement bouleverse l\u2019acc\u00e8s aux ressources pour la chasse (recul de la banquise) et la p\u00eache (modification des courants et de la circulation des bancs de poissons). Certes, il permet un timide retour de l\u2019agriculture dans le Sud, mais avec beaucoup d\u2019incertitude, car il s\u2019accompagne de s\u00e9cheresses.<\/p>\n<h3 class=\"spip\">\u00ab<small class=\"fine\">\u00a0<\/small>L\u2019un des pays les plus socialistes du monde<small class=\"fine\">\u00a0<\/small>\u00bb<\/h3>\n<p>De la p\u00eache aux a\u00e9roports, la collectivit\u00e9 joue d\u00e9j\u00e0 un r\u00f4le central, soit directement par les services publics, soit par l\u2019interm\u00e9diaire de soci\u00e9t\u00e9s priv\u00e9es contr\u00f4l\u00e9es par le gouvernement. <i>\u00ab<small class=\"fine\">\u00a0<\/small>C\u2019est probablement l\u2019un des pays les plus socialistes du monde<small class=\"fine\">\u00a0<\/small>\u00bb,<\/i> s\u2019amuse M.\u00a0Christian Keldsen, le pr\u00e9sident de l\u2019Association groenlandaise des affaires. Et pas exclusivement pour s\u2019en plaindre\u00a0: <i>\u00ab<small class=\"fine\">\u00a0<\/small>Une \u00e9conomie planifi\u00e9e sur le mod\u00e8le que nous avons offre une grande stabilit\u00e9. La plupart des crises \u00e9conomiques du monde comme celle de 2008 nous passent au-dessus de la t\u00eate. En revanche, la concurrence n\u2019est pas vraiment \u00e9quitable face \u00e0 des soci\u00e9t\u00e9s \u00e0 capitaux publics pr\u00e9sentes dans tous les domaines. En outre, comme le Danemark ne demande rien en \u00e9change de son aide, nous n\u2019avons pas l\u2019habitude du retour sur investissement que les soci\u00e9t\u00e9s \u00e9trang\u00e8res demandent.<small class=\"fine\">\u00a0<\/small>\u00bb<\/i><\/p>\n<p>La tutelle danoise apporte non seulement des garanties d\u2019emprunts pour les infrastructures, mais aussi le maintien du mod\u00e8le nordique. <i>\u00ab<small class=\"fine\">\u00a0<\/small>Vous ne trouverez personne ici contre l\u2019ind\u00e9pendance, tant que cela ne change pas les structures du pays,<\/i> poursuit M.\u00a0Keldsen. <i>Nous voulons conserver notre soci\u00e9t\u00e9, l\u2019\u00c9tat-providence et l\u2019ouverture sur le monde. Nous appr\u00e9cions le syst\u00e8me de sant\u00e9, d\u2019\u00e9ducation, l\u2019acc\u00e8s libre \u00e0 de nombreux services. Mais nous ne voyons aucun signe dans la nouvelle assembl\u00e9e conduisant \u00e0 une plus grande ind\u00e9pendance financi\u00e8re.<small class=\"fine\">\u00a0<\/small>\u00bb<\/i><\/p>\n<p>L\u2019accord de 2009 pr\u00e9voit que les revenus du sous-sol se substitueront progressivement aux subventions danoises. De la derni\u00e8re saison de la s\u00e9rie <i>Borgen<\/i> aux estimations des services g\u00e9ologiques am\u00e9ricains, beaucoup fantasment sur les ressources de l\u2019\u00eele en minerais, en hydrocarbures ou en potentiel hydro\u00e9lectrique. Ils minorent g\u00e9n\u00e9ralement la rudesse des conditions d\u2019exploitation et les lourds investissements requis. Aujourd\u2019hui, seules deux mines (Aappaluttoq et White Mountain) fonctionnent et elles ne sont gu\u00e8re rentables. Apr\u00e8s avoir \u00e9tudi\u00e9 pendant vingt ans la construction d\u2019une usine d\u2019aluminium pr\u00e8s de Maniitsoq, le g\u00e9ant am\u00e9ricain Alcoa a pr\u00e9f\u00e9r\u00e9 l\u2019Islande. La \u00ab<small class=\"fine\">\u00a0<\/small>ceinture de l\u2019or<small class=\"fine\">\u00a0<\/small>\u00bb de Nanortalik a fait beaucoup parler, mais la mine de Nalunaq n\u2019a \u00e9t\u00e9 en service que de 2004 \u00e0 2013. Seule la remont\u00e9e actuelle des cours de l\u2019or pourrait permettre sa r\u00e9ouverture d\u2019ici deux ans. L\u2019exploitation d\u2019une autre, de titane, pourrait d\u00e9marrer dans le Nord.<\/p>\n<p><i>\u00ab<small class=\"fine\">\u00a0<\/small>C\u2019est en chemin, mais tout le monde doit comprendre que cela prend du temps,<\/i> estime M.\u00a0J\u00f8rgen Hammeken-Holm, le directeur des services au minist\u00e8re des mati\u00e8res premi\u00e8res. <i>Partout dans le monde quand vous avez cent ou deux cents projets miniers, un seul conna\u00eetra le succ\u00e8s. Au Groenland, nous n\u2019avons pas une centaine de projets\u2026 m\u00eame s\u2019il est important de trouver des revenus compl\u00e9mentaires \u00e0 ceux de la p\u00eache, qui est tr\u00e8s vuln\u00e9rable. Le gouvernement n\u2019a pas les moyens d\u2019investir dans ce domaine tr\u00e8s risqu\u00e9. C\u2019est pourquoi nous faisons des efforts pour encourager les soci\u00e9t\u00e9s \u00e9trang\u00e8res \u00e0 venir.<small class=\"fine\">\u00a0<\/small>\u00bb<\/i><\/p>\n<p>L\u2019exploitation du sous-sol se heurte aussi aux r\u00e9ticences d\u2019une population marqu\u00e9e notamment par l\u2019expulsion des 1\u00a0200 habitants de Qullissat apr\u00e8s la fermeture d\u2019une mine de charbon en 1972. L\u2019accident d\u2019un bombardier strat\u00e9gique am\u00e9ricain portant quatre bombes nucl\u00e9aires en 1968 et la contamination des populations ayant particip\u00e9 aux op\u00e9rations de nettoyage a \u00e9galement laiss\u00e9 des traces. Le parti Inuit Ataqatigiit s\u2019est oppos\u00e9 \u00e0 l\u2019exploitation de tout minerai contenant plus de 0,1<small class=\"fine\">\u00a0<\/small>% d\u2019uranium. L\u2019accord de coalition de 2021 avec le Siumut pr\u00e9voit que seul un r\u00e9f\u00e9rendum pourrait changer cette disposition. Celle-ci a mis fin aux projets australo-chinois d\u2019exploitation de terres rares de Kuannersuit, pr\u00e8s de Narsaq, r\u00e9put\u00e9 comme l\u2019un des plus grands gisements du monde. Le nouveau gouvernement a \u00e9galement interdit toute nouvelle exploration d\u2019hydrocarbures pour pr\u00e9server la nature, la p\u00eache et le tourisme.<\/p>\n<p>Ces d\u00e9cisions laissent le syndicaliste Jess G. Berthelsen perplexe\u00a0: <i>\u00ab<small class=\"fine\">\u00a0<\/small>Les gens veulent \u00eatre ind\u00e9pendants, mais ne veulent pas d\u2019autres revenus que ceux de la p\u00eache. Ils pensent que l\u2019argent va tomber du ciel. Ils veulent utiliser des voitures, des t\u00e9l\u00e9phones, des ordinateurs, mais ils ne veulent pas qu\u2019on extraie les minerais qui permettent de les fabriquer\u2026<small class=\"fine\">\u00a0<\/small>\u00bb<\/i> Toutefois, une compagnie canadienne a annonc\u00e9 qu\u2019elle ouvrirait bient\u00f4t une mine de terres rares \u00e0 Sarfartoq sans risque de mettre au jour de l\u2019uranium. <i>\u00ab<small class=\"fine\">\u00a0<\/small>Les richesses du Groenland sont certaines, et leur exploitation pourrait permettre d\u2019envisager une ind\u00e9pendance \u00e9conomique compl\u00e8te<small class=\"fine\">\u00a0<\/small>\u00bb,<\/i> assure le g\u00e9ologue Laurent Geoffroy<span class=\"spip_note_ref\">\u00a0(<a target=\"_blank\" href=\"http:\/\/www.monde-diplomatique.fr\/2023\/02\/DESCAMPS\/65507#nb8\" class=\"spip_note\" rel=\"appendix\" title=\"Dans un ouvrage collectif tr\u00e8s complet, Le Groenland. Climat, \u00e9cologie,\u00a0(...)\" id=\"nh8\">8<\/a>)<\/span>, tout en avertissant\u00a0: <i>\u00ab<small class=\"fine\">\u00a0<\/small>La plupart des Groenlandais ne sont pas form\u00e9s pour le type d\u2019emplois qui serait cr\u00e9\u00e9 par l\u2019exploitation des ressources mini\u00e8res ou p\u00e9troli\u00e8res, et l\u2019arriv\u00e9e de centaines ou de milliers de mineurs \u00e9trangers, si elle est envisag\u00e9e, doit \u00eatre pr\u00e9par\u00e9e.<small class=\"fine\">\u00a0<\/small>\u00bb<\/i><\/p>\n<p>En somme, le Groenland ne pourrait devenir politiquement souverain qu\u2019en laissant d\u00e9pendre son \u00e9conomie d\u2019investisseurs \u00e9trangers et en acceptant un \u00e9change \u00e9cologique in\u00e9gal\u2026 Champions de la cause autochtone, ses dirigeants ont obtenu un soutien \u00e9lectoral pour chercher une autre voie plus respectueuse d\u2019une tradition de proximit\u00e9 avec la nature, quitte \u00e0 rester un peu plus longtemps dans le giron danois.<\/p>\n<\/p><\/div>\n<p><br \/>\n<br \/><a href=\"https:\/\/www.monde-diplomatique.fr\/2023\/02\/DESCAMPS\/65507\" target=\"_blank\"\">Source link <\/a><\/p>\n","protected":false},"excerpt":{"rendered":"<p>Jonas Bendiksen. \u2014 Sc\u00e8ne de rue \u00e0 Nuuk, Groenland, 2018 \u00a9 Jonas Bendiksen\/Magnum Photos Une foule compacte chante en ch\u0153ur dans le Foyerkoncert de Nuuk. Des adolescents aux quinquag\u00e9naires, tous&hellip; <\/p>\n","protected":false},"author":1,"featured_media":4694,"comment_status":"open","ping_status":"open","sticky":false,"template":"","format":"standard","meta":{"footnotes":""},"categories":[1],"tags":[],"class_list":["post-4693","post","type-post","status-publish","format-standard","has-post-thumbnail","hentry","category-non-classe"],"_links":{"self":[{"href":"https:\/\/monde25.info\/index.php\/wp-json\/wp\/v2\/posts\/4693","targetHints":{"allow":["GET"]}}],"collection":[{"href":"https:\/\/monde25.info\/index.php\/wp-json\/wp\/v2\/posts"}],"about":[{"href":"https:\/\/monde25.info\/index.php\/wp-json\/wp\/v2\/types\/post"}],"author":[{"embeddable":true,"href":"https:\/\/monde25.info\/index.php\/wp-json\/wp\/v2\/users\/1"}],"replies":[{"embeddable":true,"href":"https:\/\/monde25.info\/index.php\/wp-json\/wp\/v2\/comments?post=4693"}],"version-history":[{"count":0,"href":"https:\/\/monde25.info\/index.php\/wp-json\/wp\/v2\/posts\/4693\/revisions"}],"wp:featuredmedia":[{"embeddable":true,"href":"https:\/\/monde25.info\/index.php\/wp-json\/wp\/v2\/media\/4694"}],"wp:attachment":[{"href":"https:\/\/monde25.info\/index.php\/wp-json\/wp\/v2\/media?parent=4693"}],"wp:term":[{"taxonomy":"category","embeddable":true,"href":"https:\/\/monde25.info\/index.php\/wp-json\/wp\/v2\/categories?post=4693"},{"taxonomy":"post_tag","embeddable":true,"href":"https:\/\/monde25.info\/index.php\/wp-json\/wp\/v2\/tags?post=4693"}],"curies":[{"name":"wp","href":"https:\/\/api.w.org\/{rel}","templated":true}]}}