{"id":4695,"date":"2025-03-18T18:44:18","date_gmt":"2025-03-18T17:44:18","guid":{"rendered":"https:\/\/monde25.info\/index.php\/2025\/03\/18\/a-paris-pietonnisons-les-rues-pour-sauver-des-vies\/"},"modified":"2025-03-18T18:44:18","modified_gmt":"2025-03-18T17:44:18","slug":"a-paris-pietonnisons-les-rues-pour-sauver-des-vies","status":"publish","type":"post","link":"https:\/\/monde25.info\/index.php\/2025\/03\/18\/a-paris-pietonnisons-les-rues-pour-sauver-des-vies\/","title":{"rendered":"\u00ab\u00a0\u00c0 Paris, pi\u00e9tonnisons les rues pour sauver des vies\u00a0\u00bb"},"content":{"rendered":"<p> <br \/>\n<\/p>\n<div>\n<p>En \u00cele-de-France, la pollution atmosph\u00e9rique est responsable de <a target=\"_blank\" href=\"https:\/\/www.airparif.fr\/actualite\/2022\/avec-les-recommandations-de-loms-7-900-deces-pourraient-etre-evites-en-idf\" class=\"spip_out\" rel=\"external\">pr\u00e8s de 1\u00a0d\u00e9c\u00e8s sur\u00a010<\/a>. Ce n\u2019est pas une fatalit\u00e9\u00a0: des milliers de cas d\u2019<span class=\"caps\">AVC<\/span>, d\u2019asthme, de cancers ou d\u2019hypertension art\u00e9rielle pourraient \u00eatre \u00e9vit\u00e9s en agissant \u00e0 la source pour r\u00e9duire les \u00e9missions de polluants. Le 23\u00a0mars, la Ville de Paris organise <a target=\"_blank\" href=\"https:\/\/www.paris.fr\/pages\/nouvelle-votation-rendez-vous-aux-urnes-le-23-mars-2025-29900\" class=\"spip_out\" rel=\"external\">une votation citoyenne<\/a> sur la pi\u00e9tonnisation de 500\u00a0nouvelles rues. Avant le vote, nous tenons \u00e0 rappeler les bienfaits des rues pi\u00e9tonnes pour la sant\u00e9.<\/p>\n<p>\u00c0 Paris, les pollutions sonores et atmosph\u00e9riques sont les deux premiers risques sanitaires environnementaux pour les habitants. Il s\u2019agit d\u2019un enjeu de sant\u00e9 publique majeur, d\u2019autant que tous les publics ne sont pas \u00e0 \u00e9galit\u00e9. Ainsi, l\u2019association Sant\u00e9 Environnement France <a target=\"_blank\" href=\"https:\/\/www.asef-asso.fr\/notre-sante\/mon-enfant\/notre-enquete-poussettes\/\" class=\"spip_out\" rel=\"external\">soulignait d\u00e8s 2011<\/a> que les enfants \u00e9taient particuli\u00e8rement vuln\u00e9rables \u00e0 la pollution routi\u00e8re du fait de leur proximit\u00e9 avec les pots d\u2019\u00e9chappement tandis <a target=\"_blank\" href=\"https:\/\/drees.solidarites-sante.gouv.fr\/publications-communique-de-presse\/etudes-et-resultats\/plus-exposes-la-pollution-de-lair-les-jeunes\" class=\"spip_out\" rel=\"external\">qu\u2019une enqu\u00eate<\/a> de la Direction de la recherche, des \u00e9tudes, de l\u2019\u00e9valuation et des statistiques (Drees) en 2024 montrait que les populations pr\u00e9caires restent les plus expos\u00e9es.<\/p>\n<blockquote class=\"spip\">\n<p>\u00ab<small class=\"fine d-inline\">\u00a0<\/small>L\u2019air que nous respirons ne devrait plus mettre notre sant\u00e9 en danger<small class=\"fine d-inline\">\u00a0<\/small>\u00bb<\/p>\n<\/blockquote>\n<p>La pi\u00e9tonnisation est partie int\u00e9grante de la solution\u00a0: la cr\u00e9ation de rues aux \u00e9coles a ainsi permis une diminution des \u00e9missions de dioxyde d\u2019azote <a target=\"_blank\" href=\"https:\/\/respire-asso.org\/les-rues-aux-ecoles-ca-marche\/\" class=\"spip_out\" rel=\"external\">jusqu\u2019\u00e0 30<small class=\"fine d-inline\">\u00a0<\/small>%<\/a> \u2014 un gain substantiel, alors que ces polluants sont particuli\u00e8rement toxiques. De m\u00eame, des \u00e9tudes \u00e0 Berlin ou \u00e0 Londres ont mis en \u00e9vidence des <a target=\"_blank\" href=\"https:\/\/www.eea.europa.eu\/publications\/outlook-to-2030\/redesign-of-roadways-to-reduce\" class=\"spip_out\" rel=\"external\">b\u00e9n\u00e9fices majeurs<\/a> de la r\u00e9duction du trafic sur l\u2019exposition des habitants au bruit.<\/p>\n<h2 class=\"spip\">Favoriser l\u2019activit\u00e9 physique<\/h2>\n<p>Des politiques urbaines ambitieuses en termes de sant\u00e9 ne sauraient non plus ignorer l\u2019enjeu de promouvoir l\u2019activit\u00e9 physique. Ainsi, l\u2019Inspection g\u00e9n\u00e9rale de l\u2019environnement et du d\u00e9veloppement durable (Igedd) <a target=\"_blank\" href=\"https:\/\/www.igedd.developpement-durable.gouv.fr\/l-evaluation-socioeconomique-des-effets-de-sante-a3314.html\" class=\"spip_out\" rel=\"external\">estime<\/a> que la s\u00e9dentarit\u00e9 est \u00e0 l\u2019origine de 38\u00a0000 d\u00e9c\u00e8s par an. Pour la Fondation pour la recherche contre le cancer, le manque d\u2019activit\u00e9 physique serait par exemple responsable <a target=\"_blank\" href=\"https:\/\/www.fondation-arc.org\/facteurs-risque-cancer\/activite-physique-sport\" class=\"spip_out\" rel=\"external\">de 18 \u00e0 20<small class=\"fine d-inline\">\u00a0<\/small>%<\/a> des cancers du c\u00f4lon, 21<small class=\"fine d-inline\">\u00a0<\/small>% des cancers du sein et 26<small class=\"fine d-inline\">\u00a0<\/small>% de ceux de l\u2019endom\u00e8tre.<\/p>\n<p>\u00c0 cet \u00e9gard, le r\u00e9\u00e9quilibrage de l\u2019espace public para\u00eet essentiel pour favoriser les mobilit\u00e9s actives\u00a0: \u00e0 Madrid, la pi\u00e9tonnisation a par exemple pouss\u00e9 <a target=\"_blank\" href=\"https:\/\/www.mdpi.com\/2071-1050\/15\/23\/16472\" class=\"spip_out\" rel=\"external\">46<small class=\"fine d-inline\">\u00a0<\/small>% des habitants<\/a> \u00e0 marcher davantage. Par ailleurs, l\u2019am\u00e9lioration de la qualit\u00e9 de l\u2019air permettrait de prot\u00e9ger les personnes ayant une activit\u00e9 sportive, davantage touch\u00e9s par la pollution de l\u2019air. Alors que les sportifs respirent jusqu\u2019\u00e0 dix\u00a0fois plus d\u2019air qu\u2019une personne s\u00e9dentaire, la totalit\u00e9 des terrains de sport en plein air de Paris sont expos\u00e9s \u00e0 des niveaux de pollution <a target=\"_blank\" href=\"https:\/\/respire-asso.org\/brouillon-auto\/\" class=\"spip_out\" rel=\"external\">sup\u00e9rieurs aux recommandations<\/a> de l\u2019Organisation mondiale de la sant\u00e9 (<span class=\"caps\">OMS<\/span>).<\/p>\n<p>L\u2019air que nous respirons ne devrait plus mettre notre sant\u00e9 en danger. La pollution tue, le bruit urbain use nos organismes et la s\u00e9dentarit\u00e9 nuit \u00e0 notre bien-\u00eatre. En repensant nos rues pour qu\u2019elles soient plus respirables, plus s\u00fbres et plus agr\u00e9ables \u00e0 vivre, nous faisons un choix essentiel\u00a0: celui de faire de Paris une ville \u00e0 vivre et de prot\u00e9ger la sant\u00e9 des Parisiennes et des Parisiens aujourd\u2019hui et pour les g\u00e9n\u00e9rations \u00e0 venir.<\/p>\n<hr class=\"spip\"\/>\n<p><strong>Les signataires de cette tribune\u00a0:<\/strong> l\u2019association Respire (Tony Renucci, directeur g\u00e9n\u00e9ral), l\u2019Association Sant\u00e9 Environnement France, Asef (Thomas Bourdrel, radiologue), Clean Cities Campaign (Cl\u00e9ment Drognat Landr\u00e9, coordinateur Clean Cities France) et l\u2019Alliance des collectivit\u00e9s pour la qualit\u00e9 de l\u2019air (C\u00e9cile C\u00e9natiempo, pr\u00e9sidente).<\/p>\n<aside class=\"boite_encarts\">\n<div class=\"encart encart_vert noprint montre_1023\">\n<div class=\"infolettre-form-container noprint\">\n<p>Abonnez-vous \u00e0 la lettre d\u2019info de Reporterre<\/p>\n<\/div><\/div>\n<\/aside>\n<aside class=\"boite_apresarticle encart_note\">\n<\/aside>\n<aside class=\"boite_complement texte\">\n<div class=\"encart_note\">\n<h4>Pr\u00e9cisions<\/h4>\n<p><i>Dans les tribunes, les auteurs expriment un point de vue propre, qui n\u2019est pas n\u00e9cessairement celui de la r\u00e9daction.<br \/>\n<br \/>&#8211; \u00a0Titre, chap\u00f4 et intertitres sont de la r\u00e9daction.<\/i><\/p>\n<\/p><\/div>\n<p>      <!-- zone_forum --><br \/>\n          <\/aside>\n<aside class=\"boite_lireaussi noprint\">\n<\/aside>\n<aside class=\"colonne\">\n<div class=\"article_info cache_1023 noprint\">\n        <svg class=\"grosse_icone cache_1023\">\n  <use xlink:href=\"#megaphone\"\/>\n<\/svg><\/p>\n<p>    <span class=\"date\">18 mars 2025  \u00e0 17h24<\/span><\/p>\n<p class=\"duree_lecture\">\n        Dur\u00e9e de lecture : 3 minutes\n      <\/p>\n<\/p><\/div>\n<div class=\"bloc_infolettre\">\n<div class=\"infolettre-form-container noprint\">\n<p>Abonnez-vous \u00e0 la lettre d\u2019info de Reporterre<\/p>\n<\/div><\/div>\n<\/aside>\n<div id=\"galerie\">\n  <img decoding=\"async\" src=\"\" class=\"principale\" id=\"principale\"\/><\/p>\n<p id=\"legende\">legende<\/p>\n<\/div>\n<footer class=\"noprint\">\n<\/footer>\n<\/div>\n<p><br \/>\n<br \/><a href=\"https:\/\/reporterre.net\/Pollution-A-Paris-pietonnisons-les-rues-pour-sauver-des-vies\" target=\"_blank\"\">Source link <\/a><\/p>\n","protected":false},"excerpt":{"rendered":"<p>En \u00cele-de-France, la pollution atmosph\u00e9rique est responsable de pr\u00e8s de 1\u00a0d\u00e9c\u00e8s sur\u00a010. Ce n\u2019est pas une fatalit\u00e9\u00a0: des milliers de cas d\u2019AVC, d\u2019asthme, de cancers ou d\u2019hypertension art\u00e9rielle pourraient \u00eatre&hellip; <\/p>\n","protected":false},"author":1,"featured_media":4696,"comment_status":"open","ping_status":"open","sticky":false,"template":"","format":"standard","meta":{"footnotes":""},"categories":[1],"tags":[],"class_list":["post-4695","post","type-post","status-publish","format-standard","has-post-thumbnail","hentry","category-non-classe"],"_links":{"self":[{"href":"https:\/\/monde25.info\/index.php\/wp-json\/wp\/v2\/posts\/4695","targetHints":{"allow":["GET"]}}],"collection":[{"href":"https:\/\/monde25.info\/index.php\/wp-json\/wp\/v2\/posts"}],"about":[{"href":"https:\/\/monde25.info\/index.php\/wp-json\/wp\/v2\/types\/post"}],"author":[{"embeddable":true,"href":"https:\/\/monde25.info\/index.php\/wp-json\/wp\/v2\/users\/1"}],"replies":[{"embeddable":true,"href":"https:\/\/monde25.info\/index.php\/wp-json\/wp\/v2\/comments?post=4695"}],"version-history":[{"count":0,"href":"https:\/\/monde25.info\/index.php\/wp-json\/wp\/v2\/posts\/4695\/revisions"}],"wp:featuredmedia":[{"embeddable":true,"href":"https:\/\/monde25.info\/index.php\/wp-json\/wp\/v2\/media\/4696"}],"wp:attachment":[{"href":"https:\/\/monde25.info\/index.php\/wp-json\/wp\/v2\/media?parent=4695"}],"wp:term":[{"taxonomy":"category","embeddable":true,"href":"https:\/\/monde25.info\/index.php\/wp-json\/wp\/v2\/categories?post=4695"},{"taxonomy":"post_tag","embeddable":true,"href":"https:\/\/monde25.info\/index.php\/wp-json\/wp\/v2\/tags?post=4695"}],"curies":[{"name":"wp","href":"https:\/\/api.w.org\/{rel}","templated":true}]}}