{"id":4697,"date":"2025-03-18T19:17:31","date_gmt":"2025-03-18T18:17:31","guid":{"rendered":"https:\/\/monde25.info\/index.php\/2025\/03\/18\/une-bd-sur-la-revolution-animale-avec-meurice-et-deloffre\/"},"modified":"2025-03-18T19:17:31","modified_gmt":"2025-03-18T18:17:31","slug":"une-bd-sur-la-revolution-animale-avec-meurice-et-deloffre","status":"publish","type":"post","link":"https:\/\/monde25.info\/index.php\/2025\/03\/18\/une-bd-sur-la-revolution-animale-avec-meurice-et-deloffre\/","title":{"rendered":"Une BD sur la r\u00e9volution animale avec Meurice et Deloffre"},"content":{"rendered":"<p> <br \/>\n<\/p>\n<div>\n<h4><strong>Une bande-dessin\u00e9e pour narrer la r\u00e9volution animale ? C\u2019est l\u2019id\u00e9e d\u00e9velopp\u00e9e par Guillaume Meurice et Sandrine Deloffre dans <em>La R\u00e9volte sans pr\u00e9c\u00e9dent<\/em>, o\u00f9 l\u2019humour vient au secours des animaux dans leur lutte contre l\u2019oppression humaine. Rencontre.<\/strong><\/h4>\n<p><strong>Qu\u2019ont en commun un raton-laveur, un renard, un chien, une vrai-fausse licorne ou encore un bonobo ? <a target=\"_blank\" href=\"https:\/\/mrmondialisation.org\/petite-histoire-veganisme\/\">L\u2019envie d\u2019agir contre les destructions humaines<\/a><\/strong> au sein d\u2019un Comit\u00e9 d\u2019Action Radicale pour la Lib\u00e9ration Animale (aka La MEUTE \u2013 non, les lettres ne correspondent pas du tout). Abandons, destructions de leur habitat, massacres, exploitations diverses et trop vari\u00e9es :<strong><a target=\"_blank\" href=\"https:\/\/mrmondialisation.org\/tribune-il-y-a-bien-une-propagande-speciste-dans-les-ecoles\/\"> les animaux n\u2019en peuvent plus<\/a> et ont bien pr\u00e9vu de le faire entendre, gr\u00e2ce \u00e0 une lutte\u2026 pas tr\u00e8s organis\u00e9e.<\/strong><\/p>\n<p><strong>Entretien avec <a target=\"_blank\" href=\"https:\/\/mrmondialisation.org\/interview-guillaume-meurice-nous-parle-des-vraies-gens\/\" target=\"_blank\" rel=\"noopener\">Guillaume Meurice<\/a>, co-cr\u00e9ateur de <em>La R\u00e9volte sans pr\u00e9c\u00e9dent<\/em> avec Sandrine Deloffre, illustratrice,<\/strong> une bande-dessin\u00e9e qui, par le rire, d\u00e9nonce nos rapports de domination vis-\u00e0-vis du r\u00e8gne animal.<\/p>\n<figure id=\"attachment_716080\" aria-describedby=\"caption-attachment-716080\" style=\"width: 1024px\" class=\"wp-caption alignnone\"><img fetchpriority=\"high\" decoding=\"async\" class=\"wp-image-716080 size-medium\" src=\"https:\/\/mrmondialisation.org\/wp-content\/uploads\/2025\/03\/1741535360127-min-1024x766.jpg\" alt=\"\" width=\"1024\" height=\"766\" srcset=\"https:\/\/mrmondialisation.org\/wp-content\/uploads\/2025\/03\/1741535360127-min-1024x766.jpg 1024w, https:\/\/mrmondialisation.org\/wp-content\/uploads\/2025\/03\/1741535360127-min-1524x1140.jpg 1524w, https:\/\/mrmondialisation.org\/wp-content\/uploads\/2025\/03\/1741535360127-min-768x574.jpg 768w, https:\/\/mrmondialisation.org\/wp-content\/uploads\/2025\/03\/1741535360127-min-1536x1149.jpg 1536w, https:\/\/mrmondialisation.org\/wp-content\/uploads\/2025\/03\/1741535360127-min-2048x1532.jpg 2048w, https:\/\/mrmondialisation.org\/wp-content\/uploads\/2025\/03\/1741535360127-min-696x521.jpg 696w, https:\/\/mrmondialisation.org\/wp-content\/uploads\/2025\/03\/1741535360127-min-1068x799.jpg 1068w, https:\/\/mrmondialisation.org\/wp-content\/uploads\/2025\/03\/1741535360127-min-561x420.jpg 561w, https:\/\/mrmondialisation.org\/wp-content\/uploads\/2025\/03\/1741535360127-min-80x60.jpg 80w, https:\/\/mrmondialisation.org\/wp-content\/uploads\/2025\/03\/1741535360127-min-265x198.jpg 265w\" sizes=\"(max-width: 1024px) 100vw, 1024px\"\/><figcaption id=\"caption-attachment-716080\" class=\"wp-caption-text\">\u00a9Renard Polaire<\/figcaption><\/figure>\n<h4><strong>Mr Mondialisation : Comment l\u2019id\u00e9e d\u2019une bande-dessin\u00e9e et votre collaboration avec <a target=\"_blank\" href=\"https:\/\/www.instagram.com\/sandrine.deloffre\/\" target=\"_blank\" rel=\"noopener\">Sandrine Deloffre<\/a> sont-elles n\u00e9es ?<\/strong><\/h4>\n<p><strong>Guillaume Meurice<\/strong> : <em>Avec Sandrine, nous nous connaissions d\u00e9j\u00e0 via les r\u00e9seaux sociaux : <strong>chacun aimait le travail de l\u2019autre<\/strong>. Quand j\u2019ai re\u00e7u la proposition de Clotilde Palluat, des \u00e9ditions Dargaud, de cr\u00e9er un projet commun, j\u2019ai de suite accept\u00e9. <strong>Le courant avec Sandrine est tr\u00e8s bien pass\u00e9 d\u00e8s notre premi\u00e8re rencontre, nous avons \u00e9norm\u00e9ment ri et avons eu plein d\u2019id\u00e9es\u2026 dont celle des animaux qui se r\u00e9voltent. <\/strong><\/em><\/p>\n<p><em>L\u2019id\u00e9e de la BD nous est venue assez vite, m\u00eame si \u00e7a bousculait le projet initial de travailler uniquement pour les r\u00e9seaux : Dargaud a accept\u00e9 que l\u2019on creuse plus loin et ils sont aujourd\u2019hui heureux de nous avoir suivis. <strong>\u00ab<\/strong> <strong>La R\u00e9volte sans pr\u00e9c\u00e9dent \u00bb<\/strong><\/em> <em><strong>s\u2019est d\u00e9j\u00e0 vendu \u00e0 30 000 exemplaires, et le tome 2 est en cours d\u2019\u00e9criture !<\/strong> Une d\u00e9cision assez naturelle car avec Sandrine, le travail d\u2019\u00e9criture est facile, chacun fait rire l\u2019autre, et nous nous retrouvons autour de <strong>cette th\u00e9matique commune qu\u2019est la cause animale<\/strong>.<\/em><\/p>\n<blockquote>\n<p><strong><em>\u00ab Le courant avec Sandrine est tr\u00e8s bien pass\u00e9 d\u00e8s notre premi\u00e8re rencontre, nous avons \u00e9norm\u00e9ment ri et avons eu plein d\u2019id\u00e9es\u2026 dont celle des animaux qui se r\u00e9voltent. \u00bb<\/em><\/strong><\/p>\n<\/blockquote>\n<h4><strong>Mr Mondialisation : <\/strong><strong>Le choix de l\u2019humour et du c\u00f4t\u00e9 BD est-il une mani\u00e8re d\u2019essayer de ne pas pr\u00eacher uniquement les convaincus ?<\/strong><\/h4>\n<p><strong>Guillaume Meurice<\/strong> : <em>Je ne me pose pas vraiment cette question dans le sens o\u00f9 <strong>je ne me sens pas militant ni pr\u00eacheur de quoi que ce soit. Je suis un clown<\/strong> et m\u2019assume en tant que tel. Ici, l\u2019id\u00e9e \u00e9tait juste de faire rire autour d\u2019une th\u00e9matique importante, en y pointant l\u2019absurdit\u00e9. <\/em><\/p>\n<p><em>Au-del\u00e0 de la th\u00e9matique, nous parlons aussi de <strong>la fa\u00e7on d\u2019organiser une lutte : il y a les radicaux, les mod\u00e9r\u00e9s, les tra\u00eetres<\/strong>\u2026 C\u2019est un <strong>miroir de nos comportements<\/strong>, \u00e0 travers les personnages des animaux. Je me concentre avant tout sur l\u2019id\u00e9e de faire des choses qui me plaisent et me font rire, je ne pense pas par cible.<strong> Le sujet de la cause animale est facilement moralisateur : nous voulions \u00e9viter de tomber dedans.<\/strong> \u00ab La R\u00e9volte sans pr\u00e9c\u00e9dent \u00bb n\u2019est pas du tout dans le pr\u00eache, et c\u2019est finalement sans doute le meilleur moyen de faire r\u00e9sonner le message.<\/em><\/p>\n<p><img loading=\"lazy\" decoding=\"async\" class=\"alignnone wp-image-716102\" src=\"https:\/\/mrmondialisation.org\/wp-content\/uploads\/2025\/03\/page-5-scaled-e1742202973736-707x1024.jpg\" alt=\"\" width=\"1024\" height=\"1483\" srcset=\"https:\/\/mrmondialisation.org\/wp-content\/uploads\/2025\/03\/page-5-scaled-e1742202973736-707x1024.jpg 707w, https:\/\/mrmondialisation.org\/wp-content\/uploads\/2025\/03\/page-5-scaled-e1742202973736-1052x1524.jpg 1052w, https:\/\/mrmondialisation.org\/wp-content\/uploads\/2025\/03\/page-5-scaled-e1742202973736-768x1112.jpg 768w, https:\/\/mrmondialisation.org\/wp-content\/uploads\/2025\/03\/page-5-scaled-e1742202973736-1060x1536.jpg 1060w, https:\/\/mrmondialisation.org\/wp-content\/uploads\/2025\/03\/page-5-scaled-e1742202973736-1414x2048.jpg 1414w, https:\/\/mrmondialisation.org\/wp-content\/uploads\/2025\/03\/page-5-scaled-e1742202973736-696x1008.jpg 696w, https:\/\/mrmondialisation.org\/wp-content\/uploads\/2025\/03\/page-5-scaled-e1742202973736-1068x1547.jpg 1068w, https:\/\/mrmondialisation.org\/wp-content\/uploads\/2025\/03\/page-5-scaled-e1742202973736-290x420.jpg 290w, https:\/\/mrmondialisation.org\/wp-content\/uploads\/2025\/03\/page-5-scaled-e1742202973736.jpg 1570w\" sizes=\"auto, (max-width: 1024px) 100vw, 1024px\"\/><\/p>\n<h4><strong>Mr Mondialisation : <\/strong><strong> D\u2019o\u00f9 vous vient votre engagement pour les animaux ?\u00a0<\/strong><\/h4>\n<p><strong>Guillaume Meurice<\/strong> : <em>Il me vient de <strong>mon \u00e9ducation<\/strong> : j\u2019ai grandi \u00e0 la campagne avec des parents \u00e9colo, entour\u00e9s de chasseurs et d\u2019agriculteurs. Ils tenaient la Maison de la presse du village, qui \u00e9tait lieu de nombreux d\u00e9bats ! Je me suis <strong>impr\u00e9gn\u00e9 de ces questionnements sur l\u2019\u00e9cologie et notre rapport aux animaux<\/strong>, entour\u00e9s de parents qui, \u00e0 cette \u00e9poque, passaient pour de joyeux hurluberlus (rires) ! J\u2019ai <strong>\u00e9galement grandi avec la cueillette des champignons, le brame du cerf<\/strong>\u2026<\/em><\/p>\n<h4><strong>Mr Mondialisation : <\/strong><strong>Comment cet engagement se manifeste-t-il au quotidien ?<\/strong><\/h4>\n<p><strong>Guillaume Meurice<\/strong> :<em> Aujourd\u2019hui, cet amour pour les animaux et la nature se concr\u00e9tisent notamment par le biais de la <strong>photo animali\u00e8re<\/strong>. J\u2019aime accompagner des photographes passionn\u00e9s par le vivant, comme derni\u00e8rement <a target=\"_blank\" href=\"https:\/\/www.adrien-favre.com\/biographie\" target=\"_blank\" rel=\"noopener\">Adrien Favre<\/a>. Je l\u2019ai suivi par -10\u00b0C dans le Jura dans sa qu\u00eate d\u2019une vid\u00e9o autour du renard, pour tenter de le <a target=\"_blank\" href=\"https:\/\/mrmondialisation.org\/renards-un-massacre-quotidien-qui-defie-le-bon-sens\/\" target=\"_blank\" rel=\"noopener\">faire retirer de la liste des esp\u00e8ces nuisibles<\/a>. C\u2019\u00e9tait une exp\u00e9rience incroyable ! <\/em><\/p>\n<div class=\"td-a-rec td-a-rec-id-content_inline  tdi_1 td_block_template_1\">\n<span class=\"td-adspot-title\">&#8211; Pour une information libre ! &#8211;<\/span><a target=\"_blank\" href=\"https:\/\/fr.tipeee.com\/mr-mondialisation\" class=\"tipeee-project-small\">Soutenir Mr Japanization sur Tipeee<\/a>\n<\/div>\n<p><em>Je suis \u00e9galement proche de diff\u00e9rentes associations, dans lesquelles <strong>j\u2019ai la chance de croiser plein de gens engag\u00e9s<\/strong>. Pour ma part, mes moyens d\u2019action sont limit\u00e9s car je reste un clown, mais <strong>j\u2019aime m\u2019entourer de gens passionn\u00e9s, qui sont souvent les plus passionnants.<\/strong> Je m\u2019int\u00e9resse beaucoup aux <strong>rapports de domination<\/strong>, que j\u2019ai du mal \u00e0 comprendre. <strong>La mani\u00e8re dont nous maltraitons et massacrons les animaux m\u2019a toujours questionn\u00e9, car ils ne peuvent pas se d\u00e9fendre.<\/strong> Leur apporter un semblant de voix me para\u00eet \u00eatre la moindre des choses.<\/em><\/p>\n<p><img loading=\"lazy\" decoding=\"async\" class=\"alignnone wp-image-716104 size-medium\" src=\"https:\/\/mrmondialisation.org\/wp-content\/uploads\/2025\/03\/alexander-andrews-medkupyje1i-unsplash-scaled-e1742203089788-869x1024.jpg\" alt=\"\" width=\"869\" height=\"1024\" srcset=\"https:\/\/mrmondialisation.org\/wp-content\/uploads\/2025\/03\/alexander-andrews-medkupyje1i-unsplash-scaled-e1742203089788-869x1024.jpg 869w, https:\/\/mrmondialisation.org\/wp-content\/uploads\/2025\/03\/alexander-andrews-medkupyje1i-unsplash-scaled-e1742203089788-1294x1524.jpg 1294w, https:\/\/mrmondialisation.org\/wp-content\/uploads\/2025\/03\/alexander-andrews-medkupyje1i-unsplash-scaled-e1742203089788-768x905.jpg 768w, https:\/\/mrmondialisation.org\/wp-content\/uploads\/2025\/03\/alexander-andrews-medkupyje1i-unsplash-scaled-e1742203089788-1304x1536.jpg 1304w, https:\/\/mrmondialisation.org\/wp-content\/uploads\/2025\/03\/alexander-andrews-medkupyje1i-unsplash-scaled-e1742203089788-1739x2048.jpg 1739w, https:\/\/mrmondialisation.org\/wp-content\/uploads\/2025\/03\/alexander-andrews-medkupyje1i-unsplash-scaled-e1742203089788-696x820.jpg 696w, https:\/\/mrmondialisation.org\/wp-content\/uploads\/2025\/03\/alexander-andrews-medkupyje1i-unsplash-scaled-e1742203089788-1068x1258.jpg 1068w, https:\/\/mrmondialisation.org\/wp-content\/uploads\/2025\/03\/alexander-andrews-medkupyje1i-unsplash-scaled-e1742203089788-357x420.jpg 357w, https:\/\/mrmondialisation.org\/wp-content\/uploads\/2025\/03\/alexander-andrews-medkupyje1i-unsplash-scaled-e1742203089788.jpg 1749w\" sizes=\"auto, (max-width: 869px) 100vw, 869px\"\/><\/p>\n<blockquote>\n<p><strong><em>\u00able v\u00e9ganisme et la protection animale sont des th\u00e9matiques dont on parle depuis peu, alors que ce n\u2019\u00e9tait pas un sujet avant, \u00e0 l\u2019image de l\u2019\u00e9cologie. Il faudra plusieurs g\u00e9n\u00e9rations pour que les choses changent.<\/em>\u00bb<\/strong><\/p>\n<\/blockquote>\n<h4><strong>Mr Mondialisation : <\/strong><strong>Faut-il d\u00e9dramatiser la cause animale pour la faire entendre ?<\/strong><\/h4>\n<p><strong>Guillaume Meurice<\/strong> : <em>J\u2019essaie de me garder de dire ce qu\u2019il faut faire. La col\u00e8re est mobilisatrice, pose des questions et permet d\u2019avancer. Je pense qu\u2019il n\u2019y a pas de bonne ou de mauvaise m\u00e9thode, je n\u2019ai juste <strong>pas envie d\u2019\u00eatre un donneur de le\u00e7ons<\/strong>.<strong> Je ne suis pas dans la provocation, je donne juste mon point de vue<\/strong> \u2013 ce qui n\u2019emp\u00eache pas les gens d\u2019entendre ce qu\u2019ils veulent (rires). <\/em><\/p>\n<p><em>Par exemple, <strong>quand tu dis que tu es v\u00e9g\u00e9tarien autour d\u2019une table et que tu ne veux que des frites, tu n\u2019as rien fais mais tu vois les gens se sentir agress\u00e9s<\/strong>. Il faut quand m\u00eame \u00eatre tr\u00e8s fragile pour avoir peur des v\u00e9ganes (rires) ! Mais je suis lucide dans l\u2019id\u00e9e que <strong>ce sera long : \u00e0 \u00e9chelle humaine, le v\u00e9ganisme et la protection animale sont des th\u00e9matiques dont on parle depuis peu<\/strong>, alors que ce n\u2019\u00e9tait pas un sujet avant, \u00e0 l\u2019image de l\u2019\u00e9cologie. Il faudra plusieurs g\u00e9n\u00e9rations pour les choses changent.<\/em><\/p>\n<h4><strong>Mr Mondialisation : <\/strong><strong>Vous avez \u00e9galement pr\u00e9fac\u00e9 r\u00e9cemment le livre <a target=\"_blank\" href=\"https:\/\/lestroiscanards.ouvaton.org\/ca-pousse-ou-le-jambon\/\" target=\"_blank\" rel=\"noopener\"><em>\u00c7a pousse o\u00f9 le jambon ?<\/em><\/a>, de Richard Monvoisin. Une fa\u00e7on de toucher les plus jeunes ?<\/strong><\/h4>\n<p><strong>Guillaume Meurice<\/strong> :<em> En 2023, j\u2019ai \u00e9crit \u00ab Peut-on aimer les animaux et les manger ? <\/em>\u00bb <em>en y brassant tous les arguments que l\u2019on peut entendre quand on est v\u00e9g\u00e9tarien ou v\u00e9gane. En r\u00e9alit\u00e9, <strong>ces discussions r\u00e9currentes, Richard Monvoisin les a eues avec sa fille<\/strong>, et c\u2019est ce qui a lanc\u00e9 l\u2019id\u00e9e du livre, que je suis tr\u00e8s heureux d\u2019avoir pr\u00e9fac\u00e9. Il a su <strong>soulever des questionnements enfantins que l\u2019on entend trop souvent de la part d\u2019adultes<\/strong>. Que ces questions soient pos\u00e9es par et pour les plus jeunes, en revanche, c\u2019est tr\u00e8s bien.<\/em><\/p>\n<figure id=\"attachment_716106\" aria-describedby=\"caption-attachment-716106\" style=\"width: 1024px\" class=\"wp-caption alignnone\"><img loading=\"lazy\" decoding=\"async\" class=\"wp-image-716106\" src=\"https:\/\/mrmondialisation.org\/wp-content\/uploads\/2025\/03\/page-8-763x1024.jpg\" alt=\"\" width=\"1024\" height=\"1332\"\/><figcaption id=\"caption-attachment-716106\" class=\"wp-caption-text\">\u00a9Dargaud<\/figcaption><\/figure>\n<h4><strong>Mr Mondialisation : <\/strong><strong>Comment vivez-vous le fait que la d\u00e9fense de la cause animale soit aussi clivante ? Elle est syst\u00e9matiquement associ\u00e9e \u00e0 la gauche et, de ce fait, souvent conspu\u00e9e par les mouvements de droite. Pourtant, la souffrance animale est universelle et la combattre devrait l\u2019\u00eatre tout autant\u2026<\/strong><\/h4>\n<p><strong>Guillaume Meurice<\/strong> : <em>C\u2019est un <strong>sujet \u00e9minemment politique car il parle de rapports de domination, or \u00e7a n\u2019a jamais g\u00ean\u00e9 la droite ! C\u2019est ancr\u00e9 dans leur id\u00e9ologie de gagnant et de perdant<\/strong> \u2013 cette mythologie tenue, \u00e9videmment, par des gens qui ont gagn\u00e9. En parall\u00e8le, <strong>pourquoi la gauche met-elle autant de temps \u00e0 s\u2019emparer de cette question ?<\/strong> Je peux comparer \u00e7a au f\u00e9minisme, qui a d\u00fb attendre la lutte des classes et le droit de vote des femmes pour se faire entendre.<\/em><\/p>\n<p><em>Malheureusement, les animaux ne font pas partie des d\u00e9bats\u2026 <strong>Quand je vois Fabien Roussel au <a target=\"_blank\" href=\"https:\/\/mrmondialisation.org\/salon-de-lagriculture-du-mythe-a-la-realite\/\" target=\"_blank\" rel=\"noopener\">Salon de l\u2019agriculture<\/a>, je me permets d\u2019esp\u00e9rer qu\u2019il reverra sa copie d\u2019ici quelques ann\u00e9es (rires)<\/strong>. S\u2019engager contre la souffrance animale, cela se concr\u00e9tise souvent par la n\u00e9cessit\u00e9 de devenir v\u00e9gane ou v\u00e9g\u00e9tarien. Or <strong>le v<\/strong><\/em><em><strong>\u00e9ganisme est un marqueur identitaire et par d\u00e9faut politique<\/strong>. C\u2019est tr\u00e8s dur de le devenir et de r\u00e9aliser qu\u2019on a fait de mauvais choix pendant des ann\u00e9es, tout en osant s\u2019affirmer ainsi aupr\u00e8s de son entourage.<\/em><\/p>\n<figure id=\"attachment_716107\" aria-describedby=\"caption-attachment-716107\" style=\"width: 1024px\" class=\"wp-caption alignnone\"><img loading=\"lazy\" decoding=\"async\" class=\"wp-image-716107\" src=\"https:\/\/mrmondialisation.org\/wp-content\/uploads\/2025\/03\/guillaume-meurice-coul-rita-scaglia-24-min-scaled-e1742203583992-923x1024.jpg\" alt=\"\" width=\"1024\" height=\"1137\" srcset=\"https:\/\/mrmondialisation.org\/wp-content\/uploads\/2025\/03\/guillaume-meurice-coul-rita-scaglia-24-min-scaled-e1742203583992-923x1024.jpg 923w, https:\/\/mrmondialisation.org\/wp-content\/uploads\/2025\/03\/guillaume-meurice-coul-rita-scaglia-24-min-scaled-e1742203583992-1373x1524.jpg 1373w, https:\/\/mrmondialisation.org\/wp-content\/uploads\/2025\/03\/guillaume-meurice-coul-rita-scaglia-24-min-scaled-e1742203583992-768x852.jpg 768w, https:\/\/mrmondialisation.org\/wp-content\/uploads\/2025\/03\/guillaume-meurice-coul-rita-scaglia-24-min-scaled-e1742203583992-1384x1536.jpg 1384w, https:\/\/mrmondialisation.org\/wp-content\/uploads\/2025\/03\/guillaume-meurice-coul-rita-scaglia-24-min-scaled-e1742203583992-1845x2048.jpg 1845w, https:\/\/mrmondialisation.org\/wp-content\/uploads\/2025\/03\/guillaume-meurice-coul-rita-scaglia-24-min-scaled-e1742203583992-696x773.jpg 696w, https:\/\/mrmondialisation.org\/wp-content\/uploads\/2025\/03\/guillaume-meurice-coul-rita-scaglia-24-min-scaled-e1742203583992-1068x1185.jpg 1068w, https:\/\/mrmondialisation.org\/wp-content\/uploads\/2025\/03\/guillaume-meurice-coul-rita-scaglia-24-min-scaled-e1742203583992-378x420.jpg 378w, https:\/\/mrmondialisation.org\/wp-content\/uploads\/2025\/03\/guillaume-meurice-coul-rita-scaglia-24-min-scaled-e1742203583992.jpg 1856w\" sizes=\"auto, (max-width: 1024px) 100vw, 1024px\"\/><figcaption id=\"caption-attachment-716107\" class=\"wp-caption-text\">Guillaume Meurice porte la voix des animaux \u00e0 travers ce qu\u2019il conna\u00eet : l\u2019humour \u00a9Rita Scaglia<\/figcaption><\/figure>\n<h4><strong>Mr Mondialisation : <\/strong><strong>Qu\u2019esp\u00e9rez-vous que devienne <em>La R\u00e9volte sans pr\u00e9c\u00e9dent<\/em> ? Connaissez-vous des exemples de bande-dessin\u00e9es similaires et qui aient pu faire avancer le d\u00e9bat ?<\/strong><\/h4>\n<p><strong>Guillaume Meurice<\/strong> : <em>J\u2019aime beaucoup <strong><a target=\"_blank\" href=\"https:\/\/reporterre.net\/Alessandro-Pignocchi-Il-n-y-a-pas-d-ecologie-sans-lutte-collective-contre-le-monde-de-l\" target=\"_blank\" rel=\"noopener\">le travail d\u2019Alessandra Pignocchi<\/a><\/strong> : \u00e0 travers de tr\u00e8s beaux dessins, il interroge en profondeur notre rapport aux animaux. J\u2019appr\u00e9cie \u00e9galement <strong><a target=\"_blank\" href=\"https:\/\/www.francebleu.fr\/emissions\/ma-france-le-journal-des-regions\/on-est-en-train-de-devorer-la-mer-maxime-de-lisle-8643197\" target=\"_blank\" rel=\"noopener\">les livres de Maxime de Lisle<\/a> sur le sujet des oc\u00e9ans<\/strong>.<strong> Il existe sous l\u2019eau un v\u00e9ritable carnage dont nous parlons bien trop peu\u2026 <\/strong>Enfin, je suis fan des BD d\u2019<a target=\"_blank\" href=\"https:\/\/insolente-veggie.com\/\" target=\"_blank\" rel=\"noopener\"><strong>Insolente Veggie<\/strong><\/a> : son travail est incroyable !<\/em><\/p>\n<p><em>Avec Sandrine, on esp\u00e8re surtout pouvoir poursuivre l\u2019aventure : nous sommes suivis par gens compl\u00e9mentaires et leurs retours nous ont encourag\u00e9s \u00e0 continuer. C\u2019est une tr\u00e8s belle collaboration, <strong>elle est l\u2019une des personnes qui me fait le plus rire. Elle est l\u2019une de mes plus belles rencontres de ces derni\u00e8res ann\u00e9es.<\/strong> Vivement le tome 2 !<\/em><\/p>\n<p><a target=\"_blank\" href=\"https:\/\/www.dargaud.com\/bd\/la-revolte-sans-precedent\/la-revolte-sans-precedent-la-revolte-sans-precedent-bda5576940\" target=\"_blank\" rel=\"noopener\"><em>La R\u00e9volte sans pr\u00e9c\u00e9dent<\/em><\/a>, de Guillaume Meurice et Sandrine Deloffre, 48 pages, octobre 2024, \u00e9ditions Dargaud.<\/p>\n<p style=\"text-align: right\"><strong><em>\u2013 Entretien r\u00e9alis\u00e9 par Renard Polaire<\/em><\/strong><\/p>\n<hr\/>\n<p>Image d\u2019en-t\u00eate : Guillaume Meurice et Sandrine Deloffre ont associ\u00e9 leurs valeurs et leur humour autour d\u2019une BD d\u00e9sopilante \u00a9Rita Scaglia<\/p>\n<div class=\"td-a-rec td-a-rec-id-content_bottom  tdi_2 td_block_template_1\">\n<span class=\"td-adspot-title\">&#8211; Cet article gratuit et ind\u00e9pendant existe gr\u00e2ce \u00e0 vous &#8211;<\/span><\/p>\n<div class=\"td-all-devices\">\n    <a target=\"_blank\" href=\"https:\/\/mrmondialisation.org\/donation\/\" title=\"Faire_un_don\"><img decoding=\"async\" class=\"donationArticle\" src=\"https:\/\/mrmondialisation.org\/wp-content\/uploads\/2022\/12\/220405-flikalicious-final.jpg\" alt=\"Donation\"\/><\/a>\n<\/div>\n<\/div><\/div>\n<p><script async defer src=\"https:\/\/platform.instagram.com\/en_US\/embeds.js\"><\/script><br \/>\n<br \/><br \/>\n<br \/><a href=\"https:\/\/mrmondialisation.org\/revolution-animale-bd-meurice-deloffre\/\" target=\"_blank\"\">Source link <\/a><\/p>\n","protected":false},"excerpt":{"rendered":"<p>Une bande-dessin\u00e9e pour narrer la r\u00e9volution animale ? C\u2019est l\u2019id\u00e9e d\u00e9velopp\u00e9e par Guillaume Meurice et Sandrine Deloffre dans La R\u00e9volte sans pr\u00e9c\u00e9dent, o\u00f9 l\u2019humour vient au secours des animaux dans&hellip; <\/p>\n","protected":false},"author":1,"featured_media":4602,"comment_status":"open","ping_status":"open","sticky":false,"template":"","format":"standard","meta":{"footnotes":""},"categories":[1],"tags":[],"class_list":["post-4697","post","type-post","status-publish","format-standard","has-post-thumbnail","hentry","category-non-classe"],"_links":{"self":[{"href":"https:\/\/monde25.info\/index.php\/wp-json\/wp\/v2\/posts\/4697","targetHints":{"allow":["GET"]}}],"collection":[{"href":"https:\/\/monde25.info\/index.php\/wp-json\/wp\/v2\/posts"}],"about":[{"href":"https:\/\/monde25.info\/index.php\/wp-json\/wp\/v2\/types\/post"}],"author":[{"embeddable":true,"href":"https:\/\/monde25.info\/index.php\/wp-json\/wp\/v2\/users\/1"}],"replies":[{"embeddable":true,"href":"https:\/\/monde25.info\/index.php\/wp-json\/wp\/v2\/comments?post=4697"}],"version-history":[{"count":0,"href":"https:\/\/monde25.info\/index.php\/wp-json\/wp\/v2\/posts\/4697\/revisions"}],"wp:featuredmedia":[{"embeddable":true,"href":"https:\/\/monde25.info\/index.php\/wp-json\/wp\/v2\/media\/4602"}],"wp:attachment":[{"href":"https:\/\/monde25.info\/index.php\/wp-json\/wp\/v2\/media?parent=4697"}],"wp:term":[{"taxonomy":"category","embeddable":true,"href":"https:\/\/monde25.info\/index.php\/wp-json\/wp\/v2\/categories?post=4697"},{"taxonomy":"post_tag","embeddable":true,"href":"https:\/\/monde25.info\/index.php\/wp-json\/wp\/v2\/tags?post=4697"}],"curies":[{"name":"wp","href":"https:\/\/api.w.org\/{rel}","templated":true}]}}